{"id":1611903,"date":"2022-06-25T00:24:01","date_gmt":"2022-06-24T23:24:01","guid":{"rendered":"https:\/\/www.pressenza.com\/?p=1611903"},"modified":"2022-06-25T00:25:46","modified_gmt":"2022-06-24T23:25:46","slug":"fuerza-de-trabajo-empatia-y-la-crueldad-del-privilegio-sobre-la-legitimidad-del-paro-nacional-en-ecuador","status":"publish","type":"post","link":"https:\/\/www.pressenza.com\/es\/2022\/06\/fuerza-de-trabajo-empatia-y-la-crueldad-del-privilegio-sobre-la-legitimidad-del-paro-nacional-en-ecuador\/","title":{"rendered":"Fuerza de trabajo, empat\u00eda y la crueldad del privilegio: sobre la legitimidad del Paro Nacional en Ecuador"},"content":{"rendered":"<p>El Paro Nacional, iniciado el 13 de junio de 2022, nos obliga a replantear una reflexi\u00f3n hist\u00f3rica que -una vez m\u00e1s- es absolutamente necesaria para comprender nuestro presente: el sufrimiento colectivo y el sufrimiento personal son inseparables. M\u00e1s a\u00fan, la experiencia colectiva configura y posibilita las experiencias individuales, para bien y para mal. El reconocimiento de este hecho se vuelve particularmente problem\u00e1tico y exigente para quienes ostentan alg\u00fan tipo de privilegio. Suele tratarse de una f\u00f3rmula escalofriantemente com\u00fan: a mayor privilegio, menor empat\u00eda.<\/p>\n<p>Los privilegios econ\u00f3micos, culturales y sociales encierran a la burgues\u00eda y a los arribistas en una burbuja, y convierten a quienes est\u00e1n fuera de ella en una caricatura. Juzgar la realidad desde la ilusi\u00f3n de seguridad que el privilegio genera, implica una simplificaci\u00f3n perversa del otro, de la otra, de le otre. Debemos recordar que quienes ejercen el verdadero poder, quienes disparan los rifles y despliegan los tanques, quienes controlan las condiciones de trabajo, quienes tienen la potestad de jugar a su antojo con la legalidad y la ilegalidad, tambi\u00e9n cuentan entre su armamento con la facultad de distribuir el privilegio.<\/p>\n<p>Un Estado burgu\u00e9s, represor y asesino es capaz de convencer a la opini\u00f3n p\u00fablica, de que est\u00e1 de tu lado y te protege, aturdi\u00e9ndote con mercanc\u00edas, insert\u00e1ndote en un delirio en el que la posibilidad de comprar placer con tu salario es sin\u00f3nimo de libertad. Una recompensa \u201cmerecidamente\u201d ganada con tu \u201ctrabajo honesto\u201d. Este delirio puede hacerte olvidar que nuestros v\u00ednculos con el trabajo est\u00e1n tan corrompidos y manipulados, que muy poco tiene que ver tu esfuerzo con la transformaci\u00f3n de tus condiciones de vida.<\/p>\n<p>Si eres una de las personas que pueden dar testimonio de c\u00f3mo su fuerza de trabajo les permite satisfacer no s\u00f3lo sus necesidades sino tambi\u00e9n sus deseos, e incluso imaginar diferentes proyectos de futuro para sus vidas, no cometas el error de creer que tu caso representa la experiencia de la mayor\u00eda o que cualquiera podr\u00eda transformar sus condiciones materiales con la \u201csuficiente voluntad\u201d. Preg\u00fantate qui\u00e9n decide el valor de tu trabajo y de tu tiempo, y ver\u00e1s claramente que esa decisi\u00f3n no es tuya.<\/p>\n<p>Esa elecci\u00f3n se encuentra en las escasas manos que distribuyen el privilegio y la miseria seg\u00fan convenga a sus afanes enfermizos de acumulaci\u00f3n. Sabemos ya desde hace m\u00e1s de un siglo que la burgues\u00eda \u201cha aglomerado la poblaci\u00f3n, centralizado los medios de producci\u00f3n y concentrado la propiedad en manos de unos pocos\u201d (Marx, Engels, Manifiesto del partido comunista). Uno de los mecanismos m\u00e1s potentes, mediante los cuales las clases dominantes mantienen el control sobre la clase trabajadora, ha sido y sigue siendo la generaci\u00f3n de divisiones y antagonismos al interior de la misma.<\/p>\n<p>M\u00faltiples trabajadorxs son sometidos a un espejismo de identificaci\u00f3n a trav\u00e9s del acceso a productos y servicios fetichizados (sean autos, vestimenta, accesorios o espect\u00e1culos). As\u00ed, la clase burguesa construye una ilusi\u00f3n de cercan\u00eda con ciertos sectores de la clase proletaria, a los que utilizar\u00e1 como escudo en contra de aquellos sectores del mismo proletariado que, por el contrario, enfrentan la explotaci\u00f3n y la precarizaci\u00f3n sin paliativo alguno, y con frecuencia doblemente marginalizados por estructuras opresivas complementarias al capitalismo (el racismo, la misoginia, la homofobia, la transfobia y un largo etc\u00e9tera).<\/p>\n<p>Para la burgues\u00eda, la clase trabajadora es en el mejor de los casos, un recurso descartable en sus procesos de acumulaci\u00f3n y, en el peor y m\u00e1s frecuente de los casos, un estorbo que debe ser eliminado. No pienses nunca que la clase burguesa es tu aliada o que te proteger\u00e1 simplemente porque te permite comer sus sobras, en lugar de dispararte sus balas. Mientras la tierra, la materia prima, la industria, el dinero y las armas pertenezcan a un porcentaje rid\u00edculamente min\u00fasculo de la poblaci\u00f3n, recibir un salario que te permite llegar a fin de mes no te vuelve menos esclavo.<\/p>\n<p>La reducida y sanguinaria clase empresarial, de la cual hoy por hoy el Estado no es m\u00e1s que una extensi\u00f3n, como tan f\u00e1cil resulta constatar en Ecuador, es la \u00fanica que determina lo que vale o no nuestro trabajo, y por ende lo que valen o no nuestras vidas. Si no eres due\u00f1o de los bancos o de las grandes f\u00e1bricas; si el ej\u00e9rcito y la polic\u00eda no est\u00e1n a tu servicio; si no sacas del pa\u00eds millones de d\u00f3lares en acrobacias de evasi\u00f3n fiscal; y no pasas los d\u00edas pensando c\u00f3mo engordar tus cuentas \u201cflexibilizando\u201d tus responsabilidades con tus trabajadorxs, tienes que saber que quienes se movilizan en este Paro Nacional tambi\u00e9n est\u00e1n luchando por ti, incluso si todav\u00eda no lo has constatado.<\/p>\n<p>Si el hambre y el empobrecimiento a\u00fan no se apoderan de tu existencia y la de tu familia, recuerda que s\u00f3lo hace falta una peque\u00f1a patada en el tablero para que los tengas frente a frente. Ten en cuenta siempre que, mientras las decisiones sobre el trabajo y la vida no le pertenezcan a la mayor\u00eda, las opciones siempre ser\u00e1n las mismas: recibir las balas o devorar las sobras. No renuncies a estar en el lado correcto de la historia ni traiciones a tu gente por defender una porci\u00f3n de sobras envenenadas.<\/p>\n<p>No juzgues ni lastimes a tus hermanxs, que a cambio de su fuerza de trabajo no han recibido m\u00e1s que crueldad e indiferencia. Recuerda que no eres nada sin ellxs y al llamarles vagos, v\u00e1ndalos o terroristas no haces m\u00e1s que ponerte del lado de tus verdugos, y ser\u00e1 la propia historia la que ajuste cuentas contigo. Que las migajas que te entrega la burgues\u00eda no te anestesien ni te hagan olvidar a d\u00f3nde perteneces.<\/p>\n<p>Hoy m\u00e1s que nunca, que el \u00abprivilegio\u00bb no te nuble la empat\u00eda.<\/p>\n<p>\u00a1Viva el Paro Nacional!<\/p>\n<p>Colectivo Revista Crisis<\/p>\n","protected":false},"excerpt":{"rendered":"<p>El Paro Nacional, iniciado el 13 de junio de 2022, nos obliga a replantear una reflexi\u00f3n hist\u00f3rica que -una vez m\u00e1s- es absolutamente necesaria para comprender nuestro presente: el sufrimiento colectivo y el sufrimiento personal son inseparables. M\u00e1s a\u00fan, la&hellip;<\/p>\n","protected":false},"author":1011,"featured_media":1611904,"comment_status":"closed","ping_status":"closed","sticky":false,"template":"","format":"standard","meta":{"footnotes":""},"categories":[79,161,74],"tags":[695,61252],"class_list":["post-1611903","post","type-post","status-publish","format-standard","has-post-thumbnail","hentry","category-derechos-humanos","category-opiniones","category-politica-es","tag-movilizacion-social","tag-paro-nacional-ecuador"],"yoast_head":"<!-- This site is optimized with the Yoast SEO plugin v27.1.1 - https:\/\/yoast.com\/product\/yoast-seo-wordpress\/ -->\n<title>Fuerza de trabajo, empat\u00eda y la crueldad del privilegio: sobre la legitimidad del Paro Nacional en Ecuador<\/title>\n<meta name=\"description\" content=\"El Paro Nacional, iniciado el 13 de junio de 2022, nos obliga a replantear una reflexi\u00f3n hist\u00f3rica que -una vez m\u00e1s- es absolutamente necesaria para\" \/>\n<meta name=\"robots\" content=\"index, follow, max-snippet:-1, max-image-preview:large, max-video-preview:-1\" \/>\n<link rel=\"canonical\" href=\"https:\/\/www.pressenza.com\/es\/2022\/06\/fuerza-de-trabajo-empatia-y-la-crueldad-del-privilegio-sobre-la-legitimidad-del-paro-nacional-en-ecuador\/\" \/>\n<meta property=\"og:locale\" content=\"es_ES\" \/>\n<meta property=\"og:type\" content=\"article\" \/>\n<meta property=\"og:title\" content=\"Fuerza de trabajo, empat\u00eda y la crueldad del privilegio: sobre la legitimidad del Paro Nacional en Ecuador\" \/>\n<meta property=\"og:description\" content=\"El Paro Nacional, iniciado el 13 de junio de 2022, nos obliga a replantear una reflexi\u00f3n hist\u00f3rica que -una vez m\u00e1s- es absolutamente necesaria para\" \/>\n<meta property=\"og:url\" content=\"https:\/\/www.pressenza.com\/es\/2022\/06\/fuerza-de-trabajo-empatia-y-la-crueldad-del-privilegio-sobre-la-legitimidad-del-paro-nacional-en-ecuador\/\" \/>\n<meta property=\"og:site_name\" content=\"Pressenza\" \/>\n<meta property=\"article:publisher\" content=\"https:\/\/www.facebook.com\/PressenzaItalia\" \/>\n<meta property=\"article:published_time\" content=\"2022-06-24T23:24:01+00:00\" \/>\n<meta property=\"article:modified_time\" content=\"2022-06-24T23:25:46+00:00\" \/>\n<meta property=\"og:image\" content=\"https:\/\/www.pressenza.com\/wp-content\/uploads\/2022\/06\/empatia-copia.jpg\" \/>\n\t<meta property=\"og:image:width\" content=\"1914\" \/>\n\t<meta property=\"og:image:height\" content=\"742\" \/>\n\t<meta property=\"og:image:type\" content=\"image\/jpeg\" \/>\n<meta name=\"author\" content=\"Redacci\u00f3n Ecuador\" \/>\n<meta name=\"twitter:card\" content=\"summary_large_image\" \/>\n<meta name=\"twitter:creator\" content=\"@PressenzaIPA\" \/>\n<meta name=\"twitter:site\" content=\"@PressenzaIPA\" \/>\n<meta name=\"twitter:label1\" content=\"Escrito por\" \/>\n\t<meta name=\"twitter:data1\" content=\"Redacci\u00f3n Ecuador\" \/>\n\t<meta name=\"twitter:label2\" content=\"Tiempo de lectura\" \/>\n\t<meta name=\"twitter:data2\" content=\"5 minutos\" \/>\n<script type=\"application\/ld+json\" class=\"yoast-schema-graph\">{\"@context\":\"https:\/\/schema.org\",\"@graph\":[{\"@type\":\"Article\",\"@id\":\"https:\/\/www.pressenza.com\/es\/2022\/06\/fuerza-de-trabajo-empatia-y-la-crueldad-del-privilegio-sobre-la-legitimidad-del-paro-nacional-en-ecuador\/#article\",\"isPartOf\":{\"@id\":\"https:\/\/www.pressenza.com\/es\/2022\/06\/fuerza-de-trabajo-empatia-y-la-crueldad-del-privilegio-sobre-la-legitimidad-del-paro-nacional-en-ecuador\/\"},\"author\":{\"name\":\"Redacci\u00f3n Ecuador\",\"@id\":\"https:\/\/www.pressenza.com\/es\/#\/schema\/person\/883a735c40665759bcc6fe0c26bcb46f\"},\"headline\":\"Fuerza de trabajo, empat\u00eda y la crueldad del privilegio: sobre la legitimidad del Paro Nacional en Ecuador\",\"datePublished\":\"2022-06-24T23:24:01+00:00\",\"dateModified\":\"2022-06-24T23:25:46+00:00\",\"mainEntityOfPage\":{\"@id\":\"https:\/\/www.pressenza.com\/es\/2022\/06\/fuerza-de-trabajo-empatia-y-la-crueldad-del-privilegio-sobre-la-legitimidad-del-paro-nacional-en-ecuador\/\"},\"wordCount\":1053,\"publisher\":{\"@id\":\"https:\/\/www.pressenza.com\/es\/#organization\"},\"image\":{\"@id\":\"https:\/\/www.pressenza.com\/es\/2022\/06\/fuerza-de-trabajo-empatia-y-la-crueldad-del-privilegio-sobre-la-legitimidad-del-paro-nacional-en-ecuador\/#primaryimage\"},\"thumbnailUrl\":\"https:\/\/www.pressenza.com\/wp-content\/uploads\/2022\/06\/empatia-copia.jpg\",\"keywords\":[\"movilizaci\u00f3n social\",\"paro nacional Ecuador\"],\"articleSection\":[\"Derechos Humanos\",\"Opiniones\",\"Pol\u00edtica\"],\"inLanguage\":\"es\"},{\"@type\":\"WebPage\",\"@id\":\"https:\/\/www.pressenza.com\/es\/2022\/06\/fuerza-de-trabajo-empatia-y-la-crueldad-del-privilegio-sobre-la-legitimidad-del-paro-nacional-en-ecuador\/\",\"url\":\"https:\/\/www.pressenza.com\/es\/2022\/06\/fuerza-de-trabajo-empatia-y-la-crueldad-del-privilegio-sobre-la-legitimidad-del-paro-nacional-en-ecuador\/\",\"name\":\"Fuerza de trabajo, empat\u00eda y la crueldad del privilegio: sobre la legitimidad del Paro Nacional en Ecuador\",\"isPartOf\":{\"@id\":\"https:\/\/www.pressenza.com\/es\/#website\"},\"primaryImageOfPage\":{\"@id\":\"https:\/\/www.pressenza.com\/es\/2022\/06\/fuerza-de-trabajo-empatia-y-la-crueldad-del-privilegio-sobre-la-legitimidad-del-paro-nacional-en-ecuador\/#primaryimage\"},\"image\":{\"@id\":\"https:\/\/www.pressenza.com\/es\/2022\/06\/fuerza-de-trabajo-empatia-y-la-crueldad-del-privilegio-sobre-la-legitimidad-del-paro-nacional-en-ecuador\/#primaryimage\"},\"thumbnailUrl\":\"https:\/\/www.pressenza.com\/wp-content\/uploads\/2022\/06\/empatia-copia.jpg\",\"datePublished\":\"2022-06-24T23:24:01+00:00\",\"dateModified\":\"2022-06-24T23:25:46+00:00\",\"description\":\"El Paro Nacional, iniciado el 13 de junio de 2022, nos obliga a replantear una reflexi\u00f3n hist\u00f3rica que -una vez m\u00e1s- es absolutamente necesaria para\",\"breadcrumb\":{\"@id\":\"https:\/\/www.pressenza.com\/es\/2022\/06\/fuerza-de-trabajo-empatia-y-la-crueldad-del-privilegio-sobre-la-legitimidad-del-paro-nacional-en-ecuador\/#breadcrumb\"},\"inLanguage\":\"es\",\"potentialAction\":[{\"@type\":\"ReadAction\",\"target\":[\"https:\/\/www.pressenza.com\/es\/2022\/06\/fuerza-de-trabajo-empatia-y-la-crueldad-del-privilegio-sobre-la-legitimidad-del-paro-nacional-en-ecuador\/\"]}]},{\"@type\":\"ImageObject\",\"inLanguage\":\"es\",\"@id\":\"https:\/\/www.pressenza.com\/es\/2022\/06\/fuerza-de-trabajo-empatia-y-la-crueldad-del-privilegio-sobre-la-legitimidad-del-paro-nacional-en-ecuador\/#primaryimage\",\"url\":\"https:\/\/www.pressenza.com\/wp-content\/uploads\/2022\/06\/empatia-copia.jpg\",\"contentUrl\":\"https:\/\/www.pressenza.com\/wp-content\/uploads\/2022\/06\/empatia-copia.jpg\",\"width\":1914,\"height\":742},{\"@type\":\"BreadcrumbList\",\"@id\":\"https:\/\/www.pressenza.com\/es\/2022\/06\/fuerza-de-trabajo-empatia-y-la-crueldad-del-privilegio-sobre-la-legitimidad-del-paro-nacional-en-ecuador\/#breadcrumb\",\"itemListElement\":[{\"@type\":\"ListItem\",\"position\":1,\"name\":\"Accueil\",\"item\":\"https:\/\/www.pressenza.com\/es\/\"},{\"@type\":\"ListItem\",\"position\":2,\"name\":\"Fuerza de trabajo, empat\u00eda y la crueldad del privilegio: sobre la legitimidad del Paro Nacional en Ecuador\"}]},{\"@type\":\"WebSite\",\"@id\":\"https:\/\/www.pressenza.com\/es\/#website\",\"url\":\"https:\/\/www.pressenza.com\/es\/\",\"name\":\"Pressenza\",\"description\":\"International Press Agency\",\"publisher\":{\"@id\":\"https:\/\/www.pressenza.com\/es\/#organization\"},\"potentialAction\":[{\"@type\":\"SearchAction\",\"target\":{\"@type\":\"EntryPoint\",\"urlTemplate\":\"https:\/\/www.pressenza.com\/es\/?s={search_term_string}\"},\"query-input\":{\"@type\":\"PropertyValueSpecification\",\"valueRequired\":true,\"valueName\":\"search_term_string\"}}],\"inLanguage\":\"es\"},{\"@type\":\"Organization\",\"@id\":\"https:\/\/www.pressenza.com\/es\/#organization\",\"name\":\"Pressenza\",\"url\":\"https:\/\/www.pressenza.com\/es\/\",\"logo\":{\"@type\":\"ImageObject\",\"inLanguage\":\"es\",\"@id\":\"https:\/\/www.pressenza.com\/es\/#\/schema\/logo\/image\/\",\"url\":\"https:\/\/www.pressenza.com\/wp-content\/uploads\/2022\/10\/pressenza_logo_200x200.jpg\",\"contentUrl\":\"https:\/\/www.pressenza.com\/wp-content\/uploads\/2022\/10\/pressenza_logo_200x200.jpg\",\"width\":200,\"height\":200,\"caption\":\"Pressenza\"},\"image\":{\"@id\":\"https:\/\/www.pressenza.com\/es\/#\/schema\/logo\/image\/\"},\"sameAs\":[\"https:\/\/www.facebook.com\/PressenzaItalia\",\"https:\/\/x.com\/PressenzaIPA\"]},{\"@type\":\"Person\",\"@id\":\"https:\/\/www.pressenza.com\/es\/#\/schema\/person\/883a735c40665759bcc6fe0c26bcb46f\",\"name\":\"Redacci\u00f3n Ecuador\",\"description\":\"News published by the Pressenza bureau in Quito, Ecuador\",\"url\":\"https:\/\/www.pressenza.com\/es\/author\/redaccion-ecuador\/\"}]}<\/script>\n<!-- \/ Yoast SEO plugin. -->","yoast_head_json":{"title":"Fuerza de trabajo, empat\u00eda y la crueldad del privilegio: sobre la legitimidad del Paro Nacional en Ecuador","description":"El Paro Nacional, iniciado el 13 de junio de 2022, nos obliga a replantear una reflexi\u00f3n hist\u00f3rica que -una vez m\u00e1s- es absolutamente necesaria para","robots":{"index":"index","follow":"follow","max-snippet":"max-snippet:-1","max-image-preview":"max-image-preview:large","max-video-preview":"max-video-preview:-1"},"canonical":"https:\/\/www.pressenza.com\/es\/2022\/06\/fuerza-de-trabajo-empatia-y-la-crueldad-del-privilegio-sobre-la-legitimidad-del-paro-nacional-en-ecuador\/","og_locale":"es_ES","og_type":"article","og_title":"Fuerza de trabajo, empat\u00eda y la crueldad del privilegio: sobre la legitimidad del Paro Nacional en Ecuador","og_description":"El Paro Nacional, iniciado el 13 de junio de 2022, nos obliga a replantear una reflexi\u00f3n hist\u00f3rica que -una vez m\u00e1s- es absolutamente necesaria para","og_url":"https:\/\/www.pressenza.com\/es\/2022\/06\/fuerza-de-trabajo-empatia-y-la-crueldad-del-privilegio-sobre-la-legitimidad-del-paro-nacional-en-ecuador\/","og_site_name":"Pressenza","article_publisher":"https:\/\/www.facebook.com\/PressenzaItalia","article_published_time":"2022-06-24T23:24:01+00:00","article_modified_time":"2022-06-24T23:25:46+00:00","og_image":[{"width":1914,"height":742,"url":"https:\/\/www.pressenza.com\/wp-content\/uploads\/2022\/06\/empatia-copia.jpg","type":"image\/jpeg"}],"author":"Redacci\u00f3n Ecuador","twitter_card":"summary_large_image","twitter_creator":"@PressenzaIPA","twitter_site":"@PressenzaIPA","twitter_misc":{"Escrito por":"Redacci\u00f3n Ecuador","Tiempo de lectura":"5 minutos"},"schema":{"@context":"https:\/\/schema.org","@graph":[{"@type":"Article","@id":"https:\/\/www.pressenza.com\/es\/2022\/06\/fuerza-de-trabajo-empatia-y-la-crueldad-del-privilegio-sobre-la-legitimidad-del-paro-nacional-en-ecuador\/#article","isPartOf":{"@id":"https:\/\/www.pressenza.com\/es\/2022\/06\/fuerza-de-trabajo-empatia-y-la-crueldad-del-privilegio-sobre-la-legitimidad-del-paro-nacional-en-ecuador\/"},"author":{"name":"Redacci\u00f3n Ecuador","@id":"https:\/\/www.pressenza.com\/es\/#\/schema\/person\/883a735c40665759bcc6fe0c26bcb46f"},"headline":"Fuerza de trabajo, empat\u00eda y la crueldad del privilegio: sobre la legitimidad del Paro Nacional en Ecuador","datePublished":"2022-06-24T23:24:01+00:00","dateModified":"2022-06-24T23:25:46+00:00","mainEntityOfPage":{"@id":"https:\/\/www.pressenza.com\/es\/2022\/06\/fuerza-de-trabajo-empatia-y-la-crueldad-del-privilegio-sobre-la-legitimidad-del-paro-nacional-en-ecuador\/"},"wordCount":1053,"publisher":{"@id":"https:\/\/www.pressenza.com\/es\/#organization"},"image":{"@id":"https:\/\/www.pressenza.com\/es\/2022\/06\/fuerza-de-trabajo-empatia-y-la-crueldad-del-privilegio-sobre-la-legitimidad-del-paro-nacional-en-ecuador\/#primaryimage"},"thumbnailUrl":"https:\/\/www.pressenza.com\/wp-content\/uploads\/2022\/06\/empatia-copia.jpg","keywords":["movilizaci\u00f3n social","paro nacional Ecuador"],"articleSection":["Derechos Humanos","Opiniones","Pol\u00edtica"],"inLanguage":"es"},{"@type":"WebPage","@id":"https:\/\/www.pressenza.com\/es\/2022\/06\/fuerza-de-trabajo-empatia-y-la-crueldad-del-privilegio-sobre-la-legitimidad-del-paro-nacional-en-ecuador\/","url":"https:\/\/www.pressenza.com\/es\/2022\/06\/fuerza-de-trabajo-empatia-y-la-crueldad-del-privilegio-sobre-la-legitimidad-del-paro-nacional-en-ecuador\/","name":"Fuerza de trabajo, empat\u00eda y la crueldad del privilegio: sobre la legitimidad del Paro Nacional en Ecuador","isPartOf":{"@id":"https:\/\/www.pressenza.com\/es\/#website"},"primaryImageOfPage":{"@id":"https:\/\/www.pressenza.com\/es\/2022\/06\/fuerza-de-trabajo-empatia-y-la-crueldad-del-privilegio-sobre-la-legitimidad-del-paro-nacional-en-ecuador\/#primaryimage"},"image":{"@id":"https:\/\/www.pressenza.com\/es\/2022\/06\/fuerza-de-trabajo-empatia-y-la-crueldad-del-privilegio-sobre-la-legitimidad-del-paro-nacional-en-ecuador\/#primaryimage"},"thumbnailUrl":"https:\/\/www.pressenza.com\/wp-content\/uploads\/2022\/06\/empatia-copia.jpg","datePublished":"2022-06-24T23:24:01+00:00","dateModified":"2022-06-24T23:25:46+00:00","description":"El Paro Nacional, iniciado el 13 de junio de 2022, nos obliga a replantear una reflexi\u00f3n hist\u00f3rica que -una vez m\u00e1s- es absolutamente necesaria para","breadcrumb":{"@id":"https:\/\/www.pressenza.com\/es\/2022\/06\/fuerza-de-trabajo-empatia-y-la-crueldad-del-privilegio-sobre-la-legitimidad-del-paro-nacional-en-ecuador\/#breadcrumb"},"inLanguage":"es","potentialAction":[{"@type":"ReadAction","target":["https:\/\/www.pressenza.com\/es\/2022\/06\/fuerza-de-trabajo-empatia-y-la-crueldad-del-privilegio-sobre-la-legitimidad-del-paro-nacional-en-ecuador\/"]}]},{"@type":"ImageObject","inLanguage":"es","@id":"https:\/\/www.pressenza.com\/es\/2022\/06\/fuerza-de-trabajo-empatia-y-la-crueldad-del-privilegio-sobre-la-legitimidad-del-paro-nacional-en-ecuador\/#primaryimage","url":"https:\/\/www.pressenza.com\/wp-content\/uploads\/2022\/06\/empatia-copia.jpg","contentUrl":"https:\/\/www.pressenza.com\/wp-content\/uploads\/2022\/06\/empatia-copia.jpg","width":1914,"height":742},{"@type":"BreadcrumbList","@id":"https:\/\/www.pressenza.com\/es\/2022\/06\/fuerza-de-trabajo-empatia-y-la-crueldad-del-privilegio-sobre-la-legitimidad-del-paro-nacional-en-ecuador\/#breadcrumb","itemListElement":[{"@type":"ListItem","position":1,"name":"Accueil","item":"https:\/\/www.pressenza.com\/es\/"},{"@type":"ListItem","position":2,"name":"Fuerza de trabajo, empat\u00eda y la crueldad del privilegio: sobre la legitimidad del Paro Nacional en Ecuador"}]},{"@type":"WebSite","@id":"https:\/\/www.pressenza.com\/es\/#website","url":"https:\/\/www.pressenza.com\/es\/","name":"Pressenza","description":"International Press Agency","publisher":{"@id":"https:\/\/www.pressenza.com\/es\/#organization"},"potentialAction":[{"@type":"SearchAction","target":{"@type":"EntryPoint","urlTemplate":"https:\/\/www.pressenza.com\/es\/?s={search_term_string}"},"query-input":{"@type":"PropertyValueSpecification","valueRequired":true,"valueName":"search_term_string"}}],"inLanguage":"es"},{"@type":"Organization","@id":"https:\/\/www.pressenza.com\/es\/#organization","name":"Pressenza","url":"https:\/\/www.pressenza.com\/es\/","logo":{"@type":"ImageObject","inLanguage":"es","@id":"https:\/\/www.pressenza.com\/es\/#\/schema\/logo\/image\/","url":"https:\/\/www.pressenza.com\/wp-content\/uploads\/2022\/10\/pressenza_logo_200x200.jpg","contentUrl":"https:\/\/www.pressenza.com\/wp-content\/uploads\/2022\/10\/pressenza_logo_200x200.jpg","width":200,"height":200,"caption":"Pressenza"},"image":{"@id":"https:\/\/www.pressenza.com\/es\/#\/schema\/logo\/image\/"},"sameAs":["https:\/\/www.facebook.com\/PressenzaItalia","https:\/\/x.com\/PressenzaIPA"]},{"@type":"Person","@id":"https:\/\/www.pressenza.com\/es\/#\/schema\/person\/883a735c40665759bcc6fe0c26bcb46f","name":"Redacci\u00f3n Ecuador","description":"News published by the Pressenza bureau in Quito, Ecuador","url":"https:\/\/www.pressenza.com\/es\/author\/redaccion-ecuador\/"}]}},"place":"Quito","original_article_url":"https:\/\/www.revistacrisis.com\/coyuntura\/fuerza-de-trabajo-empatia-y-la-crueldad-del-privilegio-sobre-la-legitimidad-del-paro","_links":{"self":[{"href":"https:\/\/www.pressenza.com\/es\/wp-json\/wp\/v2\/posts\/1611903","targetHints":{"allow":["GET"]}}],"collection":[{"href":"https:\/\/www.pressenza.com\/es\/wp-json\/wp\/v2\/posts"}],"about":[{"href":"https:\/\/www.pressenza.com\/es\/wp-json\/wp\/v2\/types\/post"}],"author":[{"embeddable":true,"href":"https:\/\/www.pressenza.com\/es\/wp-json\/wp\/v2\/users\/1011"}],"replies":[{"embeddable":true,"href":"https:\/\/www.pressenza.com\/es\/wp-json\/wp\/v2\/comments?post=1611903"}],"version-history":[{"count":0,"href":"https:\/\/www.pressenza.com\/es\/wp-json\/wp\/v2\/posts\/1611903\/revisions"}],"wp:featuredmedia":[{"embeddable":true,"href":"https:\/\/www.pressenza.com\/es\/wp-json\/wp\/v2\/media\/1611904"}],"wp:attachment":[{"href":"https:\/\/www.pressenza.com\/es\/wp-json\/wp\/v2\/media?parent=1611903"}],"wp:term":[{"taxonomy":"category","embeddable":true,"href":"https:\/\/www.pressenza.com\/es\/wp-json\/wp\/v2\/categories?post=1611903"},{"taxonomy":"post_tag","embeddable":true,"href":"https:\/\/www.pressenza.com\/es\/wp-json\/wp\/v2\/tags?post=1611903"}],"curies":[{"name":"wp","href":"https:\/\/api.w.org\/{rel}","templated":true}]}}