{"id":161109,"date":"2015-02-09T17:09:33","date_gmt":"2015-02-09T17:09:33","guid":{"rendered":"http:\/\/www.pressenza.com\/?p=161109"},"modified":"2015-02-09T17:09:33","modified_gmt":"2015-02-09T17:09:33","slug":"demos-grecia-una-oportunidad","status":"publish","type":"post","link":"https:\/\/www.pressenza.com\/es\/2015\/02\/demos-grecia-una-oportunidad\/","title":{"rendered":"Demos a Grecia una oportunidad"},"content":{"rendered":"<p style=\"text-align: justify;\">Desde Tesal\u00f3nica viene un llamado a los griegos de todo el mundo a reunirse el 11 de febrero en solidaridad con el nuevo gobierno anti-austeridad en sus reuniones con sus socios de la UE durante los d\u00edas el 11 y 12, en el que pedir\u00e1n un nuevo acuerdo para hacer frente a su deuda.<\/p>\n<p style=\"text-align: justify;\">Hasta el momento, se vienen planeando eventos en varias ciudades de Grecia, incluyendo Atenas, Tesal\u00f3nica, Chania y Heraklion (ambas en Creta), Patras, y la isla de Lesbos. Ya se ha anunciado apoyo desde Nicosia, en Chipre, y de los miembros italianos de las organizaciones humanistas; el Partido Humanista Internacional y Mundo sin Guerras se est\u00e1n movilizando en Roma, Mil\u00e1n y Florencia, entre otros.<\/p>\n<p style=\"text-align: justify;\">Se espera que otras ciudades como Bruselas, Londres, Berl\u00edn, Par\u00eds, Madrid y Barcelona, tambi\u00e9n participen. Las dos \u00faltimas ciudades espa\u00f1olas tambi\u00e9n est\u00e1n experimentando un aumento en el apoyo a sus propias pol\u00edticas contra la austeridad, mientras el Partido Podemos viene encabezando las encuestas de opini\u00f3n para las elecciones previstas en 2015.<\/p>\n<p style=\"text-align: justify;\">La invitaci\u00f3n de Tesal\u00f3nica exige \u00abindependencia, democracia, justicia y dignidad; principios que deber\u00edan estar garantizados en una Europa \u2018civilizada\u2019\u00bb, y pide por \u00abNo m\u00e1s deuda artificial sobre los hombros de nuestros pueblos, generada por los due\u00f1os de los bancos\u00bb.<\/p>\n<p style=\"text-align: justify;\">La concentraci\u00f3n comenzar\u00e1 a las 5:00 PM en la Plaza de la Torre Blanca, en Tesal\u00f3nica.<\/p>\n<p style=\"text-align: justify;\">Para otras ciudades, consultar la p\u00e1gina web:<\/p>\n<p><a href=\"http:\/\/www.alterthess.gr\/content\/diethnis-kampania-politon-irthe-i-ora-na-xanavgoyme-stis-plateies%23.VNXt0EpKq5M.twitter\">http:\/\/www.alterthess.gr\/content\/diethnis-kampania-politon-irthe-i-ora-na-xanavgoyme-stis-plateies#.VNXt0EpKq5M.twitter<\/a><\/p>\n<p style=\"text-align: justify;\">Se pide a todas las personas usar Twitter para difundir la informaci\u00f3n con el hashtag <a href=\"https:\/\/twitter.com\/search?q=%23mazi&amp;src=tyah\">#mazi<\/a><\/p>\n<p><iframe loading=\"lazy\" title=\"all together\" width=\"500\" height=\"375\" src=\"https:\/\/www.youtube.com\/embed\/Hy5iOpDPorY?feature=oembed\" frameborder=\"0\" allow=\"accelerometer; autoplay; clipboard-write; encrypted-media; gyroscope; picture-in-picture; web-share\" referrerpolicy=\"strict-origin-when-cross-origin\" allowfullscreen><\/iframe><\/p>\n","protected":false},"excerpt":{"rendered":"<p>Desde Tesal\u00f3nica viene un llamado a los griegos de todo el mundo a reunirse el 11 de febrero en solidaridad con el nuevo gobierno anti-austeridad en sus reuniones con sus socios de la UE durante los d\u00edas el 11 y&hellip;<\/p>\n","protected":false},"author":6,"featured_media":161066,"comment_status":"closed","ping_status":"open","sticky":false,"template":"","format":"standard","meta":{"footnotes":""},"categories":[11389,81,66,39],"tags":[15940,1346,15958],"class_list":["post-161109","post","type-post","status-publish","format-standard","has-post-thumbnail","hentry","category-contenido-original","category-economia-es","category-europa-es","category-internacional","tag-anti-austeridad","tag-grecia-es","tag-tesalonica"],"yoast_head":"<!-- This site is optimized with the Yoast SEO plugin v27.1.1 - https:\/\/yoast.com\/product\/yoast-seo-wordpress\/ -->\n<title>Demos a Grecia una oportunidad<\/title>\n<meta name=\"description\" content=\"Desde Tesal\u00f3nica viene un llamado a los griegos de todo el mundo a reunirse el 11 de febrero en solidaridad con el nuevo gobierno anti-austeridad en sus\" \/>\n<meta name=\"robots\" content=\"index, follow, max-snippet:-1, max-image-preview:large, max-video-preview:-1\" \/>\n<link rel=\"canonical\" href=\"https:\/\/www.pressenza.com\/es\/2015\/02\/demos-grecia-una-oportunidad\/\" \/>\n<meta property=\"og:locale\" content=\"es_ES\" \/>\n<meta property=\"og:type\" content=\"article\" \/>\n<meta property=\"og:title\" content=\"Demos a Grecia una oportunidad\" \/>\n<meta property=\"og:description\" content=\"Desde Tesal\u00f3nica viene un llamado a los griegos de todo el mundo a reunirse el 11 de febrero en solidaridad con el nuevo gobierno anti-austeridad en sus\" \/>\n<meta property=\"og:url\" content=\"https:\/\/www.pressenza.com\/es\/2015\/02\/demos-grecia-una-oportunidad\/\" \/>\n<meta property=\"og:site_name\" content=\"Pressenza\" \/>\n<meta property=\"article:publisher\" content=\"https:\/\/www.facebook.com\/PressenzaItalia\" \/>\n<meta property=\"article:published_time\" content=\"2015-02-09T17:09:33+00:00\" \/>\n<meta property=\"og:image\" content=\"https:\/\/www.pressenza.com\/wp-content\/uploads\/2015\/02\/european_all_together.jpg\" \/>\n\t<meta property=\"og:image:width\" content=\"700\" \/>\n\t<meta property=\"og:image:height\" content=\"466\" \/>\n\t<meta property=\"og:image:type\" content=\"image\/jpeg\" \/>\n<meta name=\"author\" content=\"Tony Robinson\" \/>\n<meta name=\"twitter:card\" content=\"summary_large_image\" \/>\n<meta name=\"twitter:creator\" content=\"@TonyRobinson6\" \/>\n<meta name=\"twitter:site\" content=\"@PressenzaIPA\" \/>\n<meta name=\"twitter:label1\" content=\"Escrito por\" \/>\n\t<meta name=\"twitter:data1\" content=\"Tony Robinson\" \/>\n\t<meta name=\"twitter:label2\" content=\"Tiempo de lectura\" \/>\n\t<meta name=\"twitter:data2\" content=\"1 minuto\" \/>\n<script type=\"application\/ld+json\" class=\"yoast-schema-graph\">{\"@context\":\"https:\/\/schema.org\",\"@graph\":[{\"@type\":\"Article\",\"@id\":\"https:\/\/www.pressenza.com\/es\/2015\/02\/demos-grecia-una-oportunidad\/#article\",\"isPartOf\":{\"@id\":\"https:\/\/www.pressenza.com\/es\/2015\/02\/demos-grecia-una-oportunidad\/\"},\"author\":{\"name\":\"Tony Robinson\",\"@id\":\"https:\/\/www.pressenza.com\/es\/#\/schema\/person\/a96a2ff6530dbb8bcf9ec001febc4af4\"},\"headline\":\"Demos a Grecia una oportunidad\",\"datePublished\":\"2015-02-09T17:09:33+00:00\",\"mainEntityOfPage\":{\"@id\":\"https:\/\/www.pressenza.com\/es\/2015\/02\/demos-grecia-una-oportunidad\/\"},\"wordCount\":289,\"publisher\":{\"@id\":\"https:\/\/www.pressenza.com\/es\/#organization\"},\"image\":{\"@id\":\"https:\/\/www.pressenza.com\/es\/2015\/02\/demos-grecia-una-oportunidad\/#primaryimage\"},\"thumbnailUrl\":\"https:\/\/www.pressenza.com\/wp-content\/uploads\/2015\/02\/european_all_together.jpg\",\"keywords\":[\"anti-austeridad\",\"Grecia\",\"Tesal\u00f3nica\"],\"articleSection\":[\"Contenido Original\",\"Econom\u00eda\",\"Europa\",\"Internacional\"],\"inLanguage\":\"es\"},{\"@type\":\"WebPage\",\"@id\":\"https:\/\/www.pressenza.com\/es\/2015\/02\/demos-grecia-una-oportunidad\/\",\"url\":\"https:\/\/www.pressenza.com\/es\/2015\/02\/demos-grecia-una-oportunidad\/\",\"name\":\"Demos a Grecia una oportunidad\",\"isPartOf\":{\"@id\":\"https:\/\/www.pressenza.com\/es\/#website\"},\"primaryImageOfPage\":{\"@id\":\"https:\/\/www.pressenza.com\/es\/2015\/02\/demos-grecia-una-oportunidad\/#primaryimage\"},\"image\":{\"@id\":\"https:\/\/www.pressenza.com\/es\/2015\/02\/demos-grecia-una-oportunidad\/#primaryimage\"},\"thumbnailUrl\":\"https:\/\/www.pressenza.com\/wp-content\/uploads\/2015\/02\/european_all_together.jpg\",\"datePublished\":\"2015-02-09T17:09:33+00:00\",\"description\":\"Desde Tesal\u00f3nica viene un llamado a los griegos de todo el mundo a reunirse el 11 de febrero en solidaridad con el nuevo gobierno anti-austeridad en sus\",\"breadcrumb\":{\"@id\":\"https:\/\/www.pressenza.com\/es\/2015\/02\/demos-grecia-una-oportunidad\/#breadcrumb\"},\"inLanguage\":\"es\",\"potentialAction\":[{\"@type\":\"ReadAction\",\"target\":[\"https:\/\/www.pressenza.com\/es\/2015\/02\/demos-grecia-una-oportunidad\/\"]}]},{\"@type\":\"ImageObject\",\"inLanguage\":\"es\",\"@id\":\"https:\/\/www.pressenza.com\/es\/2015\/02\/demos-grecia-una-oportunidad\/#primaryimage\",\"url\":\"https:\/\/www.pressenza.com\/wp-content\/uploads\/2015\/02\/european_all_together.jpg\",\"contentUrl\":\"https:\/\/www.pressenza.com\/wp-content\/uploads\/2015\/02\/european_all_together.jpg\",\"width\":700,\"height\":466},{\"@type\":\"BreadcrumbList\",\"@id\":\"https:\/\/www.pressenza.com\/es\/2015\/02\/demos-grecia-una-oportunidad\/#breadcrumb\",\"itemListElement\":[{\"@type\":\"ListItem\",\"position\":1,\"name\":\"Accueil\",\"item\":\"https:\/\/www.pressenza.com\/es\/\"},{\"@type\":\"ListItem\",\"position\":2,\"name\":\"Demos a Grecia una oportunidad\"}]},{\"@type\":\"WebSite\",\"@id\":\"https:\/\/www.pressenza.com\/es\/#website\",\"url\":\"https:\/\/www.pressenza.com\/es\/\",\"name\":\"Pressenza\",\"description\":\"International Press Agency\",\"publisher\":{\"@id\":\"https:\/\/www.pressenza.com\/es\/#organization\"},\"potentialAction\":[{\"@type\":\"SearchAction\",\"target\":{\"@type\":\"EntryPoint\",\"urlTemplate\":\"https:\/\/www.pressenza.com\/es\/?s={search_term_string}\"},\"query-input\":{\"@type\":\"PropertyValueSpecification\",\"valueRequired\":true,\"valueName\":\"search_term_string\"}}],\"inLanguage\":\"es\"},{\"@type\":\"Organization\",\"@id\":\"https:\/\/www.pressenza.com\/es\/#organization\",\"name\":\"Pressenza\",\"url\":\"https:\/\/www.pressenza.com\/es\/\",\"logo\":{\"@type\":\"ImageObject\",\"inLanguage\":\"es\",\"@id\":\"https:\/\/www.pressenza.com\/es\/#\/schema\/logo\/image\/\",\"url\":\"https:\/\/www.pressenza.com\/wp-content\/uploads\/2022\/10\/pressenza_logo_200x200.jpg\",\"contentUrl\":\"https:\/\/www.pressenza.com\/wp-content\/uploads\/2022\/10\/pressenza_logo_200x200.jpg\",\"width\":200,\"height\":200,\"caption\":\"Pressenza\"},\"image\":{\"@id\":\"https:\/\/www.pressenza.com\/es\/#\/schema\/logo\/image\/\"},\"sameAs\":[\"https:\/\/www.facebook.com\/PressenzaItalia\",\"https:\/\/x.com\/PressenzaIPA\"]},{\"@type\":\"Person\",\"@id\":\"https:\/\/www.pressenza.com\/es\/#\/schema\/person\/a96a2ff6530dbb8bcf9ec001febc4af4\",\"name\":\"Tony Robinson\",\"description\":\"Humanist Movement Activist, ex-Director of the Middle East Treaty Organization and coordinating committee member of Abolition 2000 - Global Network to Eliminate Nuclear Weapons, author of the book \\\"Coffee with Silo and the quest for meaning in life\\\" and producer of the film \\\"The Beginning of the End of Nuclear Weapons\\\".\",\"sameAs\":[\"https:\/\/x.com\/TonyRobinson6\"],\"url\":\"https:\/\/www.pressenza.com\/es\/author\/tony-robinson\/\"}]}<\/script>\n<!-- \/ Yoast SEO plugin. -->","yoast_head_json":{"title":"Demos a Grecia una oportunidad","description":"Desde Tesal\u00f3nica viene un llamado a los griegos de todo el mundo a reunirse el 11 de febrero en solidaridad con el nuevo gobierno anti-austeridad en sus","robots":{"index":"index","follow":"follow","max-snippet":"max-snippet:-1","max-image-preview":"max-image-preview:large","max-video-preview":"max-video-preview:-1"},"canonical":"https:\/\/www.pressenza.com\/es\/2015\/02\/demos-grecia-una-oportunidad\/","og_locale":"es_ES","og_type":"article","og_title":"Demos a Grecia una oportunidad","og_description":"Desde Tesal\u00f3nica viene un llamado a los griegos de todo el mundo a reunirse el 11 de febrero en solidaridad con el nuevo gobierno anti-austeridad en sus","og_url":"https:\/\/www.pressenza.com\/es\/2015\/02\/demos-grecia-una-oportunidad\/","og_site_name":"Pressenza","article_publisher":"https:\/\/www.facebook.com\/PressenzaItalia","article_published_time":"2015-02-09T17:09:33+00:00","og_image":[{"width":700,"height":466,"url":"https:\/\/www.pressenza.com\/wp-content\/uploads\/2015\/02\/european_all_together.jpg","type":"image\/jpeg"}],"author":"Tony Robinson","twitter_card":"summary_large_image","twitter_creator":"@TonyRobinson6","twitter_site":"@PressenzaIPA","twitter_misc":{"Escrito por":"Tony Robinson","Tiempo de lectura":"1 minuto"},"schema":{"@context":"https:\/\/schema.org","@graph":[{"@type":"Article","@id":"https:\/\/www.pressenza.com\/es\/2015\/02\/demos-grecia-una-oportunidad\/#article","isPartOf":{"@id":"https:\/\/www.pressenza.com\/es\/2015\/02\/demos-grecia-una-oportunidad\/"},"author":{"name":"Tony Robinson","@id":"https:\/\/www.pressenza.com\/es\/#\/schema\/person\/a96a2ff6530dbb8bcf9ec001febc4af4"},"headline":"Demos a Grecia una oportunidad","datePublished":"2015-02-09T17:09:33+00:00","mainEntityOfPage":{"@id":"https:\/\/www.pressenza.com\/es\/2015\/02\/demos-grecia-una-oportunidad\/"},"wordCount":289,"publisher":{"@id":"https:\/\/www.pressenza.com\/es\/#organization"},"image":{"@id":"https:\/\/www.pressenza.com\/es\/2015\/02\/demos-grecia-una-oportunidad\/#primaryimage"},"thumbnailUrl":"https:\/\/www.pressenza.com\/wp-content\/uploads\/2015\/02\/european_all_together.jpg","keywords":["anti-austeridad","Grecia","Tesal\u00f3nica"],"articleSection":["Contenido Original","Econom\u00eda","Europa","Internacional"],"inLanguage":"es"},{"@type":"WebPage","@id":"https:\/\/www.pressenza.com\/es\/2015\/02\/demos-grecia-una-oportunidad\/","url":"https:\/\/www.pressenza.com\/es\/2015\/02\/demos-grecia-una-oportunidad\/","name":"Demos a Grecia una oportunidad","isPartOf":{"@id":"https:\/\/www.pressenza.com\/es\/#website"},"primaryImageOfPage":{"@id":"https:\/\/www.pressenza.com\/es\/2015\/02\/demos-grecia-una-oportunidad\/#primaryimage"},"image":{"@id":"https:\/\/www.pressenza.com\/es\/2015\/02\/demos-grecia-una-oportunidad\/#primaryimage"},"thumbnailUrl":"https:\/\/www.pressenza.com\/wp-content\/uploads\/2015\/02\/european_all_together.jpg","datePublished":"2015-02-09T17:09:33+00:00","description":"Desde Tesal\u00f3nica viene un llamado a los griegos de todo el mundo a reunirse el 11 de febrero en solidaridad con el nuevo gobierno anti-austeridad en sus","breadcrumb":{"@id":"https:\/\/www.pressenza.com\/es\/2015\/02\/demos-grecia-una-oportunidad\/#breadcrumb"},"inLanguage":"es","potentialAction":[{"@type":"ReadAction","target":["https:\/\/www.pressenza.com\/es\/2015\/02\/demos-grecia-una-oportunidad\/"]}]},{"@type":"ImageObject","inLanguage":"es","@id":"https:\/\/www.pressenza.com\/es\/2015\/02\/demos-grecia-una-oportunidad\/#primaryimage","url":"https:\/\/www.pressenza.com\/wp-content\/uploads\/2015\/02\/european_all_together.jpg","contentUrl":"https:\/\/www.pressenza.com\/wp-content\/uploads\/2015\/02\/european_all_together.jpg","width":700,"height":466},{"@type":"BreadcrumbList","@id":"https:\/\/www.pressenza.com\/es\/2015\/02\/demos-grecia-una-oportunidad\/#breadcrumb","itemListElement":[{"@type":"ListItem","position":1,"name":"Accueil","item":"https:\/\/www.pressenza.com\/es\/"},{"@type":"ListItem","position":2,"name":"Demos a Grecia una oportunidad"}]},{"@type":"WebSite","@id":"https:\/\/www.pressenza.com\/es\/#website","url":"https:\/\/www.pressenza.com\/es\/","name":"Pressenza","description":"International Press Agency","publisher":{"@id":"https:\/\/www.pressenza.com\/es\/#organization"},"potentialAction":[{"@type":"SearchAction","target":{"@type":"EntryPoint","urlTemplate":"https:\/\/www.pressenza.com\/es\/?s={search_term_string}"},"query-input":{"@type":"PropertyValueSpecification","valueRequired":true,"valueName":"search_term_string"}}],"inLanguage":"es"},{"@type":"Organization","@id":"https:\/\/www.pressenza.com\/es\/#organization","name":"Pressenza","url":"https:\/\/www.pressenza.com\/es\/","logo":{"@type":"ImageObject","inLanguage":"es","@id":"https:\/\/www.pressenza.com\/es\/#\/schema\/logo\/image\/","url":"https:\/\/www.pressenza.com\/wp-content\/uploads\/2022\/10\/pressenza_logo_200x200.jpg","contentUrl":"https:\/\/www.pressenza.com\/wp-content\/uploads\/2022\/10\/pressenza_logo_200x200.jpg","width":200,"height":200,"caption":"Pressenza"},"image":{"@id":"https:\/\/www.pressenza.com\/es\/#\/schema\/logo\/image\/"},"sameAs":["https:\/\/www.facebook.com\/PressenzaItalia","https:\/\/x.com\/PressenzaIPA"]},{"@type":"Person","@id":"https:\/\/www.pressenza.com\/es\/#\/schema\/person\/a96a2ff6530dbb8bcf9ec001febc4af4","name":"Tony Robinson","description":"Humanist Movement Activist, ex-Director of the Middle East Treaty Organization and coordinating committee member of Abolition 2000 - Global Network to Eliminate Nuclear Weapons, author of the book \"Coffee with Silo and the quest for meaning in life\" and producer of the film \"The Beginning of the End of Nuclear Weapons\".","sameAs":["https:\/\/x.com\/TonyRobinson6"],"url":"https:\/\/www.pressenza.com\/es\/author\/tony-robinson\/"}]}},"place":"","original_article_url":"","_links":{"self":[{"href":"https:\/\/www.pressenza.com\/es\/wp-json\/wp\/v2\/posts\/161109","targetHints":{"allow":["GET"]}}],"collection":[{"href":"https:\/\/www.pressenza.com\/es\/wp-json\/wp\/v2\/posts"}],"about":[{"href":"https:\/\/www.pressenza.com\/es\/wp-json\/wp\/v2\/types\/post"}],"author":[{"embeddable":true,"href":"https:\/\/www.pressenza.com\/es\/wp-json\/wp\/v2\/users\/6"}],"replies":[{"embeddable":true,"href":"https:\/\/www.pressenza.com\/es\/wp-json\/wp\/v2\/comments?post=161109"}],"version-history":[{"count":0,"href":"https:\/\/www.pressenza.com\/es\/wp-json\/wp\/v2\/posts\/161109\/revisions"}],"wp:featuredmedia":[{"embeddable":true,"href":"https:\/\/www.pressenza.com\/es\/wp-json\/wp\/v2\/media\/161066"}],"wp:attachment":[{"href":"https:\/\/www.pressenza.com\/es\/wp-json\/wp\/v2\/media?parent=161109"}],"wp:term":[{"taxonomy":"category","embeddable":true,"href":"https:\/\/www.pressenza.com\/es\/wp-json\/wp\/v2\/categories?post=161109"},{"taxonomy":"post_tag","embeddable":true,"href":"https:\/\/www.pressenza.com\/es\/wp-json\/wp\/v2\/tags?post=161109"}],"curies":[{"name":"wp","href":"https:\/\/api.w.org\/{rel}","templated":true}]}}