{"id":1610537,"date":"2022-06-23T12:14:52","date_gmt":"2022-06-23T11:14:52","guid":{"rendered":"https:\/\/www.pressenza.com\/?p=1610537"},"modified":"2022-06-23T12:14:52","modified_gmt":"2022-06-23T11:14:52","slug":"cumbre-de-la-otan-en-madrid","status":"publish","type":"post","link":"https:\/\/www.pressenza.com\/es\/2022\/06\/cumbre-de-la-otan-en-madrid\/","title":{"rendered":"Cumbre de la OTAN en Madrid"},"content":{"rendered":"<blockquote><p>APDHA reclama la implicaci\u00f3n de la ONU y la UE para lograr una salida pac\u00edfica a la guerra<\/p>\n<p>Se suma a las movilizaciones por la paz y contra la OTAN, en especial a la manifestaci\u00f3n del 26 de junio en Madrid<\/p>\n<p>Lamenta que la OTAN ni busca, ni garantiza la paz ni la seguridad<\/p><\/blockquote>\n<p>La Asociaci\u00f3n Pro Derechos Humanos de Andaluc\u00eda (APDHA) ha reclamado hoy, con motivo de la celebraci\u00f3n de la Cumbre de la OTAN en Madrid los pr\u00f3ximos 29 y 30 de junio, una implicaci\u00f3n real de la Organizaci\u00f3n de Naciones Unidas (ONU) y de la Uni\u00f3n Europea (UE) para que promuevan un proceso negociador para conseguir acuerdos que permitan una salida pac\u00edfica, tras el ataque ilegal de Rusia a Ucrania.<\/p>\n<p>La organizaci\u00f3n estima que <strong>el papel de agente de paz es incompatible con la OTAN<\/strong>, por lo que entiende que deber\u00eda empezar un proceso de desmantelamiento y, en todo caso en cuanto a Espa\u00f1a, la no participaci\u00f3n en la misma. Adem\u00e1s, la asociaci\u00f3n reafirma su total <strong>oposici\u00f3n al aumento de los gastos militares<\/strong>, que en su opini\u00f3n, \u201cest\u00e1 en contradicci\u00f3n con el rol que deber\u00eda jugar Espa\u00f1a y con las necesidades sociales de nuestro pueblo\u201d.<\/p>\n<p>Asimismo, manifiesta su respaldo a las movilizaciones anti-OTAN convocadas, especialmente \u00a0la <strong>manifestaci\u00f3n del 26 de junio en Madrid<\/strong>, y llama a la participaci\u00f3n de la ciudadan\u00eda para mostrar su rechazo a la OTAN.<\/p>\n<p>Para la APDHA, la guerra desatada por Rusia contra Ucrania, que esta organizaci\u00f3n ha condenado sin matices, \u201cno solo ha vulnerado gravemente la legalidad internacional, sino que ha provocado decenas de <strong>miles de v\u00edctimas y una oleada de personas refugiadas<\/strong> en Europa como no se conoc\u00eda desde la Segunda Guerra Mundial\u201d. Adem\u00e1s, asegura, ha supuesto un terremoto econ\u00f3mico, una obligada reconfiguraci\u00f3n de los mercados de la energ\u00eda, inflaciones galopantes en buena parte del mundo y <strong>graves problemas para el abastecimiento de productos b\u00e1sicos<\/strong>, que puede originar una tremenda <strong>hambruna en algunos pa\u00edses de \u00c1frica<\/strong>.<\/p>\n<p>La guerra de Rusia contra Ucrania, prosigue, tambi\u00e9n ha contribuido a que se ponga en marcha toda una <strong>operaci\u00f3n destinada a legitimar a la OTAN<\/strong> ante amplios sectores de la poblaci\u00f3n como \u00fanico garante de seguridad, proporcionarle argumentos para dise\u00f1ar nuevas estrategias que le den razones de ser y justificar un aumento generalizado de los presupuestos militares de los pa\u00edses miembros como nunca se hab\u00eda visto, en Espa\u00f1a, \u201cnada menos que duplicar los gastos militares actuales\u201d, destaca.<\/p>\n<p>La Asociaci\u00f3n Pro Derechos Humanos de Andaluc\u00eda critica que \u201cla OTAN no puede disfrazarse de organizaci\u00f3n defensora de la paz y la democracia\u201d. En realidad, explica la APDHA, la OTAN \u201csignific\u00f3 para Europa la <strong>supeditaci\u00f3n a la estrategia militar y econ\u00f3mica de EE.UU<\/strong>., crear escenarios de confrontaci\u00f3n en Europa y no en EE.UU., como la famosa y peligrosa crisis de los euromisiles, llenar Europa de bases americanas y armas nucleares, etc\u201d.<\/p>\n<p>Parecer\u00eda razonable, indica, que con la disoluci\u00f3n de la URSS y del Pacto de Varsovia en 1991, al quedar sin su \u201cenemigo fundacional\u201d, la OTAN iniciara tambi\u00e9n un proceso de distensi\u00f3n y desmantelamiento propio.<\/p>\n<p>Pero no fue as\u00ed, seg\u00fan la APDHA. Todo lo contrario, a partir de los 90 se buscaron nuevos enemigos y se involucr\u00f3 a sus miembros en la <strong>guerra global contra el terrorismo a partir de 2001<\/strong>, que inclu\u00eda de forma m\u00e1s o menos expl\u00edcita el control y protecci\u00f3n de recursos energ\u00e9ticos estrat\u00e9gicos. \u201cDe hecho, <strong>la OTAN comenz\u00f3 a actuar en diversos escenarios internacionales al margen de la ONU e infringiendo el mandato expl\u00edcito de la Carta de las Naciones Unidas\u201d<\/strong>, critica. Fue el caso del bombardeo de Kosovo en 1999, la intervenci\u00f3n y ocupaci\u00f3n de Afganist\u00e1n en 2011, la guerra y ocupaci\u00f3n de Irak a partir de 2003, o los ataques militares a Libia en 2011, ejemplifica la organizaci\u00f3n.<\/p>\n<p>Ahora en 2022, Madrid acoge otra importante cumbre de la OTAN. En la misma, se quiere llevar a cabo una <strong>tercera refundaci\u00f3n estrat\u00e9gica<\/strong>. \u201cPrimero, para venderse como una estructura de lucha por la democracia y contra los reg\u00edmenes autoritarios \u2013excepto los propios claro\u2013. Segundo, para consolidar la deriva de incremento del gasto militar generalizado tan cara al entramado industrial-militar. Y tercero, para actuar frente a las consecuencias del cambio clim\u00e1tico, pero no para limitarlo, sino para impedir que recursos estrat\u00e9gicos puedan dejar de estar bajo control y caigan en manos de terceros no controlables\u201d.<\/p>\n<p><strong>Para la APDHA, la OTAN no es una organizaci\u00f3n para la paz y la seguridad, por lo que repudia la pertenencia de Espa\u00f1a a la misma. <\/strong>Espa\u00f1a ingres\u00f3 en la OTAN en 1982 entre una gran oposici\u00f3n de la mayor\u00eda de la gente. Tanto es as\u00ed que el PSOE, una vez cambiada su posici\u00f3n a favor de la OTAN, se vio obligado a convocar un refer\u00e9ndum en 1986, que ganaron por escaso margen los atlantistas.<\/p>\n<p>Concluye, \u201clos diferentes Gobiernos han vulnerado las condiciones que se votaron en aquel refer\u00e9ndum y que hoy nadie quiere recordar: la no integraci\u00f3n en la estructura militar, no permitir armas nucleares en Espa\u00f1a y la reducci\u00f3n progresiva de las tropas de EE.UU. en Espa\u00f1a\u201d, por lo que es necesario retomar la pertenencia a la OTAN y cuestionar su actuaci\u00f3n en el marco internacional.<\/p>\n","protected":false},"excerpt":{"rendered":"<p>APDHA reclama la implicaci\u00f3n de la ONU y la UE para lograr una salida pac\u00edfica a la guerra Se suma a las movilizaciones por la paz y contra la OTAN, en especial a la manifestaci\u00f3n del 26 de junio en&hellip;<\/p>\n","protected":false},"author":1542,"featured_media":1610538,"comment_status":"closed","ping_status":"closed","sticky":false,"template":"","format":"standard","meta":{"footnotes":""},"categories":[149,66,1242,1243],"tags":[11698,32004,924,715,8879,9533],"class_list":["post-1610537","post","type-post","status-publish","format-standard","has-post-thumbnail","hentry","category-comunicados-de-prensa","category-europa-es","category-noviolencia-tema","category-paz-desarme","tag-antimilitarismo-es","tag-apdha","tag-otan","tag-rusia","tag-ucrania","tag-ue-es"],"yoast_head":"<!-- This site is optimized with the Yoast SEO plugin v27.1.1 - https:\/\/yoast.com\/product\/yoast-seo-wordpress\/ -->\n<title>Cumbre de la OTAN en Madrid<\/title>\n<meta name=\"description\" content=\"APDHA reclama la implicaci\u00f3n de la ONU y la UE para lograr una salida pac\u00edfica a la guerra Se suma a las movilizaciones por la paz y contra la OTAN, en\" \/>\n<meta name=\"robots\" content=\"index, follow, max-snippet:-1, max-image-preview:large, max-video-preview:-1\" \/>\n<link rel=\"canonical\" href=\"https:\/\/www.pressenza.com\/es\/2022\/06\/cumbre-de-la-otan-en-madrid\/\" \/>\n<meta property=\"og:locale\" content=\"es_ES\" \/>\n<meta property=\"og:type\" content=\"article\" \/>\n<meta property=\"og:title\" content=\"Cumbre de la OTAN en Madrid\" \/>\n<meta property=\"og:description\" content=\"APDHA reclama la implicaci\u00f3n de la ONU y la UE para lograr una salida pac\u00edfica a la guerra Se suma a las movilizaciones por la paz y contra la OTAN, en\" \/>\n<meta property=\"og:url\" content=\"https:\/\/www.pressenza.com\/es\/2022\/06\/cumbre-de-la-otan-en-madrid\/\" \/>\n<meta property=\"og:site_name\" content=\"Pressenza\" \/>\n<meta property=\"article:publisher\" content=\"https:\/\/www.facebook.com\/PressenzaItalia\" \/>\n<meta property=\"article:published_time\" content=\"2022-06-23T11:14:52+00:00\" \/>\n<meta property=\"og:image\" content=\"https:\/\/www.pressenza.com\/wp-content\/uploads\/2022\/06\/NO-OTAN2.jpg\" \/>\n\t<meta property=\"og:image:width\" content=\"820\" \/>\n\t<meta property=\"og:image:height\" content=\"608\" \/>\n\t<meta property=\"og:image:type\" content=\"image\/jpeg\" \/>\n<meta name=\"author\" content=\"Asociaci\u00f3n Pro Derechos Humanos de Andaluc\u00eda (APDHA)\" \/>\n<meta name=\"twitter:card\" content=\"summary_large_image\" \/>\n<meta name=\"twitter:creator\" content=\"@PressenzaIPA\" \/>\n<meta name=\"twitter:site\" content=\"@PressenzaIPA\" \/>\n<meta name=\"twitter:label1\" content=\"Escrito por\" \/>\n\t<meta name=\"twitter:data1\" content=\"Asociaci\u00f3n Pro Derechos Humanos de Andaluc\u00eda (APDHA)\" \/>\n\t<meta name=\"twitter:label2\" content=\"Tiempo de lectura\" \/>\n\t<meta name=\"twitter:data2\" content=\"4 minutos\" \/>\n<script type=\"application\/ld+json\" class=\"yoast-schema-graph\">{\"@context\":\"https:\/\/schema.org\",\"@graph\":[{\"@type\":\"Article\",\"@id\":\"https:\/\/www.pressenza.com\/es\/2022\/06\/cumbre-de-la-otan-en-madrid\/#article\",\"isPartOf\":{\"@id\":\"https:\/\/www.pressenza.com\/es\/2022\/06\/cumbre-de-la-otan-en-madrid\/\"},\"author\":{\"name\":\"Asociaci\u00f3n Pro Derechos Humanos de Andaluc\u00eda (APDHA)\",\"@id\":\"https:\/\/www.pressenza.com\/es\/#\/schema\/person\/56539d338f9dde4fe54c8771b432ed21\"},\"headline\":\"Cumbre de la OTAN en Madrid\",\"datePublished\":\"2022-06-23T11:14:52+00:00\",\"mainEntityOfPage\":{\"@id\":\"https:\/\/www.pressenza.com\/es\/2022\/06\/cumbre-de-la-otan-en-madrid\/\"},\"wordCount\":935,\"publisher\":{\"@id\":\"https:\/\/www.pressenza.com\/es\/#organization\"},\"image\":{\"@id\":\"https:\/\/www.pressenza.com\/es\/2022\/06\/cumbre-de-la-otan-en-madrid\/#primaryimage\"},\"thumbnailUrl\":\"https:\/\/www.pressenza.com\/wp-content\/uploads\/2022\/06\/NO-OTAN2.jpg\",\"keywords\":[\"antimilitarismo\",\"APDHA\",\"OTAN\",\"Rusia\",\"Ucrania\",\"UE\"],\"articleSection\":[\"Comunicados de Prensa\",\"Europa\",\"Noviolencia\",\"Paz y Desarme\"],\"inLanguage\":\"es\"},{\"@type\":\"WebPage\",\"@id\":\"https:\/\/www.pressenza.com\/es\/2022\/06\/cumbre-de-la-otan-en-madrid\/\",\"url\":\"https:\/\/www.pressenza.com\/es\/2022\/06\/cumbre-de-la-otan-en-madrid\/\",\"name\":\"Cumbre de la OTAN en Madrid\",\"isPartOf\":{\"@id\":\"https:\/\/www.pressenza.com\/es\/#website\"},\"primaryImageOfPage\":{\"@id\":\"https:\/\/www.pressenza.com\/es\/2022\/06\/cumbre-de-la-otan-en-madrid\/#primaryimage\"},\"image\":{\"@id\":\"https:\/\/www.pressenza.com\/es\/2022\/06\/cumbre-de-la-otan-en-madrid\/#primaryimage\"},\"thumbnailUrl\":\"https:\/\/www.pressenza.com\/wp-content\/uploads\/2022\/06\/NO-OTAN2.jpg\",\"datePublished\":\"2022-06-23T11:14:52+00:00\",\"description\":\"APDHA reclama la implicaci\u00f3n de la ONU y la UE para lograr una salida pac\u00edfica a la guerra Se suma a las movilizaciones por la paz y contra la OTAN, en\",\"breadcrumb\":{\"@id\":\"https:\/\/www.pressenza.com\/es\/2022\/06\/cumbre-de-la-otan-en-madrid\/#breadcrumb\"},\"inLanguage\":\"es\",\"potentialAction\":[{\"@type\":\"ReadAction\",\"target\":[\"https:\/\/www.pressenza.com\/es\/2022\/06\/cumbre-de-la-otan-en-madrid\/\"]}]},{\"@type\":\"ImageObject\",\"inLanguage\":\"es\",\"@id\":\"https:\/\/www.pressenza.com\/es\/2022\/06\/cumbre-de-la-otan-en-madrid\/#primaryimage\",\"url\":\"https:\/\/www.pressenza.com\/wp-content\/uploads\/2022\/06\/NO-OTAN2.jpg\",\"contentUrl\":\"https:\/\/www.pressenza.com\/wp-content\/uploads\/2022\/06\/NO-OTAN2.jpg\",\"width\":820,\"height\":608},{\"@type\":\"BreadcrumbList\",\"@id\":\"https:\/\/www.pressenza.com\/es\/2022\/06\/cumbre-de-la-otan-en-madrid\/#breadcrumb\",\"itemListElement\":[{\"@type\":\"ListItem\",\"position\":1,\"name\":\"Accueil\",\"item\":\"https:\/\/www.pressenza.com\/es\/\"},{\"@type\":\"ListItem\",\"position\":2,\"name\":\"Cumbre de la OTAN en Madrid\"}]},{\"@type\":\"WebSite\",\"@id\":\"https:\/\/www.pressenza.com\/es\/#website\",\"url\":\"https:\/\/www.pressenza.com\/es\/\",\"name\":\"Pressenza\",\"description\":\"International Press Agency\",\"publisher\":{\"@id\":\"https:\/\/www.pressenza.com\/es\/#organization\"},\"potentialAction\":[{\"@type\":\"SearchAction\",\"target\":{\"@type\":\"EntryPoint\",\"urlTemplate\":\"https:\/\/www.pressenza.com\/es\/?s={search_term_string}\"},\"query-input\":{\"@type\":\"PropertyValueSpecification\",\"valueRequired\":true,\"valueName\":\"search_term_string\"}}],\"inLanguage\":\"es\"},{\"@type\":\"Organization\",\"@id\":\"https:\/\/www.pressenza.com\/es\/#organization\",\"name\":\"Pressenza\",\"url\":\"https:\/\/www.pressenza.com\/es\/\",\"logo\":{\"@type\":\"ImageObject\",\"inLanguage\":\"es\",\"@id\":\"https:\/\/www.pressenza.com\/es\/#\/schema\/logo\/image\/\",\"url\":\"https:\/\/www.pressenza.com\/wp-content\/uploads\/2022\/10\/pressenza_logo_200x200.jpg\",\"contentUrl\":\"https:\/\/www.pressenza.com\/wp-content\/uploads\/2022\/10\/pressenza_logo_200x200.jpg\",\"width\":200,\"height\":200,\"caption\":\"Pressenza\"},\"image\":{\"@id\":\"https:\/\/www.pressenza.com\/es\/#\/schema\/logo\/image\/\"},\"sameAs\":[\"https:\/\/www.facebook.com\/PressenzaItalia\",\"https:\/\/x.com\/PressenzaIPA\"]},{\"@type\":\"Person\",\"@id\":\"https:\/\/www.pressenza.com\/es\/#\/schema\/person\/56539d338f9dde4fe54c8771b432ed21\",\"name\":\"Asociaci\u00f3n Pro Derechos Humanos de Andaluc\u00eda (APDHA)\",\"description\":\"La Asociaci\u00f3n Pro Derechos Humanos de Andaluc\u00eda (APDHA) trabaja con el objetivo de lograr que las personas sean libres e iguales en dignidad y derechos\",\"sameAs\":[\"https:\/\/www.apdha.org\"],\"url\":\"https:\/\/www.pressenza.com\/es\/author\/apdha\/\"}]}<\/script>\n<!-- \/ Yoast SEO plugin. -->","yoast_head_json":{"title":"Cumbre de la OTAN en Madrid","description":"APDHA reclama la implicaci\u00f3n de la ONU y la UE para lograr una salida pac\u00edfica a la guerra Se suma a las movilizaciones por la paz y contra la OTAN, en","robots":{"index":"index","follow":"follow","max-snippet":"max-snippet:-1","max-image-preview":"max-image-preview:large","max-video-preview":"max-video-preview:-1"},"canonical":"https:\/\/www.pressenza.com\/es\/2022\/06\/cumbre-de-la-otan-en-madrid\/","og_locale":"es_ES","og_type":"article","og_title":"Cumbre de la OTAN en Madrid","og_description":"APDHA reclama la implicaci\u00f3n de la ONU y la UE para lograr una salida pac\u00edfica a la guerra Se suma a las movilizaciones por la paz y contra la OTAN, en","og_url":"https:\/\/www.pressenza.com\/es\/2022\/06\/cumbre-de-la-otan-en-madrid\/","og_site_name":"Pressenza","article_publisher":"https:\/\/www.facebook.com\/PressenzaItalia","article_published_time":"2022-06-23T11:14:52+00:00","og_image":[{"width":820,"height":608,"url":"https:\/\/www.pressenza.com\/wp-content\/uploads\/2022\/06\/NO-OTAN2.jpg","type":"image\/jpeg"}],"author":"Asociaci\u00f3n Pro Derechos Humanos de Andaluc\u00eda (APDHA)","twitter_card":"summary_large_image","twitter_creator":"@PressenzaIPA","twitter_site":"@PressenzaIPA","twitter_misc":{"Escrito por":"Asociaci\u00f3n Pro Derechos Humanos de Andaluc\u00eda (APDHA)","Tiempo de lectura":"4 minutos"},"schema":{"@context":"https:\/\/schema.org","@graph":[{"@type":"Article","@id":"https:\/\/www.pressenza.com\/es\/2022\/06\/cumbre-de-la-otan-en-madrid\/#article","isPartOf":{"@id":"https:\/\/www.pressenza.com\/es\/2022\/06\/cumbre-de-la-otan-en-madrid\/"},"author":{"name":"Asociaci\u00f3n Pro Derechos Humanos de Andaluc\u00eda (APDHA)","@id":"https:\/\/www.pressenza.com\/es\/#\/schema\/person\/56539d338f9dde4fe54c8771b432ed21"},"headline":"Cumbre de la OTAN en Madrid","datePublished":"2022-06-23T11:14:52+00:00","mainEntityOfPage":{"@id":"https:\/\/www.pressenza.com\/es\/2022\/06\/cumbre-de-la-otan-en-madrid\/"},"wordCount":935,"publisher":{"@id":"https:\/\/www.pressenza.com\/es\/#organization"},"image":{"@id":"https:\/\/www.pressenza.com\/es\/2022\/06\/cumbre-de-la-otan-en-madrid\/#primaryimage"},"thumbnailUrl":"https:\/\/www.pressenza.com\/wp-content\/uploads\/2022\/06\/NO-OTAN2.jpg","keywords":["antimilitarismo","APDHA","OTAN","Rusia","Ucrania","UE"],"articleSection":["Comunicados de Prensa","Europa","Noviolencia","Paz y Desarme"],"inLanguage":"es"},{"@type":"WebPage","@id":"https:\/\/www.pressenza.com\/es\/2022\/06\/cumbre-de-la-otan-en-madrid\/","url":"https:\/\/www.pressenza.com\/es\/2022\/06\/cumbre-de-la-otan-en-madrid\/","name":"Cumbre de la OTAN en Madrid","isPartOf":{"@id":"https:\/\/www.pressenza.com\/es\/#website"},"primaryImageOfPage":{"@id":"https:\/\/www.pressenza.com\/es\/2022\/06\/cumbre-de-la-otan-en-madrid\/#primaryimage"},"image":{"@id":"https:\/\/www.pressenza.com\/es\/2022\/06\/cumbre-de-la-otan-en-madrid\/#primaryimage"},"thumbnailUrl":"https:\/\/www.pressenza.com\/wp-content\/uploads\/2022\/06\/NO-OTAN2.jpg","datePublished":"2022-06-23T11:14:52+00:00","description":"APDHA reclama la implicaci\u00f3n de la ONU y la UE para lograr una salida pac\u00edfica a la guerra Se suma a las movilizaciones por la paz y contra la OTAN, en","breadcrumb":{"@id":"https:\/\/www.pressenza.com\/es\/2022\/06\/cumbre-de-la-otan-en-madrid\/#breadcrumb"},"inLanguage":"es","potentialAction":[{"@type":"ReadAction","target":["https:\/\/www.pressenza.com\/es\/2022\/06\/cumbre-de-la-otan-en-madrid\/"]}]},{"@type":"ImageObject","inLanguage":"es","@id":"https:\/\/www.pressenza.com\/es\/2022\/06\/cumbre-de-la-otan-en-madrid\/#primaryimage","url":"https:\/\/www.pressenza.com\/wp-content\/uploads\/2022\/06\/NO-OTAN2.jpg","contentUrl":"https:\/\/www.pressenza.com\/wp-content\/uploads\/2022\/06\/NO-OTAN2.jpg","width":820,"height":608},{"@type":"BreadcrumbList","@id":"https:\/\/www.pressenza.com\/es\/2022\/06\/cumbre-de-la-otan-en-madrid\/#breadcrumb","itemListElement":[{"@type":"ListItem","position":1,"name":"Accueil","item":"https:\/\/www.pressenza.com\/es\/"},{"@type":"ListItem","position":2,"name":"Cumbre de la OTAN en Madrid"}]},{"@type":"WebSite","@id":"https:\/\/www.pressenza.com\/es\/#website","url":"https:\/\/www.pressenza.com\/es\/","name":"Pressenza","description":"International Press Agency","publisher":{"@id":"https:\/\/www.pressenza.com\/es\/#organization"},"potentialAction":[{"@type":"SearchAction","target":{"@type":"EntryPoint","urlTemplate":"https:\/\/www.pressenza.com\/es\/?s={search_term_string}"},"query-input":{"@type":"PropertyValueSpecification","valueRequired":true,"valueName":"search_term_string"}}],"inLanguage":"es"},{"@type":"Organization","@id":"https:\/\/www.pressenza.com\/es\/#organization","name":"Pressenza","url":"https:\/\/www.pressenza.com\/es\/","logo":{"@type":"ImageObject","inLanguage":"es","@id":"https:\/\/www.pressenza.com\/es\/#\/schema\/logo\/image\/","url":"https:\/\/www.pressenza.com\/wp-content\/uploads\/2022\/10\/pressenza_logo_200x200.jpg","contentUrl":"https:\/\/www.pressenza.com\/wp-content\/uploads\/2022\/10\/pressenza_logo_200x200.jpg","width":200,"height":200,"caption":"Pressenza"},"image":{"@id":"https:\/\/www.pressenza.com\/es\/#\/schema\/logo\/image\/"},"sameAs":["https:\/\/www.facebook.com\/PressenzaItalia","https:\/\/x.com\/PressenzaIPA"]},{"@type":"Person","@id":"https:\/\/www.pressenza.com\/es\/#\/schema\/person\/56539d338f9dde4fe54c8771b432ed21","name":"Asociaci\u00f3n Pro Derechos Humanos de Andaluc\u00eda (APDHA)","description":"La Asociaci\u00f3n Pro Derechos Humanos de Andaluc\u00eda (APDHA) trabaja con el objetivo de lograr que las personas sean libres e iguales en dignidad y derechos","sameAs":["https:\/\/www.apdha.org"],"url":"https:\/\/www.pressenza.com\/es\/author\/apdha\/"}]}},"place":"Andaluc\u00eda, Espa\u00f1a","original_article_url":"","_links":{"self":[{"href":"https:\/\/www.pressenza.com\/es\/wp-json\/wp\/v2\/posts\/1610537","targetHints":{"allow":["GET"]}}],"collection":[{"href":"https:\/\/www.pressenza.com\/es\/wp-json\/wp\/v2\/posts"}],"about":[{"href":"https:\/\/www.pressenza.com\/es\/wp-json\/wp\/v2\/types\/post"}],"author":[{"embeddable":true,"href":"https:\/\/www.pressenza.com\/es\/wp-json\/wp\/v2\/users\/1542"}],"replies":[{"embeddable":true,"href":"https:\/\/www.pressenza.com\/es\/wp-json\/wp\/v2\/comments?post=1610537"}],"version-history":[{"count":0,"href":"https:\/\/www.pressenza.com\/es\/wp-json\/wp\/v2\/posts\/1610537\/revisions"}],"wp:featuredmedia":[{"embeddable":true,"href":"https:\/\/www.pressenza.com\/es\/wp-json\/wp\/v2\/media\/1610538"}],"wp:attachment":[{"href":"https:\/\/www.pressenza.com\/es\/wp-json\/wp\/v2\/media?parent=1610537"}],"wp:term":[{"taxonomy":"category","embeddable":true,"href":"https:\/\/www.pressenza.com\/es\/wp-json\/wp\/v2\/categories?post=1610537"},{"taxonomy":"post_tag","embeddable":true,"href":"https:\/\/www.pressenza.com\/es\/wp-json\/wp\/v2\/tags?post=1610537"}],"curies":[{"name":"wp","href":"https:\/\/api.w.org\/{rel}","templated":true}]}}