{"id":1609396,"date":"2022-06-24T04:21:45","date_gmt":"2022-06-24T03:21:45","guid":{"rendered":"https:\/\/www.pressenza.com\/?p=1609396"},"modified":"2022-06-21T17:23:42","modified_gmt":"2022-06-21T16:23:42","slug":"petro","status":"publish","type":"post","link":"https:\/\/www.pressenza.com\/es\/2022\/06\/petro\/","title":{"rendered":"Petro"},"content":{"rendered":"<p class=\"font--secondary\">En las afueras del Movistar Arena la gente vivi\u00f3 su euforia en paz. Bajo el aguacero miles de voces repet\u00edan la consigna que se logr\u00f3 luego de 100 a\u00f1os de espera y con el respaldo de m\u00e1s de 11 millones de ciudadanos: \u201cS\u00ed se pudo\u201d. Ya empez\u00f3 a tejerse un nuevo pa\u00eds. A 768 kil\u00f3metros de distancia, Ci\u00e9naga de Oro ten\u00eda el alma vestida de carnaval y las calles iluminadas por la emoci\u00f3n del triunfo.<\/p>\n<p class=\"font--secondary\">Gustavo Petro, presidente electo de Colombia, sabe que para cumplir la promesa del cambio y hacer verdad la esperanza debemos ser capaces de tejer una sociedad en paz. Les abri\u00f3 la puerta a Rodolfo Hern\u00e1ndez y a sus m\u00e1s de 10 millones de electores, y dijo que \u00abla oposici\u00f3n liderada por Uribe, por Rodolfo o por Federico ser\u00e1 siempre bienvenida en el Palacio de Nari\u00f1o para dialogar sobre los problemas de Colombia\u00bb. Asegur\u00f3 que no utilizar\u00e1 el poder para destruir a sus oponentes y que \u201cen este gobierno que se inicia nunca habr\u00e1 persecuci\u00f3n pol\u00edtica ni jur\u00eddica\u201d.<\/p>\n<p class=\"font--secondary\">\u00c9l bien sabe que de no ser as\u00ed ser\u00eda imposible lograr el gran acuerdo nacional que \u201cnace para construir los m\u00e1ximos consensos que permitan vivir mejor\u201d; para lograrlo no necesitamos 11 sino 50 millones de colombianos.<\/p>\n<p class=\"font--secondary\">Compleja tarea cambiar el sectarismo por la empat\u00eda, el escepticismo por la confianza, los inris por el reconocimiento de la diversidad, los dogmas por nuevos aprendizajes. Muchas veces habr\u00e1 que remar contracorriente, hasta llegar a ese d\u00eda en que la sociedad sienta genuinamente que Petro no es el enemigo al que es preciso combatir, sino el l\u00edder popular que quiere hacer de Colombia un pa\u00eds equitativo, con la bandera del medio ambiente, la integraci\u00f3n latinoamericana y el respeto por el disenso, la juventud, las mujeres\u2026 \u00a1por todos!<\/p>\n<p class=\"font--secondary\">Son muchos los desaf\u00edos: que Petro realmente escuche y congregue el mejor equipo implica ser capaz de conciliar en el disco duro de su gobierno los planteamientos y la experiencia de t\u00e9cnicos y acad\u00e9micos que han sabido en vida propia c\u00f3mo se hace empresa, c\u00f3mo se dinamiza la econom\u00eda y se fortalece el desarrollo. Y que el medio pa\u00eds que no lo acompa\u00f1\u00f3 en las urnas, sin renunciar a sus convicciones, reconsidere su torrente de temores y est\u00e9 dispuesto a comprender que el nuevo presidente no es un <i>destroyer<\/i> que acabar\u00e1 con las inversiones, la estabilidad y el progreso. Con paciencia y evidencias, habr\u00e1 que desarmar los esp\u00edritus y, de parte y parte, estar dispuestos a o\u00edr y razonar.<\/p>\n<p class=\"font--secondary\">Aproximarse a la confianza no es dejar de lado la capacidad de cr\u00edtica, abandonar el disenso o la protesta de palabra o acci\u00f3n pac\u00edfica individual o colectiva, cuantas veces sea necesario. Aproximarse a la confianza es la cuota inicial de un pa\u00eds que \u2014por fin\u2014 pueda vivir en paz. Paz social, paz alimentaria, paz emocional, paz en \u201cel silencio de los fusiles\u201d y en la voz de la ciudadan\u00eda.<\/p>\n<p class=\"font--secondary\">Mientras escribo repaso las \u00faltimas horas: un Gustavo Petro que lleva m\u00e1s de 30 a\u00f1os trabajando por la paz de Colombia; el brillo de Francia M\u00e1rquez, con su humildad y fortaleza, siglos de dolor acumulado y una poderosa resiliencia; la llegada de la Guardia Ind\u00edgena; la mam\u00e1 de Dilan Cruz; la eterna grandeza de Antanas Mockus, y un Alejandro Gaviria que toda la noche recibi\u00f3 expresiones de gratitud por haber tomado con valent\u00eda, cuando era y como era, la decisi\u00f3n de acompa\u00f1ar a Petro.<\/p>\n<p class=\"font--secondary\">No juro que Gustavo Petro sea la cura para todos los males de Colombia. Siento, s\u00ed, que empezamos a recorrer el camino que nos permitir\u00e1 construir un pa\u00eds sin miedo. Esa es, queridos lectores, mi percepci\u00f3n y mi respetuosa invitaci\u00f3n.<\/p>\n","protected":false},"excerpt":{"rendered":"<p>En las afueras del Movistar Arena la gente vivi\u00f3 su euforia en paz. Bajo el aguacero miles de voces repet\u00edan la consigna que se logr\u00f3 luego de 100 a\u00f1os de espera y con el respaldo de m\u00e1s de 11 millones&hellip;<\/p>\n","protected":false},"author":1897,"featured_media":1609408,"comment_status":"closed","ping_status":"closed","sticky":false,"template":"","format":"standard","meta":{"footnotes":""},"categories":[161,1243,74,67],"tags":[78568,30949,30,102270,419,9587],"class_list":["post-1609396","post","type-post","status-publish","format-standard","has-post-thumbnail","hentry","category-opiniones","category-paz-desarme","category-politica-es","category-sudamerica","tag-lahuelladeloslideres","tag-acuerdos-de-paz","tag-colombia","tag-elecciones-2022","tag-paz","tag-petro-es"],"yoast_head":"<!-- This site is optimized with the Yoast SEO plugin v27.1.1 - https:\/\/yoast.com\/product\/yoast-seo-wordpress\/ -->\n<title>Petro<\/title>\n<meta name=\"description\" content=\"En las afueras del Movistar Arena la gente vivi\u00f3 su euforia en paz. Bajo el aguacero miles de voces repet\u00edan la consigna que se logr\u00f3 luego de 100 a\u00f1os de\" \/>\n<meta name=\"robots\" content=\"index, follow, max-snippet:-1, max-image-preview:large, max-video-preview:-1\" \/>\n<link rel=\"canonical\" href=\"https:\/\/www.pressenza.com\/es\/2022\/06\/petro\/\" \/>\n<meta property=\"og:locale\" content=\"es_ES\" \/>\n<meta property=\"og:type\" content=\"article\" \/>\n<meta property=\"og:title\" content=\"Petro\" \/>\n<meta property=\"og:description\" content=\"En las afueras del Movistar Arena la gente vivi\u00f3 su euforia en paz. Bajo el aguacero miles de voces repet\u00edan la consigna que se logr\u00f3 luego de 100 a\u00f1os de\" \/>\n<meta property=\"og:url\" content=\"https:\/\/www.pressenza.com\/es\/2022\/06\/petro\/\" \/>\n<meta property=\"og:site_name\" content=\"Pressenza\" \/>\n<meta property=\"article:publisher\" content=\"https:\/\/www.facebook.com\/PressenzaItalia\" \/>\n<meta property=\"article:published_time\" content=\"2022-06-24T03:21:45+00:00\" \/>\n<meta property=\"og:image\" content=\"https:\/\/www.pressenza.com\/wp-content\/uploads\/2022\/06\/Petro-Gloria-Arias-Nieto.jpeg\" \/>\n\t<meta property=\"og:image:width\" content=\"820\" \/>\n\t<meta property=\"og:image:height\" content=\"541\" \/>\n\t<meta property=\"og:image:type\" content=\"image\/jpeg\" \/>\n<meta name=\"author\" content=\"Gloria Arias Nieto\" \/>\n<meta name=\"twitter:card\" content=\"summary_large_image\" \/>\n<meta name=\"twitter:creator\" content=\"@gloriariasnieto\" \/>\n<meta name=\"twitter:site\" content=\"@PressenzaIPA\" \/>\n<meta name=\"twitter:label1\" content=\"Escrito por\" \/>\n\t<meta name=\"twitter:data1\" content=\"Gloria Arias Nieto\" \/>\n\t<meta name=\"twitter:label2\" content=\"Tiempo de lectura\" \/>\n\t<meta name=\"twitter:data2\" content=\"3 minutos\" \/>\n<script type=\"application\/ld+json\" class=\"yoast-schema-graph\">{\"@context\":\"https:\/\/schema.org\",\"@graph\":[{\"@type\":\"Article\",\"@id\":\"https:\/\/www.pressenza.com\/es\/2022\/06\/petro\/#article\",\"isPartOf\":{\"@id\":\"https:\/\/www.pressenza.com\/es\/2022\/06\/petro\/\"},\"author\":{\"name\":\"Gloria Arias Nieto\",\"@id\":\"https:\/\/www.pressenza.com\/es\/#\/schema\/person\/476779c5c0c262f919761226ef961a29\"},\"headline\":\"Petro\",\"datePublished\":\"2022-06-24T03:21:45+00:00\",\"mainEntityOfPage\":{\"@id\":\"https:\/\/www.pressenza.com\/es\/2022\/06\/petro\/\"},\"wordCount\":647,\"publisher\":{\"@id\":\"https:\/\/www.pressenza.com\/es\/#organization\"},\"image\":{\"@id\":\"https:\/\/www.pressenza.com\/es\/2022\/06\/petro\/#primaryimage\"},\"thumbnailUrl\":\"https:\/\/www.pressenza.com\/wp-content\/uploads\/2022\/06\/Petro-Gloria-Arias-Nieto.jpeg\",\"keywords\":[\"#LaHuellaDeLosLideres\",\"Acuerdos de Paz\",\"Colombia\",\"elecciones 2022\",\"Paz\",\"Petro\"],\"articleSection\":[\"Opiniones\",\"Paz y Desarme\",\"Pol\u00edtica\",\"Sudam\u00e9rica\"],\"inLanguage\":\"es\"},{\"@type\":\"WebPage\",\"@id\":\"https:\/\/www.pressenza.com\/es\/2022\/06\/petro\/\",\"url\":\"https:\/\/www.pressenza.com\/es\/2022\/06\/petro\/\",\"name\":\"Petro\",\"isPartOf\":{\"@id\":\"https:\/\/www.pressenza.com\/es\/#website\"},\"primaryImageOfPage\":{\"@id\":\"https:\/\/www.pressenza.com\/es\/2022\/06\/petro\/#primaryimage\"},\"image\":{\"@id\":\"https:\/\/www.pressenza.com\/es\/2022\/06\/petro\/#primaryimage\"},\"thumbnailUrl\":\"https:\/\/www.pressenza.com\/wp-content\/uploads\/2022\/06\/Petro-Gloria-Arias-Nieto.jpeg\",\"datePublished\":\"2022-06-24T03:21:45+00:00\",\"description\":\"En las afueras del Movistar Arena la gente vivi\u00f3 su euforia en paz. Bajo el aguacero miles de voces repet\u00edan la consigna que se logr\u00f3 luego de 100 a\u00f1os de\",\"breadcrumb\":{\"@id\":\"https:\/\/www.pressenza.com\/es\/2022\/06\/petro\/#breadcrumb\"},\"inLanguage\":\"es\",\"potentialAction\":[{\"@type\":\"ReadAction\",\"target\":[\"https:\/\/www.pressenza.com\/es\/2022\/06\/petro\/\"]}]},{\"@type\":\"ImageObject\",\"inLanguage\":\"es\",\"@id\":\"https:\/\/www.pressenza.com\/es\/2022\/06\/petro\/#primaryimage\",\"url\":\"https:\/\/www.pressenza.com\/wp-content\/uploads\/2022\/06\/Petro-Gloria-Arias-Nieto.jpeg\",\"contentUrl\":\"https:\/\/www.pressenza.com\/wp-content\/uploads\/2022\/06\/Petro-Gloria-Arias-Nieto.jpeg\",\"width\":820,\"height\":541},{\"@type\":\"BreadcrumbList\",\"@id\":\"https:\/\/www.pressenza.com\/es\/2022\/06\/petro\/#breadcrumb\",\"itemListElement\":[{\"@type\":\"ListItem\",\"position\":1,\"name\":\"Accueil\",\"item\":\"https:\/\/www.pressenza.com\/es\/\"},{\"@type\":\"ListItem\",\"position\":2,\"name\":\"Petro\"}]},{\"@type\":\"WebSite\",\"@id\":\"https:\/\/www.pressenza.com\/es\/#website\",\"url\":\"https:\/\/www.pressenza.com\/es\/\",\"name\":\"Pressenza\",\"description\":\"International Press Agency\",\"publisher\":{\"@id\":\"https:\/\/www.pressenza.com\/es\/#organization\"},\"potentialAction\":[{\"@type\":\"SearchAction\",\"target\":{\"@type\":\"EntryPoint\",\"urlTemplate\":\"https:\/\/www.pressenza.com\/es\/?s={search_term_string}\"},\"query-input\":{\"@type\":\"PropertyValueSpecification\",\"valueRequired\":true,\"valueName\":\"search_term_string\"}}],\"inLanguage\":\"es\"},{\"@type\":\"Organization\",\"@id\":\"https:\/\/www.pressenza.com\/es\/#organization\",\"name\":\"Pressenza\",\"url\":\"https:\/\/www.pressenza.com\/es\/\",\"logo\":{\"@type\":\"ImageObject\",\"inLanguage\":\"es\",\"@id\":\"https:\/\/www.pressenza.com\/es\/#\/schema\/logo\/image\/\",\"url\":\"https:\/\/www.pressenza.com\/wp-content\/uploads\/2022\/10\/pressenza_logo_200x200.jpg\",\"contentUrl\":\"https:\/\/www.pressenza.com\/wp-content\/uploads\/2022\/10\/pressenza_logo_200x200.jpg\",\"width\":200,\"height\":200,\"caption\":\"Pressenza\"},\"image\":{\"@id\":\"https:\/\/www.pressenza.com\/es\/#\/schema\/logo\/image\/\"},\"sameAs\":[\"https:\/\/www.facebook.com\/PressenzaItalia\",\"https:\/\/x.com\/PressenzaIPA\"]},{\"@type\":\"Person\",\"@id\":\"https:\/\/www.pressenza.com\/es\/#\/schema\/person\/476779c5c0c262f919761226ef961a29\",\"name\":\"Gloria Arias Nieto\",\"description\":\"M\u00e9dica y periodista, columnista de El Espectador. Promotora de procesos de paz y reconciliaci\u00f3n. Miembro del movimiento Defendamos la Paz (DLP) @gloriariasnieto\",\"sameAs\":[\"https:\/\/x.com\/gloriariasnieto\"],\"url\":\"https:\/\/www.pressenza.com\/es\/author\/gloria-arias-nieto\/\"}]}<\/script>\n<!-- \/ Yoast SEO plugin. -->","yoast_head_json":{"title":"Petro","description":"En las afueras del Movistar Arena la gente vivi\u00f3 su euforia en paz. Bajo el aguacero miles de voces repet\u00edan la consigna que se logr\u00f3 luego de 100 a\u00f1os de","robots":{"index":"index","follow":"follow","max-snippet":"max-snippet:-1","max-image-preview":"max-image-preview:large","max-video-preview":"max-video-preview:-1"},"canonical":"https:\/\/www.pressenza.com\/es\/2022\/06\/petro\/","og_locale":"es_ES","og_type":"article","og_title":"Petro","og_description":"En las afueras del Movistar Arena la gente vivi\u00f3 su euforia en paz. Bajo el aguacero miles de voces repet\u00edan la consigna que se logr\u00f3 luego de 100 a\u00f1os de","og_url":"https:\/\/www.pressenza.com\/es\/2022\/06\/petro\/","og_site_name":"Pressenza","article_publisher":"https:\/\/www.facebook.com\/PressenzaItalia","article_published_time":"2022-06-24T03:21:45+00:00","og_image":[{"width":820,"height":541,"url":"https:\/\/www.pressenza.com\/wp-content\/uploads\/2022\/06\/Petro-Gloria-Arias-Nieto.jpeg","type":"image\/jpeg"}],"author":"Gloria Arias Nieto","twitter_card":"summary_large_image","twitter_creator":"@gloriariasnieto","twitter_site":"@PressenzaIPA","twitter_misc":{"Escrito por":"Gloria Arias Nieto","Tiempo de lectura":"3 minutos"},"schema":{"@context":"https:\/\/schema.org","@graph":[{"@type":"Article","@id":"https:\/\/www.pressenza.com\/es\/2022\/06\/petro\/#article","isPartOf":{"@id":"https:\/\/www.pressenza.com\/es\/2022\/06\/petro\/"},"author":{"name":"Gloria Arias Nieto","@id":"https:\/\/www.pressenza.com\/es\/#\/schema\/person\/476779c5c0c262f919761226ef961a29"},"headline":"Petro","datePublished":"2022-06-24T03:21:45+00:00","mainEntityOfPage":{"@id":"https:\/\/www.pressenza.com\/es\/2022\/06\/petro\/"},"wordCount":647,"publisher":{"@id":"https:\/\/www.pressenza.com\/es\/#organization"},"image":{"@id":"https:\/\/www.pressenza.com\/es\/2022\/06\/petro\/#primaryimage"},"thumbnailUrl":"https:\/\/www.pressenza.com\/wp-content\/uploads\/2022\/06\/Petro-Gloria-Arias-Nieto.jpeg","keywords":["#LaHuellaDeLosLideres","Acuerdos de Paz","Colombia","elecciones 2022","Paz","Petro"],"articleSection":["Opiniones","Paz y Desarme","Pol\u00edtica","Sudam\u00e9rica"],"inLanguage":"es"},{"@type":"WebPage","@id":"https:\/\/www.pressenza.com\/es\/2022\/06\/petro\/","url":"https:\/\/www.pressenza.com\/es\/2022\/06\/petro\/","name":"Petro","isPartOf":{"@id":"https:\/\/www.pressenza.com\/es\/#website"},"primaryImageOfPage":{"@id":"https:\/\/www.pressenza.com\/es\/2022\/06\/petro\/#primaryimage"},"image":{"@id":"https:\/\/www.pressenza.com\/es\/2022\/06\/petro\/#primaryimage"},"thumbnailUrl":"https:\/\/www.pressenza.com\/wp-content\/uploads\/2022\/06\/Petro-Gloria-Arias-Nieto.jpeg","datePublished":"2022-06-24T03:21:45+00:00","description":"En las afueras del Movistar Arena la gente vivi\u00f3 su euforia en paz. Bajo el aguacero miles de voces repet\u00edan la consigna que se logr\u00f3 luego de 100 a\u00f1os de","breadcrumb":{"@id":"https:\/\/www.pressenza.com\/es\/2022\/06\/petro\/#breadcrumb"},"inLanguage":"es","potentialAction":[{"@type":"ReadAction","target":["https:\/\/www.pressenza.com\/es\/2022\/06\/petro\/"]}]},{"@type":"ImageObject","inLanguage":"es","@id":"https:\/\/www.pressenza.com\/es\/2022\/06\/petro\/#primaryimage","url":"https:\/\/www.pressenza.com\/wp-content\/uploads\/2022\/06\/Petro-Gloria-Arias-Nieto.jpeg","contentUrl":"https:\/\/www.pressenza.com\/wp-content\/uploads\/2022\/06\/Petro-Gloria-Arias-Nieto.jpeg","width":820,"height":541},{"@type":"BreadcrumbList","@id":"https:\/\/www.pressenza.com\/es\/2022\/06\/petro\/#breadcrumb","itemListElement":[{"@type":"ListItem","position":1,"name":"Accueil","item":"https:\/\/www.pressenza.com\/es\/"},{"@type":"ListItem","position":2,"name":"Petro"}]},{"@type":"WebSite","@id":"https:\/\/www.pressenza.com\/es\/#website","url":"https:\/\/www.pressenza.com\/es\/","name":"Pressenza","description":"International Press Agency","publisher":{"@id":"https:\/\/www.pressenza.com\/es\/#organization"},"potentialAction":[{"@type":"SearchAction","target":{"@type":"EntryPoint","urlTemplate":"https:\/\/www.pressenza.com\/es\/?s={search_term_string}"},"query-input":{"@type":"PropertyValueSpecification","valueRequired":true,"valueName":"search_term_string"}}],"inLanguage":"es"},{"@type":"Organization","@id":"https:\/\/www.pressenza.com\/es\/#organization","name":"Pressenza","url":"https:\/\/www.pressenza.com\/es\/","logo":{"@type":"ImageObject","inLanguage":"es","@id":"https:\/\/www.pressenza.com\/es\/#\/schema\/logo\/image\/","url":"https:\/\/www.pressenza.com\/wp-content\/uploads\/2022\/10\/pressenza_logo_200x200.jpg","contentUrl":"https:\/\/www.pressenza.com\/wp-content\/uploads\/2022\/10\/pressenza_logo_200x200.jpg","width":200,"height":200,"caption":"Pressenza"},"image":{"@id":"https:\/\/www.pressenza.com\/es\/#\/schema\/logo\/image\/"},"sameAs":["https:\/\/www.facebook.com\/PressenzaItalia","https:\/\/x.com\/PressenzaIPA"]},{"@type":"Person","@id":"https:\/\/www.pressenza.com\/es\/#\/schema\/person\/476779c5c0c262f919761226ef961a29","name":"Gloria Arias Nieto","description":"M\u00e9dica y periodista, columnista de El Espectador. Promotora de procesos de paz y reconciliaci\u00f3n. Miembro del movimiento Defendamos la Paz (DLP) @gloriariasnieto","sameAs":["https:\/\/x.com\/gloriariasnieto"],"url":"https:\/\/www.pressenza.com\/es\/author\/gloria-arias-nieto\/"}]}},"place":"Bogot\u00e1, Colombia","original_article_url":"https:\/\/www.elespectador.com\/opinion\/columnistas\/gloria-arias-nieto\/petro\/","_links":{"self":[{"href":"https:\/\/www.pressenza.com\/es\/wp-json\/wp\/v2\/posts\/1609396","targetHints":{"allow":["GET"]}}],"collection":[{"href":"https:\/\/www.pressenza.com\/es\/wp-json\/wp\/v2\/posts"}],"about":[{"href":"https:\/\/www.pressenza.com\/es\/wp-json\/wp\/v2\/types\/post"}],"author":[{"embeddable":true,"href":"https:\/\/www.pressenza.com\/es\/wp-json\/wp\/v2\/users\/1897"}],"replies":[{"embeddable":true,"href":"https:\/\/www.pressenza.com\/es\/wp-json\/wp\/v2\/comments?post=1609396"}],"version-history":[{"count":0,"href":"https:\/\/www.pressenza.com\/es\/wp-json\/wp\/v2\/posts\/1609396\/revisions"}],"wp:featuredmedia":[{"embeddable":true,"href":"https:\/\/www.pressenza.com\/es\/wp-json\/wp\/v2\/media\/1609408"}],"wp:attachment":[{"href":"https:\/\/www.pressenza.com\/es\/wp-json\/wp\/v2\/media?parent=1609396"}],"wp:term":[{"taxonomy":"category","embeddable":true,"href":"https:\/\/www.pressenza.com\/es\/wp-json\/wp\/v2\/categories?post=1609396"},{"taxonomy":"post_tag","embeddable":true,"href":"https:\/\/www.pressenza.com\/es\/wp-json\/wp\/v2\/tags?post=1609396"}],"curies":[{"name":"wp","href":"https:\/\/api.w.org\/{rel}","templated":true}]}}