{"id":1609319,"date":"2022-06-21T17:00:42","date_gmt":"2022-06-21T16:00:42","guid":{"rendered":"https:\/\/www.pressenza.com\/?p=1609319"},"modified":"2022-06-21T17:00:42","modified_gmt":"2022-06-21T16:00:42","slug":"cuidado-con-la-jauria-herida","status":"publish","type":"post","link":"https:\/\/www.pressenza.com\/es\/2022\/06\/cuidado-con-la-jauria-herida\/","title":{"rendered":"Cuidado con la jaur\u00eda herida"},"content":{"rendered":"<p>En los d\u00edas anteriores al Golpe de Estado de 1973 se pod\u00eda comprobar el grado de temor que manifestaba la derecha chilena ante el inminente gobierno de Salvador Allende. Se sabe que este estado de p\u00e1nico los llev\u00f3 a urdir la traici\u00f3n militar incluso antes de que asumiera el nuevo Mandatario. Hist\u00f3ricamente renuentes a respetar la voluntad mayoritaria de los ciudadanos, los partidos reaccionarios, los grandes empresarios, los sindicatos y gremios amarillos aceptaron la encomienda como los millonarios incentivos que les llegaran de Washington para desestabilizar y derrocar al r\u00e9gimen de la Unidad Popular. Para llevar a cabo una conspiraci\u00f3n que recibiera tambi\u00e9n el benepl\u00e1cito de los principales sectores de la Democracia Cristiana y otras agrupaciones pol\u00edticas.<\/p>\n<p>Como olvidar el p\u00e1nico que se viv\u00eda en Santiago desde la Plaza Baquedano hacia la Cordillera, donde siempre han vivido los chilenos m\u00e1s pudientes y dispuestos a trasgredir el Estado de Derecho cuando \u00e9ste amenaza sus intereses. Tenemos el recuerdo de una bulliciosa, aunque pac\u00edfica, marcha por la Avenida Providencia que los colmara y los alentara a golpear la puerta de los cuarteles a fin de comprometer a las Fuerzas Armadas en una acci\u00f3n sediciosa.<\/p>\n<p>Como tantas otras veces, los uniformados se constituyeron, prestamente, as\u00ed, en las guardias pretorianas de los<br \/>\nsectores m\u00e1s ricos, as\u00ed como de los inversionistas for\u00e1neos.<\/p>\n<p>Una vez le escuchamos decir al historiador Gonzalo Vial que la derecha se comporta democr\u00e1ticamente solo hasta que quedan en minor\u00eda y se sienten afectados por la legislaci\u00f3n y las reformas vanguardistas. Ante lo cual reaccionan como un verdadero animal herido frente a los alteren sus prop\u00f3sitos, los que no son otros que mantener su hegemon\u00eda social, garantizarse mano de obra barata y un pueblo ignorante para mejor someterlo.<\/p>\n<p>En efecto, la nacionalizaci\u00f3n del cobre y la profundizaci\u00f3n de la Reforma Agraria desquiciaron a las patronales del campo y la ciudad, a la par de los arrebatos de las compa\u00f1\u00edas mineras estadounidenses, una vez que fueran advertidas de que nunca m\u00e1s podr\u00edan acceder a utilidades tan escandalosas, y de que ya era hora que los trabajadores chilenos empezaran a recibir el usufructo de su esfuerzo.<\/p>\n<p>De all\u00ed que el Dictador se propusiera luego devolverles a las compa\u00f1\u00edas buena parte de lo expropiado, cesar abruptamente la asignaci\u00f3n de tierras a campesinos y mapuches, as\u00ed como imponer un esquema econ\u00f3mico social con claros beneficios para la clase empresarial, en desmedro de los trabajadores que perdieron sus derechos sindicales y fueron reprimidos de la misma forma que los miles de presos pol\u00edticos asesinados, encarcelados y exiliados. Consideremos, adem\u00e1s, que hasta ahora la oficialidad reconoce el apoyo y la complicidad de la derecha hacia sus compa\u00f1eros de armas, a los genocidas, corruptos y malversadores del erario p\u00fablico. Muchos de<br \/>\ncuales permanecen hasta hoy en la impunidad.<\/p>\n<p>Lo curioso es que de nuevo pasa muy inadvertida la existencia de parlamentarios y dirigentes pol\u00edticos y patronales que descaradamente llaman a la rebeli\u00f3n y buscan seducir a los sectores castrenses para que opongan sus armas a la nueva Constituci\u00f3n y a las leyes que prometen llevarnos a un nuevo paradigma pol\u00edtico, econ\u00f3mico y social. Lo lamentable es que, desde los propios sectores gubernamentales, de la izquierda y la centro izquierda, se demuestra tanta complacencia respecto de las lamentaciones derechistas que, tal como anta\u00f1o, ejercen adem\u00e1s un<br \/>\nincontrarrestable influjo en la prensa y los grandes medios de comunicaci\u00f3n, asiduos a la deformaci\u00f3n noticiosa y las mentiras cotidianas que nutren su sinton\u00eda.<\/p>\n<p>No deja de ser sorprendente que otra vez se militarice la Araucan\u00eda para hacer frente a la justa rebeli\u00f3n de los mapuches y, de paso, proteger las inversiones y propiedades de las empresas forestales, tur\u00edsticas y otras instaladas en territorios que ancestralmente pertenecen a nuestra etnia principal. Tal como consta, agrupaciones como la Confederaci\u00f3n de la Producci\u00f3n y del Comercio y la Sociedad de Fomento Fabril se enardecen y piden mano dura a La Moneda para acribillar a las comunidades ind\u00edgenas cuando a alguno de sus poderosos socios terratenientes e<br \/>\nindustriales son atacados y se le insta a retirarse de un territorio que les fuera reconocidos a nuestros pueblos originarios con el nacimiento de nuestra Rep\u00fablica. En contraste, sin embargo, muy poco o nada dicen e relaci\u00f3n a los l\u00edderes mapuches asesinados, torturados o encarcelados. Como si la vida de unos y otros no tuviera la misma dignidad.<\/p>\n<p>Podr\u00edamos decir que todo se mantendr\u00e1 en suspenso hasta septiembre, cuando la ciudadan\u00eda defina el destino de la propuesta por una nueva Constituci\u00f3n. Ilusionada, como est\u00e1, ahora, la derecha con la posibilidad de que el rechazo a este texto pudiera revertir la enorme mayor\u00eda manifestada en las urnas al momento de elegir a los convencionales que asumieron su redacci\u00f3n.<\/p>\n<p>Ciertamente, creemos que de nuevo en \u201cmes de la Patria\u201d podr\u00eda desatarse la conspiraci\u00f3n que de nuevo a\u00f1oran. Confiados en que militares y polic\u00edas podr\u00edan protagonizar otro episodio sedicioso.<\/p>\n<p>Ante ello, desde luego, no vemos a la Moneda ni a los pol\u00edticos de izquierda o centro advertidos y en preparaci\u00f3n. M\u00e1s bien, parecen enredados en lisonjear a carabineros y militares, olvidando r\u00e1pidamente los desprop\u00f3sitos que suelen cometer cuando son instados por la jaur\u00eda herida.<\/p>\n<p>Asimismo, ya hemos comprobado en el pasado que nada puede ser m\u00e1s equ\u00edvoco que los palmoteos de la Casa Blanca y las adulaciones de los grandes organismos financieros internacionales, verdaderos especialistas en cautivar a los pol\u00edticos c\u00e1ndidos o de baja solvencia ideol\u00f3gica.<\/p>\n","protected":false},"excerpt":{"rendered":"<p>En los d\u00edas anteriores al Golpe de Estado de 1973 se pod\u00eda comprobar el grado de temor que manifestaba la derecha chilena ante el inminente gobierno de Salvador Allende. Se sabe que este estado de p\u00e1nico los llev\u00f3 a urdir&hellip;<\/p>\n","protected":false},"author":1739,"featured_media":1609361,"comment_status":"closed","ping_status":"closed","sticky":false,"template":"","format":"standard","meta":{"footnotes":""},"categories":[11389,161,74,67],"tags":[29],"class_list":["post-1609319","post","type-post","status-publish","format-standard","has-post-thumbnail","hentry","category-contenido-original","category-opiniones","category-politica-es","category-sudamerica","tag-chile"],"yoast_head":"<!-- This site is optimized with the Yoast SEO plugin v27.1.1 - https:\/\/yoast.com\/product\/yoast-seo-wordpress\/ -->\n<title>Cuidado con la jaur\u00eda herida<\/title>\n<meta name=\"description\" content=\"En los d\u00edas anteriores al Golpe de Estado de 1973 se pod\u00eda comprobar el grado de temor que manifestaba la derecha chilena ante el inminente gobierno de\" \/>\n<meta name=\"robots\" content=\"index, follow, max-snippet:-1, max-image-preview:large, max-video-preview:-1\" \/>\n<link rel=\"canonical\" href=\"https:\/\/www.pressenza.com\/es\/2022\/06\/cuidado-con-la-jauria-herida\/\" \/>\n<meta property=\"og:locale\" content=\"es_ES\" \/>\n<meta property=\"og:type\" content=\"article\" \/>\n<meta property=\"og:title\" content=\"Cuidado con la jaur\u00eda herida\" \/>\n<meta property=\"og:description\" content=\"En los d\u00edas anteriores al Golpe de Estado de 1973 se pod\u00eda comprobar el grado de temor que manifestaba la derecha chilena ante el inminente gobierno de\" \/>\n<meta property=\"og:url\" content=\"https:\/\/www.pressenza.com\/es\/2022\/06\/cuidado-con-la-jauria-herida\/\" \/>\n<meta property=\"og:site_name\" content=\"Pressenza\" \/>\n<meta property=\"article:publisher\" content=\"https:\/\/www.facebook.com\/PressenzaItalia\" \/>\n<meta property=\"article:published_time\" content=\"2022-06-21T16:00:42+00:00\" \/>\n<meta property=\"og:image\" content=\"https:\/\/www.pressenza.com\/wp-content\/uploads\/2022\/06\/Moneda-2.jpeg\" \/>\n\t<meta property=\"og:image:width\" content=\"505\" \/>\n\t<meta property=\"og:image:height\" content=\"336\" \/>\n\t<meta property=\"og:image:type\" content=\"image\/jpeg\" \/>\n<meta name=\"author\" content=\"Juan Pablo C\u00e1rdenas\" \/>\n<meta name=\"twitter:card\" content=\"summary_large_image\" \/>\n<meta name=\"twitter:creator\" content=\"@PressenzaIPA\" \/>\n<meta name=\"twitter:site\" content=\"@PressenzaIPA\" \/>\n<meta name=\"twitter:label1\" content=\"Escrito por\" \/>\n\t<meta name=\"twitter:data1\" content=\"Juan Pablo C\u00e1rdenas\" \/>\n\t<meta name=\"twitter:label2\" content=\"Tiempo de lectura\" \/>\n\t<meta name=\"twitter:data2\" content=\"5 minutos\" \/>\n<script type=\"application\/ld+json\" class=\"yoast-schema-graph\">{\"@context\":\"https:\/\/schema.org\",\"@graph\":[{\"@type\":\"Article\",\"@id\":\"https:\/\/www.pressenza.com\/es\/2022\/06\/cuidado-con-la-jauria-herida\/#article\",\"isPartOf\":{\"@id\":\"https:\/\/www.pressenza.com\/es\/2022\/06\/cuidado-con-la-jauria-herida\/\"},\"author\":{\"name\":\"Juan Pablo C\u00e1rdenas\",\"@id\":\"https:\/\/www.pressenza.com\/es\/#\/schema\/person\/d72a7c8c014dcbfa2ef9e9976103ea0d\"},\"headline\":\"Cuidado con la jaur\u00eda herida\",\"datePublished\":\"2022-06-21T16:00:42+00:00\",\"mainEntityOfPage\":{\"@id\":\"https:\/\/www.pressenza.com\/es\/2022\/06\/cuidado-con-la-jauria-herida\/\"},\"wordCount\":972,\"publisher\":{\"@id\":\"https:\/\/www.pressenza.com\/es\/#organization\"},\"image\":{\"@id\":\"https:\/\/www.pressenza.com\/es\/2022\/06\/cuidado-con-la-jauria-herida\/#primaryimage\"},\"thumbnailUrl\":\"https:\/\/www.pressenza.com\/wp-content\/uploads\/2022\/06\/Moneda-2.jpeg\",\"keywords\":[\"Chile\"],\"articleSection\":[\"Contenido Original\",\"Opiniones\",\"Pol\u00edtica\",\"Sudam\u00e9rica\"],\"inLanguage\":\"es\"},{\"@type\":\"WebPage\",\"@id\":\"https:\/\/www.pressenza.com\/es\/2022\/06\/cuidado-con-la-jauria-herida\/\",\"url\":\"https:\/\/www.pressenza.com\/es\/2022\/06\/cuidado-con-la-jauria-herida\/\",\"name\":\"Cuidado con la jaur\u00eda herida\",\"isPartOf\":{\"@id\":\"https:\/\/www.pressenza.com\/es\/#website\"},\"primaryImageOfPage\":{\"@id\":\"https:\/\/www.pressenza.com\/es\/2022\/06\/cuidado-con-la-jauria-herida\/#primaryimage\"},\"image\":{\"@id\":\"https:\/\/www.pressenza.com\/es\/2022\/06\/cuidado-con-la-jauria-herida\/#primaryimage\"},\"thumbnailUrl\":\"https:\/\/www.pressenza.com\/wp-content\/uploads\/2022\/06\/Moneda-2.jpeg\",\"datePublished\":\"2022-06-21T16:00:42+00:00\",\"description\":\"En los d\u00edas anteriores al Golpe de Estado de 1973 se pod\u00eda comprobar el grado de temor que manifestaba la derecha chilena ante el inminente gobierno de\",\"breadcrumb\":{\"@id\":\"https:\/\/www.pressenza.com\/es\/2022\/06\/cuidado-con-la-jauria-herida\/#breadcrumb\"},\"inLanguage\":\"es\",\"potentialAction\":[{\"@type\":\"ReadAction\",\"target\":[\"https:\/\/www.pressenza.com\/es\/2022\/06\/cuidado-con-la-jauria-herida\/\"]}]},{\"@type\":\"ImageObject\",\"inLanguage\":\"es\",\"@id\":\"https:\/\/www.pressenza.com\/es\/2022\/06\/cuidado-con-la-jauria-herida\/#primaryimage\",\"url\":\"https:\/\/www.pressenza.com\/wp-content\/uploads\/2022\/06\/Moneda-2.jpeg\",\"contentUrl\":\"https:\/\/www.pressenza.com\/wp-content\/uploads\/2022\/06\/Moneda-2.jpeg\",\"width\":505,\"height\":336,\"caption\":\"juanpablocardenas.cl\"},{\"@type\":\"BreadcrumbList\",\"@id\":\"https:\/\/www.pressenza.com\/es\/2022\/06\/cuidado-con-la-jauria-herida\/#breadcrumb\",\"itemListElement\":[{\"@type\":\"ListItem\",\"position\":1,\"name\":\"Accueil\",\"item\":\"https:\/\/www.pressenza.com\/es\/\"},{\"@type\":\"ListItem\",\"position\":2,\"name\":\"Cuidado con la jaur\u00eda herida\"}]},{\"@type\":\"WebSite\",\"@id\":\"https:\/\/www.pressenza.com\/es\/#website\",\"url\":\"https:\/\/www.pressenza.com\/es\/\",\"name\":\"Pressenza\",\"description\":\"International Press Agency\",\"publisher\":{\"@id\":\"https:\/\/www.pressenza.com\/es\/#organization\"},\"potentialAction\":[{\"@type\":\"SearchAction\",\"target\":{\"@type\":\"EntryPoint\",\"urlTemplate\":\"https:\/\/www.pressenza.com\/es\/?s={search_term_string}\"},\"query-input\":{\"@type\":\"PropertyValueSpecification\",\"valueRequired\":true,\"valueName\":\"search_term_string\"}}],\"inLanguage\":\"es\"},{\"@type\":\"Organization\",\"@id\":\"https:\/\/www.pressenza.com\/es\/#organization\",\"name\":\"Pressenza\",\"url\":\"https:\/\/www.pressenza.com\/es\/\",\"logo\":{\"@type\":\"ImageObject\",\"inLanguage\":\"es\",\"@id\":\"https:\/\/www.pressenza.com\/es\/#\/schema\/logo\/image\/\",\"url\":\"https:\/\/www.pressenza.com\/wp-content\/uploads\/2022\/10\/pressenza_logo_200x200.jpg\",\"contentUrl\":\"https:\/\/www.pressenza.com\/wp-content\/uploads\/2022\/10\/pressenza_logo_200x200.jpg\",\"width\":200,\"height\":200,\"caption\":\"Pressenza\"},\"image\":{\"@id\":\"https:\/\/www.pressenza.com\/es\/#\/schema\/logo\/image\/\"},\"sameAs\":[\"https:\/\/www.facebook.com\/PressenzaItalia\",\"https:\/\/x.com\/PressenzaIPA\"]},{\"@type\":\"Person\",\"@id\":\"https:\/\/www.pressenza.com\/es\/#\/schema\/person\/d72a7c8c014dcbfa2ef9e9976103ea0d\",\"name\":\"Juan Pablo C\u00e1rdenas\",\"description\":\"Juan Pablo C\u00e1rdenas Squella es un periodista y profesor universitario de vasta trayectoria. En el 2005 recibi\u00f3 en premio nacional de Periodismo y, antes, la Pluma de Oro de la Libertad, otorgada por la Federaci\u00f3n Mundial de la Prensa. Tambi\u00e9n obtuvo el Premio Latinoamericano de Periodismo, la Houten Camara de Holanda (1989) entre otras m\u00faltiples distinciones nacionales y extranjeras. Forma parte de los sesenta periodistas del mundo considerados H\u00e9roes de la Libertad de Expresi\u00f3n, reconocimiento hecho por la Federaci\u00f3n Internacional de Periodistas. Ha sido director y columnista de las revistas Debate Universitario, An\u00e1lisis y Los Tiempos, as\u00ed como del diario electr\u00f3nico primeral\u00ednea.cl. Tambi\u00e9n fue por m\u00e1s 18 a\u00f1os director de la Radio Universidad de Chile y de su diario digital. Se ha desempe\u00f1ado como profesor de varias escuelas de periodismo de Santiago y Valpara\u00edso y en la Universidad de Chile alcanz\u00f3 el grado de profesor titular y senador universitario.\",\"url\":\"https:\/\/www.pressenza.com\/es\/author\/juan-pablo-cardenas\/\"}]}<\/script>\n<!-- \/ Yoast SEO plugin. -->","yoast_head_json":{"title":"Cuidado con la jaur\u00eda herida","description":"En los d\u00edas anteriores al Golpe de Estado de 1973 se pod\u00eda comprobar el grado de temor que manifestaba la derecha chilena ante el inminente gobierno de","robots":{"index":"index","follow":"follow","max-snippet":"max-snippet:-1","max-image-preview":"max-image-preview:large","max-video-preview":"max-video-preview:-1"},"canonical":"https:\/\/www.pressenza.com\/es\/2022\/06\/cuidado-con-la-jauria-herida\/","og_locale":"es_ES","og_type":"article","og_title":"Cuidado con la jaur\u00eda herida","og_description":"En los d\u00edas anteriores al Golpe de Estado de 1973 se pod\u00eda comprobar el grado de temor que manifestaba la derecha chilena ante el inminente gobierno de","og_url":"https:\/\/www.pressenza.com\/es\/2022\/06\/cuidado-con-la-jauria-herida\/","og_site_name":"Pressenza","article_publisher":"https:\/\/www.facebook.com\/PressenzaItalia","article_published_time":"2022-06-21T16:00:42+00:00","og_image":[{"width":505,"height":336,"url":"https:\/\/www.pressenza.com\/wp-content\/uploads\/2022\/06\/Moneda-2.jpeg","type":"image\/jpeg"}],"author":"Juan Pablo C\u00e1rdenas","twitter_card":"summary_large_image","twitter_creator":"@PressenzaIPA","twitter_site":"@PressenzaIPA","twitter_misc":{"Escrito por":"Juan Pablo C\u00e1rdenas","Tiempo de lectura":"5 minutos"},"schema":{"@context":"https:\/\/schema.org","@graph":[{"@type":"Article","@id":"https:\/\/www.pressenza.com\/es\/2022\/06\/cuidado-con-la-jauria-herida\/#article","isPartOf":{"@id":"https:\/\/www.pressenza.com\/es\/2022\/06\/cuidado-con-la-jauria-herida\/"},"author":{"name":"Juan Pablo C\u00e1rdenas","@id":"https:\/\/www.pressenza.com\/es\/#\/schema\/person\/d72a7c8c014dcbfa2ef9e9976103ea0d"},"headline":"Cuidado con la jaur\u00eda herida","datePublished":"2022-06-21T16:00:42+00:00","mainEntityOfPage":{"@id":"https:\/\/www.pressenza.com\/es\/2022\/06\/cuidado-con-la-jauria-herida\/"},"wordCount":972,"publisher":{"@id":"https:\/\/www.pressenza.com\/es\/#organization"},"image":{"@id":"https:\/\/www.pressenza.com\/es\/2022\/06\/cuidado-con-la-jauria-herida\/#primaryimage"},"thumbnailUrl":"https:\/\/www.pressenza.com\/wp-content\/uploads\/2022\/06\/Moneda-2.jpeg","keywords":["Chile"],"articleSection":["Contenido Original","Opiniones","Pol\u00edtica","Sudam\u00e9rica"],"inLanguage":"es"},{"@type":"WebPage","@id":"https:\/\/www.pressenza.com\/es\/2022\/06\/cuidado-con-la-jauria-herida\/","url":"https:\/\/www.pressenza.com\/es\/2022\/06\/cuidado-con-la-jauria-herida\/","name":"Cuidado con la jaur\u00eda herida","isPartOf":{"@id":"https:\/\/www.pressenza.com\/es\/#website"},"primaryImageOfPage":{"@id":"https:\/\/www.pressenza.com\/es\/2022\/06\/cuidado-con-la-jauria-herida\/#primaryimage"},"image":{"@id":"https:\/\/www.pressenza.com\/es\/2022\/06\/cuidado-con-la-jauria-herida\/#primaryimage"},"thumbnailUrl":"https:\/\/www.pressenza.com\/wp-content\/uploads\/2022\/06\/Moneda-2.jpeg","datePublished":"2022-06-21T16:00:42+00:00","description":"En los d\u00edas anteriores al Golpe de Estado de 1973 se pod\u00eda comprobar el grado de temor que manifestaba la derecha chilena ante el inminente gobierno de","breadcrumb":{"@id":"https:\/\/www.pressenza.com\/es\/2022\/06\/cuidado-con-la-jauria-herida\/#breadcrumb"},"inLanguage":"es","potentialAction":[{"@type":"ReadAction","target":["https:\/\/www.pressenza.com\/es\/2022\/06\/cuidado-con-la-jauria-herida\/"]}]},{"@type":"ImageObject","inLanguage":"es","@id":"https:\/\/www.pressenza.com\/es\/2022\/06\/cuidado-con-la-jauria-herida\/#primaryimage","url":"https:\/\/www.pressenza.com\/wp-content\/uploads\/2022\/06\/Moneda-2.jpeg","contentUrl":"https:\/\/www.pressenza.com\/wp-content\/uploads\/2022\/06\/Moneda-2.jpeg","width":505,"height":336,"caption":"juanpablocardenas.cl"},{"@type":"BreadcrumbList","@id":"https:\/\/www.pressenza.com\/es\/2022\/06\/cuidado-con-la-jauria-herida\/#breadcrumb","itemListElement":[{"@type":"ListItem","position":1,"name":"Accueil","item":"https:\/\/www.pressenza.com\/es\/"},{"@type":"ListItem","position":2,"name":"Cuidado con la jaur\u00eda herida"}]},{"@type":"WebSite","@id":"https:\/\/www.pressenza.com\/es\/#website","url":"https:\/\/www.pressenza.com\/es\/","name":"Pressenza","description":"International Press Agency","publisher":{"@id":"https:\/\/www.pressenza.com\/es\/#organization"},"potentialAction":[{"@type":"SearchAction","target":{"@type":"EntryPoint","urlTemplate":"https:\/\/www.pressenza.com\/es\/?s={search_term_string}"},"query-input":{"@type":"PropertyValueSpecification","valueRequired":true,"valueName":"search_term_string"}}],"inLanguage":"es"},{"@type":"Organization","@id":"https:\/\/www.pressenza.com\/es\/#organization","name":"Pressenza","url":"https:\/\/www.pressenza.com\/es\/","logo":{"@type":"ImageObject","inLanguage":"es","@id":"https:\/\/www.pressenza.com\/es\/#\/schema\/logo\/image\/","url":"https:\/\/www.pressenza.com\/wp-content\/uploads\/2022\/10\/pressenza_logo_200x200.jpg","contentUrl":"https:\/\/www.pressenza.com\/wp-content\/uploads\/2022\/10\/pressenza_logo_200x200.jpg","width":200,"height":200,"caption":"Pressenza"},"image":{"@id":"https:\/\/www.pressenza.com\/es\/#\/schema\/logo\/image\/"},"sameAs":["https:\/\/www.facebook.com\/PressenzaItalia","https:\/\/x.com\/PressenzaIPA"]},{"@type":"Person","@id":"https:\/\/www.pressenza.com\/es\/#\/schema\/person\/d72a7c8c014dcbfa2ef9e9976103ea0d","name":"Juan Pablo C\u00e1rdenas","description":"Juan Pablo C\u00e1rdenas Squella es un periodista y profesor universitario de vasta trayectoria. En el 2005 recibi\u00f3 en premio nacional de Periodismo y, antes, la Pluma de Oro de la Libertad, otorgada por la Federaci\u00f3n Mundial de la Prensa. Tambi\u00e9n obtuvo el Premio Latinoamericano de Periodismo, la Houten Camara de Holanda (1989) entre otras m\u00faltiples distinciones nacionales y extranjeras. Forma parte de los sesenta periodistas del mundo considerados H\u00e9roes de la Libertad de Expresi\u00f3n, reconocimiento hecho por la Federaci\u00f3n Internacional de Periodistas. Ha sido director y columnista de las revistas Debate Universitario, An\u00e1lisis y Los Tiempos, as\u00ed como del diario electr\u00f3nico primeral\u00ednea.cl. Tambi\u00e9n fue por m\u00e1s 18 a\u00f1os director de la Radio Universidad de Chile y de su diario digital. Se ha desempe\u00f1ado como profesor de varias escuelas de periodismo de Santiago y Valpara\u00edso y en la Universidad de Chile alcanz\u00f3 el grado de profesor titular y senador universitario.","url":"https:\/\/www.pressenza.com\/es\/author\/juan-pablo-cardenas\/"}]}},"place":"Santiago de Chile","original_article_url":"","_links":{"self":[{"href":"https:\/\/www.pressenza.com\/es\/wp-json\/wp\/v2\/posts\/1609319","targetHints":{"allow":["GET"]}}],"collection":[{"href":"https:\/\/www.pressenza.com\/es\/wp-json\/wp\/v2\/posts"}],"about":[{"href":"https:\/\/www.pressenza.com\/es\/wp-json\/wp\/v2\/types\/post"}],"author":[{"embeddable":true,"href":"https:\/\/www.pressenza.com\/es\/wp-json\/wp\/v2\/users\/1739"}],"replies":[{"embeddable":true,"href":"https:\/\/www.pressenza.com\/es\/wp-json\/wp\/v2\/comments?post=1609319"}],"version-history":[{"count":0,"href":"https:\/\/www.pressenza.com\/es\/wp-json\/wp\/v2\/posts\/1609319\/revisions"}],"wp:featuredmedia":[{"embeddable":true,"href":"https:\/\/www.pressenza.com\/es\/wp-json\/wp\/v2\/media\/1609361"}],"wp:attachment":[{"href":"https:\/\/www.pressenza.com\/es\/wp-json\/wp\/v2\/media?parent=1609319"}],"wp:term":[{"taxonomy":"category","embeddable":true,"href":"https:\/\/www.pressenza.com\/es\/wp-json\/wp\/v2\/categories?post=1609319"},{"taxonomy":"post_tag","embeddable":true,"href":"https:\/\/www.pressenza.com\/es\/wp-json\/wp\/v2\/tags?post=1609319"}],"curies":[{"name":"wp","href":"https:\/\/api.w.org\/{rel}","templated":true}]}}