{"id":160779,"date":"2015-02-08T14:56:05","date_gmt":"2015-02-08T14:56:05","guid":{"rendered":"http:\/\/www.pressenza.com\/?p=160779"},"modified":"2015-02-08T14:56:05","modified_gmt":"2015-02-08T14:56:05","slug":"festival-de-bandas-se-inicia-con-homenaje-4-musicos-fallecidos-en-entrada-de-2014","status":"publish","type":"post","link":"https:\/\/www.pressenza.com\/es\/2015\/02\/festival-de-bandas-se-inicia-con-homenaje-4-musicos-fallecidos-en-entrada-de-2014\/","title":{"rendered":"Festival de Bandas se inicia con homenaje a 4 m\u00fasicos fallecidos en entrada de 2014"},"content":{"rendered":"<p>El XIV Festival de Bandas, una demostraci\u00f3n \u00fanica en el mundo, en la que participan al menos 7.000 m\u00fasicos, como antesala al tradicional Carnaval de Oruro, Obra Maestra del Patrimonio Oral e Intangible de la Humanidad, se inici\u00f3 el s\u00e1bado con un homenaje p\u00f3stumo a los 4 m\u00fasicos fallecidos en la entrada del a\u00f1o pasado, cuando una pasarela se desplom\u00f3 encima de una comparsa.<\/p>\n<p>\u00abPedimos una oraci\u00f3n y un minuto de silencio por nuestros m\u00fasicos fallecidos la pasada gesti\u00f3n\u00bb,\u00a0 pidi\u00f3 el obispo Crist\u00f3bal Bialasikc, ante una multitudinaria asistencia de p\u00fablico y\u00a0 autoridades nacionales a la cabeza del presidente Evo Morales.<\/p>\n<p>En ese accidente, que enlut\u00f3 el tradicional carnaval de Oruro, murieron los m\u00fasicos de la Banda &#8216;Espectacular Poop\u00f3&#8217;, Virgilio Huallpa, Saturnino Patzi Choque, Isidro Pinedo y Germ\u00e1n Holgu\u00edn.<\/p>\n<p>El Festival de Bandas fue calificado por el presidente de la Federaci\u00f3n de Bandas de M\u00fasicos Profesionales de Oruro (Febampo), Juan Boris Villanueva, como un \u00abespacio intercultural y \u00fanico en el mundo\u00bb<\/p>\n<p>\u00abLos m\u00fasicos orure\u00f1os estamos comprometidos a defender las danzas y m\u00fasica del carnaval\u00bb, asever\u00f3<\/p>\n<p>El Festival de Bandas re\u00fane al menos a 7.000 m\u00fasicos y participan como invitados afamados grupos folkl\u00f3ricos bolivianos, entre ellos, Kalamarka, Norte Potos\u00ed, Llajtaymanta y Yara, que junto a las bandas interpretaron himnos y canciones tradicionales del folklore boliviano.<\/p>\n<p>En esta edici\u00f3n, dirigieron el Festival de Bandas los maestros Cecilio Colque, Max Choqueticlla y Gumercindo Gabriel.<\/p>\n","protected":false},"excerpt":{"rendered":"<p>El XIV Festival de Bandas, una demostraci\u00f3n \u00fanica en el mundo, en la que participan al menos 7.000 m\u00fasicos, como antesala al tradicional Carnaval de Oruro, Obra Maestra del Patrimonio Oral e Intangible de la Humanidad, se inici\u00f3 el s\u00e1bado&hellip;<\/p>\n","protected":false},"author":127,"featured_media":160780,"comment_status":"closed","ping_status":"open","sticky":false,"template":"","format":"standard","meta":{"footnotes":""},"categories":[75,80,67],"tags":[1646,15926,5688,336,1059,22210],"class_list":["post-160779","post","type-post","status-publish","format-standard","has-post-thumbnail","hentry","category-cultura-es","category-pueblos-originarios","category-sudamerica","tag-bolivia","tag-carnaval-es","tag-carnavales","tag-cultura-2","tag-evo-morales","tag-pueblos-originarios"],"yoast_head":"<!-- This site is optimized with the Yoast SEO plugin v27.1.1 - https:\/\/yoast.com\/product\/yoast-seo-wordpress\/ -->\n<title>Festival de Bandas se inicia con homenaje a 4 m\u00fasicos fallecidos en entrada de 2014<\/title>\n<meta name=\"description\" content=\"El XIV Festival de Bandas, una demostraci\u00f3n \u00fanica en el mundo, en la que participan al menos 7.000 m\u00fasicos, como antesala al tradicional Carnaval de\" \/>\n<meta name=\"robots\" content=\"index, follow, max-snippet:-1, max-image-preview:large, max-video-preview:-1\" \/>\n<link rel=\"canonical\" href=\"https:\/\/www.pressenza.com\/es\/2015\/02\/festival-de-bandas-se-inicia-con-homenaje-4-musicos-fallecidos-en-entrada-de-2014\/\" \/>\n<meta property=\"og:locale\" content=\"es_ES\" \/>\n<meta property=\"og:type\" content=\"article\" \/>\n<meta property=\"og:title\" content=\"Festival de Bandas se inicia con homenaje a 4 m\u00fasicos fallecidos en entrada de 2014\" \/>\n<meta property=\"og:description\" content=\"El XIV Festival de Bandas, una demostraci\u00f3n \u00fanica en el mundo, en la que participan al menos 7.000 m\u00fasicos, como antesala al tradicional Carnaval de\" \/>\n<meta property=\"og:url\" content=\"https:\/\/www.pressenza.com\/es\/2015\/02\/festival-de-bandas-se-inicia-con-homenaje-4-musicos-fallecidos-en-entrada-de-2014\/\" \/>\n<meta property=\"og:site_name\" content=\"Pressenza\" \/>\n<meta property=\"article:publisher\" content=\"https:\/\/www.facebook.com\/PressenzaItalia\" \/>\n<meta property=\"article:published_time\" content=\"2015-02-08T14:56:05+00:00\" \/>\n<meta property=\"og:image\" content=\"https:\/\/www.pressenza.com\/wp-content\/uploads\/2015\/02\/0007.jpg\" \/>\n\t<meta property=\"og:image:width\" content=\"3837\" \/>\n\t<meta property=\"og:image:height\" content=\"2543\" \/>\n\t<meta property=\"og:image:type\" content=\"image\/jpeg\" \/>\n<meta name=\"author\" content=\"Agencia Boliviana de Informaci\u00f3n - ABI\" \/>\n<meta name=\"twitter:card\" content=\"summary_large_image\" \/>\n<meta name=\"twitter:creator\" content=\"@mincombolivia\" \/>\n<meta name=\"twitter:site\" content=\"@PressenzaIPA\" \/>\n<meta name=\"twitter:label1\" content=\"Escrito por\" \/>\n\t<meta name=\"twitter:data1\" content=\"Agencia Boliviana de Informaci\u00f3n - ABI\" \/>\n\t<meta name=\"twitter:label2\" content=\"Tiempo de lectura\" \/>\n\t<meta name=\"twitter:data2\" content=\"1 minuto\" \/>\n<script type=\"application\/ld+json\" class=\"yoast-schema-graph\">{\"@context\":\"https:\/\/schema.org\",\"@graph\":[{\"@type\":\"Article\",\"@id\":\"https:\/\/www.pressenza.com\/es\/2015\/02\/festival-de-bandas-se-inicia-con-homenaje-4-musicos-fallecidos-en-entrada-de-2014\/#article\",\"isPartOf\":{\"@id\":\"https:\/\/www.pressenza.com\/es\/2015\/02\/festival-de-bandas-se-inicia-con-homenaje-4-musicos-fallecidos-en-entrada-de-2014\/\"},\"author\":{\"name\":\"Agencia Boliviana de Informaci\u00f3n - ABI\",\"@id\":\"https:\/\/www.pressenza.com\/es\/#\/schema\/person\/3fe2a62cf8f5fea54fc87abcec98dcb4\"},\"headline\":\"Festival de Bandas se inicia con homenaje a 4 m\u00fasicos fallecidos en entrada de 2014\",\"datePublished\":\"2015-02-08T14:56:05+00:00\",\"mainEntityOfPage\":{\"@id\":\"https:\/\/www.pressenza.com\/es\/2015\/02\/festival-de-bandas-se-inicia-con-homenaje-4-musicos-fallecidos-en-entrada-de-2014\/\"},\"wordCount\":264,\"publisher\":{\"@id\":\"https:\/\/www.pressenza.com\/es\/#organization\"},\"image\":{\"@id\":\"https:\/\/www.pressenza.com\/es\/2015\/02\/festival-de-bandas-se-inicia-con-homenaje-4-musicos-fallecidos-en-entrada-de-2014\/#primaryimage\"},\"thumbnailUrl\":\"https:\/\/www.pressenza.com\/wp-content\/uploads\/2015\/02\/0007.jpg\",\"keywords\":[\"Bolivia\",\"carnaval\",\"carnavales\",\"cultura\",\"Evo Morales\",\"Pueblos Originarios\"],\"articleSection\":[\"Cultura y Medios\",\"Pueblos Originarios\",\"Sudam\u00e9rica\"],\"inLanguage\":\"es\"},{\"@type\":\"WebPage\",\"@id\":\"https:\/\/www.pressenza.com\/es\/2015\/02\/festival-de-bandas-se-inicia-con-homenaje-4-musicos-fallecidos-en-entrada-de-2014\/\",\"url\":\"https:\/\/www.pressenza.com\/es\/2015\/02\/festival-de-bandas-se-inicia-con-homenaje-4-musicos-fallecidos-en-entrada-de-2014\/\",\"name\":\"Festival de Bandas se inicia con homenaje a 4 m\u00fasicos fallecidos en entrada de 2014\",\"isPartOf\":{\"@id\":\"https:\/\/www.pressenza.com\/es\/#website\"},\"primaryImageOfPage\":{\"@id\":\"https:\/\/www.pressenza.com\/es\/2015\/02\/festival-de-bandas-se-inicia-con-homenaje-4-musicos-fallecidos-en-entrada-de-2014\/#primaryimage\"},\"image\":{\"@id\":\"https:\/\/www.pressenza.com\/es\/2015\/02\/festival-de-bandas-se-inicia-con-homenaje-4-musicos-fallecidos-en-entrada-de-2014\/#primaryimage\"},\"thumbnailUrl\":\"https:\/\/www.pressenza.com\/wp-content\/uploads\/2015\/02\/0007.jpg\",\"datePublished\":\"2015-02-08T14:56:05+00:00\",\"description\":\"El XIV Festival de Bandas, una demostraci\u00f3n \u00fanica en el mundo, en la que participan al menos 7.000 m\u00fasicos, como antesala al tradicional Carnaval de\",\"breadcrumb\":{\"@id\":\"https:\/\/www.pressenza.com\/es\/2015\/02\/festival-de-bandas-se-inicia-con-homenaje-4-musicos-fallecidos-en-entrada-de-2014\/#breadcrumb\"},\"inLanguage\":\"es\",\"potentialAction\":[{\"@type\":\"ReadAction\",\"target\":[\"https:\/\/www.pressenza.com\/es\/2015\/02\/festival-de-bandas-se-inicia-con-homenaje-4-musicos-fallecidos-en-entrada-de-2014\/\"]}]},{\"@type\":\"ImageObject\",\"inLanguage\":\"es\",\"@id\":\"https:\/\/www.pressenza.com\/es\/2015\/02\/festival-de-bandas-se-inicia-con-homenaje-4-musicos-fallecidos-en-entrada-de-2014\/#primaryimage\",\"url\":\"https:\/\/www.pressenza.com\/wp-content\/uploads\/2015\/02\/0007.jpg\",\"contentUrl\":\"https:\/\/www.pressenza.com\/wp-content\/uploads\/2015\/02\/0007.jpg\",\"width\":3837,\"height\":2543},{\"@type\":\"BreadcrumbList\",\"@id\":\"https:\/\/www.pressenza.com\/es\/2015\/02\/festival-de-bandas-se-inicia-con-homenaje-4-musicos-fallecidos-en-entrada-de-2014\/#breadcrumb\",\"itemListElement\":[{\"@type\":\"ListItem\",\"position\":1,\"name\":\"Accueil\",\"item\":\"https:\/\/www.pressenza.com\/es\/\"},{\"@type\":\"ListItem\",\"position\":2,\"name\":\"Festival de Bandas se inicia con homenaje a 4 m\u00fasicos fallecidos en entrada de 2014\"}]},{\"@type\":\"WebSite\",\"@id\":\"https:\/\/www.pressenza.com\/es\/#website\",\"url\":\"https:\/\/www.pressenza.com\/es\/\",\"name\":\"Pressenza\",\"description\":\"International Press Agency\",\"publisher\":{\"@id\":\"https:\/\/www.pressenza.com\/es\/#organization\"},\"potentialAction\":[{\"@type\":\"SearchAction\",\"target\":{\"@type\":\"EntryPoint\",\"urlTemplate\":\"https:\/\/www.pressenza.com\/es\/?s={search_term_string}\"},\"query-input\":{\"@type\":\"PropertyValueSpecification\",\"valueRequired\":true,\"valueName\":\"search_term_string\"}}],\"inLanguage\":\"es\"},{\"@type\":\"Organization\",\"@id\":\"https:\/\/www.pressenza.com\/es\/#organization\",\"name\":\"Pressenza\",\"url\":\"https:\/\/www.pressenza.com\/es\/\",\"logo\":{\"@type\":\"ImageObject\",\"inLanguage\":\"es\",\"@id\":\"https:\/\/www.pressenza.com\/es\/#\/schema\/logo\/image\/\",\"url\":\"https:\/\/www.pressenza.com\/wp-content\/uploads\/2022\/10\/pressenza_logo_200x200.jpg\",\"contentUrl\":\"https:\/\/www.pressenza.com\/wp-content\/uploads\/2022\/10\/pressenza_logo_200x200.jpg\",\"width\":200,\"height\":200,\"caption\":\"Pressenza\"},\"image\":{\"@id\":\"https:\/\/www.pressenza.com\/es\/#\/schema\/logo\/image\/\"},\"sameAs\":[\"https:\/\/www.facebook.com\/PressenzaItalia\",\"https:\/\/x.com\/PressenzaIPA\"]},{\"@type\":\"Person\",\"@id\":\"https:\/\/www.pressenza.com\/es\/#\/schema\/person\/3fe2a62cf8f5fea54fc87abcec98dcb4\",\"name\":\"Agencia Boliviana de Informaci\u00f3n - ABI\",\"description\":\"www.abi.bo\",\"sameAs\":[\"https:\/\/x.com\/mincombolivia\"],\"url\":\"https:\/\/www.pressenza.com\/es\/author\/agencia-boliviana-de-informacion-abi\/\"}]}<\/script>\n<!-- \/ Yoast SEO plugin. -->","yoast_head_json":{"title":"Festival de Bandas se inicia con homenaje a 4 m\u00fasicos fallecidos en entrada de 2014","description":"El XIV Festival de Bandas, una demostraci\u00f3n \u00fanica en el mundo, en la que participan al menos 7.000 m\u00fasicos, como antesala al tradicional Carnaval de","robots":{"index":"index","follow":"follow","max-snippet":"max-snippet:-1","max-image-preview":"max-image-preview:large","max-video-preview":"max-video-preview:-1"},"canonical":"https:\/\/www.pressenza.com\/es\/2015\/02\/festival-de-bandas-se-inicia-con-homenaje-4-musicos-fallecidos-en-entrada-de-2014\/","og_locale":"es_ES","og_type":"article","og_title":"Festival de Bandas se inicia con homenaje a 4 m\u00fasicos fallecidos en entrada de 2014","og_description":"El XIV Festival de Bandas, una demostraci\u00f3n \u00fanica en el mundo, en la que participan al menos 7.000 m\u00fasicos, como antesala al tradicional Carnaval de","og_url":"https:\/\/www.pressenza.com\/es\/2015\/02\/festival-de-bandas-se-inicia-con-homenaje-4-musicos-fallecidos-en-entrada-de-2014\/","og_site_name":"Pressenza","article_publisher":"https:\/\/www.facebook.com\/PressenzaItalia","article_published_time":"2015-02-08T14:56:05+00:00","og_image":[{"width":3837,"height":2543,"url":"https:\/\/www.pressenza.com\/wp-content\/uploads\/2015\/02\/0007.jpg","type":"image\/jpeg"}],"author":"Agencia Boliviana de Informaci\u00f3n - ABI","twitter_card":"summary_large_image","twitter_creator":"@mincombolivia","twitter_site":"@PressenzaIPA","twitter_misc":{"Escrito por":"Agencia Boliviana de Informaci\u00f3n - ABI","Tiempo de lectura":"1 minuto"},"schema":{"@context":"https:\/\/schema.org","@graph":[{"@type":"Article","@id":"https:\/\/www.pressenza.com\/es\/2015\/02\/festival-de-bandas-se-inicia-con-homenaje-4-musicos-fallecidos-en-entrada-de-2014\/#article","isPartOf":{"@id":"https:\/\/www.pressenza.com\/es\/2015\/02\/festival-de-bandas-se-inicia-con-homenaje-4-musicos-fallecidos-en-entrada-de-2014\/"},"author":{"name":"Agencia Boliviana de Informaci\u00f3n - ABI","@id":"https:\/\/www.pressenza.com\/es\/#\/schema\/person\/3fe2a62cf8f5fea54fc87abcec98dcb4"},"headline":"Festival de Bandas se inicia con homenaje a 4 m\u00fasicos fallecidos en entrada de 2014","datePublished":"2015-02-08T14:56:05+00:00","mainEntityOfPage":{"@id":"https:\/\/www.pressenza.com\/es\/2015\/02\/festival-de-bandas-se-inicia-con-homenaje-4-musicos-fallecidos-en-entrada-de-2014\/"},"wordCount":264,"publisher":{"@id":"https:\/\/www.pressenza.com\/es\/#organization"},"image":{"@id":"https:\/\/www.pressenza.com\/es\/2015\/02\/festival-de-bandas-se-inicia-con-homenaje-4-musicos-fallecidos-en-entrada-de-2014\/#primaryimage"},"thumbnailUrl":"https:\/\/www.pressenza.com\/wp-content\/uploads\/2015\/02\/0007.jpg","keywords":["Bolivia","carnaval","carnavales","cultura","Evo Morales","Pueblos Originarios"],"articleSection":["Cultura y Medios","Pueblos Originarios","Sudam\u00e9rica"],"inLanguage":"es"},{"@type":"WebPage","@id":"https:\/\/www.pressenza.com\/es\/2015\/02\/festival-de-bandas-se-inicia-con-homenaje-4-musicos-fallecidos-en-entrada-de-2014\/","url":"https:\/\/www.pressenza.com\/es\/2015\/02\/festival-de-bandas-se-inicia-con-homenaje-4-musicos-fallecidos-en-entrada-de-2014\/","name":"Festival de Bandas se inicia con homenaje a 4 m\u00fasicos fallecidos en entrada de 2014","isPartOf":{"@id":"https:\/\/www.pressenza.com\/es\/#website"},"primaryImageOfPage":{"@id":"https:\/\/www.pressenza.com\/es\/2015\/02\/festival-de-bandas-se-inicia-con-homenaje-4-musicos-fallecidos-en-entrada-de-2014\/#primaryimage"},"image":{"@id":"https:\/\/www.pressenza.com\/es\/2015\/02\/festival-de-bandas-se-inicia-con-homenaje-4-musicos-fallecidos-en-entrada-de-2014\/#primaryimage"},"thumbnailUrl":"https:\/\/www.pressenza.com\/wp-content\/uploads\/2015\/02\/0007.jpg","datePublished":"2015-02-08T14:56:05+00:00","description":"El XIV Festival de Bandas, una demostraci\u00f3n \u00fanica en el mundo, en la que participan al menos 7.000 m\u00fasicos, como antesala al tradicional Carnaval de","breadcrumb":{"@id":"https:\/\/www.pressenza.com\/es\/2015\/02\/festival-de-bandas-se-inicia-con-homenaje-4-musicos-fallecidos-en-entrada-de-2014\/#breadcrumb"},"inLanguage":"es","potentialAction":[{"@type":"ReadAction","target":["https:\/\/www.pressenza.com\/es\/2015\/02\/festival-de-bandas-se-inicia-con-homenaje-4-musicos-fallecidos-en-entrada-de-2014\/"]}]},{"@type":"ImageObject","inLanguage":"es","@id":"https:\/\/www.pressenza.com\/es\/2015\/02\/festival-de-bandas-se-inicia-con-homenaje-4-musicos-fallecidos-en-entrada-de-2014\/#primaryimage","url":"https:\/\/www.pressenza.com\/wp-content\/uploads\/2015\/02\/0007.jpg","contentUrl":"https:\/\/www.pressenza.com\/wp-content\/uploads\/2015\/02\/0007.jpg","width":3837,"height":2543},{"@type":"BreadcrumbList","@id":"https:\/\/www.pressenza.com\/es\/2015\/02\/festival-de-bandas-se-inicia-con-homenaje-4-musicos-fallecidos-en-entrada-de-2014\/#breadcrumb","itemListElement":[{"@type":"ListItem","position":1,"name":"Accueil","item":"https:\/\/www.pressenza.com\/es\/"},{"@type":"ListItem","position":2,"name":"Festival de Bandas se inicia con homenaje a 4 m\u00fasicos fallecidos en entrada de 2014"}]},{"@type":"WebSite","@id":"https:\/\/www.pressenza.com\/es\/#website","url":"https:\/\/www.pressenza.com\/es\/","name":"Pressenza","description":"International Press Agency","publisher":{"@id":"https:\/\/www.pressenza.com\/es\/#organization"},"potentialAction":[{"@type":"SearchAction","target":{"@type":"EntryPoint","urlTemplate":"https:\/\/www.pressenza.com\/es\/?s={search_term_string}"},"query-input":{"@type":"PropertyValueSpecification","valueRequired":true,"valueName":"search_term_string"}}],"inLanguage":"es"},{"@type":"Organization","@id":"https:\/\/www.pressenza.com\/es\/#organization","name":"Pressenza","url":"https:\/\/www.pressenza.com\/es\/","logo":{"@type":"ImageObject","inLanguage":"es","@id":"https:\/\/www.pressenza.com\/es\/#\/schema\/logo\/image\/","url":"https:\/\/www.pressenza.com\/wp-content\/uploads\/2022\/10\/pressenza_logo_200x200.jpg","contentUrl":"https:\/\/www.pressenza.com\/wp-content\/uploads\/2022\/10\/pressenza_logo_200x200.jpg","width":200,"height":200,"caption":"Pressenza"},"image":{"@id":"https:\/\/www.pressenza.com\/es\/#\/schema\/logo\/image\/"},"sameAs":["https:\/\/www.facebook.com\/PressenzaItalia","https:\/\/x.com\/PressenzaIPA"]},{"@type":"Person","@id":"https:\/\/www.pressenza.com\/es\/#\/schema\/person\/3fe2a62cf8f5fea54fc87abcec98dcb4","name":"Agencia Boliviana de Informaci\u00f3n - ABI","description":"www.abi.bo","sameAs":["https:\/\/x.com\/mincombolivia"],"url":"https:\/\/www.pressenza.com\/es\/author\/agencia-boliviana-de-informacion-abi\/"}]}},"place":"Oruro","original_article_url":"","_links":{"self":[{"href":"https:\/\/www.pressenza.com\/es\/wp-json\/wp\/v2\/posts\/160779","targetHints":{"allow":["GET"]}}],"collection":[{"href":"https:\/\/www.pressenza.com\/es\/wp-json\/wp\/v2\/posts"}],"about":[{"href":"https:\/\/www.pressenza.com\/es\/wp-json\/wp\/v2\/types\/post"}],"author":[{"embeddable":true,"href":"https:\/\/www.pressenza.com\/es\/wp-json\/wp\/v2\/users\/127"}],"replies":[{"embeddable":true,"href":"https:\/\/www.pressenza.com\/es\/wp-json\/wp\/v2\/comments?post=160779"}],"version-history":[{"count":0,"href":"https:\/\/www.pressenza.com\/es\/wp-json\/wp\/v2\/posts\/160779\/revisions"}],"wp:featuredmedia":[{"embeddable":true,"href":"https:\/\/www.pressenza.com\/es\/wp-json\/wp\/v2\/media\/160780"}],"wp:attachment":[{"href":"https:\/\/www.pressenza.com\/es\/wp-json\/wp\/v2\/media?parent=160779"}],"wp:term":[{"taxonomy":"category","embeddable":true,"href":"https:\/\/www.pressenza.com\/es\/wp-json\/wp\/v2\/categories?post=160779"},{"taxonomy":"post_tag","embeddable":true,"href":"https:\/\/www.pressenza.com\/es\/wp-json\/wp\/v2\/tags?post=160779"}],"curies":[{"name":"wp","href":"https:\/\/api.w.org\/{rel}","templated":true}]}}