{"id":1606,"date":"2009-10-06T00:00:00","date_gmt":"2009-10-06T00:00:00","guid":{"rendered":""},"modified":"2009-10-07T08:52:16","modified_gmt":"2009-10-07T08:52:16","slug":"la-paz-y-la-no-violencia-han-tocado-el-nilo","status":"publish","type":"post","link":"https:\/\/www.pressenza.com\/es\/2009\/10\/la-paz-y-la-no-violencia-han-tocado-el-nilo\/","title":{"rendered":"La paz y la no violencia han tocado el Nilo"},"content":{"rendered":"<p>En una locaci\u00f3n inimaginada en la que el R\u00edo Nilo y el arte convergen en Cairo, The World March logr\u00f3 una vez m\u00e1s su objetivo: m\u00e1s de 150 personas se reunieron y participaron de las charlas, el grafiti, la muestra de arte y la m\u00fasica que enriquecieron este espacio de paz y no-violencia. Un espacio fue dispuesto por El Sawy Cultural Wheel, epicentro cultural de esta cosmopolita ciudad, para anunciar el llamado mundial en aras de la paz y la construcci\u00f3n de la cultura de la no-violencia. <\/p>\n<p>Participantes de m\u00faltiples nacionalidades y creencias aportaron sus experiencias con espontaneidad enriqueciendo y convocando la discusi\u00f3n. Sara El Kassar, fant\u00e1stica colaboradora de nacionalidad Egipcia present\u00f3 la marcha agradeciendo al p\u00fablico anfitri\u00f3n, mientras Eduardo Gozalo, de Espa\u00f1a y representante de la Marcha, expres\u00f3 los puntos principales que convocaron al movimiento, haciendo un llamado al fomento de la mundializaci\u00f3n como una forma de integraci\u00f3n y hermandad intercultural que puede contribuir a la construcci\u00f3n de la paz.<\/p>\n<p>Otros participantes como Selvete Thaqi, de Kosovo brill\u00f3 con su alegr\u00eda y agradeci\u00f3 a la Marcha la oportunidad de visitar Egipto, hablando en albano, exalt\u00f3 la oportunidad de intercambio cultural que se abre con esta iniciativa global. Jakeline Delgado, de Per\u00fa, expres\u00f3 con emoci\u00f3n la necesidad de transformar el comportamiento personal en aras de fomentar la paz y la no-violencia. Luisa Trujillo ofreci\u00f3 un discurso contundente sobre las experiencias de violencia y construcci\u00f3n de la cultura de la no-violencia en su pa\u00eds natal, Colombia. Salim Asar, polaco-egipcio, resalt\u00f3 las \u201cguerras injustificadas\u201d como acontecimientos hist\u00f3ricos in\u00fatiles, y la necesidad de construir formas no-violentas en la soluci\u00f3n de conflictos. Moustafa Ibrahaim dio su testimonio personal. Antes de finalizar, Shaima Salah cerro el acto agradeciendo e informando de la importancia de hacer propia la Marcha Mundial, un proyecto que recien inicia con gran fuerza tambien desde Oriente Medio.<\/p>\n<p>Este mismo dia, en este acto en El Cairo, se dio inicio al mural de la No-Violencia. El mural es un espacio de expresi\u00f3n que busca recoger las nociones y opiniones que diferentes comunidades tienen acerca de la no-violencia. Viajar\u00e1 con los viajeros de la marcha y llegar\u00e1 a Punta de Vacas como s\u00edmbolo de la uni\u00f3n de los pueblos. La marcha se desplaza desde el Nilo a Israel y Palestina, despu\u00e9s ser\u00e1 Jordania quien se unir\u00e1 al llamado y proseguir\u00e1 por Turqu\u00eda. <\/p>\n<p>El mundo \u00e1rabe ha dejado su huella en la Marcha Mundial, a la vez que abre caminos de di\u00e1logo y discusi\u00f3n que mostrar\u00e1n sus frutos en los siguientes meses. Uno de ellos es la adhesi\u00f3n de otra banda musical local, adem\u00e1s de Taxi, a la marcha.<br \/>\nIm\u00e1genes : http:\/\/picasaweb.google.com\/imagenpressenzaspain\/ElCairo4Y5Octubre2009#<\/p>\n","protected":false},"excerpt":{"rendered":"<p>En una locaci\u00f3n inimaginada en la que el R\u00edo Nilo y el arte convergen en Cairo, The World March logr\u00f3 una vez m\u00e1s su objetivo: m\u00e1s de 150 personas se reunieron en un enorme espacio musical dispuesto por El Sawy Cultural Wheel, epicentro cultural de esta cosmopolita ciudad, para anunciar el llamado mundial en aras de la paz y la construcci\u00f3n de la cultura de la no-violencia. <\/p>\n","protected":false},"author":19,"featured_media":0,"comment_status":"closed","ping_status":"open","sticky":false,"template":"","format":"standard","meta":{"footnotes":""},"categories":[76,149,39,71],"tags":[],"class_list":["post-1606","post","type-post","status-publish","format-standard","hentry","category-relaciones-exteriores","category-comunicados-de-prensa","category-internacional","category-medio-oriente-es"],"yoast_head":"<!-- This site is optimized with the Yoast SEO plugin v27.1.1 - https:\/\/yoast.com\/product\/yoast-seo-wordpress\/ -->\n<title>La paz y la no violencia han tocado el Nilo<\/title>\n<meta name=\"description\" content=\"En una locaci\u00f3n inimaginada en la que el R\u00edo Nilo y el arte convergen en Cairo, The World March logr\u00f3 una vez m\u00e1s su objetivo: m\u00e1s de 150 personas se reunieron en un enorme espacio musical dispuesto por El Sawy Cultural Wheel, epicentro cultural de esta cosmopolita ciudad, para anunciar el llamado mundial en aras de la paz y la construcci\u00f3n de la cultura de la no-violencia.\" \/>\n<meta name=\"robots\" content=\"index, follow, max-snippet:-1, max-image-preview:large, max-video-preview:-1\" \/>\n<link rel=\"canonical\" href=\"https:\/\/www.pressenza.com\/es\/2009\/10\/la-paz-y-la-no-violencia-han-tocado-el-nilo\/\" \/>\n<meta property=\"og:locale\" content=\"es_ES\" \/>\n<meta property=\"og:type\" content=\"article\" \/>\n<meta property=\"og:title\" content=\"La paz y la no violencia han tocado el Nilo\" \/>\n<meta property=\"og:description\" content=\"En una locaci\u00f3n inimaginada en la que el R\u00edo Nilo y el arte convergen en Cairo, The World March logr\u00f3 una vez m\u00e1s su objetivo: m\u00e1s de 150 personas se reunieron en un enorme espacio musical dispuesto por El Sawy Cultural Wheel, epicentro cultural de esta cosmopolita ciudad, para anunciar el llamado mundial en aras de la paz y la construcci\u00f3n de la cultura de la no-violencia.\" \/>\n<meta property=\"og:url\" content=\"https:\/\/www.pressenza.com\/es\/2009\/10\/la-paz-y-la-no-violencia-han-tocado-el-nilo\/\" \/>\n<meta property=\"og:site_name\" content=\"Pressenza\" \/>\n<meta property=\"article:publisher\" content=\"https:\/\/www.facebook.com\/PressenzaItalia\" \/>\n<meta property=\"article:author\" content=\"https:\/\/www.facebook.com\/pressenza\" \/>\n<meta property=\"article:published_time\" content=\"2009-10-06T00:00:00+00:00\" \/>\n<meta property=\"article:modified_time\" content=\"2009-10-07T08:52:16+00:00\" \/>\n<meta name=\"author\" content=\"Pressenza IPA\" \/>\n<meta name=\"twitter:card\" content=\"summary_large_image\" \/>\n<meta name=\"twitter:creator\" content=\"@PressenzaIPA\" \/>\n<meta name=\"twitter:site\" content=\"@PressenzaIPA\" \/>\n<meta name=\"twitter:label1\" content=\"Escrito por\" \/>\n\t<meta name=\"twitter:data1\" content=\"Pressenza IPA\" \/>\n\t<meta name=\"twitter:label2\" content=\"Tiempo de lectura\" \/>\n\t<meta name=\"twitter:data2\" content=\"2 minutos\" \/>\n<script type=\"application\/ld+json\" class=\"yoast-schema-graph\">{\"@context\":\"https:\/\/schema.org\",\"@graph\":[{\"@type\":\"Article\",\"@id\":\"https:\/\/www.pressenza.com\/es\/2009\/10\/la-paz-y-la-no-violencia-han-tocado-el-nilo\/#article\",\"isPartOf\":{\"@id\":\"https:\/\/www.pressenza.com\/es\/2009\/10\/la-paz-y-la-no-violencia-han-tocado-el-nilo\/\"},\"author\":{\"name\":\"Pressenza IPA\",\"@id\":\"https:\/\/www.pressenza.com\/es\/#\/schema\/person\/010e5d02bcf40965427a1289a4cc8d75\"},\"headline\":\"La paz y la no violencia han tocado el Nilo\",\"datePublished\":\"2009-10-06T00:00:00+00:00\",\"dateModified\":\"2009-10-07T08:52:16+00:00\",\"mainEntityOfPage\":{\"@id\":\"https:\/\/www.pressenza.com\/es\/2009\/10\/la-paz-y-la-no-violencia-han-tocado-el-nilo\/\"},\"wordCount\":486,\"publisher\":{\"@id\":\"https:\/\/www.pressenza.com\/es\/#organization\"},\"articleSection\":[\"Asuntos internacionales\",\"Comunicados de Prensa\",\"Internacional\",\"Medio Oriente\"],\"inLanguage\":\"es\"},{\"@type\":\"WebPage\",\"@id\":\"https:\/\/www.pressenza.com\/es\/2009\/10\/la-paz-y-la-no-violencia-han-tocado-el-nilo\/\",\"url\":\"https:\/\/www.pressenza.com\/es\/2009\/10\/la-paz-y-la-no-violencia-han-tocado-el-nilo\/\",\"name\":\"La paz y la no violencia han tocado el Nilo\",\"isPartOf\":{\"@id\":\"https:\/\/www.pressenza.com\/es\/#website\"},\"datePublished\":\"2009-10-06T00:00:00+00:00\",\"dateModified\":\"2009-10-07T08:52:16+00:00\",\"description\":\"En una locaci\u00f3n inimaginada en la que el R\u00edo Nilo y el arte convergen en Cairo, The World March logr\u00f3 una vez m\u00e1s su objetivo: m\u00e1s de 150 personas se reunieron en un enorme espacio musical dispuesto por El Sawy Cultural Wheel, epicentro cultural de esta cosmopolita ciudad, para anunciar el llamado mundial en aras de la paz y la construcci\u00f3n de la cultura de la no-violencia.\",\"breadcrumb\":{\"@id\":\"https:\/\/www.pressenza.com\/es\/2009\/10\/la-paz-y-la-no-violencia-han-tocado-el-nilo\/#breadcrumb\"},\"inLanguage\":\"es\",\"potentialAction\":[{\"@type\":\"ReadAction\",\"target\":[\"https:\/\/www.pressenza.com\/es\/2009\/10\/la-paz-y-la-no-violencia-han-tocado-el-nilo\/\"]}]},{\"@type\":\"BreadcrumbList\",\"@id\":\"https:\/\/www.pressenza.com\/es\/2009\/10\/la-paz-y-la-no-violencia-han-tocado-el-nilo\/#breadcrumb\",\"itemListElement\":[{\"@type\":\"ListItem\",\"position\":1,\"name\":\"Accueil\",\"item\":\"https:\/\/www.pressenza.com\/es\/\"},{\"@type\":\"ListItem\",\"position\":2,\"name\":\"La paz y la no violencia han tocado el Nilo\"}]},{\"@type\":\"WebSite\",\"@id\":\"https:\/\/www.pressenza.com\/es\/#website\",\"url\":\"https:\/\/www.pressenza.com\/es\/\",\"name\":\"Pressenza\",\"description\":\"International Press Agency\",\"publisher\":{\"@id\":\"https:\/\/www.pressenza.com\/es\/#organization\"},\"potentialAction\":[{\"@type\":\"SearchAction\",\"target\":{\"@type\":\"EntryPoint\",\"urlTemplate\":\"https:\/\/www.pressenza.com\/es\/?s={search_term_string}\"},\"query-input\":{\"@type\":\"PropertyValueSpecification\",\"valueRequired\":true,\"valueName\":\"search_term_string\"}}],\"inLanguage\":\"es\"},{\"@type\":\"Organization\",\"@id\":\"https:\/\/www.pressenza.com\/es\/#organization\",\"name\":\"Pressenza\",\"url\":\"https:\/\/www.pressenza.com\/es\/\",\"logo\":{\"@type\":\"ImageObject\",\"inLanguage\":\"es\",\"@id\":\"https:\/\/www.pressenza.com\/es\/#\/schema\/logo\/image\/\",\"url\":\"https:\/\/www.pressenza.com\/wp-content\/uploads\/2022\/10\/pressenza_logo_200x200.jpg\",\"contentUrl\":\"https:\/\/www.pressenza.com\/wp-content\/uploads\/2022\/10\/pressenza_logo_200x200.jpg\",\"width\":200,\"height\":200,\"caption\":\"Pressenza\"},\"image\":{\"@id\":\"https:\/\/www.pressenza.com\/es\/#\/schema\/logo\/image\/\"},\"sameAs\":[\"https:\/\/www.facebook.com\/PressenzaItalia\",\"https:\/\/x.com\/PressenzaIPA\"]},{\"@type\":\"Person\",\"@id\":\"https:\/\/www.pressenza.com\/es\/#\/schema\/person\/010e5d02bcf40965427a1289a4cc8d75\",\"name\":\"Pressenza IPA\",\"description\":\"News from Pressenza IPA correspondents\",\"sameAs\":[\"https:\/\/www.facebook.com\/pressenza\",\"https:\/\/x.com\/PressenzaIPA\"],\"url\":\"https:\/\/www.pressenza.com\/es\/author\/pressenza-ipa\/\"}]}<\/script>\n<!-- \/ Yoast SEO plugin. -->","yoast_head_json":{"title":"La paz y la no violencia han tocado el Nilo","description":"En una locaci\u00f3n inimaginada en la que el R\u00edo Nilo y el arte convergen en Cairo, The World March logr\u00f3 una vez m\u00e1s su objetivo: m\u00e1s de 150 personas se reunieron en un enorme espacio musical dispuesto por El Sawy Cultural Wheel, epicentro cultural de esta cosmopolita ciudad, para anunciar el llamado mundial en aras de la paz y la construcci\u00f3n de la cultura de la no-violencia.","robots":{"index":"index","follow":"follow","max-snippet":"max-snippet:-1","max-image-preview":"max-image-preview:large","max-video-preview":"max-video-preview:-1"},"canonical":"https:\/\/www.pressenza.com\/es\/2009\/10\/la-paz-y-la-no-violencia-han-tocado-el-nilo\/","og_locale":"es_ES","og_type":"article","og_title":"La paz y la no violencia han tocado el Nilo","og_description":"En una locaci\u00f3n inimaginada en la que el R\u00edo Nilo y el arte convergen en Cairo, The World March logr\u00f3 una vez m\u00e1s su objetivo: m\u00e1s de 150 personas se reunieron en un enorme espacio musical dispuesto por El Sawy Cultural Wheel, epicentro cultural de esta cosmopolita ciudad, para anunciar el llamado mundial en aras de la paz y la construcci\u00f3n de la cultura de la no-violencia.","og_url":"https:\/\/www.pressenza.com\/es\/2009\/10\/la-paz-y-la-no-violencia-han-tocado-el-nilo\/","og_site_name":"Pressenza","article_publisher":"https:\/\/www.facebook.com\/PressenzaItalia","article_author":"https:\/\/www.facebook.com\/pressenza","article_published_time":"2009-10-06T00:00:00+00:00","article_modified_time":"2009-10-07T08:52:16+00:00","author":"Pressenza IPA","twitter_card":"summary_large_image","twitter_creator":"@PressenzaIPA","twitter_site":"@PressenzaIPA","twitter_misc":{"Escrito por":"Pressenza IPA","Tiempo de lectura":"2 minutos"},"schema":{"@context":"https:\/\/schema.org","@graph":[{"@type":"Article","@id":"https:\/\/www.pressenza.com\/es\/2009\/10\/la-paz-y-la-no-violencia-han-tocado-el-nilo\/#article","isPartOf":{"@id":"https:\/\/www.pressenza.com\/es\/2009\/10\/la-paz-y-la-no-violencia-han-tocado-el-nilo\/"},"author":{"name":"Pressenza IPA","@id":"https:\/\/www.pressenza.com\/es\/#\/schema\/person\/010e5d02bcf40965427a1289a4cc8d75"},"headline":"La paz y la no violencia han tocado el Nilo","datePublished":"2009-10-06T00:00:00+00:00","dateModified":"2009-10-07T08:52:16+00:00","mainEntityOfPage":{"@id":"https:\/\/www.pressenza.com\/es\/2009\/10\/la-paz-y-la-no-violencia-han-tocado-el-nilo\/"},"wordCount":486,"publisher":{"@id":"https:\/\/www.pressenza.com\/es\/#organization"},"articleSection":["Asuntos internacionales","Comunicados de Prensa","Internacional","Medio Oriente"],"inLanguage":"es"},{"@type":"WebPage","@id":"https:\/\/www.pressenza.com\/es\/2009\/10\/la-paz-y-la-no-violencia-han-tocado-el-nilo\/","url":"https:\/\/www.pressenza.com\/es\/2009\/10\/la-paz-y-la-no-violencia-han-tocado-el-nilo\/","name":"La paz y la no violencia han tocado el Nilo","isPartOf":{"@id":"https:\/\/www.pressenza.com\/es\/#website"},"datePublished":"2009-10-06T00:00:00+00:00","dateModified":"2009-10-07T08:52:16+00:00","description":"En una locaci\u00f3n inimaginada en la que el R\u00edo Nilo y el arte convergen en Cairo, The World March logr\u00f3 una vez m\u00e1s su objetivo: m\u00e1s de 150 personas se reunieron en un enorme espacio musical dispuesto por El Sawy Cultural Wheel, epicentro cultural de esta cosmopolita ciudad, para anunciar el llamado mundial en aras de la paz y la construcci\u00f3n de la cultura de la no-violencia.","breadcrumb":{"@id":"https:\/\/www.pressenza.com\/es\/2009\/10\/la-paz-y-la-no-violencia-han-tocado-el-nilo\/#breadcrumb"},"inLanguage":"es","potentialAction":[{"@type":"ReadAction","target":["https:\/\/www.pressenza.com\/es\/2009\/10\/la-paz-y-la-no-violencia-han-tocado-el-nilo\/"]}]},{"@type":"BreadcrumbList","@id":"https:\/\/www.pressenza.com\/es\/2009\/10\/la-paz-y-la-no-violencia-han-tocado-el-nilo\/#breadcrumb","itemListElement":[{"@type":"ListItem","position":1,"name":"Accueil","item":"https:\/\/www.pressenza.com\/es\/"},{"@type":"ListItem","position":2,"name":"La paz y la no violencia han tocado el Nilo"}]},{"@type":"WebSite","@id":"https:\/\/www.pressenza.com\/es\/#website","url":"https:\/\/www.pressenza.com\/es\/","name":"Pressenza","description":"International Press Agency","publisher":{"@id":"https:\/\/www.pressenza.com\/es\/#organization"},"potentialAction":[{"@type":"SearchAction","target":{"@type":"EntryPoint","urlTemplate":"https:\/\/www.pressenza.com\/es\/?s={search_term_string}"},"query-input":{"@type":"PropertyValueSpecification","valueRequired":true,"valueName":"search_term_string"}}],"inLanguage":"es"},{"@type":"Organization","@id":"https:\/\/www.pressenza.com\/es\/#organization","name":"Pressenza","url":"https:\/\/www.pressenza.com\/es\/","logo":{"@type":"ImageObject","inLanguage":"es","@id":"https:\/\/www.pressenza.com\/es\/#\/schema\/logo\/image\/","url":"https:\/\/www.pressenza.com\/wp-content\/uploads\/2022\/10\/pressenza_logo_200x200.jpg","contentUrl":"https:\/\/www.pressenza.com\/wp-content\/uploads\/2022\/10\/pressenza_logo_200x200.jpg","width":200,"height":200,"caption":"Pressenza"},"image":{"@id":"https:\/\/www.pressenza.com\/es\/#\/schema\/logo\/image\/"},"sameAs":["https:\/\/www.facebook.com\/PressenzaItalia","https:\/\/x.com\/PressenzaIPA"]},{"@type":"Person","@id":"https:\/\/www.pressenza.com\/es\/#\/schema\/person\/010e5d02bcf40965427a1289a4cc8d75","name":"Pressenza IPA","description":"News from Pressenza IPA correspondents","sameAs":["https:\/\/www.facebook.com\/pressenza","https:\/\/x.com\/PressenzaIPA"],"url":"https:\/\/www.pressenza.com\/es\/author\/pressenza-ipa\/"}]}},"place":"El Cairo","original_article_url":"","_links":{"self":[{"href":"https:\/\/www.pressenza.com\/es\/wp-json\/wp\/v2\/posts\/1606","targetHints":{"allow":["GET"]}}],"collection":[{"href":"https:\/\/www.pressenza.com\/es\/wp-json\/wp\/v2\/posts"}],"about":[{"href":"https:\/\/www.pressenza.com\/es\/wp-json\/wp\/v2\/types\/post"}],"author":[{"embeddable":true,"href":"https:\/\/www.pressenza.com\/es\/wp-json\/wp\/v2\/users\/19"}],"replies":[{"embeddable":true,"href":"https:\/\/www.pressenza.com\/es\/wp-json\/wp\/v2\/comments?post=1606"}],"version-history":[{"count":0,"href":"https:\/\/www.pressenza.com\/es\/wp-json\/wp\/v2\/posts\/1606\/revisions"}],"wp:attachment":[{"href":"https:\/\/www.pressenza.com\/es\/wp-json\/wp\/v2\/media?parent=1606"}],"wp:term":[{"taxonomy":"category","embeddable":true,"href":"https:\/\/www.pressenza.com\/es\/wp-json\/wp\/v2\/categories?post=1606"},{"taxonomy":"post_tag","embeddable":true,"href":"https:\/\/www.pressenza.com\/es\/wp-json\/wp\/v2\/tags?post=1606"}],"curies":[{"name":"wp","href":"https:\/\/api.w.org\/{rel}","templated":true}]}}