{"id":1605620,"date":"2022-06-17T12:00:41","date_gmt":"2022-06-17T11:00:41","guid":{"rendered":"https:\/\/www.pressenza.com\/?p=1605620"},"modified":"2022-06-17T12:00:41","modified_gmt":"2022-06-17T11:00:41","slug":"20j-refugio-acogida-digna-cuando-se-quiere-se-puede","status":"publish","type":"post","link":"https:\/\/www.pressenza.com\/es\/2022\/06\/20j-refugio-acogida-digna-cuando-se-quiere-se-puede\/","title":{"rendered":"20J: Refugio, acogida digna. Cuando se quiere, se puede"},"content":{"rendered":"<h3 style=\"padding-left: 40px;\">20J D\u00eda internacional de las personas refugiadas<\/h3>\n<p style=\"padding-left: 40px;\">Nos daremos cita este d\u00eda 20 de junio de 2022 para rendir homenaje a las personas refugiadas; denunciar la falta de compromiso de los gobiernos europeos con el derecho de las personas a\u00a0 solicitar asilo reconocido en la Convenci\u00f3n de Ginebra de 1951; para exigir pol\u00edticas econ\u00f3micas y medioambientales justas que garanticen el derecho de las personas a no migrar;\u00a0 y rutas seguras para hacer efectivo el derecho a migrar reconocido en el art\u00edculo 13 de la Declaraci\u00f3n de los Derechos Humanos.<\/p>\n<p style=\"padding-left: 40px;\">Se realizar\u00e1 una construcci\u00f3n simb\u00f3lica del muro de la Europa Fortaleza, destruida por las ideas fuerza de nuestras reivindicaciones, con lectura de comunicado.<\/p>\n<p>Por eso, el d\u00eda MUNDIAL DE LAS PERSONAS REFUGIADAS:<\/p>\n<ul>\n<li>Denunciamos la criminalizaci\u00f3n de las personas migrantes y de las defensoras de sus derechos.<\/li>\n<li>Reclamamos el desmantelamiento de Frontex,\u00a0 un cuerpo militarizado que ha instaurado una guerra contra las personas migrantes, el fin de la devoluciones en caliente y el cese de la violencia contra las personas migrantes.<\/li>\n<li>Denunciamos la impunidad de la violencia en frontera y exigimos investigaci\u00f3n sobre las violaciones de Derechos Humanos que sufren las personas migrantes. \u00a1Tarajal nunca m\u00e1s! Verdad, Justicia, reparaci\u00f3n y garant\u00eda de no repetici\u00f3n para las v\u00edctimas y sus familias.<\/li>\n<li>Estamos en contra del aumento de los presupuestos en Defensa y exigimos que se transforme en seguridad humana: promoci\u00f3n de derechos, inclusi\u00f3n social y cooperaci\u00f3n entre pueblos.<\/li>\n<li>Reclamamos al Gobierno de Espa\u00f1a que garantice el derecho a solicitar asilo y al acceso a la regularizaci\u00f3n administrativa: que se dote de personal a las Oficinas de Asilo y Refugio y Extranjer\u00eda, asegurando la disponibilidad de citas y mejorando la tramitaci\u00f3n de los expedientes. \u00a1Papeles para todas!<\/li>\n<li>Exigimos el fin de las pol\u00edticas de islas-c\u00e1rcel que convierten a Ceuta, Melilla y las Islas Canarias en jaulas a cielo abierto, y la sustituci\u00f3n de campamentos por centros de acogida dignos.<\/li>\n<li>Denunciamos que muchas personas refugiadas siguen viviendo en la calle, a pesar de las obligaciones del estado en materia de acogida, y que esta realidad se repite sistem\u00e1ticamente desde hace 8 a\u00f1os.<\/li>\n<li>Exigimos procesos que permitan la inclusi\u00f3n de las personas, adaptados a su necesidad y diversidad funcional, y la continuidad de programas de acogida y apoyo para personas con especial vulnerabilidad<\/li>\n<li>Exigimos que se forme al personal hacia una atenci\u00f3n antirracista, con perspectiva de g\u00e9nero y LGTBIQ+ para las personas que solicitan asilo.<\/li>\n<li>Y mostramos nuestra solidaridad con el pueblo saharaui, territorio pendiente de descolonizaci\u00f3n bajo ocupaci\u00f3n marroqu\u00ed y su derecho a la autodeterminaci\u00f3n y denunciamos la actual posici\u00f3n del Gobierno de Espa\u00f1a que no responde a la legalidad internacional en la materia sino a otros intereses.<\/li>\n<\/ul>\n<p>Visibilizaremos esta problem\u00e1tica con la construcci\u00f3n simb\u00f3lica del muro de la Europa Fortaleza en base a las ideas que lo sostiene e im\u00e1genes que lo representan, destruy\u00e9ndolo con las ideas fuerza de nuestras reivindicaciones y por \u00faltimo la lectura de manifiesto.<\/p>\n<p>Por el derecho a migrar. Por unas v\u00edas seguras. Por una Europa que rompe sus muros. Por el derecho a la protecci\u00f3n. Por una acogida digna. Por el acceso a papeles. Por los mismos derechos para todas las personas. Cuando se quiere, se puede.<\/p>\n<p><strong>Refugio, acogida digna. Cuando se quiere se puede<br \/>\n<\/strong>20 de junio, a las 12h, calle Pradillo n\u00ba40, frente a la Oficina de Asilo y Refugio.<br \/>\n20 de junio, a las 19h, plaza de las Cortes, frente al Congreso de los Diputados.<\/p>\n<p><img loading=\"lazy\" decoding=\"async\" class=\"alignnone wp-image-1605621 size-full\" src=\"https:\/\/www.pressenza.com\/wp-content\/uploads\/2022\/06\/unnamed-2.jpg\" alt=\"\" width=\"820\" height=\"1160\" srcset=\"https:\/\/www.pressenza.com\/wp-content\/uploads\/2022\/06\/unnamed-2.jpg 820w, https:\/\/www.pressenza.com\/wp-content\/uploads\/2022\/06\/unnamed-2-212x300.jpg 212w, https:\/\/www.pressenza.com\/wp-content\/uploads\/2022\/06\/unnamed-2-724x1024.jpg 724w\" sizes=\"auto, (max-width: 820px) 100vw, 820px\" \/><\/p>\n<p><strong>Colectivos convocantes<br \/>\n<\/strong>Asociaci\u00f3n Apoyo, Coordinadora de Barrios, Kifkif, Mundo en Movimiento, Red Interlavapi\u00e9s, Red Solidaria de Acogida, San Carlos Borromeo, SERCADE, Territorio Dom\u00e9stico y Valiente Bangla.<\/p>\n<p><strong>Portavoc\u00edas<br \/>\n<\/strong>Nines Cejudo, Red Solidaria de Acogida: 685 50 78 64<br \/>\nJavi Baeza, San Carlos Borromeo: 605 08 55 70<\/p>\n<p><em>\u00a0<\/em><\/p>\n","protected":false},"excerpt":{"rendered":"<p>20J D\u00eda internacional de las personas refugiadas Nos daremos cita este d\u00eda 20 de junio de 2022 para rendir homenaje a las personas refugiadas; denunciar la falta de compromiso de los gobiernos europeos con el derecho de las personas a\u00a0&hellip;<\/p>\n","protected":false},"author":94,"featured_media":1605631,"comment_status":"closed","ping_status":"closed","sticky":false,"template":"","format":"standard","meta":{"footnotes":""},"categories":[149,79,66,54574,1242],"tags":[55575,28962,953,15715,55946,21624,10127],"class_list":["post-1605620","post","type-post","status-publish","format-standard","has-post-thumbnail","hentry","category-comunicados-de-prensa","category-derechos-humanos","category-europa-es","category-migrantes-es","category-noviolencia-tema","tag-asilo-es","tag-dignidad","tag-europa-es-2","tag-migracion","tag-personas-refugiadas","tag-refugio","tag-solidaridad"],"yoast_head":"<!-- This site is optimized with the Yoast SEO plugin v27.1.1 - https:\/\/yoast.com\/product\/yoast-seo-wordpress\/ -->\n<title>20J: Refugio, acogida digna. Cuando se quiere, se puede<\/title>\n<meta name=\"description\" content=\"20J D\u00eda internacional de las personas refugiadas Nos daremos cita este d\u00eda 20 de junio de 2022 para rendir homenaje a las personas refugiadas; denunciar\" \/>\n<meta name=\"robots\" content=\"index, follow, max-snippet:-1, max-image-preview:large, max-video-preview:-1\" \/>\n<link rel=\"canonical\" href=\"https:\/\/www.pressenza.com\/es\/2022\/06\/20j-refugio-acogida-digna-cuando-se-quiere-se-puede\/\" \/>\n<meta property=\"og:locale\" content=\"es_ES\" \/>\n<meta property=\"og:type\" content=\"article\" \/>\n<meta property=\"og:title\" content=\"20J: Refugio, acogida digna. Cuando se quiere, se puede\" \/>\n<meta property=\"og:description\" content=\"20J D\u00eda internacional de las personas refugiadas Nos daremos cita este d\u00eda 20 de junio de 2022 para rendir homenaje a las personas refugiadas; denunciar\" \/>\n<meta property=\"og:url\" content=\"https:\/\/www.pressenza.com\/es\/2022\/06\/20j-refugio-acogida-digna-cuando-se-quiere-se-puede\/\" \/>\n<meta property=\"og:site_name\" content=\"Pressenza\" \/>\n<meta property=\"article:publisher\" content=\"https:\/\/www.facebook.com\/PressenzaItalia\" \/>\n<meta property=\"article:author\" content=\"https:\/\/www.facebook.com\/pressenza\" \/>\n<meta property=\"article:published_time\" content=\"2022-06-17T11:00:41+00:00\" \/>\n<meta property=\"og:image\" content=\"https:\/\/www.pressenza.com\/wp-content\/uploads\/2022\/06\/20J.jpg\" \/>\n\t<meta property=\"og:image:width\" content=\"820\" \/>\n\t<meta property=\"og:image:height\" content=\"666\" \/>\n\t<meta property=\"og:image:type\" content=\"image\/jpeg\" \/>\n<meta name=\"author\" content=\"Redacci\u00f3n Madrid\" \/>\n<meta name=\"twitter:card\" content=\"summary_large_image\" \/>\n<meta name=\"twitter:creator\" content=\"@pressenza\" \/>\n<meta name=\"twitter:site\" content=\"@PressenzaIPA\" \/>\n<meta name=\"twitter:label1\" content=\"Escrito por\" \/>\n\t<meta name=\"twitter:data1\" content=\"Redacci\u00f3n Madrid\" \/>\n\t<meta name=\"twitter:label2\" content=\"Tiempo de lectura\" \/>\n\t<meta name=\"twitter:data2\" content=\"4 minutos\" \/>\n<script type=\"application\/ld+json\" class=\"yoast-schema-graph\">{\"@context\":\"https:\/\/schema.org\",\"@graph\":[{\"@type\":\"Article\",\"@id\":\"https:\/\/www.pressenza.com\/es\/2022\/06\/20j-refugio-acogida-digna-cuando-se-quiere-se-puede\/#article\",\"isPartOf\":{\"@id\":\"https:\/\/www.pressenza.com\/es\/2022\/06\/20j-refugio-acogida-digna-cuando-se-quiere-se-puede\/\"},\"author\":{\"name\":\"Redacci\u00f3n Madrid\",\"@id\":\"https:\/\/www.pressenza.com\/es\/#\/schema\/person\/828fc40eeca2ad7be3630e5a46adba94\"},\"headline\":\"20J: Refugio, acogida digna. Cuando se quiere, se puede\",\"datePublished\":\"2022-06-17T11:00:41+00:00\",\"mainEntityOfPage\":{\"@id\":\"https:\/\/www.pressenza.com\/es\/2022\/06\/20j-refugio-acogida-digna-cuando-se-quiere-se-puede\/\"},\"wordCount\":657,\"publisher\":{\"@id\":\"https:\/\/www.pressenza.com\/es\/#organization\"},\"image\":{\"@id\":\"https:\/\/www.pressenza.com\/es\/2022\/06\/20j-refugio-acogida-digna-cuando-se-quiere-se-puede\/#primaryimage\"},\"thumbnailUrl\":\"https:\/\/www.pressenza.com\/wp-content\/uploads\/2022\/06\/20J.jpg\",\"keywords\":[\"asilo\",\"dignidad\",\"Europa\",\"migraci\u00f3n\",\"personas refugiadas\",\"refugio\",\"Solidaridad\"],\"articleSection\":[\"Comunicados de Prensa\",\"Derechos Humanos\",\"Europa\",\"Migrantes\",\"Noviolencia\"],\"inLanguage\":\"es\"},{\"@type\":\"WebPage\",\"@id\":\"https:\/\/www.pressenza.com\/es\/2022\/06\/20j-refugio-acogida-digna-cuando-se-quiere-se-puede\/\",\"url\":\"https:\/\/www.pressenza.com\/es\/2022\/06\/20j-refugio-acogida-digna-cuando-se-quiere-se-puede\/\",\"name\":\"20J: Refugio, acogida digna. Cuando se quiere, se puede\",\"isPartOf\":{\"@id\":\"https:\/\/www.pressenza.com\/es\/#website\"},\"primaryImageOfPage\":{\"@id\":\"https:\/\/www.pressenza.com\/es\/2022\/06\/20j-refugio-acogida-digna-cuando-se-quiere-se-puede\/#primaryimage\"},\"image\":{\"@id\":\"https:\/\/www.pressenza.com\/es\/2022\/06\/20j-refugio-acogida-digna-cuando-se-quiere-se-puede\/#primaryimage\"},\"thumbnailUrl\":\"https:\/\/www.pressenza.com\/wp-content\/uploads\/2022\/06\/20J.jpg\",\"datePublished\":\"2022-06-17T11:00:41+00:00\",\"description\":\"20J D\u00eda internacional de las personas refugiadas Nos daremos cita este d\u00eda 20 de junio de 2022 para rendir homenaje a las personas refugiadas; denunciar\",\"breadcrumb\":{\"@id\":\"https:\/\/www.pressenza.com\/es\/2022\/06\/20j-refugio-acogida-digna-cuando-se-quiere-se-puede\/#breadcrumb\"},\"inLanguage\":\"es\",\"potentialAction\":[{\"@type\":\"ReadAction\",\"target\":[\"https:\/\/www.pressenza.com\/es\/2022\/06\/20j-refugio-acogida-digna-cuando-se-quiere-se-puede\/\"]}]},{\"@type\":\"ImageObject\",\"inLanguage\":\"es\",\"@id\":\"https:\/\/www.pressenza.com\/es\/2022\/06\/20j-refugio-acogida-digna-cuando-se-quiere-se-puede\/#primaryimage\",\"url\":\"https:\/\/www.pressenza.com\/wp-content\/uploads\/2022\/06\/20J.jpg\",\"contentUrl\":\"https:\/\/www.pressenza.com\/wp-content\/uploads\/2022\/06\/20J.jpg\",\"width\":820,\"height\":666},{\"@type\":\"BreadcrumbList\",\"@id\":\"https:\/\/www.pressenza.com\/es\/2022\/06\/20j-refugio-acogida-digna-cuando-se-quiere-se-puede\/#breadcrumb\",\"itemListElement\":[{\"@type\":\"ListItem\",\"position\":1,\"name\":\"Accueil\",\"item\":\"https:\/\/www.pressenza.com\/es\/\"},{\"@type\":\"ListItem\",\"position\":2,\"name\":\"20J: Refugio, acogida digna. Cuando se quiere, se puede\"}]},{\"@type\":\"WebSite\",\"@id\":\"https:\/\/www.pressenza.com\/es\/#website\",\"url\":\"https:\/\/www.pressenza.com\/es\/\",\"name\":\"Pressenza\",\"description\":\"International Press Agency\",\"publisher\":{\"@id\":\"https:\/\/www.pressenza.com\/es\/#organization\"},\"potentialAction\":[{\"@type\":\"SearchAction\",\"target\":{\"@type\":\"EntryPoint\",\"urlTemplate\":\"https:\/\/www.pressenza.com\/es\/?s={search_term_string}\"},\"query-input\":{\"@type\":\"PropertyValueSpecification\",\"valueRequired\":true,\"valueName\":\"search_term_string\"}}],\"inLanguage\":\"es\"},{\"@type\":\"Organization\",\"@id\":\"https:\/\/www.pressenza.com\/es\/#organization\",\"name\":\"Pressenza\",\"url\":\"https:\/\/www.pressenza.com\/es\/\",\"logo\":{\"@type\":\"ImageObject\",\"inLanguage\":\"es\",\"@id\":\"https:\/\/www.pressenza.com\/es\/#\/schema\/logo\/image\/\",\"url\":\"https:\/\/www.pressenza.com\/wp-content\/uploads\/2022\/10\/pressenza_logo_200x200.jpg\",\"contentUrl\":\"https:\/\/www.pressenza.com\/wp-content\/uploads\/2022\/10\/pressenza_logo_200x200.jpg\",\"width\":200,\"height\":200,\"caption\":\"Pressenza\"},\"image\":{\"@id\":\"https:\/\/www.pressenza.com\/es\/#\/schema\/logo\/image\/\"},\"sameAs\":[\"https:\/\/www.facebook.com\/PressenzaItalia\",\"https:\/\/x.com\/PressenzaIPA\"]},{\"@type\":\"Person\",\"@id\":\"https:\/\/www.pressenza.com\/es\/#\/schema\/person\/828fc40eeca2ad7be3630e5a46adba94\",\"name\":\"Redacci\u00f3n Madrid\",\"description\":\"News from the Pressenza Bureau in Madrid, Spain\",\"sameAs\":[\"https:\/\/www.facebook.com\/pressenza\",\"https:\/\/x.com\/pressenza\"],\"url\":\"https:\/\/www.pressenza.com\/es\/author\/redaccion-madrid\/\"}]}<\/script>\n<!-- \/ Yoast SEO plugin. -->","yoast_head_json":{"title":"20J: Refugio, acogida digna. Cuando se quiere, se puede","description":"20J D\u00eda internacional de las personas refugiadas Nos daremos cita este d\u00eda 20 de junio de 2022 para rendir homenaje a las personas refugiadas; denunciar","robots":{"index":"index","follow":"follow","max-snippet":"max-snippet:-1","max-image-preview":"max-image-preview:large","max-video-preview":"max-video-preview:-1"},"canonical":"https:\/\/www.pressenza.com\/es\/2022\/06\/20j-refugio-acogida-digna-cuando-se-quiere-se-puede\/","og_locale":"es_ES","og_type":"article","og_title":"20J: Refugio, acogida digna. Cuando se quiere, se puede","og_description":"20J D\u00eda internacional de las personas refugiadas Nos daremos cita este d\u00eda 20 de junio de 2022 para rendir homenaje a las personas refugiadas; denunciar","og_url":"https:\/\/www.pressenza.com\/es\/2022\/06\/20j-refugio-acogida-digna-cuando-se-quiere-se-puede\/","og_site_name":"Pressenza","article_publisher":"https:\/\/www.facebook.com\/PressenzaItalia","article_author":"https:\/\/www.facebook.com\/pressenza","article_published_time":"2022-06-17T11:00:41+00:00","og_image":[{"width":820,"height":666,"url":"https:\/\/www.pressenza.com\/wp-content\/uploads\/2022\/06\/20J.jpg","type":"image\/jpeg"}],"author":"Redacci\u00f3n Madrid","twitter_card":"summary_large_image","twitter_creator":"@pressenza","twitter_site":"@PressenzaIPA","twitter_misc":{"Escrito por":"Redacci\u00f3n Madrid","Tiempo de lectura":"4 minutos"},"schema":{"@context":"https:\/\/schema.org","@graph":[{"@type":"Article","@id":"https:\/\/www.pressenza.com\/es\/2022\/06\/20j-refugio-acogida-digna-cuando-se-quiere-se-puede\/#article","isPartOf":{"@id":"https:\/\/www.pressenza.com\/es\/2022\/06\/20j-refugio-acogida-digna-cuando-se-quiere-se-puede\/"},"author":{"name":"Redacci\u00f3n Madrid","@id":"https:\/\/www.pressenza.com\/es\/#\/schema\/person\/828fc40eeca2ad7be3630e5a46adba94"},"headline":"20J: Refugio, acogida digna. Cuando se quiere, se puede","datePublished":"2022-06-17T11:00:41+00:00","mainEntityOfPage":{"@id":"https:\/\/www.pressenza.com\/es\/2022\/06\/20j-refugio-acogida-digna-cuando-se-quiere-se-puede\/"},"wordCount":657,"publisher":{"@id":"https:\/\/www.pressenza.com\/es\/#organization"},"image":{"@id":"https:\/\/www.pressenza.com\/es\/2022\/06\/20j-refugio-acogida-digna-cuando-se-quiere-se-puede\/#primaryimage"},"thumbnailUrl":"https:\/\/www.pressenza.com\/wp-content\/uploads\/2022\/06\/20J.jpg","keywords":["asilo","dignidad","Europa","migraci\u00f3n","personas refugiadas","refugio","Solidaridad"],"articleSection":["Comunicados de Prensa","Derechos Humanos","Europa","Migrantes","Noviolencia"],"inLanguage":"es"},{"@type":"WebPage","@id":"https:\/\/www.pressenza.com\/es\/2022\/06\/20j-refugio-acogida-digna-cuando-se-quiere-se-puede\/","url":"https:\/\/www.pressenza.com\/es\/2022\/06\/20j-refugio-acogida-digna-cuando-se-quiere-se-puede\/","name":"20J: Refugio, acogida digna. Cuando se quiere, se puede","isPartOf":{"@id":"https:\/\/www.pressenza.com\/es\/#website"},"primaryImageOfPage":{"@id":"https:\/\/www.pressenza.com\/es\/2022\/06\/20j-refugio-acogida-digna-cuando-se-quiere-se-puede\/#primaryimage"},"image":{"@id":"https:\/\/www.pressenza.com\/es\/2022\/06\/20j-refugio-acogida-digna-cuando-se-quiere-se-puede\/#primaryimage"},"thumbnailUrl":"https:\/\/www.pressenza.com\/wp-content\/uploads\/2022\/06\/20J.jpg","datePublished":"2022-06-17T11:00:41+00:00","description":"20J D\u00eda internacional de las personas refugiadas Nos daremos cita este d\u00eda 20 de junio de 2022 para rendir homenaje a las personas refugiadas; denunciar","breadcrumb":{"@id":"https:\/\/www.pressenza.com\/es\/2022\/06\/20j-refugio-acogida-digna-cuando-se-quiere-se-puede\/#breadcrumb"},"inLanguage":"es","potentialAction":[{"@type":"ReadAction","target":["https:\/\/www.pressenza.com\/es\/2022\/06\/20j-refugio-acogida-digna-cuando-se-quiere-se-puede\/"]}]},{"@type":"ImageObject","inLanguage":"es","@id":"https:\/\/www.pressenza.com\/es\/2022\/06\/20j-refugio-acogida-digna-cuando-se-quiere-se-puede\/#primaryimage","url":"https:\/\/www.pressenza.com\/wp-content\/uploads\/2022\/06\/20J.jpg","contentUrl":"https:\/\/www.pressenza.com\/wp-content\/uploads\/2022\/06\/20J.jpg","width":820,"height":666},{"@type":"BreadcrumbList","@id":"https:\/\/www.pressenza.com\/es\/2022\/06\/20j-refugio-acogida-digna-cuando-se-quiere-se-puede\/#breadcrumb","itemListElement":[{"@type":"ListItem","position":1,"name":"Accueil","item":"https:\/\/www.pressenza.com\/es\/"},{"@type":"ListItem","position":2,"name":"20J: Refugio, acogida digna. Cuando se quiere, se puede"}]},{"@type":"WebSite","@id":"https:\/\/www.pressenza.com\/es\/#website","url":"https:\/\/www.pressenza.com\/es\/","name":"Pressenza","description":"International Press Agency","publisher":{"@id":"https:\/\/www.pressenza.com\/es\/#organization"},"potentialAction":[{"@type":"SearchAction","target":{"@type":"EntryPoint","urlTemplate":"https:\/\/www.pressenza.com\/es\/?s={search_term_string}"},"query-input":{"@type":"PropertyValueSpecification","valueRequired":true,"valueName":"search_term_string"}}],"inLanguage":"es"},{"@type":"Organization","@id":"https:\/\/www.pressenza.com\/es\/#organization","name":"Pressenza","url":"https:\/\/www.pressenza.com\/es\/","logo":{"@type":"ImageObject","inLanguage":"es","@id":"https:\/\/www.pressenza.com\/es\/#\/schema\/logo\/image\/","url":"https:\/\/www.pressenza.com\/wp-content\/uploads\/2022\/10\/pressenza_logo_200x200.jpg","contentUrl":"https:\/\/www.pressenza.com\/wp-content\/uploads\/2022\/10\/pressenza_logo_200x200.jpg","width":200,"height":200,"caption":"Pressenza"},"image":{"@id":"https:\/\/www.pressenza.com\/es\/#\/schema\/logo\/image\/"},"sameAs":["https:\/\/www.facebook.com\/PressenzaItalia","https:\/\/x.com\/PressenzaIPA"]},{"@type":"Person","@id":"https:\/\/www.pressenza.com\/es\/#\/schema\/person\/828fc40eeca2ad7be3630e5a46adba94","name":"Redacci\u00f3n Madrid","description":"News from the Pressenza Bureau in Madrid, Spain","sameAs":["https:\/\/www.facebook.com\/pressenza","https:\/\/x.com\/pressenza"],"url":"https:\/\/www.pressenza.com\/es\/author\/redaccion-madrid\/"}]}},"place":"Espa\u00f1a","original_article_url":"","_links":{"self":[{"href":"https:\/\/www.pressenza.com\/es\/wp-json\/wp\/v2\/posts\/1605620","targetHints":{"allow":["GET"]}}],"collection":[{"href":"https:\/\/www.pressenza.com\/es\/wp-json\/wp\/v2\/posts"}],"about":[{"href":"https:\/\/www.pressenza.com\/es\/wp-json\/wp\/v2\/types\/post"}],"author":[{"embeddable":true,"href":"https:\/\/www.pressenza.com\/es\/wp-json\/wp\/v2\/users\/94"}],"replies":[{"embeddable":true,"href":"https:\/\/www.pressenza.com\/es\/wp-json\/wp\/v2\/comments?post=1605620"}],"version-history":[{"count":0,"href":"https:\/\/www.pressenza.com\/es\/wp-json\/wp\/v2\/posts\/1605620\/revisions"}],"wp:featuredmedia":[{"embeddable":true,"href":"https:\/\/www.pressenza.com\/es\/wp-json\/wp\/v2\/media\/1605631"}],"wp:attachment":[{"href":"https:\/\/www.pressenza.com\/es\/wp-json\/wp\/v2\/media?parent=1605620"}],"wp:term":[{"taxonomy":"category","embeddable":true,"href":"https:\/\/www.pressenza.com\/es\/wp-json\/wp\/v2\/categories?post=1605620"},{"taxonomy":"post_tag","embeddable":true,"href":"https:\/\/www.pressenza.com\/es\/wp-json\/wp\/v2\/tags?post=1605620"}],"curies":[{"name":"wp","href":"https:\/\/api.w.org\/{rel}","templated":true}]}}