{"id":1604841,"date":"2022-06-15T16:15:02","date_gmt":"2022-06-15T15:15:02","guid":{"rendered":"https:\/\/www.pressenza.com\/?p=1604841"},"modified":"2022-06-15T16:15:02","modified_gmt":"2022-06-15T15:15:02","slug":"ministra-patel-no-extradite-a-julian-assange-liberelo","status":"publish","type":"post","link":"https:\/\/www.pressenza.com\/es\/2022\/06\/ministra-patel-no-extradite-a-julian-assange-liberelo\/","title":{"rendered":"Ministra Patel: \u00a1no extradite a Julian Assange! \u00a1Lib\u00e9relo!"},"content":{"rendered":"<p style=\"padding-left: 40px;\">El colectivo Doctors for Assange, constituido a fines de 2019, est\u00e1 integrado por m\u00e1s de 300 m\u00e9dicos de todo el mundo. En sus propias palabras, su objetivo es \u201cexpresar nuestra grave preocupaci\u00f3n por la salud de Julian Assange y condenar las violaciones de su derecho a no ser torturado, derecho a la salud y derecho a la confidencialidad m\u00e9dico-paciente\u201d.<\/p>\n<p style=\"padding-left: 40px;\">Priti Patel, ministra del Reino Unido, podr\u00eda decidir ma\u00f1ana, viernes 17, la extradici\u00f3n del editor, por eso la organizaci\u00f3n le reitera su pedido de liberaci\u00f3n en la carta que reproducimos a continuaci\u00f3n.<\/p>\n<p style=\"padding-left: 40px;\">Sus argumentos son incontestables. <strong>Assange debe ser liberado.<\/strong><\/p>\n<p>&nbsp;<\/p>\n<blockquote><p><strong>Carta a la diputada Priti Patel, Ministra del Interior del Reino Unido<\/strong><\/p>\n<p>Su Excelencia Priti Patel<br \/>\nSecretaria de Estado de Interior<\/p>\n<p>2 Marsham Street, Londres<br \/>\nSW1P 4DF<\/p>\n<p><a href=\"mailto:public.enquiries@homeoffice.gov.uk\" target=\"_blank\" rel=\"noopener\">public.enquiries@homeoffice.gov.uk<\/a><\/p>\n<p style=\"text-align: left;\">10 de junio de 2022<\/p>\n<p>Estimada Priti Patel,<\/p>\n<p>Le escribimos el viernes 22 de noviembre de 2019 expresando nuestra grave preocupaci\u00f3n por el deterioro de la salud del se\u00f1or Julian Assange. Entonces \u00e9ramos 60 m\u00e9dicos, psiquiatras y psic\u00f3logos de todo el mundo; hoy somos m\u00e1s de 300.<\/p>\n<p>A pesar del tema urgente de nuestra carta, que segu\u00eda la evaluaci\u00f3n del Relator Especial de la ONU sobre la Tortura y de dos expertos m\u00e9dicos de que el Sr. Assange, periodista y editor, era v\u00edctima de \u00abtortura psicol\u00f3gica prolongada\u00bb, usted no respondi\u00f3. En su lugar, su oficina emiti\u00f3 la siguiente declaraci\u00f3n a los medios de comunicaci\u00f3n:<\/p>\n<p>\u00abLas acusaciones de que el Sr. Assange fue sometido a tortura son infundadas y totalmente falsas. El Reino Unido se ha comprometido a defender el Estado de Derecho y a garantizar que nadie est\u00e9 nunca por encima de \u00e9l.\u00bb<\/p>\n<p>Su negaci\u00f3n del trato cruel e inhumano infligido al Sr. Assange era entonces, y lo es a\u00fan m\u00e1s ahora, irreconciliable con la realidad de la situaci\u00f3n, como ilustran las declaraciones de numerosos expertos y organizaciones de derechos humanos, pol\u00edticos preocupados y defensores de la libertad de prensa y del Estado de Derecho en todo el mundo.<\/p>\n<p>Como era de esperar, la salud del Sr. Assange ha seguido deterior\u00e1ndose desde entonces bajo su custodia. En octubre de 2021, el Sr. Assange sufri\u00f3 un \u00abmini-accidente cerebrovascular\u00bb. Este peligroso deterioro de la salud del Sr. Assange subraya la preocupaci\u00f3n m\u00e9dica de que el estr\u00e9s cr\u00f3nico causado por sus duras condiciones carcelarias, as\u00ed como su justificado temor a las condiciones a las que se enfrentar\u00eda en caso de extradici\u00f3n, deja al Sr. Assange vulnerable a eventos cardiovasculares. Este dram\u00e1tico deterioro de la salud del Sr. Assange a\u00fan no ha sido considerado en su proceso de extradici\u00f3n. Por lo tanto, las garant\u00edas estadounidenses aceptadas por el Tribunal Superior, que constituir\u00edan la base de cualquier aprobaci\u00f3n de la extradici\u00f3n, se basan en informaci\u00f3n m\u00e9dica anticuada, lo que las hace obsoletas. En las condiciones en las que el sistema legal del Reino Unido no ha tenido en cuenta el estado de salud actual del Sr. Assange, no se puede tomar ninguna decisi\u00f3n v\u00e1lida para aprobar su extradici\u00f3n, ni por usted ni por nadie. En caso de que sufra da\u00f1os en Estados Unidos en estas circunstancias, ser\u00e1 usted, Ministra del Interior, quien tendr\u00e1 la responsabilidad de ese resultado negligente. La extradici\u00f3n de una persona con una salud tan comprometida, adem\u00e1s, es m\u00e9dica y \u00e9ticamente inaceptable.<\/p>\n<p>Durante el proceso de extradici\u00f3n, el Tribunal escuch\u00f3 y acept\u00f3 pruebas m\u00e9dicas de que la salud mental del Sr. Assange era tal que una orden de extradici\u00f3n, si se impon\u00eda, probablemente le infligir\u00eda un riesgo sustancial de suicidio. Las subsiguientes \u00abgarant\u00edas\u00bb del gobierno de los Estados Unidos, de que el Sr. Assange no ser\u00eda tratado de forma inhumana, carecen de valor dado su historial de persecuci\u00f3n y asesinato del Sr. Assange en represalia por su periodismo de inter\u00e9s p\u00fablico, aparte del hecho de que el gobierno de los Estados Unidos se reserva el derecho de someter al Sr. Assange a las mismas condiciones, a saber, \u00abmedidas administrativas especiales\u00bb, que ser\u00edan inhumanas.<\/p>\n<p>Ministra del Interior, al tomar su decisi\u00f3n sobre la extradici\u00f3n, no se haga c\u00f3mplice usted misma, a su gobierno y a su pa\u00eds de la ejecuci\u00f3n en c\u00e1mara lenta de este galardonado periodista, posiblemente el m\u00e1s importante editor de nuestro tiempo. No extradite a Julian Assange; lib\u00e9relo.<\/p>\n<p>Atentamente,<br \/>\nDoctores por Assange<\/p><\/blockquote>\n<hr \/>\n<p><span class=\"css-901oao css-16my406 r-poiln3 r-bcqeeo r-qvutc0\"><a href=\"https:\/\/doctorsforassange.org\/\" target=\"_blank\" rel=\"noopener\">https:\/\/doctorsforassange.org\/<\/a> | <a href=\"https:\/\/twitter.com\/Doctors4Assange?ref_src=twsrc%5Egoogle%7Ctwcamp%5Eserp%7Ctwgr%5Eauthor\" target=\"_blank\" rel=\"noopener\">@Doctors4Assange<\/a><\/span><\/p>\n","protected":false},"excerpt":{"rendered":"<p>El colectivo Doctors for Assange, constituido a fines de 2019, est\u00e1 integrado por m\u00e1s de 300 m\u00e9dicos de todo el mundo. En sus propias palabras, su objetivo es \u201cexpresar nuestra grave preocupaci\u00f3n por la salud de Julian Assange y condenar&hellip;<\/p>\n","protected":false},"author":19,"featured_media":1604970,"comment_status":"closed","ping_status":"closed","sticky":false,"template":"","format":"standard","meta":{"footnotes":""},"categories":[76,149,75,79,66],"tags":[57507,15929,645,67493,1793],"class_list":["post-1604841","post","type-post","status-publish","format-standard","has-post-thumbnail","hentry","category-relaciones-exteriores","category-comunicados-de-prensa","category-cultura-es","category-derechos-humanos","category-europa-es","tag-assange-es","tag-australia-es","tag-libertad-de-expresion","tag-priti-patel","tag-reino-unido"],"yoast_head":"<!-- This site is optimized with the Yoast SEO plugin v27.1.1 - https:\/\/yoast.com\/product\/yoast-seo-wordpress\/ -->\n<title>Ministra Patel: \u00a1no extradite a Julian Assange! \u00a1Lib\u00e9relo!<\/title>\n<meta name=\"description\" content=\"El colectivo Doctors for Assange, constituido a fines de 2019, est\u00e1 integrado por m\u00e1s de 300 m\u00e9dicos de todo el mundo. En sus propias palabras, su\" \/>\n<meta name=\"robots\" content=\"index, follow, max-snippet:-1, max-image-preview:large, max-video-preview:-1\" \/>\n<link rel=\"canonical\" href=\"https:\/\/www.pressenza.com\/es\/2022\/06\/ministra-patel-no-extradite-a-julian-assange-liberelo\/\" \/>\n<meta property=\"og:locale\" content=\"es_ES\" \/>\n<meta property=\"og:type\" content=\"article\" \/>\n<meta property=\"og:title\" content=\"Ministra Patel: \u00a1no extradite a Julian Assange! \u00a1Lib\u00e9relo!\" \/>\n<meta property=\"og:description\" content=\"El colectivo Doctors for Assange, constituido a fines de 2019, est\u00e1 integrado por m\u00e1s de 300 m\u00e9dicos de todo el mundo. En sus propias palabras, su\" \/>\n<meta property=\"og:url\" content=\"https:\/\/www.pressenza.com\/es\/2022\/06\/ministra-patel-no-extradite-a-julian-assange-liberelo\/\" \/>\n<meta property=\"og:site_name\" content=\"Pressenza\" \/>\n<meta property=\"article:publisher\" content=\"https:\/\/www.facebook.com\/PressenzaItalia\" \/>\n<meta property=\"article:author\" content=\"https:\/\/www.facebook.com\/pressenza\" \/>\n<meta property=\"article:published_time\" content=\"2022-06-15T15:15:02+00:00\" \/>\n<meta property=\"og:image\" content=\"https:\/\/www.pressenza.com\/wp-content\/uploads\/2022\/06\/by-Alisdare-Hickson.jpg\" \/>\n\t<meta property=\"og:image:width\" content=\"820\" \/>\n\t<meta property=\"og:image:height\" content=\"461\" \/>\n\t<meta property=\"og:image:type\" content=\"image\/jpeg\" \/>\n<meta name=\"author\" content=\"Pressenza IPA\" \/>\n<meta name=\"twitter:card\" content=\"summary_large_image\" \/>\n<meta name=\"twitter:creator\" content=\"@PressenzaIPA\" \/>\n<meta name=\"twitter:site\" content=\"@PressenzaIPA\" \/>\n<meta name=\"twitter:label1\" content=\"Escrito por\" \/>\n\t<meta name=\"twitter:data1\" content=\"Pressenza IPA\" \/>\n\t<meta name=\"twitter:label2\" content=\"Tiempo de lectura\" \/>\n\t<meta name=\"twitter:data2\" content=\"4 minutos\" \/>\n<script type=\"application\/ld+json\" class=\"yoast-schema-graph\">{\"@context\":\"https:\/\/schema.org\",\"@graph\":[{\"@type\":\"Article\",\"@id\":\"https:\/\/www.pressenza.com\/es\/2022\/06\/ministra-patel-no-extradite-a-julian-assange-liberelo\/#article\",\"isPartOf\":{\"@id\":\"https:\/\/www.pressenza.com\/es\/2022\/06\/ministra-patel-no-extradite-a-julian-assange-liberelo\/\"},\"author\":{\"name\":\"Pressenza IPA\",\"@id\":\"https:\/\/www.pressenza.com\/es\/#\/schema\/person\/010e5d02bcf40965427a1289a4cc8d75\"},\"headline\":\"Ministra Patel: \u00a1no extradite a Julian Assange! \u00a1Lib\u00e9relo!\",\"datePublished\":\"2022-06-15T15:15:02+00:00\",\"mainEntityOfPage\":{\"@id\":\"https:\/\/www.pressenza.com\/es\/2022\/06\/ministra-patel-no-extradite-a-julian-assange-liberelo\/\"},\"wordCount\":777,\"publisher\":{\"@id\":\"https:\/\/www.pressenza.com\/es\/#organization\"},\"image\":{\"@id\":\"https:\/\/www.pressenza.com\/es\/2022\/06\/ministra-patel-no-extradite-a-julian-assange-liberelo\/#primaryimage\"},\"thumbnailUrl\":\"https:\/\/www.pressenza.com\/wp-content\/uploads\/2022\/06\/by-Alisdare-Hickson.jpg\",\"keywords\":[\"#Assange\",\"Australia\",\"Libertad de expresi\u00f3n\",\"Priti Patel\",\"Reino Unido\"],\"articleSection\":[\"Asuntos internacionales\",\"Comunicados de Prensa\",\"Cultura y Medios\",\"Derechos Humanos\",\"Europa\"],\"inLanguage\":\"es\"},{\"@type\":\"WebPage\",\"@id\":\"https:\/\/www.pressenza.com\/es\/2022\/06\/ministra-patel-no-extradite-a-julian-assange-liberelo\/\",\"url\":\"https:\/\/www.pressenza.com\/es\/2022\/06\/ministra-patel-no-extradite-a-julian-assange-liberelo\/\",\"name\":\"Ministra Patel: \u00a1no extradite a Julian Assange! \u00a1Lib\u00e9relo!\",\"isPartOf\":{\"@id\":\"https:\/\/www.pressenza.com\/es\/#website\"},\"primaryImageOfPage\":{\"@id\":\"https:\/\/www.pressenza.com\/es\/2022\/06\/ministra-patel-no-extradite-a-julian-assange-liberelo\/#primaryimage\"},\"image\":{\"@id\":\"https:\/\/www.pressenza.com\/es\/2022\/06\/ministra-patel-no-extradite-a-julian-assange-liberelo\/#primaryimage\"},\"thumbnailUrl\":\"https:\/\/www.pressenza.com\/wp-content\/uploads\/2022\/06\/by-Alisdare-Hickson.jpg\",\"datePublished\":\"2022-06-15T15:15:02+00:00\",\"description\":\"El colectivo Doctors for Assange, constituido a fines de 2019, est\u00e1 integrado por m\u00e1s de 300 m\u00e9dicos de todo el mundo. En sus propias palabras, su\",\"breadcrumb\":{\"@id\":\"https:\/\/www.pressenza.com\/es\/2022\/06\/ministra-patel-no-extradite-a-julian-assange-liberelo\/#breadcrumb\"},\"inLanguage\":\"es\",\"potentialAction\":[{\"@type\":\"ReadAction\",\"target\":[\"https:\/\/www.pressenza.com\/es\/2022\/06\/ministra-patel-no-extradite-a-julian-assange-liberelo\/\"]}]},{\"@type\":\"ImageObject\",\"inLanguage\":\"es\",\"@id\":\"https:\/\/www.pressenza.com\/es\/2022\/06\/ministra-patel-no-extradite-a-julian-assange-liberelo\/#primaryimage\",\"url\":\"https:\/\/www.pressenza.com\/wp-content\/uploads\/2022\/06\/by-Alisdare-Hickson.jpg\",\"contentUrl\":\"https:\/\/www.pressenza.com\/wp-content\/uploads\/2022\/06\/by-Alisdare-Hickson.jpg\",\"width\":820,\"height\":461},{\"@type\":\"BreadcrumbList\",\"@id\":\"https:\/\/www.pressenza.com\/es\/2022\/06\/ministra-patel-no-extradite-a-julian-assange-liberelo\/#breadcrumb\",\"itemListElement\":[{\"@type\":\"ListItem\",\"position\":1,\"name\":\"Accueil\",\"item\":\"https:\/\/www.pressenza.com\/es\/\"},{\"@type\":\"ListItem\",\"position\":2,\"name\":\"Ministra Patel: \u00a1no extradite a Julian Assange! \u00a1Lib\u00e9relo!\"}]},{\"@type\":\"WebSite\",\"@id\":\"https:\/\/www.pressenza.com\/es\/#website\",\"url\":\"https:\/\/www.pressenza.com\/es\/\",\"name\":\"Pressenza\",\"description\":\"International Press Agency\",\"publisher\":{\"@id\":\"https:\/\/www.pressenza.com\/es\/#organization\"},\"potentialAction\":[{\"@type\":\"SearchAction\",\"target\":{\"@type\":\"EntryPoint\",\"urlTemplate\":\"https:\/\/www.pressenza.com\/es\/?s={search_term_string}\"},\"query-input\":{\"@type\":\"PropertyValueSpecification\",\"valueRequired\":true,\"valueName\":\"search_term_string\"}}],\"inLanguage\":\"es\"},{\"@type\":\"Organization\",\"@id\":\"https:\/\/www.pressenza.com\/es\/#organization\",\"name\":\"Pressenza\",\"url\":\"https:\/\/www.pressenza.com\/es\/\",\"logo\":{\"@type\":\"ImageObject\",\"inLanguage\":\"es\",\"@id\":\"https:\/\/www.pressenza.com\/es\/#\/schema\/logo\/image\/\",\"url\":\"https:\/\/www.pressenza.com\/wp-content\/uploads\/2022\/10\/pressenza_logo_200x200.jpg\",\"contentUrl\":\"https:\/\/www.pressenza.com\/wp-content\/uploads\/2022\/10\/pressenza_logo_200x200.jpg\",\"width\":200,\"height\":200,\"caption\":\"Pressenza\"},\"image\":{\"@id\":\"https:\/\/www.pressenza.com\/es\/#\/schema\/logo\/image\/\"},\"sameAs\":[\"https:\/\/www.facebook.com\/PressenzaItalia\",\"https:\/\/x.com\/PressenzaIPA\"]},{\"@type\":\"Person\",\"@id\":\"https:\/\/www.pressenza.com\/es\/#\/schema\/person\/010e5d02bcf40965427a1289a4cc8d75\",\"name\":\"Pressenza IPA\",\"description\":\"News from Pressenza IPA correspondents\",\"sameAs\":[\"https:\/\/www.facebook.com\/pressenza\",\"https:\/\/x.com\/PressenzaIPA\"],\"url\":\"https:\/\/www.pressenza.com\/es\/author\/pressenza-ipa\/\"}]}<\/script>\n<!-- \/ Yoast SEO plugin. -->","yoast_head_json":{"title":"Ministra Patel: \u00a1no extradite a Julian Assange! \u00a1Lib\u00e9relo!","description":"El colectivo Doctors for Assange, constituido a fines de 2019, est\u00e1 integrado por m\u00e1s de 300 m\u00e9dicos de todo el mundo. En sus propias palabras, su","robots":{"index":"index","follow":"follow","max-snippet":"max-snippet:-1","max-image-preview":"max-image-preview:large","max-video-preview":"max-video-preview:-1"},"canonical":"https:\/\/www.pressenza.com\/es\/2022\/06\/ministra-patel-no-extradite-a-julian-assange-liberelo\/","og_locale":"es_ES","og_type":"article","og_title":"Ministra Patel: \u00a1no extradite a Julian Assange! \u00a1Lib\u00e9relo!","og_description":"El colectivo Doctors for Assange, constituido a fines de 2019, est\u00e1 integrado por m\u00e1s de 300 m\u00e9dicos de todo el mundo. En sus propias palabras, su","og_url":"https:\/\/www.pressenza.com\/es\/2022\/06\/ministra-patel-no-extradite-a-julian-assange-liberelo\/","og_site_name":"Pressenza","article_publisher":"https:\/\/www.facebook.com\/PressenzaItalia","article_author":"https:\/\/www.facebook.com\/pressenza","article_published_time":"2022-06-15T15:15:02+00:00","og_image":[{"width":820,"height":461,"url":"https:\/\/www.pressenza.com\/wp-content\/uploads\/2022\/06\/by-Alisdare-Hickson.jpg","type":"image\/jpeg"}],"author":"Pressenza IPA","twitter_card":"summary_large_image","twitter_creator":"@PressenzaIPA","twitter_site":"@PressenzaIPA","twitter_misc":{"Escrito por":"Pressenza IPA","Tiempo de lectura":"4 minutos"},"schema":{"@context":"https:\/\/schema.org","@graph":[{"@type":"Article","@id":"https:\/\/www.pressenza.com\/es\/2022\/06\/ministra-patel-no-extradite-a-julian-assange-liberelo\/#article","isPartOf":{"@id":"https:\/\/www.pressenza.com\/es\/2022\/06\/ministra-patel-no-extradite-a-julian-assange-liberelo\/"},"author":{"name":"Pressenza IPA","@id":"https:\/\/www.pressenza.com\/es\/#\/schema\/person\/010e5d02bcf40965427a1289a4cc8d75"},"headline":"Ministra Patel: \u00a1no extradite a Julian Assange! \u00a1Lib\u00e9relo!","datePublished":"2022-06-15T15:15:02+00:00","mainEntityOfPage":{"@id":"https:\/\/www.pressenza.com\/es\/2022\/06\/ministra-patel-no-extradite-a-julian-assange-liberelo\/"},"wordCount":777,"publisher":{"@id":"https:\/\/www.pressenza.com\/es\/#organization"},"image":{"@id":"https:\/\/www.pressenza.com\/es\/2022\/06\/ministra-patel-no-extradite-a-julian-assange-liberelo\/#primaryimage"},"thumbnailUrl":"https:\/\/www.pressenza.com\/wp-content\/uploads\/2022\/06\/by-Alisdare-Hickson.jpg","keywords":["#Assange","Australia","Libertad de expresi\u00f3n","Priti Patel","Reino Unido"],"articleSection":["Asuntos internacionales","Comunicados de Prensa","Cultura y Medios","Derechos Humanos","Europa"],"inLanguage":"es"},{"@type":"WebPage","@id":"https:\/\/www.pressenza.com\/es\/2022\/06\/ministra-patel-no-extradite-a-julian-assange-liberelo\/","url":"https:\/\/www.pressenza.com\/es\/2022\/06\/ministra-patel-no-extradite-a-julian-assange-liberelo\/","name":"Ministra Patel: \u00a1no extradite a Julian Assange! \u00a1Lib\u00e9relo!","isPartOf":{"@id":"https:\/\/www.pressenza.com\/es\/#website"},"primaryImageOfPage":{"@id":"https:\/\/www.pressenza.com\/es\/2022\/06\/ministra-patel-no-extradite-a-julian-assange-liberelo\/#primaryimage"},"image":{"@id":"https:\/\/www.pressenza.com\/es\/2022\/06\/ministra-patel-no-extradite-a-julian-assange-liberelo\/#primaryimage"},"thumbnailUrl":"https:\/\/www.pressenza.com\/wp-content\/uploads\/2022\/06\/by-Alisdare-Hickson.jpg","datePublished":"2022-06-15T15:15:02+00:00","description":"El colectivo Doctors for Assange, constituido a fines de 2019, est\u00e1 integrado por m\u00e1s de 300 m\u00e9dicos de todo el mundo. En sus propias palabras, su","breadcrumb":{"@id":"https:\/\/www.pressenza.com\/es\/2022\/06\/ministra-patel-no-extradite-a-julian-assange-liberelo\/#breadcrumb"},"inLanguage":"es","potentialAction":[{"@type":"ReadAction","target":["https:\/\/www.pressenza.com\/es\/2022\/06\/ministra-patel-no-extradite-a-julian-assange-liberelo\/"]}]},{"@type":"ImageObject","inLanguage":"es","@id":"https:\/\/www.pressenza.com\/es\/2022\/06\/ministra-patel-no-extradite-a-julian-assange-liberelo\/#primaryimage","url":"https:\/\/www.pressenza.com\/wp-content\/uploads\/2022\/06\/by-Alisdare-Hickson.jpg","contentUrl":"https:\/\/www.pressenza.com\/wp-content\/uploads\/2022\/06\/by-Alisdare-Hickson.jpg","width":820,"height":461},{"@type":"BreadcrumbList","@id":"https:\/\/www.pressenza.com\/es\/2022\/06\/ministra-patel-no-extradite-a-julian-assange-liberelo\/#breadcrumb","itemListElement":[{"@type":"ListItem","position":1,"name":"Accueil","item":"https:\/\/www.pressenza.com\/es\/"},{"@type":"ListItem","position":2,"name":"Ministra Patel: \u00a1no extradite a Julian Assange! \u00a1Lib\u00e9relo!"}]},{"@type":"WebSite","@id":"https:\/\/www.pressenza.com\/es\/#website","url":"https:\/\/www.pressenza.com\/es\/","name":"Pressenza","description":"International Press Agency","publisher":{"@id":"https:\/\/www.pressenza.com\/es\/#organization"},"potentialAction":[{"@type":"SearchAction","target":{"@type":"EntryPoint","urlTemplate":"https:\/\/www.pressenza.com\/es\/?s={search_term_string}"},"query-input":{"@type":"PropertyValueSpecification","valueRequired":true,"valueName":"search_term_string"}}],"inLanguage":"es"},{"@type":"Organization","@id":"https:\/\/www.pressenza.com\/es\/#organization","name":"Pressenza","url":"https:\/\/www.pressenza.com\/es\/","logo":{"@type":"ImageObject","inLanguage":"es","@id":"https:\/\/www.pressenza.com\/es\/#\/schema\/logo\/image\/","url":"https:\/\/www.pressenza.com\/wp-content\/uploads\/2022\/10\/pressenza_logo_200x200.jpg","contentUrl":"https:\/\/www.pressenza.com\/wp-content\/uploads\/2022\/10\/pressenza_logo_200x200.jpg","width":200,"height":200,"caption":"Pressenza"},"image":{"@id":"https:\/\/www.pressenza.com\/es\/#\/schema\/logo\/image\/"},"sameAs":["https:\/\/www.facebook.com\/PressenzaItalia","https:\/\/x.com\/PressenzaIPA"]},{"@type":"Person","@id":"https:\/\/www.pressenza.com\/es\/#\/schema\/person\/010e5d02bcf40965427a1289a4cc8d75","name":"Pressenza IPA","description":"News from Pressenza IPA correspondents","sameAs":["https:\/\/www.facebook.com\/pressenza","https:\/\/x.com\/PressenzaIPA"],"url":"https:\/\/www.pressenza.com\/es\/author\/pressenza-ipa\/"}]}},"place":"Londres, Reino Unido","original_article_url":"https:\/\/doctorsforassange.org\/letter-to-priti-patel-mp-home-secretary-of-the-united-kingdom\/","_links":{"self":[{"href":"https:\/\/www.pressenza.com\/es\/wp-json\/wp\/v2\/posts\/1604841","targetHints":{"allow":["GET"]}}],"collection":[{"href":"https:\/\/www.pressenza.com\/es\/wp-json\/wp\/v2\/posts"}],"about":[{"href":"https:\/\/www.pressenza.com\/es\/wp-json\/wp\/v2\/types\/post"}],"author":[{"embeddable":true,"href":"https:\/\/www.pressenza.com\/es\/wp-json\/wp\/v2\/users\/19"}],"replies":[{"embeddable":true,"href":"https:\/\/www.pressenza.com\/es\/wp-json\/wp\/v2\/comments?post=1604841"}],"version-history":[{"count":0,"href":"https:\/\/www.pressenza.com\/es\/wp-json\/wp\/v2\/posts\/1604841\/revisions"}],"wp:featuredmedia":[{"embeddable":true,"href":"https:\/\/www.pressenza.com\/es\/wp-json\/wp\/v2\/media\/1604970"}],"wp:attachment":[{"href":"https:\/\/www.pressenza.com\/es\/wp-json\/wp\/v2\/media?parent=1604841"}],"wp:term":[{"taxonomy":"category","embeddable":true,"href":"https:\/\/www.pressenza.com\/es\/wp-json\/wp\/v2\/categories?post=1604841"},{"taxonomy":"post_tag","embeddable":true,"href":"https:\/\/www.pressenza.com\/es\/wp-json\/wp\/v2\/tags?post=1604841"}],"curies":[{"name":"wp","href":"https:\/\/api.w.org\/{rel}","templated":true}]}}