{"id":16045,"date":"2012-09-08T20:19:18","date_gmt":"2012-09-08T20:19:18","guid":{"rendered":"http:\/\/www.pressenza.com\/?p=16045"},"modified":"2012-09-09T19:14:30","modified_gmt":"2012-09-09T19:14:30","slug":"puertos-libres-para-bolivia","status":"publish","type":"post","link":"https:\/\/www.pressenza.com\/es\/2012\/09\/puertos-libres-para-bolivia\/","title":{"rendered":"Puertos libres para Bolivia"},"content":{"rendered":"<p>Conde inform\u00f3 que\u00a0 Uruguay analizar\u00e1 la solicitud de Bolivia, para facilitar el acceso al mercado uruguayo de los textiles de pelo fino.<\/p>\n<p>El Vicecanciller uruguayo explic\u00f3 tambi\u00e9n que se abordaron temas relacionados con la Cuenca del Plata, organismo que est\u00e1 integrado por Brasil, Argentina, Paraguay, Bolivia y Uruguay, con la idea de que se elaboren programas de preservaci\u00f3n, tomando en cuenta que en la regi\u00f3n se producen m\u00e1s de 250 millones de toneladas de grano, una gran parte de la alimentaci\u00f3n del mundo.<\/p>\n<p>\u201cDepende de que nosotros cuidemos bien nuestros suelos y nuestra agua, y para eso tenemos que hacer trabajos de investigaci\u00f3n de los efectos del cambio clim\u00e1tico, tenemos que proteger las aguas de la contaminaci\u00f3n y evitar el deterioro de nuestros suelos, y esto no lo podemos hacer solos sino en conjunto para bien de todos\u201d, argument\u00f3.<\/p>\n<p>Por su parte, el Vicecanciller boliviano dijo que el tema de la cooperaci\u00f3n portuaria es un hecho muy importante para Bolivia, porque facilitar\u00e1 la presencia boliviana en el Oc\u00e9ano Atl\u00e1ntico y asegur\u00f3 que \u201csolidariza la injusta perdida\u201d del acceso al Oc\u00e9ano Pacifico en una guerra territorial con Chile.<\/p>\n<p>Alurralde, inform\u00f3 que en la reuni\u00f3n bilateral se trabajaron temas de cooperaci\u00f3n agropecuaria, salud, integraci\u00f3n f\u00edsica, energ\u00e9tica, fluvial, comerciales, culturales, migratorios tur\u00edsticos, pol\u00edticos sociales y de defensa, entre otros.<\/p>\n","protected":false},"excerpt":{"rendered":"<p>Conde inform\u00f3 que\u00a0 Uruguay analizar\u00e1 la solicitud de Bolivia, para facilitar el acceso al mercado uruguayo de los textiles de pelo fino. El Vicecanciller uruguayo explic\u00f3 tambi\u00e9n que se abordaron temas relacionados con la Cuenca del Plata, organismo que est\u00e1&hellip;<\/p>\n","protected":false},"author":640,"featured_media":16069,"comment_status":"closed","ping_status":"open","sticky":false,"template":"","format":"standard","meta":{"footnotes":""},"categories":[76,67],"tags":[],"class_list":["post-16045","post","type-post","status-publish","format-standard","has-post-thumbnail","hentry","category-relaciones-exteriores","category-sudamerica"],"yoast_head":"<!-- This site is optimized with the Yoast SEO plugin v27.1.1 - https:\/\/yoast.com\/product\/yoast-seo-wordpress\/ -->\n<title>Puertos libres para Bolivia<\/title>\n<meta name=\"description\" content=\"Conde inform\u00f3 que\u00a0 Uruguay analizar\u00e1 la solicitud de Bolivia, para facilitar el acceso al mercado uruguayo de los textiles de pelo fino. El Vicecanciller\" \/>\n<meta name=\"robots\" content=\"index, follow, max-snippet:-1, max-image-preview:large, max-video-preview:-1\" \/>\n<link rel=\"canonical\" href=\"https:\/\/www.pressenza.com\/es\/2012\/09\/puertos-libres-para-bolivia\/\" \/>\n<meta property=\"og:locale\" content=\"es_ES\" \/>\n<meta property=\"og:type\" content=\"article\" \/>\n<meta property=\"og:title\" content=\"Puertos libres para Bolivia\" \/>\n<meta property=\"og:description\" content=\"Conde inform\u00f3 que\u00a0 Uruguay analizar\u00e1 la solicitud de Bolivia, para facilitar el acceso al mercado uruguayo de los textiles de pelo fino. El Vicecanciller\" \/>\n<meta property=\"og:url\" content=\"https:\/\/www.pressenza.com\/es\/2012\/09\/puertos-libres-para-bolivia\/\" \/>\n<meta property=\"og:site_name\" content=\"Pressenza\" \/>\n<meta property=\"article:publisher\" content=\"https:\/\/www.facebook.com\/PressenzaItalia\" \/>\n<meta property=\"article:author\" content=\"https:\/\/www.facebook.com\/AgenciasUlan\" \/>\n<meta property=\"article:published_time\" content=\"2012-09-08T20:19:18+00:00\" \/>\n<meta property=\"article:modified_time\" content=\"2012-09-09T19:14:30+00:00\" \/>\n<meta property=\"og:image\" content=\"https:\/\/www.pressenza.com\/wp-content\/uploads\/2012\/09\/PuertoLibreBolivia.jpg\" \/>\n\t<meta property=\"og:image:width\" content=\"287\" \/>\n\t<meta property=\"og:image:height\" content=\"175\" \/>\n\t<meta property=\"og:image:type\" content=\"image\/jpeg\" \/>\n<meta name=\"author\" content=\"Uni\u00f3n Latinoamericana de Agencias de Noticias\" \/>\n<meta name=\"twitter:card\" content=\"summary_large_image\" \/>\n<meta name=\"twitter:creator\" content=\"@agenciasulan\" \/>\n<meta name=\"twitter:site\" content=\"@PressenzaIPA\" \/>\n<meta name=\"twitter:label1\" content=\"Escrito por\" \/>\n\t<meta name=\"twitter:data1\" content=\"Uni\u00f3n Latinoamericana de Agencias de Noticias\" \/>\n\t<meta name=\"twitter:label2\" content=\"Tiempo de lectura\" \/>\n\t<meta name=\"twitter:data2\" content=\"1 minuto\" \/>\n<script type=\"application\/ld+json\" class=\"yoast-schema-graph\">{\"@context\":\"https:\/\/schema.org\",\"@graph\":[{\"@type\":\"Article\",\"@id\":\"https:\/\/www.pressenza.com\/es\/2012\/09\/puertos-libres-para-bolivia\/#article\",\"isPartOf\":{\"@id\":\"https:\/\/www.pressenza.com\/es\/2012\/09\/puertos-libres-para-bolivia\/\"},\"author\":{\"name\":\"Uni\u00f3n Latinoamericana de Agencias de Noticias\",\"@id\":\"https:\/\/www.pressenza.com\/es\/#\/schema\/person\/a9efe8d7b19eb4689fcbcb71bc21dba6\"},\"headline\":\"Puertos libres para Bolivia\",\"datePublished\":\"2012-09-08T20:19:18+00:00\",\"dateModified\":\"2012-09-09T19:14:30+00:00\",\"mainEntityOfPage\":{\"@id\":\"https:\/\/www.pressenza.com\/es\/2012\/09\/puertos-libres-para-bolivia\/\"},\"wordCount\":238,\"publisher\":{\"@id\":\"https:\/\/www.pressenza.com\/es\/#organization\"},\"image\":{\"@id\":\"https:\/\/www.pressenza.com\/es\/2012\/09\/puertos-libres-para-bolivia\/#primaryimage\"},\"thumbnailUrl\":\"https:\/\/www.pressenza.com\/wp-content\/uploads\/2012\/09\/PuertoLibreBolivia.jpg\",\"articleSection\":[\"Asuntos internacionales\",\"Sudam\u00e9rica\"],\"inLanguage\":\"es\"},{\"@type\":\"WebPage\",\"@id\":\"https:\/\/www.pressenza.com\/es\/2012\/09\/puertos-libres-para-bolivia\/\",\"url\":\"https:\/\/www.pressenza.com\/es\/2012\/09\/puertos-libres-para-bolivia\/\",\"name\":\"Puertos libres para Bolivia\",\"isPartOf\":{\"@id\":\"https:\/\/www.pressenza.com\/es\/#website\"},\"primaryImageOfPage\":{\"@id\":\"https:\/\/www.pressenza.com\/es\/2012\/09\/puertos-libres-para-bolivia\/#primaryimage\"},\"image\":{\"@id\":\"https:\/\/www.pressenza.com\/es\/2012\/09\/puertos-libres-para-bolivia\/#primaryimage\"},\"thumbnailUrl\":\"https:\/\/www.pressenza.com\/wp-content\/uploads\/2012\/09\/PuertoLibreBolivia.jpg\",\"datePublished\":\"2012-09-08T20:19:18+00:00\",\"dateModified\":\"2012-09-09T19:14:30+00:00\",\"description\":\"Conde inform\u00f3 que\u00a0 Uruguay analizar\u00e1 la solicitud de Bolivia, para facilitar el acceso al mercado uruguayo de los textiles de pelo fino. El Vicecanciller\",\"breadcrumb\":{\"@id\":\"https:\/\/www.pressenza.com\/es\/2012\/09\/puertos-libres-para-bolivia\/#breadcrumb\"},\"inLanguage\":\"es\",\"potentialAction\":[{\"@type\":\"ReadAction\",\"target\":[\"https:\/\/www.pressenza.com\/es\/2012\/09\/puertos-libres-para-bolivia\/\"]}]},{\"@type\":\"ImageObject\",\"inLanguage\":\"es\",\"@id\":\"https:\/\/www.pressenza.com\/es\/2012\/09\/puertos-libres-para-bolivia\/#primaryimage\",\"url\":\"https:\/\/www.pressenza.com\/wp-content\/uploads\/2012\/09\/PuertoLibreBolivia.jpg\",\"contentUrl\":\"https:\/\/www.pressenza.com\/wp-content\/uploads\/2012\/09\/PuertoLibreBolivia.jpg\",\"width\":\"287\",\"height\":\"175\"},{\"@type\":\"BreadcrumbList\",\"@id\":\"https:\/\/www.pressenza.com\/es\/2012\/09\/puertos-libres-para-bolivia\/#breadcrumb\",\"itemListElement\":[{\"@type\":\"ListItem\",\"position\":1,\"name\":\"Accueil\",\"item\":\"https:\/\/www.pressenza.com\/es\/\"},{\"@type\":\"ListItem\",\"position\":2,\"name\":\"Puertos libres para Bolivia\"}]},{\"@type\":\"WebSite\",\"@id\":\"https:\/\/www.pressenza.com\/es\/#website\",\"url\":\"https:\/\/www.pressenza.com\/es\/\",\"name\":\"Pressenza\",\"description\":\"International Press Agency\",\"publisher\":{\"@id\":\"https:\/\/www.pressenza.com\/es\/#organization\"},\"potentialAction\":[{\"@type\":\"SearchAction\",\"target\":{\"@type\":\"EntryPoint\",\"urlTemplate\":\"https:\/\/www.pressenza.com\/es\/?s={search_term_string}\"},\"query-input\":{\"@type\":\"PropertyValueSpecification\",\"valueRequired\":true,\"valueName\":\"search_term_string\"}}],\"inLanguage\":\"es\"},{\"@type\":\"Organization\",\"@id\":\"https:\/\/www.pressenza.com\/es\/#organization\",\"name\":\"Pressenza\",\"url\":\"https:\/\/www.pressenza.com\/es\/\",\"logo\":{\"@type\":\"ImageObject\",\"inLanguage\":\"es\",\"@id\":\"https:\/\/www.pressenza.com\/es\/#\/schema\/logo\/image\/\",\"url\":\"https:\/\/www.pressenza.com\/wp-content\/uploads\/2022\/10\/pressenza_logo_200x200.jpg\",\"contentUrl\":\"https:\/\/www.pressenza.com\/wp-content\/uploads\/2022\/10\/pressenza_logo_200x200.jpg\",\"width\":200,\"height\":200,\"caption\":\"Pressenza\"},\"image\":{\"@id\":\"https:\/\/www.pressenza.com\/es\/#\/schema\/logo\/image\/\"},\"sameAs\":[\"https:\/\/www.facebook.com\/PressenzaItalia\",\"https:\/\/x.com\/PressenzaIPA\"]},{\"@type\":\"Person\",\"@id\":\"https:\/\/www.pressenza.com\/es\/#\/schema\/person\/a9efe8d7b19eb4689fcbcb71bc21dba6\",\"name\":\"Uni\u00f3n Latinoamericana de Agencias de Noticias\",\"description\":\"Una asociaci\u00f3n supranacional que re\u00fane a las agencias de noticias de Am\u00e9rica Latina y el Caribe. agenciasulan.org\",\"sameAs\":[\"https:\/\/www.facebook.com\/AgenciasUlan\",\"https:\/\/x.com\/agenciasulan\"],\"url\":\"https:\/\/www.pressenza.com\/es\/author\/union-latinoamericana-de-agencias-de-noticias\/\"}]}<\/script>\n<!-- \/ Yoast SEO plugin. -->","yoast_head_json":{"title":"Puertos libres para Bolivia","description":"Conde inform\u00f3 que\u00a0 Uruguay analizar\u00e1 la solicitud de Bolivia, para facilitar el acceso al mercado uruguayo de los textiles de pelo fino. El Vicecanciller","robots":{"index":"index","follow":"follow","max-snippet":"max-snippet:-1","max-image-preview":"max-image-preview:large","max-video-preview":"max-video-preview:-1"},"canonical":"https:\/\/www.pressenza.com\/es\/2012\/09\/puertos-libres-para-bolivia\/","og_locale":"es_ES","og_type":"article","og_title":"Puertos libres para Bolivia","og_description":"Conde inform\u00f3 que\u00a0 Uruguay analizar\u00e1 la solicitud de Bolivia, para facilitar el acceso al mercado uruguayo de los textiles de pelo fino. El Vicecanciller","og_url":"https:\/\/www.pressenza.com\/es\/2012\/09\/puertos-libres-para-bolivia\/","og_site_name":"Pressenza","article_publisher":"https:\/\/www.facebook.com\/PressenzaItalia","article_author":"https:\/\/www.facebook.com\/AgenciasUlan","article_published_time":"2012-09-08T20:19:18+00:00","article_modified_time":"2012-09-09T19:14:30+00:00","og_image":[{"width":287,"height":175,"url":"https:\/\/www.pressenza.com\/wp-content\/uploads\/2012\/09\/PuertoLibreBolivia.jpg","type":"image\/jpeg"}],"author":"Uni\u00f3n Latinoamericana de Agencias de Noticias","twitter_card":"summary_large_image","twitter_creator":"@agenciasulan","twitter_site":"@PressenzaIPA","twitter_misc":{"Escrito por":"Uni\u00f3n Latinoamericana de Agencias de Noticias","Tiempo de lectura":"1 minuto"},"schema":{"@context":"https:\/\/schema.org","@graph":[{"@type":"Article","@id":"https:\/\/www.pressenza.com\/es\/2012\/09\/puertos-libres-para-bolivia\/#article","isPartOf":{"@id":"https:\/\/www.pressenza.com\/es\/2012\/09\/puertos-libres-para-bolivia\/"},"author":{"name":"Uni\u00f3n Latinoamericana de Agencias de Noticias","@id":"https:\/\/www.pressenza.com\/es\/#\/schema\/person\/a9efe8d7b19eb4689fcbcb71bc21dba6"},"headline":"Puertos libres para Bolivia","datePublished":"2012-09-08T20:19:18+00:00","dateModified":"2012-09-09T19:14:30+00:00","mainEntityOfPage":{"@id":"https:\/\/www.pressenza.com\/es\/2012\/09\/puertos-libres-para-bolivia\/"},"wordCount":238,"publisher":{"@id":"https:\/\/www.pressenza.com\/es\/#organization"},"image":{"@id":"https:\/\/www.pressenza.com\/es\/2012\/09\/puertos-libres-para-bolivia\/#primaryimage"},"thumbnailUrl":"https:\/\/www.pressenza.com\/wp-content\/uploads\/2012\/09\/PuertoLibreBolivia.jpg","articleSection":["Asuntos internacionales","Sudam\u00e9rica"],"inLanguage":"es"},{"@type":"WebPage","@id":"https:\/\/www.pressenza.com\/es\/2012\/09\/puertos-libres-para-bolivia\/","url":"https:\/\/www.pressenza.com\/es\/2012\/09\/puertos-libres-para-bolivia\/","name":"Puertos libres para Bolivia","isPartOf":{"@id":"https:\/\/www.pressenza.com\/es\/#website"},"primaryImageOfPage":{"@id":"https:\/\/www.pressenza.com\/es\/2012\/09\/puertos-libres-para-bolivia\/#primaryimage"},"image":{"@id":"https:\/\/www.pressenza.com\/es\/2012\/09\/puertos-libres-para-bolivia\/#primaryimage"},"thumbnailUrl":"https:\/\/www.pressenza.com\/wp-content\/uploads\/2012\/09\/PuertoLibreBolivia.jpg","datePublished":"2012-09-08T20:19:18+00:00","dateModified":"2012-09-09T19:14:30+00:00","description":"Conde inform\u00f3 que\u00a0 Uruguay analizar\u00e1 la solicitud de Bolivia, para facilitar el acceso al mercado uruguayo de los textiles de pelo fino. El Vicecanciller","breadcrumb":{"@id":"https:\/\/www.pressenza.com\/es\/2012\/09\/puertos-libres-para-bolivia\/#breadcrumb"},"inLanguage":"es","potentialAction":[{"@type":"ReadAction","target":["https:\/\/www.pressenza.com\/es\/2012\/09\/puertos-libres-para-bolivia\/"]}]},{"@type":"ImageObject","inLanguage":"es","@id":"https:\/\/www.pressenza.com\/es\/2012\/09\/puertos-libres-para-bolivia\/#primaryimage","url":"https:\/\/www.pressenza.com\/wp-content\/uploads\/2012\/09\/PuertoLibreBolivia.jpg","contentUrl":"https:\/\/www.pressenza.com\/wp-content\/uploads\/2012\/09\/PuertoLibreBolivia.jpg","width":"287","height":"175"},{"@type":"BreadcrumbList","@id":"https:\/\/www.pressenza.com\/es\/2012\/09\/puertos-libres-para-bolivia\/#breadcrumb","itemListElement":[{"@type":"ListItem","position":1,"name":"Accueil","item":"https:\/\/www.pressenza.com\/es\/"},{"@type":"ListItem","position":2,"name":"Puertos libres para Bolivia"}]},{"@type":"WebSite","@id":"https:\/\/www.pressenza.com\/es\/#website","url":"https:\/\/www.pressenza.com\/es\/","name":"Pressenza","description":"International Press Agency","publisher":{"@id":"https:\/\/www.pressenza.com\/es\/#organization"},"potentialAction":[{"@type":"SearchAction","target":{"@type":"EntryPoint","urlTemplate":"https:\/\/www.pressenza.com\/es\/?s={search_term_string}"},"query-input":{"@type":"PropertyValueSpecification","valueRequired":true,"valueName":"search_term_string"}}],"inLanguage":"es"},{"@type":"Organization","@id":"https:\/\/www.pressenza.com\/es\/#organization","name":"Pressenza","url":"https:\/\/www.pressenza.com\/es\/","logo":{"@type":"ImageObject","inLanguage":"es","@id":"https:\/\/www.pressenza.com\/es\/#\/schema\/logo\/image\/","url":"https:\/\/www.pressenza.com\/wp-content\/uploads\/2022\/10\/pressenza_logo_200x200.jpg","contentUrl":"https:\/\/www.pressenza.com\/wp-content\/uploads\/2022\/10\/pressenza_logo_200x200.jpg","width":200,"height":200,"caption":"Pressenza"},"image":{"@id":"https:\/\/www.pressenza.com\/es\/#\/schema\/logo\/image\/"},"sameAs":["https:\/\/www.facebook.com\/PressenzaItalia","https:\/\/x.com\/PressenzaIPA"]},{"@type":"Person","@id":"https:\/\/www.pressenza.com\/es\/#\/schema\/person\/a9efe8d7b19eb4689fcbcb71bc21dba6","name":"Uni\u00f3n Latinoamericana de Agencias de Noticias","description":"Una asociaci\u00f3n supranacional que re\u00fane a las agencias de noticias de Am\u00e9rica Latina y el Caribe. agenciasulan.org","sameAs":["https:\/\/www.facebook.com\/AgenciasUlan","https:\/\/x.com\/agenciasulan"],"url":"https:\/\/www.pressenza.com\/es\/author\/union-latinoamericana-de-agencias-de-noticias\/"}]}},"place":"Montevideo","original_article_url":"","_links":{"self":[{"href":"https:\/\/www.pressenza.com\/es\/wp-json\/wp\/v2\/posts\/16045","targetHints":{"allow":["GET"]}}],"collection":[{"href":"https:\/\/www.pressenza.com\/es\/wp-json\/wp\/v2\/posts"}],"about":[{"href":"https:\/\/www.pressenza.com\/es\/wp-json\/wp\/v2\/types\/post"}],"author":[{"embeddable":true,"href":"https:\/\/www.pressenza.com\/es\/wp-json\/wp\/v2\/users\/640"}],"replies":[{"embeddable":true,"href":"https:\/\/www.pressenza.com\/es\/wp-json\/wp\/v2\/comments?post=16045"}],"version-history":[{"count":0,"href":"https:\/\/www.pressenza.com\/es\/wp-json\/wp\/v2\/posts\/16045\/revisions"}],"wp:featuredmedia":[{"embeddable":true,"href":"https:\/\/www.pressenza.com\/es\/wp-json\/wp\/v2\/media\/16069"}],"wp:attachment":[{"href":"https:\/\/www.pressenza.com\/es\/wp-json\/wp\/v2\/media?parent=16045"}],"wp:term":[{"taxonomy":"category","embeddable":true,"href":"https:\/\/www.pressenza.com\/es\/wp-json\/wp\/v2\/categories?post=16045"},{"taxonomy":"post_tag","embeddable":true,"href":"https:\/\/www.pressenza.com\/es\/wp-json\/wp\/v2\/tags?post=16045"}],"curies":[{"name":"wp","href":"https:\/\/api.w.org\/{rel}","templated":true}]}}