{"id":1604321,"date":"2022-06-15T02:26:55","date_gmt":"2022-06-15T01:26:55","guid":{"rendered":"https:\/\/www.pressenza.com\/?p=1604321"},"modified":"2022-06-15T02:26:55","modified_gmt":"2022-06-15T01:26:55","slug":"comunicado-de-la-comunidad-mapuche-tehuelche-nahuelpan","status":"publish","type":"post","link":"https:\/\/www.pressenza.com\/es\/2022\/06\/comunicado-de-la-comunidad-mapuche-tehuelche-nahuelpan\/","title":{"rendered":"Comunicado de la Comunidad Mapuche Tehuelche Nahuelpan"},"content":{"rendered":"<p>Boquete Nahuelpan (Esquel-Chubut) Puelmapu Territorio ancestral Mapuche<br \/>\n13 junio de 2022<\/p>\n<p>Al Pueblo Mapuche Tehuelche<br \/>\nA las y los que luchan por un mundo m\u00e1s respirable<br \/>\nA la sociedad civil<\/p>\n<p>Marimari kompuche.<\/p>\n<p>Dec\u00eda Foucault: \u00abel soberano no ejerce su derecho sobre la vida sino haciendo valer su derecho de matar, o reteni\u00e9ndolo; no deja constancia de su poder sobre la vida sino por la muerte que est\u00e1 en condiciones de exigir\u00bb (Foucault 1976) \u201chacer vivir dejar morir\u201d.<\/p>\n<p>Hace 13 a\u00f1os atr\u00e1s el gobierno municipal de la ciudad de Esquel resolvi\u00f3 instalar un basurero a metros de los l\u00edmites de nuestra comunidad, violando nuestros derechos territoriales. Excluyeron la consulta previa libre e informada, consulta que est\u00e1 establecida en los derechos que el propio estado se comprometi\u00f3 en hacer cumplir. Toneladas y toneladas de basura que es tra\u00edda de la ciudad de Esquel, Trevelin y de Parque Nacional Los Alerces son depositadas en una planta de tratamiento de residuos que en la pr\u00e1ctica funciona como un basurero a cielo abierto. A los pocos meses comenzamos a sentir el impacto de la basura en la superficie, en las aguas, en nuestros animales, en nuestro REWE (lugar ceremonial) en nuestras vidas.<\/p>\n<p>Denunciamos en la Justicia Federal esta situaci\u00f3n, el juez federal orden\u00f3 el an\u00e1lisis del agua y los resultados arrojaron que la misma contiene metales pesados (niquel y cobalto) e hidrocarburos. Est\u00e1 contaminada.<\/p>\n<p>Entendimos que estas muestras abrir\u00edan un camino de di\u00e1logo con los Municipios y Parques Nacionales. M\u00e1s de 25 familias, una escuela, un tren que llega varias veces por semana con turistas a la comunidad, nada, nuestras demandas son inaudibles para estos supremacistas Gobiernos que han decidido que Nahuelpan sea una zona de sacrificio. Dejar morir es la decisi\u00f3n.<\/p>\n<p>Sin embargo, eso no va a suceder. Nahuelpan no es el basurero de Esquel. Nahuelpan es una comunidad del Pueblo Mapuche-Tehuelche. Colectivamente hemos decidido defender las fuerzas que habitan este territorio, los pu Nge\u00f1mapu Nge\u00f1ko (fuerzas ordenadoras de la tierra y el agua) escucharon nuestro compromiso en el \u00faltimo Kamaruko levantado en Nahuelpan.<\/p>\n<p>Hoy 13 de junio aut\u00f3noma y colectivamente hemos decidido bloquear la entrada de los camiones que ingresan con basura. Ante la indiferencia, falta de di\u00e1logo, hostigamiento, incumplimiento de la palabra e innumerables faltas de respeto hacia la comunidad y sus integrantes se tom\u00f3 esta decisi\u00f3n irrevocable debido a la urgencia de lo que sucede en el territorio. Lo cual impacta ambiental y geogr\u00e1ficamente nuestra tierra, como as\u00ed tambi\u00e9n la salud f\u00edsica y emocional de quienes aqu\u00ed vivimos.<\/p>\n<p>La medida se sostendr\u00e1 hasta que reconozcamos quienes son los interlocutores del Estado que se sentaran a discutir con nosotros el cierre de este basurero.<\/p>\n<p>Pu Pe\u00f1i ka pu lamuen, compa\u00f1eros y compa\u00f1eras, esta medida que hemos tomado es en defensa no solo de nuestras vidas como Che como personas, sino por todos los existentes del lugar, las fuerzas que nos dan el agua, los animales, la tierra que pisamos, las fuerzas que nos dejan vivir.<\/p>\n<p>Por territorio, justicia y libertad.<\/p>\n<p>\u00a1\u00a1Marici weu!!<\/p>\n<hr \/>\n<p>Contactos: +549 2945682718 | +5492945693602 | +5492945587317<\/p>\n","protected":false},"excerpt":{"rendered":"<p>Boquete Nahuelpan (Esquel-Chubut) Puelmapu Territorio ancestral Mapuche 13 junio de 2022 Al Pueblo Mapuche Tehuelche A las y los que luchan por un mundo m\u00e1s respirable A la sociedad civil Marimari kompuche. Dec\u00eda Foucault: \u00abel soberano no ejerce su derecho&hellip;<\/p>\n","protected":false},"author":1254,"featured_media":1604322,"comment_status":"closed","ping_status":"closed","sticky":false,"template":"","format":"standard","meta":{"footnotes":""},"categories":[149,80,67],"tags":[55176,29014,54082,936,22210,18507],"class_list":["post-1604321","post","type-post","status-publish","format-standard","has-post-thumbnail","hentry","category-comunicados-de-prensa","category-pueblos-originarios","category-sudamerica","tag-chubut-es","tag-esquel","tag-indigenas-es","tag-mapuche-es","tag-pueblos-originarios","tag-territorios"],"yoast_head":"<!-- This site is optimized with the Yoast SEO plugin v27.1.1 - https:\/\/yoast.com\/product\/yoast-seo-wordpress\/ -->\n<title>Comunicado de la Comunidad Mapuche Tehuelche Nahuelpan<\/title>\n<meta name=\"description\" content=\"Boquete Nahuelpan (Esquel-Chubut) Puelmapu Territorio ancestral Mapuche 13 junio de 2022 Al Pueblo Mapuche Tehuelche A las y los que luchan por un mundo\" \/>\n<meta name=\"robots\" content=\"index, follow, max-snippet:-1, max-image-preview:large, max-video-preview:-1\" \/>\n<link rel=\"canonical\" href=\"https:\/\/www.pressenza.com\/es\/2022\/06\/comunicado-de-la-comunidad-mapuche-tehuelche-nahuelpan\/\" \/>\n<meta property=\"og:locale\" content=\"es_ES\" \/>\n<meta property=\"og:type\" content=\"article\" \/>\n<meta property=\"og:title\" content=\"Comunicado de la Comunidad Mapuche Tehuelche Nahuelpan\" \/>\n<meta property=\"og:description\" content=\"Boquete Nahuelpan (Esquel-Chubut) Puelmapu Territorio ancestral Mapuche 13 junio de 2022 Al Pueblo Mapuche Tehuelche A las y los que luchan por un mundo\" \/>\n<meta property=\"og:url\" content=\"https:\/\/www.pressenza.com\/es\/2022\/06\/comunicado-de-la-comunidad-mapuche-tehuelche-nahuelpan\/\" \/>\n<meta property=\"og:site_name\" content=\"Pressenza\" \/>\n<meta property=\"article:publisher\" content=\"https:\/\/www.facebook.com\/PressenzaItalia\" \/>\n<meta property=\"article:author\" content=\"https:\/\/www.facebook.com\/pressenza\" \/>\n<meta property=\"article:published_time\" content=\"2022-06-15T01:26:55+00:00\" \/>\n<meta property=\"og:image\" content=\"https:\/\/www.pressenza.com\/wp-content\/uploads\/2022\/06\/nahuelpan.jpg\" \/>\n\t<meta property=\"og:image:width\" content=\"820\" \/>\n\t<meta property=\"og:image:height\" content=\"469\" \/>\n\t<meta property=\"og:image:type\" content=\"image\/jpeg\" \/>\n<meta name=\"author\" content=\"Redacci\u00f3n Mar del Plata\" \/>\n<meta name=\"twitter:card\" content=\"summary_large_image\" \/>\n<meta name=\"twitter:creator\" content=\"@Pressenza\" \/>\n<meta name=\"twitter:site\" content=\"@PressenzaIPA\" \/>\n<meta name=\"twitter:label1\" content=\"Escrito por\" \/>\n\t<meta name=\"twitter:data1\" content=\"Redacci\u00f3n Mar del Plata\" \/>\n\t<meta name=\"twitter:label2\" content=\"Tiempo de lectura\" \/>\n\t<meta name=\"twitter:data2\" content=\"3 minutos\" \/>\n<script type=\"application\/ld+json\" class=\"yoast-schema-graph\">{\"@context\":\"https:\/\/schema.org\",\"@graph\":[{\"@type\":\"Article\",\"@id\":\"https:\/\/www.pressenza.com\/es\/2022\/06\/comunicado-de-la-comunidad-mapuche-tehuelche-nahuelpan\/#article\",\"isPartOf\":{\"@id\":\"https:\/\/www.pressenza.com\/es\/2022\/06\/comunicado-de-la-comunidad-mapuche-tehuelche-nahuelpan\/\"},\"author\":{\"name\":\"Redacci\u00f3n Mar del Plata\",\"@id\":\"https:\/\/www.pressenza.com\/es\/#\/schema\/person\/738658b5125ecea661a8a0b96dba8b69\"},\"headline\":\"Comunicado de la Comunidad Mapuche Tehuelche Nahuelpan\",\"datePublished\":\"2022-06-15T01:26:55+00:00\",\"mainEntityOfPage\":{\"@id\":\"https:\/\/www.pressenza.com\/es\/2022\/06\/comunicado-de-la-comunidad-mapuche-tehuelche-nahuelpan\/\"},\"wordCount\":527,\"publisher\":{\"@id\":\"https:\/\/www.pressenza.com\/es\/#organization\"},\"image\":{\"@id\":\"https:\/\/www.pressenza.com\/es\/2022\/06\/comunicado-de-la-comunidad-mapuche-tehuelche-nahuelpan\/#primaryimage\"},\"thumbnailUrl\":\"https:\/\/www.pressenza.com\/wp-content\/uploads\/2022\/06\/nahuelpan.jpg\",\"keywords\":[\"Chubut\",\"Esquel\",\"indigenas\",\"mapuche\",\"Pueblos Originarios\",\"territorios\"],\"articleSection\":[\"Comunicados de Prensa\",\"Pueblos Originarios\",\"Sudam\u00e9rica\"],\"inLanguage\":\"es\"},{\"@type\":\"WebPage\",\"@id\":\"https:\/\/www.pressenza.com\/es\/2022\/06\/comunicado-de-la-comunidad-mapuche-tehuelche-nahuelpan\/\",\"url\":\"https:\/\/www.pressenza.com\/es\/2022\/06\/comunicado-de-la-comunidad-mapuche-tehuelche-nahuelpan\/\",\"name\":\"Comunicado de la Comunidad Mapuche Tehuelche Nahuelpan\",\"isPartOf\":{\"@id\":\"https:\/\/www.pressenza.com\/es\/#website\"},\"primaryImageOfPage\":{\"@id\":\"https:\/\/www.pressenza.com\/es\/2022\/06\/comunicado-de-la-comunidad-mapuche-tehuelche-nahuelpan\/#primaryimage\"},\"image\":{\"@id\":\"https:\/\/www.pressenza.com\/es\/2022\/06\/comunicado-de-la-comunidad-mapuche-tehuelche-nahuelpan\/#primaryimage\"},\"thumbnailUrl\":\"https:\/\/www.pressenza.com\/wp-content\/uploads\/2022\/06\/nahuelpan.jpg\",\"datePublished\":\"2022-06-15T01:26:55+00:00\",\"description\":\"Boquete Nahuelpan (Esquel-Chubut) Puelmapu Territorio ancestral Mapuche 13 junio de 2022 Al Pueblo Mapuche Tehuelche A las y los que luchan por un mundo\",\"breadcrumb\":{\"@id\":\"https:\/\/www.pressenza.com\/es\/2022\/06\/comunicado-de-la-comunidad-mapuche-tehuelche-nahuelpan\/#breadcrumb\"},\"inLanguage\":\"es\",\"potentialAction\":[{\"@type\":\"ReadAction\",\"target\":[\"https:\/\/www.pressenza.com\/es\/2022\/06\/comunicado-de-la-comunidad-mapuche-tehuelche-nahuelpan\/\"]}]},{\"@type\":\"ImageObject\",\"inLanguage\":\"es\",\"@id\":\"https:\/\/www.pressenza.com\/es\/2022\/06\/comunicado-de-la-comunidad-mapuche-tehuelche-nahuelpan\/#primaryimage\",\"url\":\"https:\/\/www.pressenza.com\/wp-content\/uploads\/2022\/06\/nahuelpan.jpg\",\"contentUrl\":\"https:\/\/www.pressenza.com\/wp-content\/uploads\/2022\/06\/nahuelpan.jpg\",\"width\":820,\"height\":469},{\"@type\":\"BreadcrumbList\",\"@id\":\"https:\/\/www.pressenza.com\/es\/2022\/06\/comunicado-de-la-comunidad-mapuche-tehuelche-nahuelpan\/#breadcrumb\",\"itemListElement\":[{\"@type\":\"ListItem\",\"position\":1,\"name\":\"Accueil\",\"item\":\"https:\/\/www.pressenza.com\/es\/\"},{\"@type\":\"ListItem\",\"position\":2,\"name\":\"Comunicado de la Comunidad Mapuche Tehuelche Nahuelpan\"}]},{\"@type\":\"WebSite\",\"@id\":\"https:\/\/www.pressenza.com\/es\/#website\",\"url\":\"https:\/\/www.pressenza.com\/es\/\",\"name\":\"Pressenza\",\"description\":\"International Press Agency\",\"publisher\":{\"@id\":\"https:\/\/www.pressenza.com\/es\/#organization\"},\"potentialAction\":[{\"@type\":\"SearchAction\",\"target\":{\"@type\":\"EntryPoint\",\"urlTemplate\":\"https:\/\/www.pressenza.com\/es\/?s={search_term_string}\"},\"query-input\":{\"@type\":\"PropertyValueSpecification\",\"valueRequired\":true,\"valueName\":\"search_term_string\"}}],\"inLanguage\":\"es\"},{\"@type\":\"Organization\",\"@id\":\"https:\/\/www.pressenza.com\/es\/#organization\",\"name\":\"Pressenza\",\"url\":\"https:\/\/www.pressenza.com\/es\/\",\"logo\":{\"@type\":\"ImageObject\",\"inLanguage\":\"es\",\"@id\":\"https:\/\/www.pressenza.com\/es\/#\/schema\/logo\/image\/\",\"url\":\"https:\/\/www.pressenza.com\/wp-content\/uploads\/2022\/10\/pressenza_logo_200x200.jpg\",\"contentUrl\":\"https:\/\/www.pressenza.com\/wp-content\/uploads\/2022\/10\/pressenza_logo_200x200.jpg\",\"width\":200,\"height\":200,\"caption\":\"Pressenza\"},\"image\":{\"@id\":\"https:\/\/www.pressenza.com\/es\/#\/schema\/logo\/image\/\"},\"sameAs\":[\"https:\/\/www.facebook.com\/PressenzaItalia\",\"https:\/\/x.com\/PressenzaIPA\"]},{\"@type\":\"Person\",\"@id\":\"https:\/\/www.pressenza.com\/es\/#\/schema\/person\/738658b5125ecea661a8a0b96dba8b69\",\"name\":\"Redacci\u00f3n Mar del Plata\",\"description\":\"News published by the Pressenza bureau in Mar Del Plata, Argentina\",\"sameAs\":[\"https:\/\/www.facebook.com\/pressenza\",\"https:\/\/x.com\/Pressenza\"],\"url\":\"https:\/\/www.pressenza.com\/es\/author\/redaccion-mar-del-plata\/\"}]}<\/script>\n<!-- \/ Yoast SEO plugin. -->","yoast_head_json":{"title":"Comunicado de la Comunidad Mapuche Tehuelche Nahuelpan","description":"Boquete Nahuelpan (Esquel-Chubut) Puelmapu Territorio ancestral Mapuche 13 junio de 2022 Al Pueblo Mapuche Tehuelche A las y los que luchan por un mundo","robots":{"index":"index","follow":"follow","max-snippet":"max-snippet:-1","max-image-preview":"max-image-preview:large","max-video-preview":"max-video-preview:-1"},"canonical":"https:\/\/www.pressenza.com\/es\/2022\/06\/comunicado-de-la-comunidad-mapuche-tehuelche-nahuelpan\/","og_locale":"es_ES","og_type":"article","og_title":"Comunicado de la Comunidad Mapuche Tehuelche Nahuelpan","og_description":"Boquete Nahuelpan (Esquel-Chubut) Puelmapu Territorio ancestral Mapuche 13 junio de 2022 Al Pueblo Mapuche Tehuelche A las y los que luchan por un mundo","og_url":"https:\/\/www.pressenza.com\/es\/2022\/06\/comunicado-de-la-comunidad-mapuche-tehuelche-nahuelpan\/","og_site_name":"Pressenza","article_publisher":"https:\/\/www.facebook.com\/PressenzaItalia","article_author":"https:\/\/www.facebook.com\/pressenza","article_published_time":"2022-06-15T01:26:55+00:00","og_image":[{"width":820,"height":469,"url":"https:\/\/www.pressenza.com\/wp-content\/uploads\/2022\/06\/nahuelpan.jpg","type":"image\/jpeg"}],"author":"Redacci\u00f3n Mar del Plata","twitter_card":"summary_large_image","twitter_creator":"@Pressenza","twitter_site":"@PressenzaIPA","twitter_misc":{"Escrito por":"Redacci\u00f3n Mar del Plata","Tiempo de lectura":"3 minutos"},"schema":{"@context":"https:\/\/schema.org","@graph":[{"@type":"Article","@id":"https:\/\/www.pressenza.com\/es\/2022\/06\/comunicado-de-la-comunidad-mapuche-tehuelche-nahuelpan\/#article","isPartOf":{"@id":"https:\/\/www.pressenza.com\/es\/2022\/06\/comunicado-de-la-comunidad-mapuche-tehuelche-nahuelpan\/"},"author":{"name":"Redacci\u00f3n Mar del Plata","@id":"https:\/\/www.pressenza.com\/es\/#\/schema\/person\/738658b5125ecea661a8a0b96dba8b69"},"headline":"Comunicado de la Comunidad Mapuche Tehuelche Nahuelpan","datePublished":"2022-06-15T01:26:55+00:00","mainEntityOfPage":{"@id":"https:\/\/www.pressenza.com\/es\/2022\/06\/comunicado-de-la-comunidad-mapuche-tehuelche-nahuelpan\/"},"wordCount":527,"publisher":{"@id":"https:\/\/www.pressenza.com\/es\/#organization"},"image":{"@id":"https:\/\/www.pressenza.com\/es\/2022\/06\/comunicado-de-la-comunidad-mapuche-tehuelche-nahuelpan\/#primaryimage"},"thumbnailUrl":"https:\/\/www.pressenza.com\/wp-content\/uploads\/2022\/06\/nahuelpan.jpg","keywords":["Chubut","Esquel","indigenas","mapuche","Pueblos Originarios","territorios"],"articleSection":["Comunicados de Prensa","Pueblos Originarios","Sudam\u00e9rica"],"inLanguage":"es"},{"@type":"WebPage","@id":"https:\/\/www.pressenza.com\/es\/2022\/06\/comunicado-de-la-comunidad-mapuche-tehuelche-nahuelpan\/","url":"https:\/\/www.pressenza.com\/es\/2022\/06\/comunicado-de-la-comunidad-mapuche-tehuelche-nahuelpan\/","name":"Comunicado de la Comunidad Mapuche Tehuelche Nahuelpan","isPartOf":{"@id":"https:\/\/www.pressenza.com\/es\/#website"},"primaryImageOfPage":{"@id":"https:\/\/www.pressenza.com\/es\/2022\/06\/comunicado-de-la-comunidad-mapuche-tehuelche-nahuelpan\/#primaryimage"},"image":{"@id":"https:\/\/www.pressenza.com\/es\/2022\/06\/comunicado-de-la-comunidad-mapuche-tehuelche-nahuelpan\/#primaryimage"},"thumbnailUrl":"https:\/\/www.pressenza.com\/wp-content\/uploads\/2022\/06\/nahuelpan.jpg","datePublished":"2022-06-15T01:26:55+00:00","description":"Boquete Nahuelpan (Esquel-Chubut) Puelmapu Territorio ancestral Mapuche 13 junio de 2022 Al Pueblo Mapuche Tehuelche A las y los que luchan por un mundo","breadcrumb":{"@id":"https:\/\/www.pressenza.com\/es\/2022\/06\/comunicado-de-la-comunidad-mapuche-tehuelche-nahuelpan\/#breadcrumb"},"inLanguage":"es","potentialAction":[{"@type":"ReadAction","target":["https:\/\/www.pressenza.com\/es\/2022\/06\/comunicado-de-la-comunidad-mapuche-tehuelche-nahuelpan\/"]}]},{"@type":"ImageObject","inLanguage":"es","@id":"https:\/\/www.pressenza.com\/es\/2022\/06\/comunicado-de-la-comunidad-mapuche-tehuelche-nahuelpan\/#primaryimage","url":"https:\/\/www.pressenza.com\/wp-content\/uploads\/2022\/06\/nahuelpan.jpg","contentUrl":"https:\/\/www.pressenza.com\/wp-content\/uploads\/2022\/06\/nahuelpan.jpg","width":820,"height":469},{"@type":"BreadcrumbList","@id":"https:\/\/www.pressenza.com\/es\/2022\/06\/comunicado-de-la-comunidad-mapuche-tehuelche-nahuelpan\/#breadcrumb","itemListElement":[{"@type":"ListItem","position":1,"name":"Accueil","item":"https:\/\/www.pressenza.com\/es\/"},{"@type":"ListItem","position":2,"name":"Comunicado de la Comunidad Mapuche Tehuelche Nahuelpan"}]},{"@type":"WebSite","@id":"https:\/\/www.pressenza.com\/es\/#website","url":"https:\/\/www.pressenza.com\/es\/","name":"Pressenza","description":"International Press Agency","publisher":{"@id":"https:\/\/www.pressenza.com\/es\/#organization"},"potentialAction":[{"@type":"SearchAction","target":{"@type":"EntryPoint","urlTemplate":"https:\/\/www.pressenza.com\/es\/?s={search_term_string}"},"query-input":{"@type":"PropertyValueSpecification","valueRequired":true,"valueName":"search_term_string"}}],"inLanguage":"es"},{"@type":"Organization","@id":"https:\/\/www.pressenza.com\/es\/#organization","name":"Pressenza","url":"https:\/\/www.pressenza.com\/es\/","logo":{"@type":"ImageObject","inLanguage":"es","@id":"https:\/\/www.pressenza.com\/es\/#\/schema\/logo\/image\/","url":"https:\/\/www.pressenza.com\/wp-content\/uploads\/2022\/10\/pressenza_logo_200x200.jpg","contentUrl":"https:\/\/www.pressenza.com\/wp-content\/uploads\/2022\/10\/pressenza_logo_200x200.jpg","width":200,"height":200,"caption":"Pressenza"},"image":{"@id":"https:\/\/www.pressenza.com\/es\/#\/schema\/logo\/image\/"},"sameAs":["https:\/\/www.facebook.com\/PressenzaItalia","https:\/\/x.com\/PressenzaIPA"]},{"@type":"Person","@id":"https:\/\/www.pressenza.com\/es\/#\/schema\/person\/738658b5125ecea661a8a0b96dba8b69","name":"Redacci\u00f3n Mar del Plata","description":"News published by the Pressenza bureau in Mar Del Plata, Argentina","sameAs":["https:\/\/www.facebook.com\/pressenza","https:\/\/x.com\/Pressenza"],"url":"https:\/\/www.pressenza.com\/es\/author\/redaccion-mar-del-plata\/"}]}},"place":"Argentina","original_article_url":"","_links":{"self":[{"href":"https:\/\/www.pressenza.com\/es\/wp-json\/wp\/v2\/posts\/1604321","targetHints":{"allow":["GET"]}}],"collection":[{"href":"https:\/\/www.pressenza.com\/es\/wp-json\/wp\/v2\/posts"}],"about":[{"href":"https:\/\/www.pressenza.com\/es\/wp-json\/wp\/v2\/types\/post"}],"author":[{"embeddable":true,"href":"https:\/\/www.pressenza.com\/es\/wp-json\/wp\/v2\/users\/1254"}],"replies":[{"embeddable":true,"href":"https:\/\/www.pressenza.com\/es\/wp-json\/wp\/v2\/comments?post=1604321"}],"version-history":[{"count":0,"href":"https:\/\/www.pressenza.com\/es\/wp-json\/wp\/v2\/posts\/1604321\/revisions"}],"wp:featuredmedia":[{"embeddable":true,"href":"https:\/\/www.pressenza.com\/es\/wp-json\/wp\/v2\/media\/1604322"}],"wp:attachment":[{"href":"https:\/\/www.pressenza.com\/es\/wp-json\/wp\/v2\/media?parent=1604321"}],"wp:term":[{"taxonomy":"category","embeddable":true,"href":"https:\/\/www.pressenza.com\/es\/wp-json\/wp\/v2\/categories?post=1604321"},{"taxonomy":"post_tag","embeddable":true,"href":"https:\/\/www.pressenza.com\/es\/wp-json\/wp\/v2\/tags?post=1604321"}],"curies":[{"name":"wp","href":"https:\/\/api.w.org\/{rel}","templated":true}]}}