{"id":1604280,"date":"2022-06-16T22:32:48","date_gmt":"2022-06-16T21:32:48","guid":{"rendered":"https:\/\/www.pressenza.com\/?p=1604280"},"modified":"2022-06-15T18:47:49","modified_gmt":"2022-06-15T17:47:49","slug":"las-crisis-en-myanmar-se-profundizan-tras-el-golpe-de-estado","status":"publish","type":"post","link":"https:\/\/www.pressenza.com\/es\/2022\/06\/las-crisis-en-myanmar-se-profundizan-tras-el-golpe-de-estado\/","title":{"rendered":"Las crisis en Myanmar se profundizan tras el golpe de Estado"},"content":{"rendered":"<p>Las crisis desatadas en Myanmar tras el golpe militar del 1 de febrero del a\u00f1o pasado \u201cse han profundizado y expandido dram\u00e1ticamente\u201d, expuso en un reporte para la Asamblea General de las Naciones Unidas <a href=\"https:\/\/www.un.org\/es\/ga\/\" target=\"_blank\" rel=\"noopener\">la enviada especial de la organizaci\u00f3n a ese pa\u00eds asi\u00e1tico<\/a>, Noeleen Heyzer.<span id=\"more-162149\"><\/span><\/p>\n<p>Myanmar \u201ccontin\u00faa sumi\u00e9ndose en un conflicto profundo y generalizado. Es una de las emergencias de refugiados m\u00e1s grandes del mundo y 14,4 millones de personas, una cuarta parte de la poblaci\u00f3n, requieren asistencia humanitaria con urgencia\u201d, dijo la singapurense Heyzer.<\/p>\n<p>Las crisis han sumido al pa\u00eds en una espiral de pobreza y violencia, y acentuado una de las mayores emergencias de refugiados en el mundo, con casi un mill\u00f3n de personas de la etnia rohiny\u00e1, en su mayor\u00eda musulmanes, refugiados en la vecina Bangladesh, y miles m\u00e1s dispersos en toda la regi\u00f3n.<\/p>\n<p>El 1 de febrero de 2021 el ej\u00e9rcito de Myanmar, conocido como Tatmadaw, dio un golpe de Estado y arrest\u00f3 a Aung San Suu Kyi, la principal l\u00edder civil del pa\u00eds y Premio Nobel de la Paz 1991, al presidente Win Myint, y a numerosos miembros de su Liga Nacional para la Democracia (LND), juzgados por tribunales militares<\/p>\n<p>El general Min Aung Hlaing, comandante en jefe del Tatmadaw, asumi\u00f3 los poderes como presidente del Consejo Administrativo del Estado que gobierna al pa\u00eds de 54 millones de habitantes, tambi\u00e9n conocido por su antiguo nombre de Birmania<\/p>\n<p>El golpe desat\u00f3 protestas civiles con manifestaciones callejeras que fueron severamente reprimidas, al tiempo que se encarcelaba y procesaba a centenares de pol\u00edticos, activistas sociales, periodistas y otros profesionales.<\/p>\n<p>Un a\u00f1o despu\u00e9s del golpe la represi\u00f3n hab\u00eda cobrado ya m\u00e1s de 1500 vidas \u201cy esa cifra no incluye miles de muertes m\u00e1s por el conflicto armado y la violencia, que se han intensificado en todo el pa\u00eds\u201d, se\u00f1al\u00f3 el pasado febrero la <a href=\"https:\/\/www.ohchr.org\/\" target=\"_blank\" rel=\"noopener\">alta comisionada de las Naciones Unidas para los Derechos Humanos<\/a>, Michelle Bachelet.<\/p>\n<p>Heyzer dijo que hay informes de hasta 600 grupos de resistencia armada o \u201cfuerzas de defensa del pueblo\u201d, que participan en combates, y algunos llevan a cabo asesinatos contra personas consideradas \u201cpro militares\u201d.<\/p>\n<p>La espiral de violencia se ha acentuado en las provincias fronterizas, donde habitan grupos \u00e9tnicos distintos al mayoritario del pa\u00eds, bamar o birmano.<\/p>\n<p>Los militares \u201ccontin\u00faan con su uso desproporcionado de la fuerza, han intensificado sus ataques contra civiles y aumentado las operaciones contra las fuerzas de resistencia, utilizando bombardeos a\u00e9reos\u201d, dijo la representante de la ONU, quien no ha podido ingresar al pa\u00eds desde que fue designada hace seis meses.<\/p>\n<p>Seg\u00fan su reporte, \u201clos edificios civiles y las aldeas han sido destruidos por el fuego y las poblaciones desplazadas internamente han sido atacadas\u201d.<\/p>\n<p>La econom\u00eda de Birmania, como tambi\u00e9n se conoce al pa\u00eds, se ha resentido, cayeron en picada las industrias de la construcci\u00f3n, la confecci\u00f3n, el turismo y la hosteler\u00eda, con p\u00e9rdida de m\u00e1s de un mill\u00f3n de empleos y una situaci\u00f3n en general precaria para los trabajadores.<\/p>\n<p>El gobierno de facto ha sido excluido de algunos programas y reuniones de la Asociaci\u00f3n de Naciones del Sudeste Asi\u00e1tico, de la que Myanmar hace parte, y existe presi\u00f3n internacional para una soluci\u00f3n pol\u00edtica.<\/p>\n<p>Los militares han ofrecido organizar unas elecciones en 2023. Con alegatos de irregularidades en las elecciones de finales 2020, ganadas por la LND, los mandos militares justificaron el golpe del a\u00f1o pasado.<\/p>\n<p>Seg\u00fan Heyzer la situaci\u00f3n actual es de colapso de las instituciones del Estado, la interrupci\u00f3n de la infraestructura social y econ\u00f3mica, incluida la salud, la educaci\u00f3n, la banca, la seguridad alimentaria y el empleo, al tiempo que aumentan la criminalidad y las actividades il\u00edcitas.<\/p>\n<p>Tras la pandemia covid-19 y la crisis pol\u00edtica, la matriculaci\u00f3n escolar se ha reducido hasta en 80 % en dos a\u00f1os, dejando a 7,8 millones de ni\u00f1os fuera de las aulas, indic\u00f3.<\/p>\n<p>\u201cUna generaci\u00f3n que se benefici\u00f3 de la transici\u00f3n democr\u00e1tica (2011-2021) ahora est\u00e1 desilusionada, enfrenta dificultades cr\u00f3nicas y, tr\u00e1gicamente, muchos sienten que no les queda m\u00e1s remedio que tomar las armas\u201d, coment\u00f3 Heyzer.<\/p>\n<p>La enviada de la OINU dijo que \u201cseguir\u00e9 desempe\u00f1ando un papel de puente, para abordar las necesidades de protecci\u00f3n y el sufrimiento de los m\u00e1s vulnerables, y apoyar la voluntad del pueblo para una futura uni\u00f3n democr\u00e1tica federal basada en la paz, estabilidad y prosperidad compartida\u201d.<\/p>\n","protected":false},"excerpt":{"rendered":"<p>Las crisis desatadas en Myanmar tras el golpe militar del 1 de febrero del a\u00f1o pasado \u201cse han profundizado y expandido dram\u00e1ticamente\u201d, expuso en un reporte para la Asamblea General de las Naciones Unidas la enviada especial de la organizaci\u00f3n&hellip;<\/p>\n","protected":false},"author":347,"featured_media":1604282,"comment_status":"closed","ping_status":"closed","sticky":false,"template":"","format":"standard","meta":{"footnotes":""},"categories":[65,74],"tags":[13148,355,441,1557,16104,649],"class_list":["post-1604280","post","type-post","status-publish","format-standard","has-post-thumbnail","hentry","category-asia-es","category-politica-es","tag-birmania-es","tag-crisis-es","tag-derechos-humanos","tag-golpe-de-estado-es","tag-myanmar-es","tag-naciones-unidas"],"yoast_head":"<!-- This site is optimized with the Yoast SEO plugin v27.1.1 - https:\/\/yoast.com\/product\/yoast-seo-wordpress\/ -->\n<title>Las crisis en Myanmar se profundizan tras el golpe de Estado<\/title>\n<meta name=\"description\" content=\"Las crisis desatadas en Myanmar tras el golpe militar del 1 de febrero del a\u00f1o pasado \u201cse han profundizado y expandido dram\u00e1ticamente\u201d, expuso en un\" \/>\n<meta name=\"robots\" content=\"index, follow, max-snippet:-1, max-image-preview:large, max-video-preview:-1\" \/>\n<link rel=\"canonical\" href=\"https:\/\/www.pressenza.com\/es\/2022\/06\/las-crisis-en-myanmar-se-profundizan-tras-el-golpe-de-estado\/\" \/>\n<meta property=\"og:locale\" content=\"es_ES\" \/>\n<meta property=\"og:type\" content=\"article\" \/>\n<meta property=\"og:title\" content=\"Las crisis en Myanmar se profundizan tras el golpe de Estado\" \/>\n<meta property=\"og:description\" content=\"Las crisis desatadas en Myanmar tras el golpe militar del 1 de febrero del a\u00f1o pasado \u201cse han profundizado y expandido dram\u00e1ticamente\u201d, expuso en un\" \/>\n<meta property=\"og:url\" content=\"https:\/\/www.pressenza.com\/es\/2022\/06\/las-crisis-en-myanmar-se-profundizan-tras-el-golpe-de-estado\/\" \/>\n<meta property=\"og:site_name\" content=\"Pressenza\" \/>\n<meta property=\"article:publisher\" content=\"https:\/\/www.facebook.com\/PressenzaItalia\" \/>\n<meta property=\"article:author\" content=\"http:\/\/www.facebook.com\/ipsnoticias\" \/>\n<meta property=\"article:published_time\" content=\"2022-06-16T21:32:48+00:00\" \/>\n<meta property=\"og:image\" content=\"https:\/\/www.pressenza.com\/wp-content\/uploads\/2022\/06\/Myanmar-Pyae-Sone-Htun-Unsplash.jpg\" \/>\n\t<meta property=\"og:image:width\" content=\"1170\" \/>\n\t<meta property=\"og:image:height\" content=\"530\" \/>\n\t<meta property=\"og:image:type\" content=\"image\/jpeg\" \/>\n<meta name=\"author\" content=\"Inter Press Service\" \/>\n<meta name=\"twitter:card\" content=\"summary_large_image\" \/>\n<meta name=\"twitter:creator\" content=\"@ipsnoticias\" \/>\n<meta name=\"twitter:site\" content=\"@PressenzaIPA\" \/>\n<meta name=\"twitter:label1\" content=\"Escrito por\" \/>\n\t<meta name=\"twitter:data1\" content=\"Inter Press Service\" \/>\n\t<meta name=\"twitter:label2\" content=\"Tiempo de lectura\" \/>\n\t<meta name=\"twitter:data2\" content=\"4 minutos\" \/>\n<script type=\"application\/ld+json\" class=\"yoast-schema-graph\">{\"@context\":\"https:\/\/schema.org\",\"@graph\":[{\"@type\":\"Article\",\"@id\":\"https:\/\/www.pressenza.com\/es\/2022\/06\/las-crisis-en-myanmar-se-profundizan-tras-el-golpe-de-estado\/#article\",\"isPartOf\":{\"@id\":\"https:\/\/www.pressenza.com\/es\/2022\/06\/las-crisis-en-myanmar-se-profundizan-tras-el-golpe-de-estado\/\"},\"author\":{\"name\":\"Inter Press Service\",\"@id\":\"https:\/\/www.pressenza.com\/es\/#\/schema\/person\/7467f88f6765c239bdd52f3c432de81a\"},\"headline\":\"Las crisis en Myanmar se profundizan tras el golpe de Estado\",\"datePublished\":\"2022-06-16T21:32:48+00:00\",\"mainEntityOfPage\":{\"@id\":\"https:\/\/www.pressenza.com\/es\/2022\/06\/las-crisis-en-myanmar-se-profundizan-tras-el-golpe-de-estado\/\"},\"wordCount\":778,\"publisher\":{\"@id\":\"https:\/\/www.pressenza.com\/es\/#organization\"},\"image\":{\"@id\":\"https:\/\/www.pressenza.com\/es\/2022\/06\/las-crisis-en-myanmar-se-profundizan-tras-el-golpe-de-estado\/#primaryimage\"},\"thumbnailUrl\":\"https:\/\/www.pressenza.com\/wp-content\/uploads\/2022\/06\/Myanmar-Pyae-Sone-Htun-Unsplash.jpg\",\"keywords\":[\"Birmania\",\"crisis\",\"Derechos humanos\",\"golpe de estado\",\"Myanmar\",\"Naciones Unidas\"],\"articleSection\":[\"Asia\",\"Pol\u00edtica\"],\"inLanguage\":\"es\"},{\"@type\":\"WebPage\",\"@id\":\"https:\/\/www.pressenza.com\/es\/2022\/06\/las-crisis-en-myanmar-se-profundizan-tras-el-golpe-de-estado\/\",\"url\":\"https:\/\/www.pressenza.com\/es\/2022\/06\/las-crisis-en-myanmar-se-profundizan-tras-el-golpe-de-estado\/\",\"name\":\"Las crisis en Myanmar se profundizan tras el golpe de Estado\",\"isPartOf\":{\"@id\":\"https:\/\/www.pressenza.com\/es\/#website\"},\"primaryImageOfPage\":{\"@id\":\"https:\/\/www.pressenza.com\/es\/2022\/06\/las-crisis-en-myanmar-se-profundizan-tras-el-golpe-de-estado\/#primaryimage\"},\"image\":{\"@id\":\"https:\/\/www.pressenza.com\/es\/2022\/06\/las-crisis-en-myanmar-se-profundizan-tras-el-golpe-de-estado\/#primaryimage\"},\"thumbnailUrl\":\"https:\/\/www.pressenza.com\/wp-content\/uploads\/2022\/06\/Myanmar-Pyae-Sone-Htun-Unsplash.jpg\",\"datePublished\":\"2022-06-16T21:32:48+00:00\",\"description\":\"Las crisis desatadas en Myanmar tras el golpe militar del 1 de febrero del a\u00f1o pasado \u201cse han profundizado y expandido dram\u00e1ticamente\u201d, expuso en un\",\"breadcrumb\":{\"@id\":\"https:\/\/www.pressenza.com\/es\/2022\/06\/las-crisis-en-myanmar-se-profundizan-tras-el-golpe-de-estado\/#breadcrumb\"},\"inLanguage\":\"es\",\"potentialAction\":[{\"@type\":\"ReadAction\",\"target\":[\"https:\/\/www.pressenza.com\/es\/2022\/06\/las-crisis-en-myanmar-se-profundizan-tras-el-golpe-de-estado\/\"]}]},{\"@type\":\"ImageObject\",\"inLanguage\":\"es\",\"@id\":\"https:\/\/www.pressenza.com\/es\/2022\/06\/las-crisis-en-myanmar-se-profundizan-tras-el-golpe-de-estado\/#primaryimage\",\"url\":\"https:\/\/www.pressenza.com\/wp-content\/uploads\/2022\/06\/Myanmar-Pyae-Sone-Htun-Unsplash.jpg\",\"contentUrl\":\"https:\/\/www.pressenza.com\/wp-content\/uploads\/2022\/06\/Myanmar-Pyae-Sone-Htun-Unsplash.jpg\",\"width\":1170,\"height\":530},{\"@type\":\"BreadcrumbList\",\"@id\":\"https:\/\/www.pressenza.com\/es\/2022\/06\/las-crisis-en-myanmar-se-profundizan-tras-el-golpe-de-estado\/#breadcrumb\",\"itemListElement\":[{\"@type\":\"ListItem\",\"position\":1,\"name\":\"Accueil\",\"item\":\"https:\/\/www.pressenza.com\/es\/\"},{\"@type\":\"ListItem\",\"position\":2,\"name\":\"Las crisis en Myanmar se profundizan tras el golpe de Estado\"}]},{\"@type\":\"WebSite\",\"@id\":\"https:\/\/www.pressenza.com\/es\/#website\",\"url\":\"https:\/\/www.pressenza.com\/es\/\",\"name\":\"Pressenza\",\"description\":\"International Press Agency\",\"publisher\":{\"@id\":\"https:\/\/www.pressenza.com\/es\/#organization\"},\"potentialAction\":[{\"@type\":\"SearchAction\",\"target\":{\"@type\":\"EntryPoint\",\"urlTemplate\":\"https:\/\/www.pressenza.com\/es\/?s={search_term_string}\"},\"query-input\":{\"@type\":\"PropertyValueSpecification\",\"valueRequired\":true,\"valueName\":\"search_term_string\"}}],\"inLanguage\":\"es\"},{\"@type\":\"Organization\",\"@id\":\"https:\/\/www.pressenza.com\/es\/#organization\",\"name\":\"Pressenza\",\"url\":\"https:\/\/www.pressenza.com\/es\/\",\"logo\":{\"@type\":\"ImageObject\",\"inLanguage\":\"es\",\"@id\":\"https:\/\/www.pressenza.com\/es\/#\/schema\/logo\/image\/\",\"url\":\"https:\/\/www.pressenza.com\/wp-content\/uploads\/2022\/10\/pressenza_logo_200x200.jpg\",\"contentUrl\":\"https:\/\/www.pressenza.com\/wp-content\/uploads\/2022\/10\/pressenza_logo_200x200.jpg\",\"width\":200,\"height\":200,\"caption\":\"Pressenza\"},\"image\":{\"@id\":\"https:\/\/www.pressenza.com\/es\/#\/schema\/logo\/image\/\"},\"sameAs\":[\"https:\/\/www.facebook.com\/PressenzaItalia\",\"https:\/\/x.com\/PressenzaIPA\"]},{\"@type\":\"Person\",\"@id\":\"https:\/\/www.pressenza.com\/es\/#\/schema\/person\/7467f88f6765c239bdd52f3c432de81a\",\"name\":\"Inter Press Service\",\"description\":\"IPS is an international communications institution at the heart of a global news agency that amplifies the voices of the South and civil society on development, globalisation, human rights and the environment. www.ipsnews.net\",\"sameAs\":[\"http:\/\/www.facebook.com\/ipsnoticias\",\"https:\/\/x.com\/ipsnoticias\"],\"url\":\"https:\/\/www.pressenza.com\/es\/author\/ips-inter-press-service\/\"}]}<\/script>\n<!-- \/ Yoast SEO plugin. -->","yoast_head_json":{"title":"Las crisis en Myanmar se profundizan tras el golpe de Estado","description":"Las crisis desatadas en Myanmar tras el golpe militar del 1 de febrero del a\u00f1o pasado \u201cse han profundizado y expandido dram\u00e1ticamente\u201d, expuso en un","robots":{"index":"index","follow":"follow","max-snippet":"max-snippet:-1","max-image-preview":"max-image-preview:large","max-video-preview":"max-video-preview:-1"},"canonical":"https:\/\/www.pressenza.com\/es\/2022\/06\/las-crisis-en-myanmar-se-profundizan-tras-el-golpe-de-estado\/","og_locale":"es_ES","og_type":"article","og_title":"Las crisis en Myanmar se profundizan tras el golpe de Estado","og_description":"Las crisis desatadas en Myanmar tras el golpe militar del 1 de febrero del a\u00f1o pasado \u201cse han profundizado y expandido dram\u00e1ticamente\u201d, expuso en un","og_url":"https:\/\/www.pressenza.com\/es\/2022\/06\/las-crisis-en-myanmar-se-profundizan-tras-el-golpe-de-estado\/","og_site_name":"Pressenza","article_publisher":"https:\/\/www.facebook.com\/PressenzaItalia","article_author":"http:\/\/www.facebook.com\/ipsnoticias","article_published_time":"2022-06-16T21:32:48+00:00","og_image":[{"width":1170,"height":530,"url":"https:\/\/www.pressenza.com\/wp-content\/uploads\/2022\/06\/Myanmar-Pyae-Sone-Htun-Unsplash.jpg","type":"image\/jpeg"}],"author":"Inter Press Service","twitter_card":"summary_large_image","twitter_creator":"@ipsnoticias","twitter_site":"@PressenzaIPA","twitter_misc":{"Escrito por":"Inter Press Service","Tiempo de lectura":"4 minutos"},"schema":{"@context":"https:\/\/schema.org","@graph":[{"@type":"Article","@id":"https:\/\/www.pressenza.com\/es\/2022\/06\/las-crisis-en-myanmar-se-profundizan-tras-el-golpe-de-estado\/#article","isPartOf":{"@id":"https:\/\/www.pressenza.com\/es\/2022\/06\/las-crisis-en-myanmar-se-profundizan-tras-el-golpe-de-estado\/"},"author":{"name":"Inter Press Service","@id":"https:\/\/www.pressenza.com\/es\/#\/schema\/person\/7467f88f6765c239bdd52f3c432de81a"},"headline":"Las crisis en Myanmar se profundizan tras el golpe de Estado","datePublished":"2022-06-16T21:32:48+00:00","mainEntityOfPage":{"@id":"https:\/\/www.pressenza.com\/es\/2022\/06\/las-crisis-en-myanmar-se-profundizan-tras-el-golpe-de-estado\/"},"wordCount":778,"publisher":{"@id":"https:\/\/www.pressenza.com\/es\/#organization"},"image":{"@id":"https:\/\/www.pressenza.com\/es\/2022\/06\/las-crisis-en-myanmar-se-profundizan-tras-el-golpe-de-estado\/#primaryimage"},"thumbnailUrl":"https:\/\/www.pressenza.com\/wp-content\/uploads\/2022\/06\/Myanmar-Pyae-Sone-Htun-Unsplash.jpg","keywords":["Birmania","crisis","Derechos humanos","golpe de estado","Myanmar","Naciones Unidas"],"articleSection":["Asia","Pol\u00edtica"],"inLanguage":"es"},{"@type":"WebPage","@id":"https:\/\/www.pressenza.com\/es\/2022\/06\/las-crisis-en-myanmar-se-profundizan-tras-el-golpe-de-estado\/","url":"https:\/\/www.pressenza.com\/es\/2022\/06\/las-crisis-en-myanmar-se-profundizan-tras-el-golpe-de-estado\/","name":"Las crisis en Myanmar se profundizan tras el golpe de Estado","isPartOf":{"@id":"https:\/\/www.pressenza.com\/es\/#website"},"primaryImageOfPage":{"@id":"https:\/\/www.pressenza.com\/es\/2022\/06\/las-crisis-en-myanmar-se-profundizan-tras-el-golpe-de-estado\/#primaryimage"},"image":{"@id":"https:\/\/www.pressenza.com\/es\/2022\/06\/las-crisis-en-myanmar-se-profundizan-tras-el-golpe-de-estado\/#primaryimage"},"thumbnailUrl":"https:\/\/www.pressenza.com\/wp-content\/uploads\/2022\/06\/Myanmar-Pyae-Sone-Htun-Unsplash.jpg","datePublished":"2022-06-16T21:32:48+00:00","description":"Las crisis desatadas en Myanmar tras el golpe militar del 1 de febrero del a\u00f1o pasado \u201cse han profundizado y expandido dram\u00e1ticamente\u201d, expuso en un","breadcrumb":{"@id":"https:\/\/www.pressenza.com\/es\/2022\/06\/las-crisis-en-myanmar-se-profundizan-tras-el-golpe-de-estado\/#breadcrumb"},"inLanguage":"es","potentialAction":[{"@type":"ReadAction","target":["https:\/\/www.pressenza.com\/es\/2022\/06\/las-crisis-en-myanmar-se-profundizan-tras-el-golpe-de-estado\/"]}]},{"@type":"ImageObject","inLanguage":"es","@id":"https:\/\/www.pressenza.com\/es\/2022\/06\/las-crisis-en-myanmar-se-profundizan-tras-el-golpe-de-estado\/#primaryimage","url":"https:\/\/www.pressenza.com\/wp-content\/uploads\/2022\/06\/Myanmar-Pyae-Sone-Htun-Unsplash.jpg","contentUrl":"https:\/\/www.pressenza.com\/wp-content\/uploads\/2022\/06\/Myanmar-Pyae-Sone-Htun-Unsplash.jpg","width":1170,"height":530},{"@type":"BreadcrumbList","@id":"https:\/\/www.pressenza.com\/es\/2022\/06\/las-crisis-en-myanmar-se-profundizan-tras-el-golpe-de-estado\/#breadcrumb","itemListElement":[{"@type":"ListItem","position":1,"name":"Accueil","item":"https:\/\/www.pressenza.com\/es\/"},{"@type":"ListItem","position":2,"name":"Las crisis en Myanmar se profundizan tras el golpe de Estado"}]},{"@type":"WebSite","@id":"https:\/\/www.pressenza.com\/es\/#website","url":"https:\/\/www.pressenza.com\/es\/","name":"Pressenza","description":"International Press Agency","publisher":{"@id":"https:\/\/www.pressenza.com\/es\/#organization"},"potentialAction":[{"@type":"SearchAction","target":{"@type":"EntryPoint","urlTemplate":"https:\/\/www.pressenza.com\/es\/?s={search_term_string}"},"query-input":{"@type":"PropertyValueSpecification","valueRequired":true,"valueName":"search_term_string"}}],"inLanguage":"es"},{"@type":"Organization","@id":"https:\/\/www.pressenza.com\/es\/#organization","name":"Pressenza","url":"https:\/\/www.pressenza.com\/es\/","logo":{"@type":"ImageObject","inLanguage":"es","@id":"https:\/\/www.pressenza.com\/es\/#\/schema\/logo\/image\/","url":"https:\/\/www.pressenza.com\/wp-content\/uploads\/2022\/10\/pressenza_logo_200x200.jpg","contentUrl":"https:\/\/www.pressenza.com\/wp-content\/uploads\/2022\/10\/pressenza_logo_200x200.jpg","width":200,"height":200,"caption":"Pressenza"},"image":{"@id":"https:\/\/www.pressenza.com\/es\/#\/schema\/logo\/image\/"},"sameAs":["https:\/\/www.facebook.com\/PressenzaItalia","https:\/\/x.com\/PressenzaIPA"]},{"@type":"Person","@id":"https:\/\/www.pressenza.com\/es\/#\/schema\/person\/7467f88f6765c239bdd52f3c432de81a","name":"Inter Press Service","description":"IPS is an international communications institution at the heart of a global news agency that amplifies the voices of the South and civil society on development, globalisation, human rights and the environment. www.ipsnews.net","sameAs":["http:\/\/www.facebook.com\/ipsnoticias","https:\/\/x.com\/ipsnoticias"],"url":"https:\/\/www.pressenza.com\/es\/author\/ips-inter-press-service\/"}]}},"place":"Naciones Unidas","original_article_url":"https:\/\/ipsnoticias.net\/2022\/06\/las-crisis-en-myanmar-se-profundizan-tras-el-golpe-de-estado\/","_links":{"self":[{"href":"https:\/\/www.pressenza.com\/es\/wp-json\/wp\/v2\/posts\/1604280","targetHints":{"allow":["GET"]}}],"collection":[{"href":"https:\/\/www.pressenza.com\/es\/wp-json\/wp\/v2\/posts"}],"about":[{"href":"https:\/\/www.pressenza.com\/es\/wp-json\/wp\/v2\/types\/post"}],"author":[{"embeddable":true,"href":"https:\/\/www.pressenza.com\/es\/wp-json\/wp\/v2\/users\/347"}],"replies":[{"embeddable":true,"href":"https:\/\/www.pressenza.com\/es\/wp-json\/wp\/v2\/comments?post=1604280"}],"version-history":[{"count":0,"href":"https:\/\/www.pressenza.com\/es\/wp-json\/wp\/v2\/posts\/1604280\/revisions"}],"wp:featuredmedia":[{"embeddable":true,"href":"https:\/\/www.pressenza.com\/es\/wp-json\/wp\/v2\/media\/1604282"}],"wp:attachment":[{"href":"https:\/\/www.pressenza.com\/es\/wp-json\/wp\/v2\/media?parent=1604280"}],"wp:term":[{"taxonomy":"category","embeddable":true,"href":"https:\/\/www.pressenza.com\/es\/wp-json\/wp\/v2\/categories?post=1604280"},{"taxonomy":"post_tag","embeddable":true,"href":"https:\/\/www.pressenza.com\/es\/wp-json\/wp\/v2\/tags?post=1604280"}],"curies":[{"name":"wp","href":"https:\/\/api.w.org\/{rel}","templated":true}]}}