{"id":1604092,"date":"2022-06-14T17:25:10","date_gmt":"2022-06-14T16:25:10","guid":{"rendered":"https:\/\/www.pressenza.com\/?p=1604092"},"modified":"2022-06-14T17:25:10","modified_gmt":"2022-06-14T16:25:10","slug":"el-pais-del-hay-que","status":"publish","type":"post","link":"https:\/\/www.pressenza.com\/es\/2022\/06\/el-pais-del-hay-que\/","title":{"rendered":"El pa\u00eds del \u00abhay que\u00bb"},"content":{"rendered":"<p>La lucha contra la dictadura no fue s\u00f3lo para que no te sacaran de tu casa a las cuatro de la ma\u00f1ana para hacerte desaparecer. Tambi\u00e9n fue contra el modelo econ\u00f3mico llamado neoliberal, implantado por Pinochet e inspirado por los Chicgo Boys, que todav\u00eda subsiste.<\/p>\n<p>Incluso subsiste en la Constituci\u00f3n que nos rige hasta que se apruebe la nueva que est\u00e1 haciendo la Convenci\u00f3n Constitucional.<\/p>\n<p>Porque en la Constituci\u00f3n de la dictadura se establece que el Estado es subsidiario, o sea que los que manejan todo, cobran por todo y se enriquecen con todo, a\u00fan con la\u00a0\u00a0pandemia, son los empresarios privados, los particulares. Pero no todos los particulares, un 1% de los particulares, o sea cuatro gatos\u00a0\u00a0entre los que t\u00fa no est\u00e1s.<\/p>\n<p>Ese modelo de explotaci\u00f3n desmedida, de falta de prensa de oposici\u00f3n, de persecuci\u00f3n a los j\u00f3venes, de aniquilar la educaci\u00f3n p\u00fablica, y la salud del pobre, de pensiones de hambre para los de abajo y de enriquecimiento il\u00edcito para los de arriba, son s\u00f3lo algunas de las r\u00e9moras de la dictadura contra las que hay que seguir luchando, porque muchos compa\u00f1eros dieron la vida por eso.<\/p>\n<p>Ahora en Chile, dentro de la izquierda, hay dos prototipos de conducta muy claros. El m\u00e1s com\u00fan es el pesimismo: \u201cNo se puede\u201d, repetido ad nauseam. El otro es el \u201chay que\u201d.<\/p>\n<p>El \u201cno se puede\u201d tiene diferentes expresiones: unos dicen: \u201cLos que somos de izquierda, que hablamos de Allende y de su \u00e9poca, somos considerados atrasados, fuera de la realidad, fuera del mundo actual. \u201c \u201cLa gente est\u00e1 completamente despolitizada, dedicada al consumismo\u201c. \u201cAl pueblo le vale un pepino el cobre, muchos ni saben que existe\u201d. \u201cTodos los dirigentes son unos traidores, es in\u00fatil plantear nada serio para cambiar el modelo econ\u00f3mico\u201d. \u201cEl pueblo no tiene direcci\u00f3n y se dispersa en problemas locales, no\u00a0\u00a0hay nadie que le d\u00e9 una orientaci\u00f3n\u201d.<\/p>\n<p>Seguramente ustedes han escuchado miles de veces estas frasecitas u otras parecidas. \u00bfO las han dicho?<\/p>\n<p>Y el \u201chay que\u201d\u2026 Por ejemplo: \u201cHay que acabar con el capitalismo. Hay que establecer el socialismo. Hay que tomarse el poder, no es cuesti\u00f3n de elegir otro presidente porque todos son iguales. Hay que cambiar todo esto. Hay que acabar con las AFP. Hay que recuperar el cobre, el litio, el agua y todo lo que la derecha privatiz\u00f3.\u201d<\/p>\n<p>Y a menudo son los mismos los que insisten en una u otra frase, porque hay que hacer muchas cosas, pero no se puede.<\/p>\n<p>Pues a m\u00ed no me gustan los pesimistas. Porque si uno se interesa por el destino de Chile y del mundo, no puede andar desanimando a los dem\u00e1s y arrastr\u00e1ndolos a la comarca de la desesperanza.<\/p>\n<p>No se trata de falsear la realidad sino al contrario. Porque el pueblo chileno tiene tradiciones de lucha muy antiguas y muy arraigadas. Siempre fue inteligente, bien informado, con mucha conciencia de clase.<\/p>\n<p>\u00bfTodo eso se ha perdido? No, esa mentalidad no se pierde nunca, porque se la inculcaron sus padres o sus abuelos. No es necesario implantar una conciencia nueva en nuestro pueblo, s\u00f3lo hay que despertar la que est\u00e1 all\u00ed, dormida, enterrada moment\u00e1neamente junto con las banderas de lucha y junto con nuestros m\u00e1rtires.<\/p>\n<p>Entonces, repitamos la frase que nos dijo un compa\u00f1era: \u201cNuestro futuro est\u00e1 lleno de pasado\u201d es decir que el pasado glorioso que tuvimos en los primeros a\u00f1os 70, siempre est\u00e1 presente, \u00e9l nos inspira, nos nutre, nos da coraje y confianza, determina nuestro presente y nuestro futuro.<\/p>\n<p>La respuesta a los hayque es muy f\u00e1cil: \u201cEstoy de acuerdo, eso es lo que se deber\u00eda hacer. Pero el asunto no es el hay que, sino el c\u00f3mo\u201d.<\/p>\n<p>Ahora, con esto del cambio clim\u00e1tico, de los incendios en la Amazon\u00eda, del calentamiento global y del cercano acabo de mundo, dicen algunos que\u00a0\u00a0\u201chay que hacer algo de inmediato\u201d.<\/p>\n<p>Compa\u00f1eros,\u00a0cuando se dice lo que hay que hacer, hay que decir c\u00f3mo, de otro modo la propuesta no es v\u00e1lida porque se le ocurre a cualquiera o bien es in\u00fatil. Pero la manera de llevar todo eso a la pr\u00e1ctica es lo que se debe pensar, proponer, decir, convencer, inventar los procedimientos y las formas adecuadas, en fin, contribuir en forma creativa.<\/p>\n<p>En esto del cambio clim\u00e1tico, por ejemplo, no deber\u00edamos prender la luz sin necesidad, no usemos carb\u00f3n en la casa, no compremos zapatos nuevos, usemos los mismos del a\u00f1o pasado, mand\u00e1ndolos a arreglar y revivamos as\u00ed el trabajo de los zapateros remendones.<\/p>\n<p>Ja, ja, ja, dir\u00e1n algunos, \u201cQu\u00e9 estupidez \u00bfY eso para qu\u00e9 sirve?\u201d Pues sirve como en el caso del picaflor, que trataba de apagar el incendio forestal echando gotitas de agua con su piquito. \u201cPues yo hago lo m\u00edo, dec\u00eda, y que cada uno haga lo suyo\u201d.<\/p>\n<p>Y si quieres hacer propuestas en grande, organiza un movimiento nacional o internacional, que adhiera a la idea que se est\u00e1 manejando, de crear un organismo que reemplace a la OEA y que busque\u00a0una uni\u00f3n verdadera y genuina en beneficio de todos los latinoamericanos.<\/p>\n<p>El enemigo com\u00fan todav\u00eda est\u00e1 aqu\u00ed. \u00a1Vamos, que s\u00ed se puede!<\/p>\n","protected":false},"excerpt":{"rendered":"<p>La lucha contra la dictadura no fue s\u00f3lo para que no te sacaran de tu casa a las cuatro de la ma\u00f1ana para hacerte desaparecer. Tambi\u00e9n fue contra el modelo econ\u00f3mico llamado neoliberal, implantado por Pinochet e inspirado por los&hellip;<\/p>\n","protected":false},"author":2124,"featured_media":1604094,"comment_status":"closed","ping_status":"closed","sticky":false,"template":"","format":"standard","meta":{"footnotes":""},"categories":[11389,161,74,67],"tags":[29],"class_list":["post-1604092","post","type-post","status-publish","format-standard","has-post-thumbnail","hentry","category-contenido-original","category-opiniones","category-politica-es","category-sudamerica","tag-chile"],"yoast_head":"<!-- This site is optimized with the Yoast SEO plugin v27.1.1 - https:\/\/yoast.com\/product\/yoast-seo-wordpress\/ -->\n<title>El pa\u00eds del &quot;hay que&quot;<\/title>\n<meta name=\"description\" content=\"La lucha contra la dictadura no fue s\u00f3lo para que no te sacaran de tu casa a las cuatro de la ma\u00f1ana para hacerte desaparecer. Tambi\u00e9n fue contra el\" \/>\n<meta name=\"robots\" content=\"index, follow, max-snippet:-1, max-image-preview:large, max-video-preview:-1\" \/>\n<link rel=\"canonical\" href=\"https:\/\/www.pressenza.com\/es\/2022\/06\/el-pais-del-hay-que\/\" \/>\n<meta property=\"og:locale\" content=\"es_ES\" \/>\n<meta property=\"og:type\" content=\"article\" \/>\n<meta property=\"og:title\" content=\"El pa\u00eds del &quot;hay que&quot;\" \/>\n<meta property=\"og:description\" content=\"La lucha contra la dictadura no fue s\u00f3lo para que no te sacaran de tu casa a las cuatro de la ma\u00f1ana para hacerte desaparecer. Tambi\u00e9n fue contra el\" \/>\n<meta property=\"og:url\" content=\"https:\/\/www.pressenza.com\/es\/2022\/06\/el-pais-del-hay-que\/\" \/>\n<meta property=\"og:site_name\" content=\"Pressenza\" \/>\n<meta property=\"article:publisher\" content=\"https:\/\/www.facebook.com\/PressenzaItalia\" \/>\n<meta property=\"article:published_time\" content=\"2022-06-14T16:25:10+00:00\" \/>\n<meta property=\"og:image\" content=\"https:\/\/www.pressenza.com\/wp-content\/uploads\/2022\/06\/bandera-mapuche-720x480-1.jpg\" \/>\n\t<meta property=\"og:image:width\" content=\"720\" \/>\n\t<meta property=\"og:image:height\" content=\"480\" \/>\n\t<meta property=\"og:image:type\" content=\"image\/jpeg\" \/>\n<meta name=\"author\" content=\"Margarita Labarca Goddard\" \/>\n<meta name=\"twitter:card\" content=\"summary_large_image\" \/>\n<meta name=\"twitter:creator\" content=\"@PressenzaIPA\" \/>\n<meta name=\"twitter:site\" content=\"@PressenzaIPA\" \/>\n<meta name=\"twitter:label1\" content=\"Escrito por\" \/>\n\t<meta name=\"twitter:data1\" content=\"Margarita Labarca Goddard\" \/>\n\t<meta name=\"twitter:label2\" content=\"Tiempo de lectura\" \/>\n\t<meta name=\"twitter:data2\" content=\"4 minutos\" \/>\n<script type=\"application\/ld+json\" class=\"yoast-schema-graph\">{\"@context\":\"https:\/\/schema.org\",\"@graph\":[{\"@type\":\"Article\",\"@id\":\"https:\/\/www.pressenza.com\/es\/2022\/06\/el-pais-del-hay-que\/#article\",\"isPartOf\":{\"@id\":\"https:\/\/www.pressenza.com\/es\/2022\/06\/el-pais-del-hay-que\/\"},\"author\":{\"name\":\"Margarita Labarca Goddard\",\"@id\":\"https:\/\/www.pressenza.com\/es\/#\/schema\/person\/671f453ff8d847cc1742639e75e22e13\"},\"headline\":\"El pa\u00eds del \u00abhay que\u00bb\",\"datePublished\":\"2022-06-14T16:25:10+00:00\",\"mainEntityOfPage\":{\"@id\":\"https:\/\/www.pressenza.com\/es\/2022\/06\/el-pais-del-hay-que\/\"},\"wordCount\":906,\"publisher\":{\"@id\":\"https:\/\/www.pressenza.com\/es\/#organization\"},\"image\":{\"@id\":\"https:\/\/www.pressenza.com\/es\/2022\/06\/el-pais-del-hay-que\/#primaryimage\"},\"thumbnailUrl\":\"https:\/\/www.pressenza.com\/wp-content\/uploads\/2022\/06\/bandera-mapuche-720x480-1.jpg\",\"keywords\":[\"Chile\"],\"articleSection\":[\"Contenido Original\",\"Opiniones\",\"Pol\u00edtica\",\"Sudam\u00e9rica\"],\"inLanguage\":\"es\"},{\"@type\":\"WebPage\",\"@id\":\"https:\/\/www.pressenza.com\/es\/2022\/06\/el-pais-del-hay-que\/\",\"url\":\"https:\/\/www.pressenza.com\/es\/2022\/06\/el-pais-del-hay-que\/\",\"name\":\"El pa\u00eds del \\\"hay que\\\"\",\"isPartOf\":{\"@id\":\"https:\/\/www.pressenza.com\/es\/#website\"},\"primaryImageOfPage\":{\"@id\":\"https:\/\/www.pressenza.com\/es\/2022\/06\/el-pais-del-hay-que\/#primaryimage\"},\"image\":{\"@id\":\"https:\/\/www.pressenza.com\/es\/2022\/06\/el-pais-del-hay-que\/#primaryimage\"},\"thumbnailUrl\":\"https:\/\/www.pressenza.com\/wp-content\/uploads\/2022\/06\/bandera-mapuche-720x480-1.jpg\",\"datePublished\":\"2022-06-14T16:25:10+00:00\",\"description\":\"La lucha contra la dictadura no fue s\u00f3lo para que no te sacaran de tu casa a las cuatro de la ma\u00f1ana para hacerte desaparecer. Tambi\u00e9n fue contra el\",\"breadcrumb\":{\"@id\":\"https:\/\/www.pressenza.com\/es\/2022\/06\/el-pais-del-hay-que\/#breadcrumb\"},\"inLanguage\":\"es\",\"potentialAction\":[{\"@type\":\"ReadAction\",\"target\":[\"https:\/\/www.pressenza.com\/es\/2022\/06\/el-pais-del-hay-que\/\"]}]},{\"@type\":\"ImageObject\",\"inLanguage\":\"es\",\"@id\":\"https:\/\/www.pressenza.com\/es\/2022\/06\/el-pais-del-hay-que\/#primaryimage\",\"url\":\"https:\/\/www.pressenza.com\/wp-content\/uploads\/2022\/06\/bandera-mapuche-720x480-1.jpg\",\"contentUrl\":\"https:\/\/www.pressenza.com\/wp-content\/uploads\/2022\/06\/bandera-mapuche-720x480-1.jpg\",\"width\":720,\"height\":480,\"caption\":\"Claudia Aranda\"},{\"@type\":\"BreadcrumbList\",\"@id\":\"https:\/\/www.pressenza.com\/es\/2022\/06\/el-pais-del-hay-que\/#breadcrumb\",\"itemListElement\":[{\"@type\":\"ListItem\",\"position\":1,\"name\":\"Accueil\",\"item\":\"https:\/\/www.pressenza.com\/es\/\"},{\"@type\":\"ListItem\",\"position\":2,\"name\":\"El pa\u00eds del \u00abhay que\u00bb\"}]},{\"@type\":\"WebSite\",\"@id\":\"https:\/\/www.pressenza.com\/es\/#website\",\"url\":\"https:\/\/www.pressenza.com\/es\/\",\"name\":\"Pressenza\",\"description\":\"International Press Agency\",\"publisher\":{\"@id\":\"https:\/\/www.pressenza.com\/es\/#organization\"},\"potentialAction\":[{\"@type\":\"SearchAction\",\"target\":{\"@type\":\"EntryPoint\",\"urlTemplate\":\"https:\/\/www.pressenza.com\/es\/?s={search_term_string}\"},\"query-input\":{\"@type\":\"PropertyValueSpecification\",\"valueRequired\":true,\"valueName\":\"search_term_string\"}}],\"inLanguage\":\"es\"},{\"@type\":\"Organization\",\"@id\":\"https:\/\/www.pressenza.com\/es\/#organization\",\"name\":\"Pressenza\",\"url\":\"https:\/\/www.pressenza.com\/es\/\",\"logo\":{\"@type\":\"ImageObject\",\"inLanguage\":\"es\",\"@id\":\"https:\/\/www.pressenza.com\/es\/#\/schema\/logo\/image\/\",\"url\":\"https:\/\/www.pressenza.com\/wp-content\/uploads\/2022\/10\/pressenza_logo_200x200.jpg\",\"contentUrl\":\"https:\/\/www.pressenza.com\/wp-content\/uploads\/2022\/10\/pressenza_logo_200x200.jpg\",\"width\":200,\"height\":200,\"caption\":\"Pressenza\"},\"image\":{\"@id\":\"https:\/\/www.pressenza.com\/es\/#\/schema\/logo\/image\/\"},\"sameAs\":[\"https:\/\/www.facebook.com\/PressenzaItalia\",\"https:\/\/x.com\/PressenzaIPA\"]},{\"@type\":\"Person\",\"@id\":\"https:\/\/www.pressenza.com\/es\/#\/schema\/person\/671f453ff8d847cc1742639e75e22e13\",\"name\":\"Margarita Labarca Goddard\",\"description\":\"A graduate of the University of Chile\u2019s Law School (1960), she held a prominent role in public administration during Salvador Allende\u2019s government. Her life has been shaped by a deep international perspective, from an upbringing in Argentina and post-war Paris to political exile in Cuba and Mexico following the 1973 coup. A resident of Mexico since 1979 due to judicial persecution by the Chilean dictatorship, she brings to her writing extensive expertise in the legal, political, and social issues of Latin America.\",\"url\":\"https:\/\/www.pressenza.com\/es\/author\/margarita-labarca-goddard\/\"}]}<\/script>\n<!-- \/ Yoast SEO plugin. -->","yoast_head_json":{"title":"El pa\u00eds del \"hay que\"","description":"La lucha contra la dictadura no fue s\u00f3lo para que no te sacaran de tu casa a las cuatro de la ma\u00f1ana para hacerte desaparecer. Tambi\u00e9n fue contra el","robots":{"index":"index","follow":"follow","max-snippet":"max-snippet:-1","max-image-preview":"max-image-preview:large","max-video-preview":"max-video-preview:-1"},"canonical":"https:\/\/www.pressenza.com\/es\/2022\/06\/el-pais-del-hay-que\/","og_locale":"es_ES","og_type":"article","og_title":"El pa\u00eds del \"hay que\"","og_description":"La lucha contra la dictadura no fue s\u00f3lo para que no te sacaran de tu casa a las cuatro de la ma\u00f1ana para hacerte desaparecer. Tambi\u00e9n fue contra el","og_url":"https:\/\/www.pressenza.com\/es\/2022\/06\/el-pais-del-hay-que\/","og_site_name":"Pressenza","article_publisher":"https:\/\/www.facebook.com\/PressenzaItalia","article_published_time":"2022-06-14T16:25:10+00:00","og_image":[{"width":720,"height":480,"url":"https:\/\/www.pressenza.com\/wp-content\/uploads\/2022\/06\/bandera-mapuche-720x480-1.jpg","type":"image\/jpeg"}],"author":"Margarita Labarca Goddard","twitter_card":"summary_large_image","twitter_creator":"@PressenzaIPA","twitter_site":"@PressenzaIPA","twitter_misc":{"Escrito por":"Margarita Labarca Goddard","Tiempo de lectura":"4 minutos"},"schema":{"@context":"https:\/\/schema.org","@graph":[{"@type":"Article","@id":"https:\/\/www.pressenza.com\/es\/2022\/06\/el-pais-del-hay-que\/#article","isPartOf":{"@id":"https:\/\/www.pressenza.com\/es\/2022\/06\/el-pais-del-hay-que\/"},"author":{"name":"Margarita Labarca Goddard","@id":"https:\/\/www.pressenza.com\/es\/#\/schema\/person\/671f453ff8d847cc1742639e75e22e13"},"headline":"El pa\u00eds del \u00abhay que\u00bb","datePublished":"2022-06-14T16:25:10+00:00","mainEntityOfPage":{"@id":"https:\/\/www.pressenza.com\/es\/2022\/06\/el-pais-del-hay-que\/"},"wordCount":906,"publisher":{"@id":"https:\/\/www.pressenza.com\/es\/#organization"},"image":{"@id":"https:\/\/www.pressenza.com\/es\/2022\/06\/el-pais-del-hay-que\/#primaryimage"},"thumbnailUrl":"https:\/\/www.pressenza.com\/wp-content\/uploads\/2022\/06\/bandera-mapuche-720x480-1.jpg","keywords":["Chile"],"articleSection":["Contenido Original","Opiniones","Pol\u00edtica","Sudam\u00e9rica"],"inLanguage":"es"},{"@type":"WebPage","@id":"https:\/\/www.pressenza.com\/es\/2022\/06\/el-pais-del-hay-que\/","url":"https:\/\/www.pressenza.com\/es\/2022\/06\/el-pais-del-hay-que\/","name":"El pa\u00eds del \"hay que\"","isPartOf":{"@id":"https:\/\/www.pressenza.com\/es\/#website"},"primaryImageOfPage":{"@id":"https:\/\/www.pressenza.com\/es\/2022\/06\/el-pais-del-hay-que\/#primaryimage"},"image":{"@id":"https:\/\/www.pressenza.com\/es\/2022\/06\/el-pais-del-hay-que\/#primaryimage"},"thumbnailUrl":"https:\/\/www.pressenza.com\/wp-content\/uploads\/2022\/06\/bandera-mapuche-720x480-1.jpg","datePublished":"2022-06-14T16:25:10+00:00","description":"La lucha contra la dictadura no fue s\u00f3lo para que no te sacaran de tu casa a las cuatro de la ma\u00f1ana para hacerte desaparecer. Tambi\u00e9n fue contra el","breadcrumb":{"@id":"https:\/\/www.pressenza.com\/es\/2022\/06\/el-pais-del-hay-que\/#breadcrumb"},"inLanguage":"es","potentialAction":[{"@type":"ReadAction","target":["https:\/\/www.pressenza.com\/es\/2022\/06\/el-pais-del-hay-que\/"]}]},{"@type":"ImageObject","inLanguage":"es","@id":"https:\/\/www.pressenza.com\/es\/2022\/06\/el-pais-del-hay-que\/#primaryimage","url":"https:\/\/www.pressenza.com\/wp-content\/uploads\/2022\/06\/bandera-mapuche-720x480-1.jpg","contentUrl":"https:\/\/www.pressenza.com\/wp-content\/uploads\/2022\/06\/bandera-mapuche-720x480-1.jpg","width":720,"height":480,"caption":"Claudia Aranda"},{"@type":"BreadcrumbList","@id":"https:\/\/www.pressenza.com\/es\/2022\/06\/el-pais-del-hay-que\/#breadcrumb","itemListElement":[{"@type":"ListItem","position":1,"name":"Accueil","item":"https:\/\/www.pressenza.com\/es\/"},{"@type":"ListItem","position":2,"name":"El pa\u00eds del \u00abhay que\u00bb"}]},{"@type":"WebSite","@id":"https:\/\/www.pressenza.com\/es\/#website","url":"https:\/\/www.pressenza.com\/es\/","name":"Pressenza","description":"International Press Agency","publisher":{"@id":"https:\/\/www.pressenza.com\/es\/#organization"},"potentialAction":[{"@type":"SearchAction","target":{"@type":"EntryPoint","urlTemplate":"https:\/\/www.pressenza.com\/es\/?s={search_term_string}"},"query-input":{"@type":"PropertyValueSpecification","valueRequired":true,"valueName":"search_term_string"}}],"inLanguage":"es"},{"@type":"Organization","@id":"https:\/\/www.pressenza.com\/es\/#organization","name":"Pressenza","url":"https:\/\/www.pressenza.com\/es\/","logo":{"@type":"ImageObject","inLanguage":"es","@id":"https:\/\/www.pressenza.com\/es\/#\/schema\/logo\/image\/","url":"https:\/\/www.pressenza.com\/wp-content\/uploads\/2022\/10\/pressenza_logo_200x200.jpg","contentUrl":"https:\/\/www.pressenza.com\/wp-content\/uploads\/2022\/10\/pressenza_logo_200x200.jpg","width":200,"height":200,"caption":"Pressenza"},"image":{"@id":"https:\/\/www.pressenza.com\/es\/#\/schema\/logo\/image\/"},"sameAs":["https:\/\/www.facebook.com\/PressenzaItalia","https:\/\/x.com\/PressenzaIPA"]},{"@type":"Person","@id":"https:\/\/www.pressenza.com\/es\/#\/schema\/person\/671f453ff8d847cc1742639e75e22e13","name":"Margarita Labarca Goddard","description":"A graduate of the University of Chile\u2019s Law School (1960), she held a prominent role in public administration during Salvador Allende\u2019s government. Her life has been shaped by a deep international perspective, from an upbringing in Argentina and post-war Paris to political exile in Cuba and Mexico following the 1973 coup. A resident of Mexico since 1979 due to judicial persecution by the Chilean dictatorship, she brings to her writing extensive expertise in the legal, political, and social issues of Latin America.","url":"https:\/\/www.pressenza.com\/es\/author\/margarita-labarca-goddard\/"}]}},"place":"Santiago de Chile","original_article_url":"","_links":{"self":[{"href":"https:\/\/www.pressenza.com\/es\/wp-json\/wp\/v2\/posts\/1604092","targetHints":{"allow":["GET"]}}],"collection":[{"href":"https:\/\/www.pressenza.com\/es\/wp-json\/wp\/v2\/posts"}],"about":[{"href":"https:\/\/www.pressenza.com\/es\/wp-json\/wp\/v2\/types\/post"}],"author":[{"embeddable":true,"href":"https:\/\/www.pressenza.com\/es\/wp-json\/wp\/v2\/users\/2124"}],"replies":[{"embeddable":true,"href":"https:\/\/www.pressenza.com\/es\/wp-json\/wp\/v2\/comments?post=1604092"}],"version-history":[{"count":0,"href":"https:\/\/www.pressenza.com\/es\/wp-json\/wp\/v2\/posts\/1604092\/revisions"}],"wp:featuredmedia":[{"embeddable":true,"href":"https:\/\/www.pressenza.com\/es\/wp-json\/wp\/v2\/media\/1604094"}],"wp:attachment":[{"href":"https:\/\/www.pressenza.com\/es\/wp-json\/wp\/v2\/media?parent=1604092"}],"wp:term":[{"taxonomy":"category","embeddable":true,"href":"https:\/\/www.pressenza.com\/es\/wp-json\/wp\/v2\/categories?post=1604092"},{"taxonomy":"post_tag","embeddable":true,"href":"https:\/\/www.pressenza.com\/es\/wp-json\/wp\/v2\/tags?post=1604092"}],"curies":[{"name":"wp","href":"https:\/\/api.w.org\/{rel}","templated":true}]}}