{"id":1603621,"date":"2022-06-13T22:46:30","date_gmt":"2022-06-13T21:46:30","guid":{"rendered":"https:\/\/www.pressenza.com\/?p=1603621"},"modified":"2022-06-13T22:47:41","modified_gmt":"2022-06-13T21:47:41","slug":"bolivia-condena-de-carcel-contra-anez-es-solo-el-inicio-para-restaurar-la-verdad-y-la-justicia","status":"publish","type":"post","link":"https:\/\/www.pressenza.com\/es\/2022\/06\/bolivia-condena-de-carcel-contra-anez-es-solo-el-inicio-para-restaurar-la-verdad-y-la-justicia\/","title":{"rendered":"Bolivia. Condena de c\u00e1rcel contra \u00c1\u00f1ez es s\u00f3lo el inicio para restaurar la verdad y la justicia"},"content":{"rendered":"<p>Diez a\u00f1os de prisi\u00f3n efectiva dictamin\u00f3 el Tribunal Primero de Sentencia por voto un\u00e1nime contra los golpistas de noviembre de 2019, Jeanine \u00c1\u00f1ez, Williams Kaliman y Vladimir Yuri Calder\u00f3n. Los dos \u00faltimos condenados a\u00fan se encuentran pr\u00f3fugos de la justicia.<\/p>\n<p>Por primera vez en la historia reciente de Am\u00e9rica Latina es llevada a la c\u00e1rcel una de las m\u00e1ximas figuras responsables de los llamados \u201cgolpes de Estado blandos\u201d, como los instigados por las fuerzas del autoritarismo conservador y olig\u00e1rquico y los intereses corporativos de Washington a trav\u00e9s de la Organizaci\u00f3n de Estados Americanos (OEA) contra Manuel Zelaya en Honduras (2009), Fernando Lugo en Paraguay (2012), y Dilma Rousseff en Brasil (2016).<\/p>\n<p>Se ha empleado la expresi\u00f3n \u201cgolpe de Estado blando\u201d para diferenciar la ca\u00edda de presidentes y gobiernos democr\u00e1ticamente elegidos con m\u00e9todos \u201cmenos violentos\u201d que los golpes de Estado militares que asolaron Am\u00e9rica Latina entre los 50 y 80 del siglo XX.<\/p>\n<p>La plataforma medi\u00e1tica de debate cr\u00edtico En La Pirqa, surgida durante la resistencia boliviana contra el r\u00e9gimen golpista y en la actualidad ampliada a tem\u00e1ticas latinoamericanistas, para analizar la reciente condena contra los conspiradores entrevist\u00f3 al abogado constitucionalista Gustavo Medina y al militante de la Coordinadora Memoria, Verdad y Justicia, Fernando M\u00e9ndez, ambos luchadores sociales del pa\u00eds andino.<\/p>\n<p>Gustavo Medina explic\u00f3 que Jeanine \u00c1\u00f1ez \u201ctiene ocho acusaciones en su contra. La primera es por los delitos de terrorismo, conspiraci\u00f3n y sedici\u00f3n. Esa querella criminal, a diferencia de la condena apenas ocurrida, se llama \u201ccaso Golpe de Estado I\u201d. Luego viene otra demanda por incumplimiento de deberes y resoluciones contrarias a la Constituci\u00f3n y las leyes. Ese proceso penal es el nombrado como \u201ccaso Golpe de Estado II\u201d, y por \u00e9l ha sido penalizada con diez a\u00f1os de c\u00e1rcel\u201d, y agreg\u00f3 que, \u201cTambi\u00e9n, \u00c1\u00f1ez tiene otra querella penal por detenci\u00f3n arbitraria, privaci\u00f3n de la libertad y tortura, porque cuando ya fung\u00eda como presidenta de facto junto con su gabinete, detuvieron a varias personas a quienes sometieron a torturas, lo que se encuentra documentado por la Comisi\u00f3n de Derechos Humanos que visit\u00f3 Bolivia y otras entidades internacionales. Estos tres casos est\u00e1n ventil\u00e1ndose en la jurisdicci\u00f3n ordinaria\u201d.<\/p>\n<p><strong>-\u00bfY los otros cinco procesos en curso?<\/strong><\/p>\n<p>Se enmarcan en juicios de responsabilidades o juicio pol\u00edtico, que deben realizarse en la Asamblea Legislativa Plurinacional. Ocurre que antes de que Jeanine \u00c1\u00f1ez se autoproclamara presidenta del pa\u00eds, emiti\u00f3 ciertas resoluciones que quebrantaron el reglamento de la C\u00e1mara de Senadores. De acuerdo a la norma, la presidencia de la C\u00e1mara Alta debe sostenerla la bancada que goza de mayor\u00eda, mientras que la vicepresidencia recae en la segunda en votaciones democr\u00e1ticas, y la segunda vicepresidencia le corresponde a la bancada de minor\u00eda. \u00c1\u00f1ez, como segunda vicepresidenta, en ning\u00fan caso pod\u00eda asumir la presidencia senatorial. De hecho, ante la renuncia coaccionada del presidente y el vicepresidente del Senado, a ella le correspond\u00eda convocar a una sesi\u00f3n de esa c\u00e1mara para recomponer su directiva. Y aqu\u00ed hay un dato muy curioso. Entonces, un senador de oposici\u00f3n del departamento de Potos\u00ed ten\u00eda el consenso para ser nombrado jefe del Senado. Sin embargo, pas\u00f3 que la se\u00f1ora \u00c1\u00f1ez se autoproclam\u00f3 presidenta de la C\u00e1mara de Senadores, quebrando el reglamento y desde su nueva auto-condici\u00f3n llam\u00f3 a una sesi\u00f3n del Congreso Nacional, que careci\u00f3 que quorum porque no se permiti\u00f3 participar a senadores y diputados del Movimiento al Socialismo, MAS. En la reuni\u00f3n irregular, y mediante otra resoluci\u00f3n, \u00c1\u00f1ez se autoproclam\u00f3 presidenta del Estado. Ha sido tan clara la violaci\u00f3n de la Constituci\u00f3n, que por ello logr\u00f3 avanzar r\u00e1pidamente esta acusaci\u00f3n condenatoria. Al respecto, los art\u00edculos 169 y 170 de la Constituci\u00f3n del Estado son meridianamente claros respecto de la forma en que debe efectuarse la sucesi\u00f3n del presidente y vicepresidente del pa\u00eds.\u201d<\/p>\n<p><strong>-\u00bfC\u00f3mo pudo tomar semejante atajo?<\/strong><\/p>\n<p>Lo de \u00c1\u00f1ez fue un \u201cgolpe de Estado blando\u201d, esos que se intentan envolver con alg\u00fan viso de legalidad. En la realidad, all\u00ed concurren las tradicionales fuerzas c\u00f3mplices golpistas, como los jefes de las Fuerzas Armadas, de las polic\u00edas, grupos conservadores asociados a la derecha rancia, los cuales jam\u00e1s han dejado de acechar los procesos democr\u00e1ticos con el objetivo de asaltar el poder estatal y hacerse de sus recursos para sus fines particulares.<\/p>\n<p><strong>-\u00bfY cu\u00e1les fueron sus pasos inmediatamente luego de su auproclamaci\u00f3n presidencial?<\/strong><\/p>\n<p>Sac\u00f3 a los militares a la calle y emiti\u00f3 un decreto supremo tremendamente cuestionado por los organismos internacionales de Derechos Humanos, donde se dot\u00f3 de licencia para matar a las Fuerzas Armadas contra la ciudadan\u00eda inerme del pa\u00eds. Por esos decretos contamos m\u00e1s de dos docenas de muertos. \u00c1\u00f1ez por la fuerza se impuso y por la fuerza comenz\u00f3 a beneficiar con los bienes comunes a los grupos de poder que la llevaron a su presidencia de facto. Por ejemplo, retir\u00f3 dos mil millones de d\u00f3lares del erario p\u00fablico para costear las deudas de grandes corporaciones privadas.<\/p>\n<p><strong>Recomponer la memoria y sacar lecciones<\/strong><\/p>\n<p>Por su parte, Fernando M\u00e9ndez hace parte de la Casa del Alba de donde emergi\u00f3 la Coordinadora Memoria, Verdad y Justicia. La agrupaci\u00f3n ha realizado 41 vigilias los d\u00edas viernes.<\/p>\n<p><strong>-\u00bfPara qu\u00e9 una organizaci\u00f3n que reivindica memoria, verdad y justicia?<\/strong><\/p>\n<p>Entre tantas razones, para intentar hacer frente al poder medi\u00e1tico y las corporaciones que han sido parte del golpe de Estado; exigir la verdad hist\u00f3rica y la justicia, ya no s\u00f3lo a nivel institucional, sino que en todos los \u00e1mbitos de la vida social de nuestros pueblos campesinos, ind\u00edgenas, originarios, afrodescendientes.<\/p>\n<p><strong>-Desde tu perspectiva, \u00bfqu\u00e9 elementos hicieron posible la condena de \u00c1\u00f1ez?<\/strong><\/p>\n<p>Al respecto, existe un detalle secuestrado por la memoria y por los grupos de inter\u00e9s. Se trata del papel jugado por la exparlamentaria Lidia Patty, quien inici\u00f3 el proceso judicial contra el golpismo.<\/p>\n<p><strong>-\u00bfY c\u00f3mo las fuerzas enemigas de los intereses populares fueron creando las condiciones para asestar el golpe?<\/strong><\/p>\n<p>Antes de \u00c1\u00f1ez, fueron quemados locales del Movimiento al Socialismo, MAS; a una de las autoridades de la Asamblea Plurinacional le fue secuestrada su familia, lo que lo llev\u00f3 a renunciar al Congreso para evitar las torturas y da\u00f1os de sus cercanos. A lo anterior hay que agregar la huelga de m\u00e1s de un mes del gremio m\u00e9dico, cuyo objetivo fue cercar y convulsionar a la poblaci\u00f3n, especialmente urbana. En el marco de las elecciones de octubre de 2019, los poderes elitistas hicieron detonar protestas de sectores pudientes, de la autodenominada \u201cclase media\u201d, tras el falso discurso del supuesto fraude electoral donde triunf\u00f3 Evo Morales. Otra vez, el relato fue fabricado por la industria medi\u00e1tica internacional, incluidas las redes sociales. Entre las elecciones presidenciales y el golpe de Estado pasaron 21 d\u00edas. Y lo que en ese lapso ocurri\u00f3 no debe olvidarse jam\u00e1s. Fue entonces que apareci\u00f3 en Cochabamba el grupo paramilitar Cochala, que se dedic\u00f3 a golpear mujeres de pollera, populares, y en un acto nazi-fascista, capturaron a la alcaldesa de Vinto, le cortaron el pelo y le arrojaron pintura en p\u00fablico.<\/p>\n<p><strong>-\u00bfLas expresiones de racismo y aporofobia que colaboraron para la formaci\u00f3n de la atm\u00f3sfera necesaria para justificar un golpe de Estado, surgieron coyunturalmente?<\/strong><\/p>\n<p>En realidad, estos grupos paramilitares, como la autodesignada \u2018Resistencia Juvenil Cochala\u2019, que existen en todos los departamentos del pa\u00eds, fueron inoculados por la oligarqu\u00eda desde hace muchos a\u00f1os para cometer actos de violencia sistem\u00e1tica contra las autoridades del MAS. Coyunturalmente, Cochabamba se convirti\u00f3 en la cabeza de playa del desembarco del golpe de Estado. En la ciudad los paramilitares se movilizaban en motos (\u2018motoqueros\u2019) con el fin de aterrorizar a la poblaci\u00f3n, en lo que corresponde al momento de la guerra psicol\u00f3gica contra el gobierno popular. Tampoco es posible olvidar que el mot\u00edn policial de esos d\u00edas se inici\u00f3 en Cochabamba. \u00bfSi el jefe del Ej\u00e9rcito \u201csugiere\u201d que el presidente Evo Morales renuncie a su cargo, podemos seguir hablando de un golpe \u2018blando\u2019? Tal vez la \u00fanica diferencia con los golpes de los 60 y 80 del siglo XX, fue que los intereses de las oligarqu\u00edas de extrema derecha y de Estados Unidos, en esta oportunidad tratan de darle una apariencia de legitimidad a la violenta interrupci\u00f3n de la democracia. No obstante, la condena contra \u00c1\u00f1ez hizo desaparecer cualquier pretensi\u00f3n de legitimidad legal al golpe.<\/p>\n<p><strong>-\u00bfPor qu\u00e9 las fuerzas antipopulares deb\u00edan dar el golpe y sangrar a la Bolivia hist\u00f3ricamente postergada?<\/strong><\/p>\n<p>Porque en Bolivia se estaba y se est\u00e1 nuevamente desarrollando un proceso in\u00e9dito de profunda democratizaci\u00f3n, ejemplo mundial que los mezquinos intereses mencionados deben aplacar. Esas fuerzas reaccionarias trataron de evitar el levantamiento y la autodeterminaci\u00f3n de nuestros pueblos, de Nuestram\u00e9rica y el Caribe.<\/p>\n<p><strong>-\u00bfLa Coordinadora Memoria, Verdad y Justicia est\u00e1 satisfecha con la condena de \u00c1\u00f1ez?<\/strong><\/p>\n<p>S\u00f3lo es el inicio de uno de los procesos contra el golpismo. No tiene nada que ver con los delitos de lesa humanidad cometidos en las masacres de Sacaba y Senkata ni con las ejecuciones extra-sumariales que contiene el Informe del Grupo Interdisciplinario de Expertos Independientes para Bolivia (GIEI).<br \/>\nPara nosotros, el juicio a \u00c1\u00f1ez es una puerta abierta para restaurar la justicia en nuestra poblaci\u00f3n. Y esa justicia no se limita a los actores visibles por arriba, sino que tambi\u00e9n a los fen\u00f3menos que afectan las interacciones del conjunto de la sociedad y sus entidades en todos sus niveles.<br \/>\nEl golpe de Estado ha tenido cara racista; se ha torturado y asesinado; se han cometido cr\u00edmenes de lesa humanidad, pero b\u00e1sicamente mis\u00f3ginos. Ha da\u00f1ado especialmente a las mujeres con el objetivo de someterlas. Nosotros queremos la despatriarcalizaci\u00f3n de la sociedad. \u00bfCu\u00e1ntos feminicidios se ejecutan en Bolivia respecto de su poblaci\u00f3n? \u00bfCu\u00e1ntas agresiones intra-familiares o agresiones de g\u00e9nero? El golpe de Estado ha validado la violencia machista, y eso hay que hacerlo retroceder.<br \/>\nEl golpe destap\u00f3 el fascismo racista, discriminador y patriarcal. Incluso, los medios masivos de comunicaci\u00f3n han estigmatizado el t\u00e9rmino \u201cmasista\u201d (del MAS), como una condici\u00f3n negativa. Sin embargo, y en su reverso, la Wiphala hoy es un s\u00edmbolo de rebeld\u00eda internacional. Y esa lucha persiste.<\/p>\n","protected":false},"excerpt":{"rendered":"<p>Diez a\u00f1os de prisi\u00f3n efectiva dictamin\u00f3 el Tribunal Primero de Sentencia por voto un\u00e1nime contra los golpistas de noviembre de 2019, Jeanine \u00c1\u00f1ez, Williams Kaliman y Vladimir Yuri Calder\u00f3n. Los dos \u00faltimos condenados a\u00fan se encuentran pr\u00f3fugos de la justicia.&hellip;<\/p>\n","protected":false},"author":2122,"featured_media":1603633,"comment_status":"closed","ping_status":"closed","sticky":false,"template":"","format":"standard","meta":{"footnotes":""},"categories":[11389,155,74,67],"tags":[1646,69354],"class_list":["post-1603621","post","type-post","status-publish","format-standard","has-post-thumbnail","hentry","category-contenido-original","category-entrevistas","category-politica-es","category-sudamerica","tag-bolivia","tag-jeannine-anez"],"yoast_head":"<!-- This site is optimized with the Yoast SEO plugin v27.1.1 - https:\/\/yoast.com\/product\/yoast-seo-wordpress\/ -->\n<title>Bolivia. Condena de c\u00e1rcel contra \u00c1\u00f1ez es s\u00f3lo el inicio para restaurar la verdad y la justicia<\/title>\n<meta name=\"description\" content=\"Diez a\u00f1os de prisi\u00f3n efectiva dictamin\u00f3 el Tribunal Primero de Sentencia por voto un\u00e1nime contra los golpistas de noviembre de 2019, Jeanine \u00c1\u00f1ez,\" \/>\n<meta name=\"robots\" content=\"index, follow, max-snippet:-1, max-image-preview:large, max-video-preview:-1\" \/>\n<link rel=\"canonical\" href=\"https:\/\/www.pressenza.com\/es\/2022\/06\/bolivia-condena-de-carcel-contra-anez-es-solo-el-inicio-para-restaurar-la-verdad-y-la-justicia\/\" \/>\n<meta property=\"og:locale\" content=\"es_ES\" \/>\n<meta property=\"og:type\" content=\"article\" \/>\n<meta property=\"og:title\" content=\"Bolivia. Condena de c\u00e1rcel contra \u00c1\u00f1ez es s\u00f3lo el inicio para restaurar la verdad y la justicia\" \/>\n<meta property=\"og:description\" content=\"Diez a\u00f1os de prisi\u00f3n efectiva dictamin\u00f3 el Tribunal Primero de Sentencia por voto un\u00e1nime contra los golpistas de noviembre de 2019, Jeanine \u00c1\u00f1ez,\" \/>\n<meta property=\"og:url\" content=\"https:\/\/www.pressenza.com\/es\/2022\/06\/bolivia-condena-de-carcel-contra-anez-es-solo-el-inicio-para-restaurar-la-verdad-y-la-justicia\/\" \/>\n<meta property=\"og:site_name\" content=\"Pressenza\" \/>\n<meta property=\"article:publisher\" content=\"https:\/\/www.facebook.com\/PressenzaItalia\" \/>\n<meta property=\"article:published_time\" content=\"2022-06-13T21:46:30+00:00\" \/>\n<meta property=\"article:modified_time\" content=\"2022-06-13T21:47:41+00:00\" \/>\n<meta property=\"og:image\" content=\"https:\/\/www.pressenza.com\/wp-content\/uploads\/2022\/06\/Bolivia.jpg\" \/>\n\t<meta property=\"og:image:width\" content=\"1003\" \/>\n\t<meta property=\"og:image:height\" content=\"682\" \/>\n\t<meta property=\"og:image:type\" content=\"image\/jpeg\" \/>\n<meta name=\"author\" content=\"Andr\u00e9s Figueroa Cornejo\" \/>\n<meta name=\"twitter:card\" content=\"summary_large_image\" \/>\n<meta name=\"twitter:creator\" content=\"@PressenzaIPA\" \/>\n<meta name=\"twitter:site\" content=\"@PressenzaIPA\" \/>\n<meta name=\"twitter:label1\" content=\"Escrito por\" \/>\n\t<meta name=\"twitter:data1\" content=\"Andr\u00e9s Figueroa Cornejo\" \/>\n\t<meta name=\"twitter:label2\" content=\"Tiempo de lectura\" \/>\n\t<meta name=\"twitter:data2\" content=\"8 minutos\" \/>\n<script type=\"application\/ld+json\" class=\"yoast-schema-graph\">{\"@context\":\"https:\/\/schema.org\",\"@graph\":[{\"@type\":\"Article\",\"@id\":\"https:\/\/www.pressenza.com\/es\/2022\/06\/bolivia-condena-de-carcel-contra-anez-es-solo-el-inicio-para-restaurar-la-verdad-y-la-justicia\/#article\",\"isPartOf\":{\"@id\":\"https:\/\/www.pressenza.com\/es\/2022\/06\/bolivia-condena-de-carcel-contra-anez-es-solo-el-inicio-para-restaurar-la-verdad-y-la-justicia\/\"},\"author\":{\"name\":\"Andr\u00e9s Figueroa Cornejo\",\"@id\":\"https:\/\/www.pressenza.com\/es\/#\/schema\/person\/067b08055261ebe3dced4ba2b739b67a\"},\"headline\":\"Bolivia. Condena de c\u00e1rcel contra \u00c1\u00f1ez es s\u00f3lo el inicio para restaurar la verdad y la justicia\",\"datePublished\":\"2022-06-13T21:46:30+00:00\",\"dateModified\":\"2022-06-13T21:47:41+00:00\",\"mainEntityOfPage\":{\"@id\":\"https:\/\/www.pressenza.com\/es\/2022\/06\/bolivia-condena-de-carcel-contra-anez-es-solo-el-inicio-para-restaurar-la-verdad-y-la-justicia\/\"},\"wordCount\":1794,\"publisher\":{\"@id\":\"https:\/\/www.pressenza.com\/es\/#organization\"},\"image\":{\"@id\":\"https:\/\/www.pressenza.com\/es\/2022\/06\/bolivia-condena-de-carcel-contra-anez-es-solo-el-inicio-para-restaurar-la-verdad-y-la-justicia\/#primaryimage\"},\"thumbnailUrl\":\"https:\/\/www.pressenza.com\/wp-content\/uploads\/2022\/06\/Bolivia.jpg\",\"keywords\":[\"Bolivia\",\"Jeannine \u00c1\u00f1ez\"],\"articleSection\":[\"Contenido Original\",\"Entrevistas\",\"Pol\u00edtica\",\"Sudam\u00e9rica\"],\"inLanguage\":\"es\"},{\"@type\":\"WebPage\",\"@id\":\"https:\/\/www.pressenza.com\/es\/2022\/06\/bolivia-condena-de-carcel-contra-anez-es-solo-el-inicio-para-restaurar-la-verdad-y-la-justicia\/\",\"url\":\"https:\/\/www.pressenza.com\/es\/2022\/06\/bolivia-condena-de-carcel-contra-anez-es-solo-el-inicio-para-restaurar-la-verdad-y-la-justicia\/\",\"name\":\"Bolivia. Condena de c\u00e1rcel contra \u00c1\u00f1ez es s\u00f3lo el inicio para restaurar la verdad y la justicia\",\"isPartOf\":{\"@id\":\"https:\/\/www.pressenza.com\/es\/#website\"},\"primaryImageOfPage\":{\"@id\":\"https:\/\/www.pressenza.com\/es\/2022\/06\/bolivia-condena-de-carcel-contra-anez-es-solo-el-inicio-para-restaurar-la-verdad-y-la-justicia\/#primaryimage\"},\"image\":{\"@id\":\"https:\/\/www.pressenza.com\/es\/2022\/06\/bolivia-condena-de-carcel-contra-anez-es-solo-el-inicio-para-restaurar-la-verdad-y-la-justicia\/#primaryimage\"},\"thumbnailUrl\":\"https:\/\/www.pressenza.com\/wp-content\/uploads\/2022\/06\/Bolivia.jpg\",\"datePublished\":\"2022-06-13T21:46:30+00:00\",\"dateModified\":\"2022-06-13T21:47:41+00:00\",\"description\":\"Diez a\u00f1os de prisi\u00f3n efectiva dictamin\u00f3 el Tribunal Primero de Sentencia por voto un\u00e1nime contra los golpistas de noviembre de 2019, Jeanine \u00c1\u00f1ez,\",\"breadcrumb\":{\"@id\":\"https:\/\/www.pressenza.com\/es\/2022\/06\/bolivia-condena-de-carcel-contra-anez-es-solo-el-inicio-para-restaurar-la-verdad-y-la-justicia\/#breadcrumb\"},\"inLanguage\":\"es\",\"potentialAction\":[{\"@type\":\"ReadAction\",\"target\":[\"https:\/\/www.pressenza.com\/es\/2022\/06\/bolivia-condena-de-carcel-contra-anez-es-solo-el-inicio-para-restaurar-la-verdad-y-la-justicia\/\"]}]},{\"@type\":\"ImageObject\",\"inLanguage\":\"es\",\"@id\":\"https:\/\/www.pressenza.com\/es\/2022\/06\/bolivia-condena-de-carcel-contra-anez-es-solo-el-inicio-para-restaurar-la-verdad-y-la-justicia\/#primaryimage\",\"url\":\"https:\/\/www.pressenza.com\/wp-content\/uploads\/2022\/06\/Bolivia.jpg\",\"contentUrl\":\"https:\/\/www.pressenza.com\/wp-content\/uploads\/2022\/06\/Bolivia.jpg\",\"width\":1003,\"height\":682},{\"@type\":\"BreadcrumbList\",\"@id\":\"https:\/\/www.pressenza.com\/es\/2022\/06\/bolivia-condena-de-carcel-contra-anez-es-solo-el-inicio-para-restaurar-la-verdad-y-la-justicia\/#breadcrumb\",\"itemListElement\":[{\"@type\":\"ListItem\",\"position\":1,\"name\":\"Accueil\",\"item\":\"https:\/\/www.pressenza.com\/es\/\"},{\"@type\":\"ListItem\",\"position\":2,\"name\":\"Bolivia. Condena de c\u00e1rcel contra \u00c1\u00f1ez es s\u00f3lo el inicio para restaurar la verdad y la justicia\"}]},{\"@type\":\"WebSite\",\"@id\":\"https:\/\/www.pressenza.com\/es\/#website\",\"url\":\"https:\/\/www.pressenza.com\/es\/\",\"name\":\"Pressenza\",\"description\":\"International Press Agency\",\"publisher\":{\"@id\":\"https:\/\/www.pressenza.com\/es\/#organization\"},\"potentialAction\":[{\"@type\":\"SearchAction\",\"target\":{\"@type\":\"EntryPoint\",\"urlTemplate\":\"https:\/\/www.pressenza.com\/es\/?s={search_term_string}\"},\"query-input\":{\"@type\":\"PropertyValueSpecification\",\"valueRequired\":true,\"valueName\":\"search_term_string\"}}],\"inLanguage\":\"es\"},{\"@type\":\"Organization\",\"@id\":\"https:\/\/www.pressenza.com\/es\/#organization\",\"name\":\"Pressenza\",\"url\":\"https:\/\/www.pressenza.com\/es\/\",\"logo\":{\"@type\":\"ImageObject\",\"inLanguage\":\"es\",\"@id\":\"https:\/\/www.pressenza.com\/es\/#\/schema\/logo\/image\/\",\"url\":\"https:\/\/www.pressenza.com\/wp-content\/uploads\/2022\/10\/pressenza_logo_200x200.jpg\",\"contentUrl\":\"https:\/\/www.pressenza.com\/wp-content\/uploads\/2022\/10\/pressenza_logo_200x200.jpg\",\"width\":200,\"height\":200,\"caption\":\"Pressenza\"},\"image\":{\"@id\":\"https:\/\/www.pressenza.com\/es\/#\/schema\/logo\/image\/\"},\"sameAs\":[\"https:\/\/www.facebook.com\/PressenzaItalia\",\"https:\/\/x.com\/PressenzaIPA\"]},{\"@type\":\"Person\",\"@id\":\"https:\/\/www.pressenza.com\/es\/#\/schema\/person\/067b08055261ebe3dced4ba2b739b67a\",\"name\":\"Andr\u00e9s Figueroa Cornejo\",\"url\":\"https:\/\/www.pressenza.com\/es\/author\/andres-figueroa-cornejo\/\"}]}<\/script>\n<!-- \/ Yoast SEO plugin. -->","yoast_head_json":{"title":"Bolivia. Condena de c\u00e1rcel contra \u00c1\u00f1ez es s\u00f3lo el inicio para restaurar la verdad y la justicia","description":"Diez a\u00f1os de prisi\u00f3n efectiva dictamin\u00f3 el Tribunal Primero de Sentencia por voto un\u00e1nime contra los golpistas de noviembre de 2019, Jeanine \u00c1\u00f1ez,","robots":{"index":"index","follow":"follow","max-snippet":"max-snippet:-1","max-image-preview":"max-image-preview:large","max-video-preview":"max-video-preview:-1"},"canonical":"https:\/\/www.pressenza.com\/es\/2022\/06\/bolivia-condena-de-carcel-contra-anez-es-solo-el-inicio-para-restaurar-la-verdad-y-la-justicia\/","og_locale":"es_ES","og_type":"article","og_title":"Bolivia. Condena de c\u00e1rcel contra \u00c1\u00f1ez es s\u00f3lo el inicio para restaurar la verdad y la justicia","og_description":"Diez a\u00f1os de prisi\u00f3n efectiva dictamin\u00f3 el Tribunal Primero de Sentencia por voto un\u00e1nime contra los golpistas de noviembre de 2019, Jeanine \u00c1\u00f1ez,","og_url":"https:\/\/www.pressenza.com\/es\/2022\/06\/bolivia-condena-de-carcel-contra-anez-es-solo-el-inicio-para-restaurar-la-verdad-y-la-justicia\/","og_site_name":"Pressenza","article_publisher":"https:\/\/www.facebook.com\/PressenzaItalia","article_published_time":"2022-06-13T21:46:30+00:00","article_modified_time":"2022-06-13T21:47:41+00:00","og_image":[{"width":1003,"height":682,"url":"https:\/\/www.pressenza.com\/wp-content\/uploads\/2022\/06\/Bolivia.jpg","type":"image\/jpeg"}],"author":"Andr\u00e9s Figueroa Cornejo","twitter_card":"summary_large_image","twitter_creator":"@PressenzaIPA","twitter_site":"@PressenzaIPA","twitter_misc":{"Escrito por":"Andr\u00e9s Figueroa Cornejo","Tiempo de lectura":"8 minutos"},"schema":{"@context":"https:\/\/schema.org","@graph":[{"@type":"Article","@id":"https:\/\/www.pressenza.com\/es\/2022\/06\/bolivia-condena-de-carcel-contra-anez-es-solo-el-inicio-para-restaurar-la-verdad-y-la-justicia\/#article","isPartOf":{"@id":"https:\/\/www.pressenza.com\/es\/2022\/06\/bolivia-condena-de-carcel-contra-anez-es-solo-el-inicio-para-restaurar-la-verdad-y-la-justicia\/"},"author":{"name":"Andr\u00e9s Figueroa Cornejo","@id":"https:\/\/www.pressenza.com\/es\/#\/schema\/person\/067b08055261ebe3dced4ba2b739b67a"},"headline":"Bolivia. Condena de c\u00e1rcel contra \u00c1\u00f1ez es s\u00f3lo el inicio para restaurar la verdad y la justicia","datePublished":"2022-06-13T21:46:30+00:00","dateModified":"2022-06-13T21:47:41+00:00","mainEntityOfPage":{"@id":"https:\/\/www.pressenza.com\/es\/2022\/06\/bolivia-condena-de-carcel-contra-anez-es-solo-el-inicio-para-restaurar-la-verdad-y-la-justicia\/"},"wordCount":1794,"publisher":{"@id":"https:\/\/www.pressenza.com\/es\/#organization"},"image":{"@id":"https:\/\/www.pressenza.com\/es\/2022\/06\/bolivia-condena-de-carcel-contra-anez-es-solo-el-inicio-para-restaurar-la-verdad-y-la-justicia\/#primaryimage"},"thumbnailUrl":"https:\/\/www.pressenza.com\/wp-content\/uploads\/2022\/06\/Bolivia.jpg","keywords":["Bolivia","Jeannine \u00c1\u00f1ez"],"articleSection":["Contenido Original","Entrevistas","Pol\u00edtica","Sudam\u00e9rica"],"inLanguage":"es"},{"@type":"WebPage","@id":"https:\/\/www.pressenza.com\/es\/2022\/06\/bolivia-condena-de-carcel-contra-anez-es-solo-el-inicio-para-restaurar-la-verdad-y-la-justicia\/","url":"https:\/\/www.pressenza.com\/es\/2022\/06\/bolivia-condena-de-carcel-contra-anez-es-solo-el-inicio-para-restaurar-la-verdad-y-la-justicia\/","name":"Bolivia. Condena de c\u00e1rcel contra \u00c1\u00f1ez es s\u00f3lo el inicio para restaurar la verdad y la justicia","isPartOf":{"@id":"https:\/\/www.pressenza.com\/es\/#website"},"primaryImageOfPage":{"@id":"https:\/\/www.pressenza.com\/es\/2022\/06\/bolivia-condena-de-carcel-contra-anez-es-solo-el-inicio-para-restaurar-la-verdad-y-la-justicia\/#primaryimage"},"image":{"@id":"https:\/\/www.pressenza.com\/es\/2022\/06\/bolivia-condena-de-carcel-contra-anez-es-solo-el-inicio-para-restaurar-la-verdad-y-la-justicia\/#primaryimage"},"thumbnailUrl":"https:\/\/www.pressenza.com\/wp-content\/uploads\/2022\/06\/Bolivia.jpg","datePublished":"2022-06-13T21:46:30+00:00","dateModified":"2022-06-13T21:47:41+00:00","description":"Diez a\u00f1os de prisi\u00f3n efectiva dictamin\u00f3 el Tribunal Primero de Sentencia por voto un\u00e1nime contra los golpistas de noviembre de 2019, Jeanine \u00c1\u00f1ez,","breadcrumb":{"@id":"https:\/\/www.pressenza.com\/es\/2022\/06\/bolivia-condena-de-carcel-contra-anez-es-solo-el-inicio-para-restaurar-la-verdad-y-la-justicia\/#breadcrumb"},"inLanguage":"es","potentialAction":[{"@type":"ReadAction","target":["https:\/\/www.pressenza.com\/es\/2022\/06\/bolivia-condena-de-carcel-contra-anez-es-solo-el-inicio-para-restaurar-la-verdad-y-la-justicia\/"]}]},{"@type":"ImageObject","inLanguage":"es","@id":"https:\/\/www.pressenza.com\/es\/2022\/06\/bolivia-condena-de-carcel-contra-anez-es-solo-el-inicio-para-restaurar-la-verdad-y-la-justicia\/#primaryimage","url":"https:\/\/www.pressenza.com\/wp-content\/uploads\/2022\/06\/Bolivia.jpg","contentUrl":"https:\/\/www.pressenza.com\/wp-content\/uploads\/2022\/06\/Bolivia.jpg","width":1003,"height":682},{"@type":"BreadcrumbList","@id":"https:\/\/www.pressenza.com\/es\/2022\/06\/bolivia-condena-de-carcel-contra-anez-es-solo-el-inicio-para-restaurar-la-verdad-y-la-justicia\/#breadcrumb","itemListElement":[{"@type":"ListItem","position":1,"name":"Accueil","item":"https:\/\/www.pressenza.com\/es\/"},{"@type":"ListItem","position":2,"name":"Bolivia. Condena de c\u00e1rcel contra \u00c1\u00f1ez es s\u00f3lo el inicio para restaurar la verdad y la justicia"}]},{"@type":"WebSite","@id":"https:\/\/www.pressenza.com\/es\/#website","url":"https:\/\/www.pressenza.com\/es\/","name":"Pressenza","description":"International Press Agency","publisher":{"@id":"https:\/\/www.pressenza.com\/es\/#organization"},"potentialAction":[{"@type":"SearchAction","target":{"@type":"EntryPoint","urlTemplate":"https:\/\/www.pressenza.com\/es\/?s={search_term_string}"},"query-input":{"@type":"PropertyValueSpecification","valueRequired":true,"valueName":"search_term_string"}}],"inLanguage":"es"},{"@type":"Organization","@id":"https:\/\/www.pressenza.com\/es\/#organization","name":"Pressenza","url":"https:\/\/www.pressenza.com\/es\/","logo":{"@type":"ImageObject","inLanguage":"es","@id":"https:\/\/www.pressenza.com\/es\/#\/schema\/logo\/image\/","url":"https:\/\/www.pressenza.com\/wp-content\/uploads\/2022\/10\/pressenza_logo_200x200.jpg","contentUrl":"https:\/\/www.pressenza.com\/wp-content\/uploads\/2022\/10\/pressenza_logo_200x200.jpg","width":200,"height":200,"caption":"Pressenza"},"image":{"@id":"https:\/\/www.pressenza.com\/es\/#\/schema\/logo\/image\/"},"sameAs":["https:\/\/www.facebook.com\/PressenzaItalia","https:\/\/x.com\/PressenzaIPA"]},{"@type":"Person","@id":"https:\/\/www.pressenza.com\/es\/#\/schema\/person\/067b08055261ebe3dced4ba2b739b67a","name":"Andr\u00e9s Figueroa Cornejo","url":"https:\/\/www.pressenza.com\/es\/author\/andres-figueroa-cornejo\/"}]}},"place":"La Paz, Bolivia","original_article_url":"","_links":{"self":[{"href":"https:\/\/www.pressenza.com\/es\/wp-json\/wp\/v2\/posts\/1603621","targetHints":{"allow":["GET"]}}],"collection":[{"href":"https:\/\/www.pressenza.com\/es\/wp-json\/wp\/v2\/posts"}],"about":[{"href":"https:\/\/www.pressenza.com\/es\/wp-json\/wp\/v2\/types\/post"}],"author":[{"embeddable":true,"href":"https:\/\/www.pressenza.com\/es\/wp-json\/wp\/v2\/users\/2122"}],"replies":[{"embeddable":true,"href":"https:\/\/www.pressenza.com\/es\/wp-json\/wp\/v2\/comments?post=1603621"}],"version-history":[{"count":0,"href":"https:\/\/www.pressenza.com\/es\/wp-json\/wp\/v2\/posts\/1603621\/revisions"}],"wp:featuredmedia":[{"embeddable":true,"href":"https:\/\/www.pressenza.com\/es\/wp-json\/wp\/v2\/media\/1603633"}],"wp:attachment":[{"href":"https:\/\/www.pressenza.com\/es\/wp-json\/wp\/v2\/media?parent=1603621"}],"wp:term":[{"taxonomy":"category","embeddable":true,"href":"https:\/\/www.pressenza.com\/es\/wp-json\/wp\/v2\/categories?post=1603621"},{"taxonomy":"post_tag","embeddable":true,"href":"https:\/\/www.pressenza.com\/es\/wp-json\/wp\/v2\/tags?post=1603621"}],"curies":[{"name":"wp","href":"https:\/\/api.w.org\/{rel}","templated":true}]}}