{"id":1602656,"date":"2022-06-12T03:24:02","date_gmt":"2022-06-12T02:24:02","guid":{"rendered":"https:\/\/www.pressenza.com\/?p=1602656"},"modified":"2022-06-12T03:24:02","modified_gmt":"2022-06-12T02:24:02","slug":"la-cidh-otorga-medidas-cautelares-a-favor-del-indigenista-bruno-araujo-pereira-y-del-periodista-dom-phillips-en-brasil","status":"publish","type":"post","link":"https:\/\/www.pressenza.com\/es\/2022\/06\/la-cidh-otorga-medidas-cautelares-a-favor-del-indigenista-bruno-araujo-pereira-y-del-periodista-dom-phillips-en-brasil\/","title":{"rendered":"La CIDH otorga medidas cautelares a favor del indigenista Bruno Ara\u00fajo Pereira y del periodista Dom Phillips en Brasil"},"content":{"rendered":"<p>La Comisi\u00f3n Interamericana de Derechos Humanos (CIDH) emiti\u00f3 el 11 de junio de 2022 la <a href=\"https:\/\/www.oas.org\/es\/cidh\/decisiones\/mc\/2022\/res_24-2022.%20mc-449-22-br%20otorgamiento%20directo_t.d_vf_es.pdf\" target=\"_blank\" rel=\"noopener\">Resoluci\u00f3n 24\/2022<\/a> mediante la cual otorga medidas cautelares a favor del indigenista Bruno Ara\u00fajo Pereira y del periodista Dom Phillips, tras considerar que se encuentran en una situaci\u00f3n de gravedad y urgencia de riesgo de da\u00f1o irreparable a sus derechos, luego de que hayan desaparecido hasta la fecha, en Brasil.<\/p>\n<p>La solicitud indica que se desconoce el paradero o destino de Ara\u00fajo Pereira y Phillips s desde el 5 de junio de 2022, cuando realizaban un viaje juntos desde la Tierra Ind\u00edgena del Vale del Javari, hacia la ciudad de Atalaia do Norte, para visitar al equipo de Vigilancia Ind\u00edgena y realizar entrevistas. De acuerdo con los solicitantes, la desaparici\u00f3n de ambos estar\u00eda enmarcada en un contexto de violencia agudizada en contra de defensoras y defensores de derechos humanos, periodistas y comunicadores sociales.<\/p>\n<p>Tras denunciarse las desapariciones, la solicitud afirma que los esfuerzos estatales no habr\u00edan sido inmediatos y solo iniciaron luego de la intensa movilizaci\u00f3n de la sociedad civil, de la prensa nacional e internacional y de las redes sociales. Alegan que las medidas adoptadas a la fecha ser\u00edan insuficientes dada la extensi\u00f3n del territorio y otros desaf\u00edos t\u00e9cnicos.<\/p>\n<p>La Comisi\u00f3n observ\u00f3 que la situaci\u00f3n de los propuestos beneficiarios ser\u00eda de amplio conocimiento de las entidades internas, que exist\u00edan decisiones judiciales internas en distintos niveles que determinaron la adopci\u00f3n inmediata de todas las medidas necesarias para localizar a ambos desaparecidos, y que, pese a ello, siguen desaparecidos.<\/p>\n<p>Despu\u00e9s de analizar la informaci\u00f3n de la solicitud, la CIDH consider\u00f3 que la materializaci\u00f3n de afectaci\u00f3n de los derechos de los propuestos beneficiarios seria inminente. En consecuencia, en el presente asunto no se solicit\u00f3 previamente informaci\u00f3n pertinente a Brasil (seg\u00fan la excepci\u00f3n prevista en el art\u00edculo 25.5 de su Reglamento).<\/p>\n<p>En consecuencia, de acuerdo con el art\u00edculo 25 del Reglamento, la Comisi\u00f3n solicita a Brasil que:<\/p>\n<ol type=\"a\">\n<li>redoble sus esfuerzos para determinar la situaci\u00f3n y el paradero de Bruno Ara\u00fajo Pereira y Dom Phillips, con el fin de proteger sus derechos a la vida e integridad personal, y que puedan continuar realizando sus labores de defensa en derechos humanos o ejerciendo sus actividades period\u00edsticas, seg\u00fan corresponda; y<\/li>\n<li>informe sobre las acciones adoptadas a fin de investigar con la debida diligencia los presuntos hechos que dieron lugar a la adopci\u00f3n de la presente medida cautelar y as\u00ed evitar su repetici\u00f3n.<\/li>\n<\/ol>\n<p>El otorgamiento de la presente medida cautelar y su adopci\u00f3n por el Estado no constituyen un prejuzgamiento a una petici\u00f3n que eventualmente pueda ser interpuesta ante el Sistema Interamericano sobre una posible violaci\u00f3n de los derechos protegidos en los instrumentos aplicables.<\/p>\n<p>La CIDH es un \u00f3rgano principal y aut\u00f3nomo de la Organizaci\u00f3n de los Estados Americanos (OEA), cuyo mandato surge de la Carta de la OEA y de la Convenci\u00f3n Americana sobre Derechos Humanos. La Comisi\u00f3n Interamericana tiene el mandato de promover la observancia y la defensa de los derechos humanos en la regi\u00f3n y act\u00faa como \u00f3rgano consultivo de la OEA en la materia. La CIDH est\u00e1 integrada por siete miembros independientes que son elegidos por la Asamblea General de la OEA a t\u00edtulo personal, y no representan sus pa\u00edses de origen o residencia.<\/p>\n","protected":false},"excerpt":{"rendered":"<p>La Comisi\u00f3n Interamericana de Derechos Humanos (CIDH) emiti\u00f3 el 11 de junio de 2022 la Resoluci\u00f3n 24\/2022 mediante la cual otorga medidas cautelares a favor del indigenista Bruno Ara\u00fajo Pereira y del periodista Dom Phillips, tras considerar que se encuentran&hellip;<\/p>\n","protected":false},"author":1254,"featured_media":1602657,"comment_status":"closed","ping_status":"closed","sticky":false,"template":"","format":"standard","meta":{"footnotes":""},"categories":[76,149,75,79,67],"tags":[47056,2749,102658,17497,6903,102701,43584],"class_list":["post-1602656","post","type-post","status-publish","format-standard","has-post-thumbnail","hentry","category-relaciones-exteriores","category-comunicados-de-prensa","category-cultura-es","category-derechos-humanos","category-sudamerica","tag-amazonia-es","tag-brasil-es","tag-bruno-pereira","tag-cidh","tag-desaparecidos-es","tag-dom-philips","tag-medida-cautelar"],"yoast_head":"<!-- This site is optimized with the Yoast SEO plugin v27.1.1 - https:\/\/yoast.com\/product\/yoast-seo-wordpress\/ -->\n<title>La CIDH otorga medidas cautelares a favor del indigenista Bruno Ara\u00fajo Pereira y del periodista Dom Phillips en Brasil<\/title>\n<meta name=\"description\" content=\"La Comisi\u00f3n Interamericana de Derechos Humanos (CIDH) emiti\u00f3 el 11 de junio de 2022 la Resoluci\u00f3n 24\/2022 mediante la cual otorga medidas cautelares a\" \/>\n<meta name=\"robots\" content=\"index, follow, max-snippet:-1, max-image-preview:large, max-video-preview:-1\" \/>\n<link rel=\"canonical\" href=\"https:\/\/www.pressenza.com\/es\/2022\/06\/la-cidh-otorga-medidas-cautelares-a-favor-del-indigenista-bruno-araujo-pereira-y-del-periodista-dom-phillips-en-brasil\/\" \/>\n<meta property=\"og:locale\" content=\"es_ES\" \/>\n<meta property=\"og:type\" content=\"article\" \/>\n<meta property=\"og:title\" content=\"La CIDH otorga medidas cautelares a favor del indigenista Bruno Ara\u00fajo Pereira y del periodista Dom Phillips en Brasil\" \/>\n<meta property=\"og:description\" content=\"La Comisi\u00f3n Interamericana de Derechos Humanos (CIDH) emiti\u00f3 el 11 de junio de 2022 la Resoluci\u00f3n 24\/2022 mediante la cual otorga medidas cautelares a\" \/>\n<meta property=\"og:url\" content=\"https:\/\/www.pressenza.com\/es\/2022\/06\/la-cidh-otorga-medidas-cautelares-a-favor-del-indigenista-bruno-araujo-pereira-y-del-periodista-dom-phillips-en-brasil\/\" \/>\n<meta property=\"og:site_name\" content=\"Pressenza\" \/>\n<meta property=\"article:publisher\" content=\"https:\/\/www.facebook.com\/PressenzaItalia\" \/>\n<meta property=\"article:author\" content=\"https:\/\/www.facebook.com\/pressenza\" \/>\n<meta property=\"article:published_time\" content=\"2022-06-12T02:24:02+00:00\" \/>\n<meta property=\"og:image\" content=\"https:\/\/www.pressenza.com\/wp-content\/uploads\/2022\/06\/Vigi\u0301lia-Londres-The-Guardian-Captura-de-video.jpg\" \/>\n\t<meta property=\"og:image:width\" content=\"820\" \/>\n\t<meta property=\"og:image:height\" content=\"463\" \/>\n\t<meta property=\"og:image:type\" content=\"image\/jpeg\" \/>\n<meta name=\"author\" content=\"Redacci\u00f3n Mar del Plata\" \/>\n<meta name=\"twitter:card\" content=\"summary_large_image\" \/>\n<meta name=\"twitter:creator\" content=\"@Pressenza\" \/>\n<meta name=\"twitter:site\" content=\"@PressenzaIPA\" \/>\n<meta name=\"twitter:label1\" content=\"Escrito por\" \/>\n\t<meta name=\"twitter:data1\" content=\"Redacci\u00f3n Mar del Plata\" \/>\n\t<meta name=\"twitter:label2\" content=\"Tiempo de lectura\" \/>\n\t<meta name=\"twitter:data2\" content=\"3 minutos\" \/>\n<script type=\"application\/ld+json\" class=\"yoast-schema-graph\">{\"@context\":\"https:\/\/schema.org\",\"@graph\":[{\"@type\":\"Article\",\"@id\":\"https:\/\/www.pressenza.com\/es\/2022\/06\/la-cidh-otorga-medidas-cautelares-a-favor-del-indigenista-bruno-araujo-pereira-y-del-periodista-dom-phillips-en-brasil\/#article\",\"isPartOf\":{\"@id\":\"https:\/\/www.pressenza.com\/es\/2022\/06\/la-cidh-otorga-medidas-cautelares-a-favor-del-indigenista-bruno-araujo-pereira-y-del-periodista-dom-phillips-en-brasil\/\"},\"author\":{\"name\":\"Redacci\u00f3n Mar del Plata\",\"@id\":\"https:\/\/www.pressenza.com\/es\/#\/schema\/person\/738658b5125ecea661a8a0b96dba8b69\"},\"headline\":\"La CIDH otorga medidas cautelares a favor del indigenista Bruno Ara\u00fajo Pereira y del periodista Dom Phillips en Brasil\",\"datePublished\":\"2022-06-12T02:24:02+00:00\",\"mainEntityOfPage\":{\"@id\":\"https:\/\/www.pressenza.com\/es\/2022\/06\/la-cidh-otorga-medidas-cautelares-a-favor-del-indigenista-bruno-araujo-pereira-y-del-periodista-dom-phillips-en-brasil\/\"},\"wordCount\":597,\"publisher\":{\"@id\":\"https:\/\/www.pressenza.com\/es\/#organization\"},\"image\":{\"@id\":\"https:\/\/www.pressenza.com\/es\/2022\/06\/la-cidh-otorga-medidas-cautelares-a-favor-del-indigenista-bruno-araujo-pereira-y-del-periodista-dom-phillips-en-brasil\/#primaryimage\"},\"thumbnailUrl\":\"https:\/\/www.pressenza.com\/wp-content\/uploads\/2022\/06\/Vigi\u0301lia-Londres-The-Guardian-Captura-de-video.jpg\",\"keywords\":[\"Amazonia\",\"Brasil\",\"Bruno Pereira\",\"CIDH\",\"desaparecidos\",\"Dom Philips\",\"medida cautelar\"],\"articleSection\":[\"Asuntos internacionales\",\"Comunicados de Prensa\",\"Cultura y Medios\",\"Derechos Humanos\",\"Sudam\u00e9rica\"],\"inLanguage\":\"es\"},{\"@type\":\"WebPage\",\"@id\":\"https:\/\/www.pressenza.com\/es\/2022\/06\/la-cidh-otorga-medidas-cautelares-a-favor-del-indigenista-bruno-araujo-pereira-y-del-periodista-dom-phillips-en-brasil\/\",\"url\":\"https:\/\/www.pressenza.com\/es\/2022\/06\/la-cidh-otorga-medidas-cautelares-a-favor-del-indigenista-bruno-araujo-pereira-y-del-periodista-dom-phillips-en-brasil\/\",\"name\":\"La CIDH otorga medidas cautelares a favor del indigenista Bruno Ara\u00fajo Pereira y del periodista Dom Phillips en Brasil\",\"isPartOf\":{\"@id\":\"https:\/\/www.pressenza.com\/es\/#website\"},\"primaryImageOfPage\":{\"@id\":\"https:\/\/www.pressenza.com\/es\/2022\/06\/la-cidh-otorga-medidas-cautelares-a-favor-del-indigenista-bruno-araujo-pereira-y-del-periodista-dom-phillips-en-brasil\/#primaryimage\"},\"image\":{\"@id\":\"https:\/\/www.pressenza.com\/es\/2022\/06\/la-cidh-otorga-medidas-cautelares-a-favor-del-indigenista-bruno-araujo-pereira-y-del-periodista-dom-phillips-en-brasil\/#primaryimage\"},\"thumbnailUrl\":\"https:\/\/www.pressenza.com\/wp-content\/uploads\/2022\/06\/Vigi\u0301lia-Londres-The-Guardian-Captura-de-video.jpg\",\"datePublished\":\"2022-06-12T02:24:02+00:00\",\"description\":\"La Comisi\u00f3n Interamericana de Derechos Humanos (CIDH) emiti\u00f3 el 11 de junio de 2022 la Resoluci\u00f3n 24\/2022 mediante la cual otorga medidas cautelares a\",\"breadcrumb\":{\"@id\":\"https:\/\/www.pressenza.com\/es\/2022\/06\/la-cidh-otorga-medidas-cautelares-a-favor-del-indigenista-bruno-araujo-pereira-y-del-periodista-dom-phillips-en-brasil\/#breadcrumb\"},\"inLanguage\":\"es\",\"potentialAction\":[{\"@type\":\"ReadAction\",\"target\":[\"https:\/\/www.pressenza.com\/es\/2022\/06\/la-cidh-otorga-medidas-cautelares-a-favor-del-indigenista-bruno-araujo-pereira-y-del-periodista-dom-phillips-en-brasil\/\"]}]},{\"@type\":\"ImageObject\",\"inLanguage\":\"es\",\"@id\":\"https:\/\/www.pressenza.com\/es\/2022\/06\/la-cidh-otorga-medidas-cautelares-a-favor-del-indigenista-bruno-araujo-pereira-y-del-periodista-dom-phillips-en-brasil\/#primaryimage\",\"url\":\"https:\/\/www.pressenza.com\/wp-content\/uploads\/2022\/06\/Vigi\u0301lia-Londres-The-Guardian-Captura-de-video.jpg\",\"contentUrl\":\"https:\/\/www.pressenza.com\/wp-content\/uploads\/2022\/06\/Vigi\u0301lia-Londres-The-Guardian-Captura-de-video.jpg\",\"width\":820,\"height\":463},{\"@type\":\"BreadcrumbList\",\"@id\":\"https:\/\/www.pressenza.com\/es\/2022\/06\/la-cidh-otorga-medidas-cautelares-a-favor-del-indigenista-bruno-araujo-pereira-y-del-periodista-dom-phillips-en-brasil\/#breadcrumb\",\"itemListElement\":[{\"@type\":\"ListItem\",\"position\":1,\"name\":\"Accueil\",\"item\":\"https:\/\/www.pressenza.com\/es\/\"},{\"@type\":\"ListItem\",\"position\":2,\"name\":\"La CIDH otorga medidas cautelares a favor del indigenista Bruno Ara\u00fajo Pereira y del periodista Dom Phillips en Brasil\"}]},{\"@type\":\"WebSite\",\"@id\":\"https:\/\/www.pressenza.com\/es\/#website\",\"url\":\"https:\/\/www.pressenza.com\/es\/\",\"name\":\"Pressenza\",\"description\":\"International Press Agency\",\"publisher\":{\"@id\":\"https:\/\/www.pressenza.com\/es\/#organization\"},\"potentialAction\":[{\"@type\":\"SearchAction\",\"target\":{\"@type\":\"EntryPoint\",\"urlTemplate\":\"https:\/\/www.pressenza.com\/es\/?s={search_term_string}\"},\"query-input\":{\"@type\":\"PropertyValueSpecification\",\"valueRequired\":true,\"valueName\":\"search_term_string\"}}],\"inLanguage\":\"es\"},{\"@type\":\"Organization\",\"@id\":\"https:\/\/www.pressenza.com\/es\/#organization\",\"name\":\"Pressenza\",\"url\":\"https:\/\/www.pressenza.com\/es\/\",\"logo\":{\"@type\":\"ImageObject\",\"inLanguage\":\"es\",\"@id\":\"https:\/\/www.pressenza.com\/es\/#\/schema\/logo\/image\/\",\"url\":\"https:\/\/www.pressenza.com\/wp-content\/uploads\/2022\/10\/pressenza_logo_200x200.jpg\",\"contentUrl\":\"https:\/\/www.pressenza.com\/wp-content\/uploads\/2022\/10\/pressenza_logo_200x200.jpg\",\"width\":200,\"height\":200,\"caption\":\"Pressenza\"},\"image\":{\"@id\":\"https:\/\/www.pressenza.com\/es\/#\/schema\/logo\/image\/\"},\"sameAs\":[\"https:\/\/www.facebook.com\/PressenzaItalia\",\"https:\/\/x.com\/PressenzaIPA\"]},{\"@type\":\"Person\",\"@id\":\"https:\/\/www.pressenza.com\/es\/#\/schema\/person\/738658b5125ecea661a8a0b96dba8b69\",\"name\":\"Redacci\u00f3n Mar del Plata\",\"description\":\"News published by the Pressenza bureau in Mar Del Plata, Argentina\",\"sameAs\":[\"https:\/\/www.facebook.com\/pressenza\",\"https:\/\/x.com\/Pressenza\"],\"url\":\"https:\/\/www.pressenza.com\/es\/author\/redaccion-mar-del-plata\/\"}]}<\/script>\n<!-- \/ Yoast SEO plugin. -->","yoast_head_json":{"title":"La CIDH otorga medidas cautelares a favor del indigenista Bruno Ara\u00fajo Pereira y del periodista Dom Phillips en Brasil","description":"La Comisi\u00f3n Interamericana de Derechos Humanos (CIDH) emiti\u00f3 el 11 de junio de 2022 la Resoluci\u00f3n 24\/2022 mediante la cual otorga medidas cautelares a","robots":{"index":"index","follow":"follow","max-snippet":"max-snippet:-1","max-image-preview":"max-image-preview:large","max-video-preview":"max-video-preview:-1"},"canonical":"https:\/\/www.pressenza.com\/es\/2022\/06\/la-cidh-otorga-medidas-cautelares-a-favor-del-indigenista-bruno-araujo-pereira-y-del-periodista-dom-phillips-en-brasil\/","og_locale":"es_ES","og_type":"article","og_title":"La CIDH otorga medidas cautelares a favor del indigenista Bruno Ara\u00fajo Pereira y del periodista Dom Phillips en Brasil","og_description":"La Comisi\u00f3n Interamericana de Derechos Humanos (CIDH) emiti\u00f3 el 11 de junio de 2022 la Resoluci\u00f3n 24\/2022 mediante la cual otorga medidas cautelares a","og_url":"https:\/\/www.pressenza.com\/es\/2022\/06\/la-cidh-otorga-medidas-cautelares-a-favor-del-indigenista-bruno-araujo-pereira-y-del-periodista-dom-phillips-en-brasil\/","og_site_name":"Pressenza","article_publisher":"https:\/\/www.facebook.com\/PressenzaItalia","article_author":"https:\/\/www.facebook.com\/pressenza","article_published_time":"2022-06-12T02:24:02+00:00","og_image":[{"width":820,"height":463,"url":"https:\/\/www.pressenza.com\/wp-content\/uploads\/2022\/06\/Vigi\u0301lia-Londres-The-Guardian-Captura-de-video.jpg","type":"image\/jpeg"}],"author":"Redacci\u00f3n Mar del Plata","twitter_card":"summary_large_image","twitter_creator":"@Pressenza","twitter_site":"@PressenzaIPA","twitter_misc":{"Escrito por":"Redacci\u00f3n Mar del Plata","Tiempo de lectura":"3 minutos"},"schema":{"@context":"https:\/\/schema.org","@graph":[{"@type":"Article","@id":"https:\/\/www.pressenza.com\/es\/2022\/06\/la-cidh-otorga-medidas-cautelares-a-favor-del-indigenista-bruno-araujo-pereira-y-del-periodista-dom-phillips-en-brasil\/#article","isPartOf":{"@id":"https:\/\/www.pressenza.com\/es\/2022\/06\/la-cidh-otorga-medidas-cautelares-a-favor-del-indigenista-bruno-araujo-pereira-y-del-periodista-dom-phillips-en-brasil\/"},"author":{"name":"Redacci\u00f3n Mar del Plata","@id":"https:\/\/www.pressenza.com\/es\/#\/schema\/person\/738658b5125ecea661a8a0b96dba8b69"},"headline":"La CIDH otorga medidas cautelares a favor del indigenista Bruno Ara\u00fajo Pereira y del periodista Dom Phillips en Brasil","datePublished":"2022-06-12T02:24:02+00:00","mainEntityOfPage":{"@id":"https:\/\/www.pressenza.com\/es\/2022\/06\/la-cidh-otorga-medidas-cautelares-a-favor-del-indigenista-bruno-araujo-pereira-y-del-periodista-dom-phillips-en-brasil\/"},"wordCount":597,"publisher":{"@id":"https:\/\/www.pressenza.com\/es\/#organization"},"image":{"@id":"https:\/\/www.pressenza.com\/es\/2022\/06\/la-cidh-otorga-medidas-cautelares-a-favor-del-indigenista-bruno-araujo-pereira-y-del-periodista-dom-phillips-en-brasil\/#primaryimage"},"thumbnailUrl":"https:\/\/www.pressenza.com\/wp-content\/uploads\/2022\/06\/Vigi\u0301lia-Londres-The-Guardian-Captura-de-video.jpg","keywords":["Amazonia","Brasil","Bruno Pereira","CIDH","desaparecidos","Dom Philips","medida cautelar"],"articleSection":["Asuntos internacionales","Comunicados de Prensa","Cultura y Medios","Derechos Humanos","Sudam\u00e9rica"],"inLanguage":"es"},{"@type":"WebPage","@id":"https:\/\/www.pressenza.com\/es\/2022\/06\/la-cidh-otorga-medidas-cautelares-a-favor-del-indigenista-bruno-araujo-pereira-y-del-periodista-dom-phillips-en-brasil\/","url":"https:\/\/www.pressenza.com\/es\/2022\/06\/la-cidh-otorga-medidas-cautelares-a-favor-del-indigenista-bruno-araujo-pereira-y-del-periodista-dom-phillips-en-brasil\/","name":"La CIDH otorga medidas cautelares a favor del indigenista Bruno Ara\u00fajo Pereira y del periodista Dom Phillips en Brasil","isPartOf":{"@id":"https:\/\/www.pressenza.com\/es\/#website"},"primaryImageOfPage":{"@id":"https:\/\/www.pressenza.com\/es\/2022\/06\/la-cidh-otorga-medidas-cautelares-a-favor-del-indigenista-bruno-araujo-pereira-y-del-periodista-dom-phillips-en-brasil\/#primaryimage"},"image":{"@id":"https:\/\/www.pressenza.com\/es\/2022\/06\/la-cidh-otorga-medidas-cautelares-a-favor-del-indigenista-bruno-araujo-pereira-y-del-periodista-dom-phillips-en-brasil\/#primaryimage"},"thumbnailUrl":"https:\/\/www.pressenza.com\/wp-content\/uploads\/2022\/06\/Vigi\u0301lia-Londres-The-Guardian-Captura-de-video.jpg","datePublished":"2022-06-12T02:24:02+00:00","description":"La Comisi\u00f3n Interamericana de Derechos Humanos (CIDH) emiti\u00f3 el 11 de junio de 2022 la Resoluci\u00f3n 24\/2022 mediante la cual otorga medidas cautelares a","breadcrumb":{"@id":"https:\/\/www.pressenza.com\/es\/2022\/06\/la-cidh-otorga-medidas-cautelares-a-favor-del-indigenista-bruno-araujo-pereira-y-del-periodista-dom-phillips-en-brasil\/#breadcrumb"},"inLanguage":"es","potentialAction":[{"@type":"ReadAction","target":["https:\/\/www.pressenza.com\/es\/2022\/06\/la-cidh-otorga-medidas-cautelares-a-favor-del-indigenista-bruno-araujo-pereira-y-del-periodista-dom-phillips-en-brasil\/"]}]},{"@type":"ImageObject","inLanguage":"es","@id":"https:\/\/www.pressenza.com\/es\/2022\/06\/la-cidh-otorga-medidas-cautelares-a-favor-del-indigenista-bruno-araujo-pereira-y-del-periodista-dom-phillips-en-brasil\/#primaryimage","url":"https:\/\/www.pressenza.com\/wp-content\/uploads\/2022\/06\/Vigi\u0301lia-Londres-The-Guardian-Captura-de-video.jpg","contentUrl":"https:\/\/www.pressenza.com\/wp-content\/uploads\/2022\/06\/Vigi\u0301lia-Londres-The-Guardian-Captura-de-video.jpg","width":820,"height":463},{"@type":"BreadcrumbList","@id":"https:\/\/www.pressenza.com\/es\/2022\/06\/la-cidh-otorga-medidas-cautelares-a-favor-del-indigenista-bruno-araujo-pereira-y-del-periodista-dom-phillips-en-brasil\/#breadcrumb","itemListElement":[{"@type":"ListItem","position":1,"name":"Accueil","item":"https:\/\/www.pressenza.com\/es\/"},{"@type":"ListItem","position":2,"name":"La CIDH otorga medidas cautelares a favor del indigenista Bruno Ara\u00fajo Pereira y del periodista Dom Phillips en Brasil"}]},{"@type":"WebSite","@id":"https:\/\/www.pressenza.com\/es\/#website","url":"https:\/\/www.pressenza.com\/es\/","name":"Pressenza","description":"International Press Agency","publisher":{"@id":"https:\/\/www.pressenza.com\/es\/#organization"},"potentialAction":[{"@type":"SearchAction","target":{"@type":"EntryPoint","urlTemplate":"https:\/\/www.pressenza.com\/es\/?s={search_term_string}"},"query-input":{"@type":"PropertyValueSpecification","valueRequired":true,"valueName":"search_term_string"}}],"inLanguage":"es"},{"@type":"Organization","@id":"https:\/\/www.pressenza.com\/es\/#organization","name":"Pressenza","url":"https:\/\/www.pressenza.com\/es\/","logo":{"@type":"ImageObject","inLanguage":"es","@id":"https:\/\/www.pressenza.com\/es\/#\/schema\/logo\/image\/","url":"https:\/\/www.pressenza.com\/wp-content\/uploads\/2022\/10\/pressenza_logo_200x200.jpg","contentUrl":"https:\/\/www.pressenza.com\/wp-content\/uploads\/2022\/10\/pressenza_logo_200x200.jpg","width":200,"height":200,"caption":"Pressenza"},"image":{"@id":"https:\/\/www.pressenza.com\/es\/#\/schema\/logo\/image\/"},"sameAs":["https:\/\/www.facebook.com\/PressenzaItalia","https:\/\/x.com\/PressenzaIPA"]},{"@type":"Person","@id":"https:\/\/www.pressenza.com\/es\/#\/schema\/person\/738658b5125ecea661a8a0b96dba8b69","name":"Redacci\u00f3n Mar del Plata","description":"News published by the Pressenza bureau in Mar Del Plata, Argentina","sameAs":["https:\/\/www.facebook.com\/pressenza","https:\/\/x.com\/Pressenza"],"url":"https:\/\/www.pressenza.com\/es\/author\/redaccion-mar-del-plata\/"}]}},"place":"Washington, DC. Estados Unidos","original_article_url":"","_links":{"self":[{"href":"https:\/\/www.pressenza.com\/es\/wp-json\/wp\/v2\/posts\/1602656","targetHints":{"allow":["GET"]}}],"collection":[{"href":"https:\/\/www.pressenza.com\/es\/wp-json\/wp\/v2\/posts"}],"about":[{"href":"https:\/\/www.pressenza.com\/es\/wp-json\/wp\/v2\/types\/post"}],"author":[{"embeddable":true,"href":"https:\/\/www.pressenza.com\/es\/wp-json\/wp\/v2\/users\/1254"}],"replies":[{"embeddable":true,"href":"https:\/\/www.pressenza.com\/es\/wp-json\/wp\/v2\/comments?post=1602656"}],"version-history":[{"count":0,"href":"https:\/\/www.pressenza.com\/es\/wp-json\/wp\/v2\/posts\/1602656\/revisions"}],"wp:featuredmedia":[{"embeddable":true,"href":"https:\/\/www.pressenza.com\/es\/wp-json\/wp\/v2\/media\/1602657"}],"wp:attachment":[{"href":"https:\/\/www.pressenza.com\/es\/wp-json\/wp\/v2\/media?parent=1602656"}],"wp:term":[{"taxonomy":"category","embeddable":true,"href":"https:\/\/www.pressenza.com\/es\/wp-json\/wp\/v2\/categories?post=1602656"},{"taxonomy":"post_tag","embeddable":true,"href":"https:\/\/www.pressenza.com\/es\/wp-json\/wp\/v2\/tags?post=1602656"}],"curies":[{"name":"wp","href":"https:\/\/api.w.org\/{rel}","templated":true}]}}