{"id":1601877,"date":"2022-06-10T17:39:08","date_gmt":"2022-06-10T16:39:08","guid":{"rendered":"https:\/\/www.pressenza.com\/?p=1601877"},"modified":"2022-06-10T17:39:08","modified_gmt":"2022-06-10T16:39:08","slug":"la-mafilia","status":"publish","type":"post","link":"https:\/\/www.pressenza.com\/es\/2022\/06\/la-mafilia\/","title":{"rendered":"\u00abLa Mafilia\u00bb"},"content":{"rendered":"<p style=\"padding-left: 40px;\">La pirueta de la vida: aumentar el consumismo aunque tengan que morir miles de personas en el camino del \u00abprogreso\u00bb.<\/p>\n<p>De tanto en tanto en Argentina se producen fen\u00f3menos culturales (visuales) que por sus caracter\u00edsticas medi\u00e1ticas masivas tienen la capacidad de anunciarnos malestares sociales mayores, casi incontenibles, que se avecinan sigilosos, aparentemente imperceptibles: Diego Maradona apareciendo en una entrevista con una tapado blanco de piel, Carlos Sa\u00fal Menem anunciando en p\u00fablico la creaci\u00f3n de naves espaciales capaces de llegar hasta la estratosfera, los medios de comunicaci\u00f3n y el ej\u00e9rcito nacional argentino anunciando \u00abVamos ganando\u00bb en referencia a la \u00abGuerra de Malvinas\u00bb, el festejo de un t\u00edtulo futbol\u00edstico mundial en 1978, mientras que en el mismo escenario social el mismo ej\u00e9rcito y los mismos medios estaban desapareciendo personas en masa. Un ministro de medio ambiente disfrazado de planta, una playa artificial (en Buenos Aires) que no tiene agua con arena tra\u00edda con camiones, un ex ministro de obras p\u00fablicas \u00abescondiendo\u00bb cinco bolsos con 9 millones de pesos en un convento. Un pibe cumbiero (L-Gante) viajando en su limusina personal (escrita con aerosol con el r\u00f3tulo: \u00abLa Mafilia\u00bb) hacia el funeral de otro pibe cumbiero (El Noba) que se mat\u00f3 realizando \u00abun willy\u00bb arriba de una moto.<\/p>\n<div id=\"attachment_1602036\" class=\"wp-caption alignnone\"><img loading=\"lazy\" decoding=\"async\" aria-describedby=\"caption-attachment-1602036\" class=\"wp-image-1602036 size-full\" src=\"https:\/\/www.pressenza.com\/wp-content\/uploads\/2022\/06\/limusina.jpg\" alt=\"\" width=\"820\" height=\"418\" srcset=\"https:\/\/www.pressenza.com\/wp-content\/uploads\/2022\/06\/limusina.jpg 820w, https:\/\/www.pressenza.com\/wp-content\/uploads\/2022\/06\/limusina-300x153.jpg 300w\" sizes=\"auto, (max-width: 820px) 100vw, 820px\" \/><p id=\"caption-attachment-1602036\" class=\"wp-caption-text\">Limusina de L -Gante pintada con aerosol para asistir al funeral de El Noba. Gustavo Figueroa<\/p><\/div>\n<p class=\"has-text-align-justify\">De tanto en tanto, Argentina como pa\u00eds produce una serie de im\u00e1genes medi\u00e1ticas capaces de mostrar el exceso obsceno, la actuaci\u00f3n desmedida y el famoso \u00abempache\u00bb \u2013en algunos casos c\u00ednico en otros criminal\u2013, que cargamos como ciudadanos (por lo menos al que aspiramos).<\/p>\n<p class=\"has-text-align-justify\">\u00bfPor qu\u00e9 aspiramos a estar \u00abempachados\u00bb, envueltos en excesos y lujos innecesarios, ego\u00edstas, insanos que pueden conducir incluso a que terminemos muertos, en la c\u00e1rcel o en un hospital? \u00bfPor qu\u00e9 aspiramos a ser una especie de vikingos sudamericanos?\u00a0 \u00bfEst\u00e1s pr\u00e1cticas responden al consumismo o a los procesos coloniales que nos han impuesto? \u00bfEs el resultado de ambos procesos?<\/p>\n<p class=\"has-text-align-justify\">En Argentina existen en la actualidad dos programas gestionados y desarrollados por el Estado Nacional destinados al acceso de motocicletas y veh\u00edculos: Plan \u00abM\u00ed Moto\u00bb y Plan Gobierno Autos 2022\u2033. El objetivo: potenciar el consumo interno. Sin embargo, en el mismo pa\u00eds el sponsor oficial de la selecci\u00f3n Argentina es una empresa que provee alcohol: cerveza Schneider. \u00bfPor qu\u00e9 en la Argentina, sabiendo que el f\u00fatbol es un deporte y una actividad cultural sumamente aceptada socialmente y que existen, a su vez, altos \u00edndices de muertes producto de \u00abaccidentes de tr\u00e1nsito\u00bb por consumo de alcohol, se coloca una bebida alcoh\u00f3lica como sponsor oficial de la selecci\u00f3n nacional? Porque lo que prevalece (o debe prevalecer) es el consumo. \u00bfCu\u00e1les son las consecuencias de estas pol\u00edticas de Estado? En primer lugar, decenas de muertes en las rutas argentinas y en las calles urbanas producto, por un lado, del consumo de alcohol, pero tambi\u00e9n, por otro lado, por profesar actos desmedidos, obscenos (en t\u00e9rminos econ\u00f3micos), poco considerados y ego\u00edstas, que se alejan de la vida en comunidad. En segundo lugar, como segunda consecuencia, dinamitar el territorio (literal) para la extracci\u00f3n de energ\u00eda y minerales, con las respectivas consecuencias paralelas que producen estas \u00abactividades productivas\u00bb.<\/p>\n<div class=\"post-gallery\">\n\t\t\t<figure class=\"post-gallery-item\">\n\t\t\t\t<img decoding=\"async\" src=\"https:\/\/www.pressenza.com\/wp-content\/uploads\/2022\/06\/Banco-Nacio\u0301n.jpg\" loading=\"lazy\">\n\t\t\t\t<figcaption>\n\t\t\t\t\t\n\t\t\t\t<\/figcaption>\n\t\t\t<\/figure>\n\t\t\t<figure class=\"post-gallery-item\">\n\t\t\t\t<img decoding=\"async\" src=\"https:\/\/www.pressenza.com\/wp-content\/uploads\/2022\/06\/Plan-Auto..jpg\" loading=\"lazy\">\n\t\t\t\t<figcaption>\n\t\t\t\t\t\n\t\t\t\t<\/figcaption>\n\t\t\t<\/figure><\/div>\n<p class=\"has-text-align-justify\">\u00bfNecesitan verdaderamente todos los habitantes de la Argentina tener un auto o una moto? \u00bfEs necesario que\u00a0 se porten por familia dos o tres autos? \u00bfEs necesario que cada integrante de una familia posea un ciclomotor? \u00bfCu\u00e1ntas monta\u00f1as hay que dinamitar y r\u00edos contaminar para sostener est\u00e1 pol\u00edtica estatal y econ\u00f3mica destinada a producir m\u00e1s consumo \u2013para generar m\u00e1s dinero para pagar deudas que permitan pedir m\u00e1s cr\u00e9ditos para producir m\u00e1s consumo que habilite a tener m\u00e1s dinero para generar nuevas deudas\u2013?<\/p>\n<p class=\"has-text-align-justify\">Recientemente, durante el mes de abril, el presidente de la Naci\u00f3n, Alberto Fern\u00e1ndez, reconoci\u00f3 en la Planta de Nissan \u2013provincia de C\u00f3rdoba\u2013, que:<\/p>\n<p class=\"has-text-align-justify\"><em>\u201cEste a\u00f1o (2022) Argentina va a producir el doble de unidades de las que se produjeron en el 2019. Esto da una pauta de la recuperaci\u00f3n que la industria tiene. Y adem\u00e1s gran parte de esa producci\u00f3n se est\u00e1 exportando. \u00a1Es una exportaci\u00f3n creciente! Y eso a nosotros tambi\u00e9n nos llena de alegr\u00eda porque hace que los autos argentinos sean competitivos en el mundo. Y eso tambi\u00e9n nos permite que ingresen d\u00f3lares, que tanto necesitamos para que la producci\u00f3n se sostenga\u201d.<\/em><\/p>\n<p class=\"has-text-align-justify\">M\u00e1s consumo a como d\u00e9 lugar, caiga quien caiga, contamine lo que tenga que contaminar. Un c\u00edrculo vicioso y nocivo que produce muerte, dolor y enfermedad. Nunca bienestar. Nunca hay felicidad. Por lo menos, no una felicidad permanente.<\/p>\n<p class=\"has-text-align-justify\">Todo puede ser una \u00abzona de sacrificio\u00bb. Una persona, un r\u00edo o un cerro. Lo importante es que prevalezca el consumo.<\/p>\n<p class=\"has-text-align-justify\">Ciudades enteras construidas de cemento y pl\u00e1stico. Con r\u00edos contaminados y espacios naturales reducidos. Viviendo en un estado de hacinamiento insoportable, respirando aire irrespirable. El futuro. El progreso. El \u00abacceso a m\u00e1s derechos y m\u00e1s posibilidades\u00bb como les gusta decir a los representantes pol\u00edticos y a los l\u00edderes de opini\u00f3n de la Argentina.<\/p>\n<p class=\"has-text-align-justify\">\u00abEl Noba\u00bb no llevaba casco cuando \u00abse peg\u00f3 el palo\u00bb. No era la primera vez que lo hac\u00eda. Y exist\u00eda cerca de \u00e9l (a\u00fan sigue existiendo) un \u00abmovimiento cultural\u00bb que responde al mismo proceder. No hace mucho, por dar otro ejemplo, en la ciudad Neuqu\u00e9n una pareja de j\u00f3venes se mat\u00f3 de la misma forma en una avenida principal, a la vista de muchas personas: amigos y conocidos. El momento del \u00abaccidente\u00bb qued\u00f3 grabado. El v\u00eddeo se viraliz\u00f3. El caso trascendi\u00f3 medi\u00e1ticamente, por lo menos dentro de la ciudad. \u00bfUstedes creen que ese hecho se problematiza como un fen\u00f3meno cultural incontenible \u2013que se ha ido de las manos\u2013 en t\u00e9rminos comunicacionales y educativos? \u00bfUstedes creen que el Estado provincial (MPN) y\/o nacional (FpV) intervinieron para responder a las consecuencias que produce esta forma de consumismo violento y problem\u00e1tico? No. Todo lo contrario. Se crearon dos planes nuevos m\u00e1s para consumir m\u00e1s y tener menos conciencia de uno mismo, del que tengo al lado y de las personas que quedan cuando yo me peg\u00f3 un palo o lastimo a terceros. De hecho, en Neuqu\u00e9n se inaugur\u00f3 hace pocos d\u00edas una sucursal de venta de motos Royal Enfield \u2013para que se maten m\u00e1s pibes, en menos tiempo, pero en motos de lujo\u2013.<\/p>\n<div class=\"post-gallery\">\n\t\t\t<figure class=\"post-gallery-item\">\n\t\t\t\t<img decoding=\"async\" src=\"https:\/\/www.pressenza.com\/wp-content\/uploads\/2022\/06\/Royal..jpg\" loading=\"lazy\">\n\t\t\t\t<figcaption>\n\t\t\t\t\t\n\t\t\t\t<\/figcaption>\n\t\t\t<\/figure>\n\t\t\t<figure class=\"post-gallery-item\">\n\t\t\t\t<img decoding=\"async\" src=\"https:\/\/www.pressenza.com\/wp-content\/uploads\/2022\/06\/Doble-moral.jpg\" loading=\"lazy\">\n\t\t\t\t<figcaption>\n\t\t\t\t\t\n\t\t\t\t<\/figcaption>\n\t\t\t<\/figure><\/div>\n<p class=\"has-text-align-justify\">Siempre me pregunt\u00f3 lo mismo: \u00bfc\u00f3mo se puede crear comunidad en un pa\u00eds que no sabe qui\u00e9n es? En este sentido, no espero (por el momento) que un joven como L\u2013Gante o El Noba hablen un d\u00eda guaran\u00ed, kechua, aymara o mapudungun (es lo que corresponde), pero sin duda hablar el idioma que hablan (muchas veces inteligible) sumado a las pol\u00edticas de consumo mundial y nacionales, los aleja de su verdadera identidad, personalidad; los aleja de sus verdaderos principios de vida. Son un producto del capitalismo y desarrollan una identidad que ni siquiera pueden pronunciar en p\u00fablico. El colonialismo y el capitalismo operando en un mismo grupo social, etario, cultural.<\/p>\n<p class=\"has-text-align-justify\">Por supuesto, no hay que confundirse: los mafiosos no son los pibes que se matan haciendo piruetas, los mafiosos son los que inventan piruetas para aumentar el consumo de esos pibes.<\/p>\n<p class=\"has-text-align-justify\">Siempre el consumo es excesivo, obsceno y deshumanizado.<\/p>\n<p class=\"has-text-align-justify\">Los mafiosos son los que se levantan cada d\u00eda \u2013y se acuestan cada noche\u2013 pensando c\u00f3mo pueden hacer, como si fueran un dealer o un pastor, para convencer a los pibes y sus supuestos adeptos, de que acepten m\u00e1s d\u00f3lares, culos y fierros. Por otro lado, los pibes pasan muchas horas de su vida meti\u00e9ndose cosas en el cuerpo y la cabeza, pretendiendo hacer callar esas voces que s\u00f3lo les hablan de d\u00f3lares, culos y fierros. Nunca les hablan esas voces de qui\u00e9nes son verdaderamente y cu\u00e1l es su verdadera funci\u00f3n en el mundo (desprovista de bienes de consumo y excesos innecesarios). Nunca escuchan estos pibes y pibas las palabras de las lenguas maternas que vieron parir a sus antepasados. El camino de esa pirueta discursiva y opresora es evidente. Nadie puede quedar a salvo. Ni el que conduce la moto a toda velocidad, ni el o la que\u00a0 va como acompa\u00f1ante, mucho menos los que miran expectantes, sean testigos directos o usuarios de las redes sociales. \u00c9ste es el verdadero crimen masivo que comenten todos los d\u00edas los mafiosos que inventan piruetas (discursivas) para que las personas consuman m\u00e1s, en exceso, hasta olvidarse incluso de qui\u00e9nes son verdaderamente y cu\u00e1l es su verdadero idioma, filosof\u00eda de mundo y espiritualidad personal y colectiva relacionada siempre con los elementos naturales que los rodean (cuando los pueden ver y no han sido reemplazados por un edificio o un shopping).<\/p>\n<p class=\"has-text-align-justify\">La muerte de \u00abEl Noba\u00bb y la limusina de \u00abL\u2013Gante! viajando hacia su funeral con el r\u00f3tulo \u00abla mafilia\u00bb escrito con aerosol, no es un fen\u00f3meno aislado protagonizado por un grupo etario y cultural, desligado del resto de la sociedad. Estas dos escenas no nos est\u00e1n hablando de un presente tr\u00e1gico espec\u00edfico. Son el resultado brutal \u2013y muchas veces inentendible\u2013 de un proceso sin fronteras, extenso y acaparador que se mueve en un mundo tan vivaz y tentador como un local de McDonald \u2018s abierto a las tres de la madrugada.<\/p>\n<p>La tentaci\u00f3n es la muerte. Los tentadores son los criminales.<\/p>\n","protected":false},"excerpt":{"rendered":"<p>La pirueta de la vida: aumentar el consumismo aunque tengan que morir miles de personas en el camino del \u00abprogreso\u00bb. De tanto en tanto en Argentina se producen fen\u00f3menos culturales (visuales) que por sus caracter\u00edsticas medi\u00e1ticas masivas tienen la capacidad&hellip;<\/p>\n","protected":false},"author":1372,"featured_media":1602011,"comment_status":"closed","ping_status":"closed","sticky":false,"template":"","format":"standard","meta":{"footnotes":""},"categories":[11389,75,46976,161,74,67],"tags":[26,1401,1433,831,102674,21363,102673,102675,102672],"class_list":["post-1601877","post","type-post","status-publish","format-standard","has-post-thumbnail","hentry","category-contenido-original","category-cultura-es","category-jovenes","category-opiniones","category-politica-es","category-sudamerica","tag-argentina","tag-consumismo-es","tag-consumo","tag-deuda","tag-el-noba","tag-gobierno","tag-l-gante","tag-mafilia","tag-progreso"],"yoast_head":"<!-- This site is optimized with the Yoast SEO plugin v27.1.1 - https:\/\/yoast.com\/product\/yoast-seo-wordpress\/ -->\n<title>&quot;La Mafilia&quot;<\/title>\n<meta name=\"description\" content=\"La pirueta de la vida: aumentar el consumismo aunque tengan que morir miles de personas en el camino del &quot;progreso&quot;. De tanto en tanto en Argentina se\" \/>\n<meta name=\"robots\" content=\"index, follow, max-snippet:-1, max-image-preview:large, max-video-preview:-1\" \/>\n<link rel=\"canonical\" href=\"https:\/\/www.pressenza.com\/es\/2022\/06\/la-mafilia\/\" \/>\n<meta property=\"og:locale\" content=\"es_ES\" \/>\n<meta property=\"og:type\" content=\"article\" \/>\n<meta property=\"og:title\" content=\"&quot;La Mafilia&quot;\" \/>\n<meta property=\"og:description\" content=\"La pirueta de la vida: aumentar el consumismo aunque tengan que morir miles de personas en el camino del &quot;progreso&quot;. De tanto en tanto en Argentina se\" \/>\n<meta property=\"og:url\" content=\"https:\/\/www.pressenza.com\/es\/2022\/06\/la-mafilia\/\" \/>\n<meta property=\"og:site_name\" content=\"Pressenza\" \/>\n<meta property=\"article:publisher\" content=\"https:\/\/www.facebook.com\/PressenzaItalia\" \/>\n<meta property=\"article:published_time\" content=\"2022-06-10T16:39:08+00:00\" \/>\n<meta property=\"og:image\" content=\"https:\/\/www.pressenza.com\/wp-content\/uploads\/2022\/06\/Captura-de-pantalla-129.png\" \/>\n\t<meta property=\"og:image:width\" content=\"820\" \/>\n\t<meta property=\"og:image:height\" content=\"461\" \/>\n\t<meta property=\"og:image:type\" content=\"image\/png\" \/>\n<meta name=\"author\" content=\"Gustavo Figueroa\" \/>\n<meta name=\"twitter:card\" content=\"summary_large_image\" \/>\n<meta name=\"twitter:creator\" content=\"@PressenzaIPA\" \/>\n<meta name=\"twitter:site\" content=\"@PressenzaIPA\" \/>\n<meta name=\"twitter:label1\" content=\"Escrito por\" \/>\n\t<meta name=\"twitter:data1\" content=\"Gustavo Figueroa\" \/>\n\t<meta name=\"twitter:label2\" content=\"Tiempo de lectura\" \/>\n\t<meta name=\"twitter:data2\" content=\"8 minutos\" \/>\n<script type=\"application\/ld+json\" class=\"yoast-schema-graph\">{\"@context\":\"https:\/\/schema.org\",\"@graph\":[{\"@type\":\"Article\",\"@id\":\"https:\/\/www.pressenza.com\/es\/2022\/06\/la-mafilia\/#article\",\"isPartOf\":{\"@id\":\"https:\/\/www.pressenza.com\/es\/2022\/06\/la-mafilia\/\"},\"author\":{\"name\":\"Gustavo Figueroa\",\"@id\":\"https:\/\/www.pressenza.com\/es\/#\/schema\/person\/dacb21ffbce19b7d40c5abc14b6efc88\"},\"headline\":\"\u00abLa Mafilia\u00bb\",\"datePublished\":\"2022-06-10T16:39:08+00:00\",\"mainEntityOfPage\":{\"@id\":\"https:\/\/www.pressenza.com\/es\/2022\/06\/la-mafilia\/\"},\"wordCount\":1645,\"publisher\":{\"@id\":\"https:\/\/www.pressenza.com\/es\/#organization\"},\"image\":{\"@id\":\"https:\/\/www.pressenza.com\/es\/2022\/06\/la-mafilia\/#primaryimage\"},\"thumbnailUrl\":\"https:\/\/www.pressenza.com\/wp-content\/uploads\/2022\/06\/Captura-de-pantalla-129.png\",\"keywords\":[\"Argentina\",\"consumismo\",\"consumo\",\"deuda\",\"El Noba\",\"gobierno\",\"L-Gante\",\"Mafilia\",\"progreso\"],\"articleSection\":[\"Contenido Original\",\"Cultura y Medios\",\"J\u00f3venes\",\"Opiniones\",\"Pol\u00edtica\",\"Sudam\u00e9rica\"],\"inLanguage\":\"es\"},{\"@type\":\"WebPage\",\"@id\":\"https:\/\/www.pressenza.com\/es\/2022\/06\/la-mafilia\/\",\"url\":\"https:\/\/www.pressenza.com\/es\/2022\/06\/la-mafilia\/\",\"name\":\"\\\"La Mafilia\\\"\",\"isPartOf\":{\"@id\":\"https:\/\/www.pressenza.com\/es\/#website\"},\"primaryImageOfPage\":{\"@id\":\"https:\/\/www.pressenza.com\/es\/2022\/06\/la-mafilia\/#primaryimage\"},\"image\":{\"@id\":\"https:\/\/www.pressenza.com\/es\/2022\/06\/la-mafilia\/#primaryimage\"},\"thumbnailUrl\":\"https:\/\/www.pressenza.com\/wp-content\/uploads\/2022\/06\/Captura-de-pantalla-129.png\",\"datePublished\":\"2022-06-10T16:39:08+00:00\",\"description\":\"La pirueta de la vida: aumentar el consumismo aunque tengan que morir miles de personas en el camino del \\\"progreso\\\". De tanto en tanto en Argentina se\",\"breadcrumb\":{\"@id\":\"https:\/\/www.pressenza.com\/es\/2022\/06\/la-mafilia\/#breadcrumb\"},\"inLanguage\":\"es\",\"potentialAction\":[{\"@type\":\"ReadAction\",\"target\":[\"https:\/\/www.pressenza.com\/es\/2022\/06\/la-mafilia\/\"]}]},{\"@type\":\"ImageObject\",\"inLanguage\":\"es\",\"@id\":\"https:\/\/www.pressenza.com\/es\/2022\/06\/la-mafilia\/#primaryimage\",\"url\":\"https:\/\/www.pressenza.com\/wp-content\/uploads\/2022\/06\/Captura-de-pantalla-129.png\",\"contentUrl\":\"https:\/\/www.pressenza.com\/wp-content\/uploads\/2022\/06\/Captura-de-pantalla-129.png\",\"width\":820,\"height\":461,\"caption\":\"El presidente Alberto Fern\u00e1ndez presentando en la planta automotriz de Nissan la nueva Frontier, un modelo de camioneta similar a la RAM, valuada en 8 millones de pesos.\"},{\"@type\":\"BreadcrumbList\",\"@id\":\"https:\/\/www.pressenza.com\/es\/2022\/06\/la-mafilia\/#breadcrumb\",\"itemListElement\":[{\"@type\":\"ListItem\",\"position\":1,\"name\":\"Accueil\",\"item\":\"https:\/\/www.pressenza.com\/es\/\"},{\"@type\":\"ListItem\",\"position\":2,\"name\":\"\u00abLa Mafilia\u00bb\"}]},{\"@type\":\"WebSite\",\"@id\":\"https:\/\/www.pressenza.com\/es\/#website\",\"url\":\"https:\/\/www.pressenza.com\/es\/\",\"name\":\"Pressenza\",\"description\":\"International Press Agency\",\"publisher\":{\"@id\":\"https:\/\/www.pressenza.com\/es\/#organization\"},\"potentialAction\":[{\"@type\":\"SearchAction\",\"target\":{\"@type\":\"EntryPoint\",\"urlTemplate\":\"https:\/\/www.pressenza.com\/es\/?s={search_term_string}\"},\"query-input\":{\"@type\":\"PropertyValueSpecification\",\"valueRequired\":true,\"valueName\":\"search_term_string\"}}],\"inLanguage\":\"es\"},{\"@type\":\"Organization\",\"@id\":\"https:\/\/www.pressenza.com\/es\/#organization\",\"name\":\"Pressenza\",\"url\":\"https:\/\/www.pressenza.com\/es\/\",\"logo\":{\"@type\":\"ImageObject\",\"inLanguage\":\"es\",\"@id\":\"https:\/\/www.pressenza.com\/es\/#\/schema\/logo\/image\/\",\"url\":\"https:\/\/www.pressenza.com\/wp-content\/uploads\/2022\/10\/pressenza_logo_200x200.jpg\",\"contentUrl\":\"https:\/\/www.pressenza.com\/wp-content\/uploads\/2022\/10\/pressenza_logo_200x200.jpg\",\"width\":200,\"height\":200,\"caption\":\"Pressenza\"},\"image\":{\"@id\":\"https:\/\/www.pressenza.com\/es\/#\/schema\/logo\/image\/\"},\"sameAs\":[\"https:\/\/www.facebook.com\/PressenzaItalia\",\"https:\/\/x.com\/PressenzaIPA\"]},{\"@type\":\"Person\",\"@id\":\"https:\/\/www.pressenza.com\/es\/#\/schema\/person\/dacb21ffbce19b7d40c5abc14b6efc88\",\"name\":\"Gustavo Figueroa\",\"description\":\"Gustavo Figueroa (1985). Periodista, documentalista, fot\u00f3grafo. Vive en Neuqu\u00e9n. Se interesa especialmente por temas relativos a pueblos originarios y derechos humanos. Es miembro del Equipo de Educadores Interculturales del Puel Mapu.\",\"sameAs\":[\"https:\/\/periferiasitio.wordpress.com\/\"],\"url\":\"https:\/\/www.pressenza.com\/es\/author\/gustavo-figueroa\/\"}]}<\/script>\n<!-- \/ Yoast SEO plugin. -->","yoast_head_json":{"title":"\"La Mafilia\"","description":"La pirueta de la vida: aumentar el consumismo aunque tengan que morir miles de personas en el camino del \"progreso\". De tanto en tanto en Argentina se","robots":{"index":"index","follow":"follow","max-snippet":"max-snippet:-1","max-image-preview":"max-image-preview:large","max-video-preview":"max-video-preview:-1"},"canonical":"https:\/\/www.pressenza.com\/es\/2022\/06\/la-mafilia\/","og_locale":"es_ES","og_type":"article","og_title":"\"La Mafilia\"","og_description":"La pirueta de la vida: aumentar el consumismo aunque tengan que morir miles de personas en el camino del \"progreso\". De tanto en tanto en Argentina se","og_url":"https:\/\/www.pressenza.com\/es\/2022\/06\/la-mafilia\/","og_site_name":"Pressenza","article_publisher":"https:\/\/www.facebook.com\/PressenzaItalia","article_published_time":"2022-06-10T16:39:08+00:00","og_image":[{"width":820,"height":461,"url":"https:\/\/www.pressenza.com\/wp-content\/uploads\/2022\/06\/Captura-de-pantalla-129.png","type":"image\/png"}],"author":"Gustavo Figueroa","twitter_card":"summary_large_image","twitter_creator":"@PressenzaIPA","twitter_site":"@PressenzaIPA","twitter_misc":{"Escrito por":"Gustavo Figueroa","Tiempo de lectura":"8 minutos"},"schema":{"@context":"https:\/\/schema.org","@graph":[{"@type":"Article","@id":"https:\/\/www.pressenza.com\/es\/2022\/06\/la-mafilia\/#article","isPartOf":{"@id":"https:\/\/www.pressenza.com\/es\/2022\/06\/la-mafilia\/"},"author":{"name":"Gustavo Figueroa","@id":"https:\/\/www.pressenza.com\/es\/#\/schema\/person\/dacb21ffbce19b7d40c5abc14b6efc88"},"headline":"\u00abLa Mafilia\u00bb","datePublished":"2022-06-10T16:39:08+00:00","mainEntityOfPage":{"@id":"https:\/\/www.pressenza.com\/es\/2022\/06\/la-mafilia\/"},"wordCount":1645,"publisher":{"@id":"https:\/\/www.pressenza.com\/es\/#organization"},"image":{"@id":"https:\/\/www.pressenza.com\/es\/2022\/06\/la-mafilia\/#primaryimage"},"thumbnailUrl":"https:\/\/www.pressenza.com\/wp-content\/uploads\/2022\/06\/Captura-de-pantalla-129.png","keywords":["Argentina","consumismo","consumo","deuda","El Noba","gobierno","L-Gante","Mafilia","progreso"],"articleSection":["Contenido Original","Cultura y Medios","J\u00f3venes","Opiniones","Pol\u00edtica","Sudam\u00e9rica"],"inLanguage":"es"},{"@type":"WebPage","@id":"https:\/\/www.pressenza.com\/es\/2022\/06\/la-mafilia\/","url":"https:\/\/www.pressenza.com\/es\/2022\/06\/la-mafilia\/","name":"\"La Mafilia\"","isPartOf":{"@id":"https:\/\/www.pressenza.com\/es\/#website"},"primaryImageOfPage":{"@id":"https:\/\/www.pressenza.com\/es\/2022\/06\/la-mafilia\/#primaryimage"},"image":{"@id":"https:\/\/www.pressenza.com\/es\/2022\/06\/la-mafilia\/#primaryimage"},"thumbnailUrl":"https:\/\/www.pressenza.com\/wp-content\/uploads\/2022\/06\/Captura-de-pantalla-129.png","datePublished":"2022-06-10T16:39:08+00:00","description":"La pirueta de la vida: aumentar el consumismo aunque tengan que morir miles de personas en el camino del \"progreso\". De tanto en tanto en Argentina se","breadcrumb":{"@id":"https:\/\/www.pressenza.com\/es\/2022\/06\/la-mafilia\/#breadcrumb"},"inLanguage":"es","potentialAction":[{"@type":"ReadAction","target":["https:\/\/www.pressenza.com\/es\/2022\/06\/la-mafilia\/"]}]},{"@type":"ImageObject","inLanguage":"es","@id":"https:\/\/www.pressenza.com\/es\/2022\/06\/la-mafilia\/#primaryimage","url":"https:\/\/www.pressenza.com\/wp-content\/uploads\/2022\/06\/Captura-de-pantalla-129.png","contentUrl":"https:\/\/www.pressenza.com\/wp-content\/uploads\/2022\/06\/Captura-de-pantalla-129.png","width":820,"height":461,"caption":"El presidente Alberto Fern\u00e1ndez presentando en la planta automotriz de Nissan la nueva Frontier, un modelo de camioneta similar a la RAM, valuada en 8 millones de pesos."},{"@type":"BreadcrumbList","@id":"https:\/\/www.pressenza.com\/es\/2022\/06\/la-mafilia\/#breadcrumb","itemListElement":[{"@type":"ListItem","position":1,"name":"Accueil","item":"https:\/\/www.pressenza.com\/es\/"},{"@type":"ListItem","position":2,"name":"\u00abLa Mafilia\u00bb"}]},{"@type":"WebSite","@id":"https:\/\/www.pressenza.com\/es\/#website","url":"https:\/\/www.pressenza.com\/es\/","name":"Pressenza","description":"International Press Agency","publisher":{"@id":"https:\/\/www.pressenza.com\/es\/#organization"},"potentialAction":[{"@type":"SearchAction","target":{"@type":"EntryPoint","urlTemplate":"https:\/\/www.pressenza.com\/es\/?s={search_term_string}"},"query-input":{"@type":"PropertyValueSpecification","valueRequired":true,"valueName":"search_term_string"}}],"inLanguage":"es"},{"@type":"Organization","@id":"https:\/\/www.pressenza.com\/es\/#organization","name":"Pressenza","url":"https:\/\/www.pressenza.com\/es\/","logo":{"@type":"ImageObject","inLanguage":"es","@id":"https:\/\/www.pressenza.com\/es\/#\/schema\/logo\/image\/","url":"https:\/\/www.pressenza.com\/wp-content\/uploads\/2022\/10\/pressenza_logo_200x200.jpg","contentUrl":"https:\/\/www.pressenza.com\/wp-content\/uploads\/2022\/10\/pressenza_logo_200x200.jpg","width":200,"height":200,"caption":"Pressenza"},"image":{"@id":"https:\/\/www.pressenza.com\/es\/#\/schema\/logo\/image\/"},"sameAs":["https:\/\/www.facebook.com\/PressenzaItalia","https:\/\/x.com\/PressenzaIPA"]},{"@type":"Person","@id":"https:\/\/www.pressenza.com\/es\/#\/schema\/person\/dacb21ffbce19b7d40c5abc14b6efc88","name":"Gustavo Figueroa","description":"Gustavo Figueroa (1985). Periodista, documentalista, fot\u00f3grafo. Vive en Neuqu\u00e9n. Se interesa especialmente por temas relativos a pueblos originarios y derechos humanos. Es miembro del Equipo de Educadores Interculturales del Puel Mapu.","sameAs":["https:\/\/periferiasitio.wordpress.com\/"],"url":"https:\/\/www.pressenza.com\/es\/author\/gustavo-figueroa\/"}]}},"place":"Neuqu\u00e9n, Argentina","original_article_url":"","_links":{"self":[{"href":"https:\/\/www.pressenza.com\/es\/wp-json\/wp\/v2\/posts\/1601877","targetHints":{"allow":["GET"]}}],"collection":[{"href":"https:\/\/www.pressenza.com\/es\/wp-json\/wp\/v2\/posts"}],"about":[{"href":"https:\/\/www.pressenza.com\/es\/wp-json\/wp\/v2\/types\/post"}],"author":[{"embeddable":true,"href":"https:\/\/www.pressenza.com\/es\/wp-json\/wp\/v2\/users\/1372"}],"replies":[{"embeddable":true,"href":"https:\/\/www.pressenza.com\/es\/wp-json\/wp\/v2\/comments?post=1601877"}],"version-history":[{"count":0,"href":"https:\/\/www.pressenza.com\/es\/wp-json\/wp\/v2\/posts\/1601877\/revisions"}],"wp:featuredmedia":[{"embeddable":true,"href":"https:\/\/www.pressenza.com\/es\/wp-json\/wp\/v2\/media\/1602011"}],"wp:attachment":[{"href":"https:\/\/www.pressenza.com\/es\/wp-json\/wp\/v2\/media?parent=1601877"}],"wp:term":[{"taxonomy":"category","embeddable":true,"href":"https:\/\/www.pressenza.com\/es\/wp-json\/wp\/v2\/categories?post=1601877"},{"taxonomy":"post_tag","embeddable":true,"href":"https:\/\/www.pressenza.com\/es\/wp-json\/wp\/v2\/tags?post=1601877"}],"curies":[{"name":"wp","href":"https:\/\/api.w.org\/{rel}","templated":true}]}}