{"id":1601528,"date":"2022-06-10T02:13:31","date_gmt":"2022-06-10T01:13:31","guid":{"rendered":"https:\/\/www.pressenza.com\/?p=1601528"},"modified":"2022-06-10T02:14:36","modified_gmt":"2022-06-10T01:14:36","slug":"convenio-189-consenso-historico-en-el-congreso-espanol","status":"publish","type":"post","link":"https:\/\/www.pressenza.com\/es\/2022\/06\/convenio-189-consenso-historico-en-el-congreso-espanol\/","title":{"rendered":"Convenio 189: consenso hist\u00f3rico en el Congreso espa\u00f1ol"},"content":{"rendered":"<p style=\"padding-left: 40px;\">El Convenio 189 de la Organizaci\u00f3n Internacional de los Trabajadores une a todos los partidos para ratificar que las trabajadoras del hogar y de los cuidados tienen derechos laborales equivalentes a los de cualquier otra trabajadora asalariada.<\/p>\n<p style=\"padding-left: 40px;\">Por\u00a0Gessam\u00ed Forner y Pablo Elorduy\/El salto diario<\/p>\n<p>Hoy (09\/06) ha sido un d\u00eda trascendental en el Congreso de los Diputados que ha recabado un consenso hist\u00f3rico: todos los grupos parlamentarios han ratificado el Convenio 189 de la Organizaci\u00f3n Internacional de los Trabajadoras, establecido en 2011. Ha habido 325 votos a favor y una sola abstenci\u00f3n. Tras la votaci\u00f3n, el hemiciclo se ha arrancado en un aplauso dirigi\u00e9ndose hacia la tribuna, donde una veintena de trabajadoras aguardaba ese momento. \u201cHemos llorado de alegr\u00eda\u201d, ha reconocido Marina D\u00edaz, activista del sindicato de Sintrahocu. Considera que la ratificaci\u00f3n es \u201cun derecho conquistado\u201d, que supone \u201cun impulso para su lucha, hay que seguir luchando todas juntas sin parar para que el cumplimiento de la norma sea adecuado\u201d.<\/p>\n<p>Espa\u00f1a llevaba once a\u00f1os de retraso en su ratificaci\u00f3n o, en su defecto, en una aplicaci\u00f3n paralela, como ha realizado Francia, por ejemplo. Una <a href=\"https:\/\/elsal.to\/25169\" target=\"_blank\" rel=\"noopener\">sentencia judicial<\/a> del Tribunal de Derechos Humanos de Estrasburgo sac\u00f3 los colores en febrero a Espa\u00f1a, por discriminar a las trabajadoras de este sector, empujando al Congreso a poner fecha en el calendario para saldar una deuda laboral, econ\u00f3mica y social con las m\u00e1s de 600.000 trabajadoras del hogar y de los cuidados que llevan d\u00e9cadas trabajando sin derecho a la prestaci\u00f3n de desempleo, con despidos libres, con pensiones m\u00ednimas, sin prevenci\u00f3n de riesgos laborales e, incluso, en situaciones de semiesclavitud, como es el trabajo en r\u00e9gimen interno.<\/p>\n<p>Todas las formaciones han votado s\u00ed a ratificar el Convenio 189. Durante las argumentaciones parlamentarias, Vox ha balbuceado sobre otro convenio acerca de la pesca fluvial en el Mi\u00f1o, por lo que el sentido de su voto era desconocido hasta el momento de la votaci\u00f3n. Finalmente, la formaci\u00f3n de extrema derecha ha votado favorablemente.<\/p>\n<p>Casi todas las intervenciones parlamentarias realizadas desde los sillones de la c\u00e1mara, en vez del atril, debido al protocolo del Congreso, han sido emotivas. A excepci\u00f3n del representante del PP, los pol\u00edticos han hablado mirando hacia la tribuna, donde escuchaban atentas y emocionadas las trabajadoras que han podido acudir hoy como p\u00fablico para presenciar uno de los hitos de su lucha.<\/p>\n<p>En las inmediaciones del Congreso se han reunido alrededor de cien trabajadoras para celebrar este d\u00eda hist\u00f3rico. \u201cSe acab\u00f3, se acab\u00f3, se acab\u00f3 la esclavitud\u201d y \u201cNo estamos todas, faltan las internas\u201d han sido los m\u00e1s coreados a las 18h, una vez concluida la votaci\u00f3n en el interior de la c\u00e1mara.<\/p>\n<p>La hist\u00f3rica activista Donatilda Gamarra ha cogido el altavoz para hablar a sus compa\u00f1eras: \u201cGracias a todas por su lucha, la ratificaci\u00f3n es un logro pol\u00edtico\u201d, ha indicado antes de se\u00f1alar que \u201cno solo sabemos exigir, sino tambi\u00e9n plantear propuestas y que sean escuchadas\u201d.<\/p>\n<blockquote><p>La ministra de trabajo, Yolanda D\u00edaz, ha anunciado que la normativa que desarrollar\u00e1 la aplicaci\u00f3n del Convenio 189 saldr\u00e1 \u201cr\u00e1pidamente\u201d<\/p><\/blockquote>\n<div class=\"compartir\">\n<div>Al salir del Congreso, la ministra de Trabajo, Yolanda D\u00edaz, ha realizado unas declaraciones visiblemente contenta: \u201cHoy es un d\u00eda grande. Vale estar en el Gobierno para hacer estas cosas. Llevan muchos a\u00f1os luchando por nosotras y moviendo el mundo. La norma [que est\u00e1 redactando el ministerio y desarrollar\u00e1 la aplicaci\u00f3n del Convenio] saldr\u00e1 r\u00e1pidamente para darles a las trabajadoras del hogar y de los cuidados todos los derechos en igualdad, como al resto de trabajadores. Vendo de vengo y s\u00e9 muy bien a qui\u00e9n represento, no me voy a confundir\u201d, ha concluido D\u00edaz.<\/div>\n<div>\n<p>Mireia Veh\u00ed (CUP) ha sido la primera en intervenir. \u201cLa lucha sirve\u201d, ha recordado. \u201cHay que abolir la ley de extranjer\u00eda\u201d, ha a\u00f1adido. \u201cLa mayor\u00eda son mujeres y la mayor\u00eda son migrantes\u201d, ha se\u00f1alado respecto a la composici\u00f3n de este sector. Le ha seguido Bel Pozueta (EH Bildu). Ha empezado con un \u201czorionak!\u201d, enhorabuena en castellano, y ha terminado conminando al Gobierno a realizar los \u201cdeberes pendientes\u201d, en referencia a la aplicaci\u00f3n del convenio.<\/p>\n<p>I\u00f1igo Barandiaran (PNV) ha matizado que esa aplicaci\u00f3n deber\u00eda desarrollarse, \u201ca ser posible, de forma consensuada con todos los partidos\u201d. La intervenci\u00f3n m\u00e1s emotiva ha llegado de las manos de los representantes de ERC, Unidas Podemos y PSOE.<\/p>\n<p>Mar\u00eda Carvalho (ERC) ha mencionado a la trabajadora del hogar gallega que denunci\u00f3 al Estado por no tener derecho a paro y al abogado que la acompa\u00f1\u00f3 en su largo camino judicial, que lleg\u00f3 a Estrasburgo. Ha recordado que los planes anunciados por el ministro Jos\u00e9 Luis Escriv\u00e1 no incluyen a las trabajadoras del hogar, a pesar de que muchas se hallan en situaci\u00f3n de desprotecci\u00f3n administrativa. \u201cUrge regularizar a todas las personas que est\u00e1n trabajando en situaci\u00f3n irregular. Hay una ILP a favor. Firm\u00e9mosla todas\u201d, ha solicitado.<\/p>\n<p>Gerardo Pisarello (UP) ha afirmado que las trabajadoras \u201chan llegado aqu\u00ed porque tienen claro que no las van a parar\u201d y las ha comparado con Francia M\u00e1rquez: \u201cTuvo que cuidar de los hijos de otros mientras los suyos estaban a cargo de su abuela. Ser\u00e1 la pr\u00f3xima vicepresidenta de Colombia. Tambi\u00e9n las nadie, cuando se unen, pueden ganar y hacerlo hasta que la dignidad sea costumbre\u201d.<\/p>\n<p>Mar\u00eda Dolores Narv\u00e1ez (PSOE) tambi\u00e9n ha valorado la lucha de las trabajadoras, \u201cla ratificaci\u00f3n es fruto de vuestro esfuerzo\u201d, y ha recordado que \u201csin vosotras, no ser\u00eda posible que se mueva el mundo\u201d. Por su parte, Eloy Su\u00e1rez (PP) tambi\u00e9n se ha referido a la importancia de la regulaci\u00f3n de la pesca en el r\u00edo Mi\u00f1o, como Vox, pero ha a\u00f1adido que el Convenio 189 le parece de \u201cespecial importancia\u201d, por lo que su grupo \u201cestar\u00e1 con las aportaciones oportunas para mejorar la vida de esas personas\u201d.<\/p>\n<\/div>\n<\/div>\n","protected":false},"excerpt":{"rendered":"<p>El Convenio 189 de la Organizaci\u00f3n Internacional de los Trabajadores une a todos los partidos para ratificar que las trabajadoras del hogar y de los cuidados tienen derechos laborales equivalentes a los de cualquier otra trabajadora asalariada. Por\u00a0Gessam\u00ed Forner y&hellip;<\/p>\n","protected":false},"author":94,"featured_media":1601529,"comment_status":"closed","ping_status":"closed","sticky":false,"template":"","format":"standard","meta":{"footnotes":""},"categories":[66,54515,74],"tags":[21194,23908,7625,1065,1025,47953],"class_list":["post-1601528","post","type-post","status-publish","format-standard","has-post-thumbnail","hentry","category-europa-es","category-genero-y-feminismos","category-politica-es","tag-congreso","tag-convenio-189","tag-derechos-laborales","tag-espana","tag-mujeres","tag-trabajadoras"],"yoast_head":"<!-- This site is optimized with the Yoast SEO plugin v27.1.1 - https:\/\/yoast.com\/product\/yoast-seo-wordpress\/ -->\n<title>Convenio 189: consenso hist\u00f3rico en el Congreso espa\u00f1ol<\/title>\n<meta name=\"description\" content=\"El Convenio 189 de la Organizaci\u00f3n Internacional de los Trabajadores une a todos los partidos para ratificar que las trabajadoras del hogar y de los\" \/>\n<meta name=\"robots\" content=\"index, follow, max-snippet:-1, max-image-preview:large, max-video-preview:-1\" \/>\n<link rel=\"canonical\" href=\"https:\/\/www.pressenza.com\/es\/2022\/06\/convenio-189-consenso-historico-en-el-congreso-espanol\/\" \/>\n<meta property=\"og:locale\" content=\"es_ES\" \/>\n<meta property=\"og:type\" content=\"article\" \/>\n<meta property=\"og:title\" content=\"Convenio 189: consenso hist\u00f3rico en el Congreso espa\u00f1ol\" \/>\n<meta property=\"og:description\" content=\"El Convenio 189 de la Organizaci\u00f3n Internacional de los Trabajadores une a todos los partidos para ratificar que las trabajadoras del hogar y de los\" \/>\n<meta property=\"og:url\" content=\"https:\/\/www.pressenza.com\/es\/2022\/06\/convenio-189-consenso-historico-en-el-congreso-espanol\/\" \/>\n<meta property=\"og:site_name\" content=\"Pressenza\" \/>\n<meta property=\"article:publisher\" content=\"https:\/\/www.facebook.com\/PressenzaItalia\" \/>\n<meta property=\"article:author\" content=\"https:\/\/www.facebook.com\/pressenza\" \/>\n<meta property=\"article:published_time\" content=\"2022-06-10T01:13:31+00:00\" \/>\n<meta property=\"article:modified_time\" content=\"2022-06-10T01:14:36+00:00\" \/>\n<meta property=\"og:image\" content=\"https:\/\/www.pressenza.com\/wp-content\/uploads\/2022\/06\/convenio-189-Alvaro-Minguito-Elsaltodiario.jpg\" \/>\n\t<meta property=\"og:image:width\" content=\"820\" \/>\n\t<meta property=\"og:image:height\" content=\"547\" \/>\n\t<meta property=\"og:image:type\" content=\"image\/jpeg\" \/>\n<meta name=\"author\" content=\"Redacci\u00f3n Madrid\" \/>\n<meta name=\"twitter:card\" content=\"summary_large_image\" \/>\n<meta name=\"twitter:creator\" content=\"@pressenza\" \/>\n<meta name=\"twitter:site\" content=\"@PressenzaIPA\" \/>\n<meta name=\"twitter:label1\" content=\"Escrito por\" \/>\n\t<meta name=\"twitter:data1\" content=\"Redacci\u00f3n Madrid\" \/>\n\t<meta name=\"twitter:label2\" content=\"Tiempo de lectura\" \/>\n\t<meta name=\"twitter:data2\" content=\"5 minutos\" \/>\n<script type=\"application\/ld+json\" class=\"yoast-schema-graph\">{\"@context\":\"https:\/\/schema.org\",\"@graph\":[{\"@type\":\"Article\",\"@id\":\"https:\/\/www.pressenza.com\/es\/2022\/06\/convenio-189-consenso-historico-en-el-congreso-espanol\/#article\",\"isPartOf\":{\"@id\":\"https:\/\/www.pressenza.com\/es\/2022\/06\/convenio-189-consenso-historico-en-el-congreso-espanol\/\"},\"author\":{\"name\":\"Redacci\u00f3n Madrid\",\"@id\":\"https:\/\/www.pressenza.com\/es\/#\/schema\/person\/828fc40eeca2ad7be3630e5a46adba94\"},\"headline\":\"Convenio 189: consenso hist\u00f3rico en el Congreso espa\u00f1ol\",\"datePublished\":\"2022-06-10T01:13:31+00:00\",\"dateModified\":\"2022-06-10T01:14:36+00:00\",\"mainEntityOfPage\":{\"@id\":\"https:\/\/www.pressenza.com\/es\/2022\/06\/convenio-189-consenso-historico-en-el-congreso-espanol\/\"},\"wordCount\":1033,\"publisher\":{\"@id\":\"https:\/\/www.pressenza.com\/es\/#organization\"},\"image\":{\"@id\":\"https:\/\/www.pressenza.com\/es\/2022\/06\/convenio-189-consenso-historico-en-el-congreso-espanol\/#primaryimage\"},\"thumbnailUrl\":\"https:\/\/www.pressenza.com\/wp-content\/uploads\/2022\/06\/convenio-189-Alvaro-Minguito-Elsaltodiario.jpg\",\"keywords\":[\"Congreso\",\"Convenio 189\",\"Derechos laborales\",\"Espa\u00f1a\",\"Mujeres\",\"trabajadoras\"],\"articleSection\":[\"Europa\",\"G\u00e9nero y Feminismos\",\"Pol\u00edtica\"],\"inLanguage\":\"es\"},{\"@type\":\"WebPage\",\"@id\":\"https:\/\/www.pressenza.com\/es\/2022\/06\/convenio-189-consenso-historico-en-el-congreso-espanol\/\",\"url\":\"https:\/\/www.pressenza.com\/es\/2022\/06\/convenio-189-consenso-historico-en-el-congreso-espanol\/\",\"name\":\"Convenio 189: consenso hist\u00f3rico en el Congreso espa\u00f1ol\",\"isPartOf\":{\"@id\":\"https:\/\/www.pressenza.com\/es\/#website\"},\"primaryImageOfPage\":{\"@id\":\"https:\/\/www.pressenza.com\/es\/2022\/06\/convenio-189-consenso-historico-en-el-congreso-espanol\/#primaryimage\"},\"image\":{\"@id\":\"https:\/\/www.pressenza.com\/es\/2022\/06\/convenio-189-consenso-historico-en-el-congreso-espanol\/#primaryimage\"},\"thumbnailUrl\":\"https:\/\/www.pressenza.com\/wp-content\/uploads\/2022\/06\/convenio-189-Alvaro-Minguito-Elsaltodiario.jpg\",\"datePublished\":\"2022-06-10T01:13:31+00:00\",\"dateModified\":\"2022-06-10T01:14:36+00:00\",\"description\":\"El Convenio 189 de la Organizaci\u00f3n Internacional de los Trabajadores une a todos los partidos para ratificar que las trabajadoras del hogar y de los\",\"breadcrumb\":{\"@id\":\"https:\/\/www.pressenza.com\/es\/2022\/06\/convenio-189-consenso-historico-en-el-congreso-espanol\/#breadcrumb\"},\"inLanguage\":\"es\",\"potentialAction\":[{\"@type\":\"ReadAction\",\"target\":[\"https:\/\/www.pressenza.com\/es\/2022\/06\/convenio-189-consenso-historico-en-el-congreso-espanol\/\"]}]},{\"@type\":\"ImageObject\",\"inLanguage\":\"es\",\"@id\":\"https:\/\/www.pressenza.com\/es\/2022\/06\/convenio-189-consenso-historico-en-el-congreso-espanol\/#primaryimage\",\"url\":\"https:\/\/www.pressenza.com\/wp-content\/uploads\/2022\/06\/convenio-189-Alvaro-Minguito-Elsaltodiario.jpg\",\"contentUrl\":\"https:\/\/www.pressenza.com\/wp-content\/uploads\/2022\/06\/convenio-189-Alvaro-Minguito-Elsaltodiario.jpg\",\"width\":820,\"height\":547},{\"@type\":\"BreadcrumbList\",\"@id\":\"https:\/\/www.pressenza.com\/es\/2022\/06\/convenio-189-consenso-historico-en-el-congreso-espanol\/#breadcrumb\",\"itemListElement\":[{\"@type\":\"ListItem\",\"position\":1,\"name\":\"Accueil\",\"item\":\"https:\/\/www.pressenza.com\/es\/\"},{\"@type\":\"ListItem\",\"position\":2,\"name\":\"Convenio 189: consenso hist\u00f3rico en el Congreso espa\u00f1ol\"}]},{\"@type\":\"WebSite\",\"@id\":\"https:\/\/www.pressenza.com\/es\/#website\",\"url\":\"https:\/\/www.pressenza.com\/es\/\",\"name\":\"Pressenza\",\"description\":\"International Press Agency\",\"publisher\":{\"@id\":\"https:\/\/www.pressenza.com\/es\/#organization\"},\"potentialAction\":[{\"@type\":\"SearchAction\",\"target\":{\"@type\":\"EntryPoint\",\"urlTemplate\":\"https:\/\/www.pressenza.com\/es\/?s={search_term_string}\"},\"query-input\":{\"@type\":\"PropertyValueSpecification\",\"valueRequired\":true,\"valueName\":\"search_term_string\"}}],\"inLanguage\":\"es\"},{\"@type\":\"Organization\",\"@id\":\"https:\/\/www.pressenza.com\/es\/#organization\",\"name\":\"Pressenza\",\"url\":\"https:\/\/www.pressenza.com\/es\/\",\"logo\":{\"@type\":\"ImageObject\",\"inLanguage\":\"es\",\"@id\":\"https:\/\/www.pressenza.com\/es\/#\/schema\/logo\/image\/\",\"url\":\"https:\/\/www.pressenza.com\/wp-content\/uploads\/2022\/10\/pressenza_logo_200x200.jpg\",\"contentUrl\":\"https:\/\/www.pressenza.com\/wp-content\/uploads\/2022\/10\/pressenza_logo_200x200.jpg\",\"width\":200,\"height\":200,\"caption\":\"Pressenza\"},\"image\":{\"@id\":\"https:\/\/www.pressenza.com\/es\/#\/schema\/logo\/image\/\"},\"sameAs\":[\"https:\/\/www.facebook.com\/PressenzaItalia\",\"https:\/\/x.com\/PressenzaIPA\"]},{\"@type\":\"Person\",\"@id\":\"https:\/\/www.pressenza.com\/es\/#\/schema\/person\/828fc40eeca2ad7be3630e5a46adba94\",\"name\":\"Redacci\u00f3n Madrid\",\"description\":\"News from the Pressenza Bureau in Madrid, Spain\",\"sameAs\":[\"https:\/\/www.facebook.com\/pressenza\",\"https:\/\/x.com\/pressenza\"],\"url\":\"https:\/\/www.pressenza.com\/es\/author\/redaccion-madrid\/\"}]}<\/script>\n<!-- \/ Yoast SEO plugin. -->","yoast_head_json":{"title":"Convenio 189: consenso hist\u00f3rico en el Congreso espa\u00f1ol","description":"El Convenio 189 de la Organizaci\u00f3n Internacional de los Trabajadores une a todos los partidos para ratificar que las trabajadoras del hogar y de los","robots":{"index":"index","follow":"follow","max-snippet":"max-snippet:-1","max-image-preview":"max-image-preview:large","max-video-preview":"max-video-preview:-1"},"canonical":"https:\/\/www.pressenza.com\/es\/2022\/06\/convenio-189-consenso-historico-en-el-congreso-espanol\/","og_locale":"es_ES","og_type":"article","og_title":"Convenio 189: consenso hist\u00f3rico en el Congreso espa\u00f1ol","og_description":"El Convenio 189 de la Organizaci\u00f3n Internacional de los Trabajadores une a todos los partidos para ratificar que las trabajadoras del hogar y de los","og_url":"https:\/\/www.pressenza.com\/es\/2022\/06\/convenio-189-consenso-historico-en-el-congreso-espanol\/","og_site_name":"Pressenza","article_publisher":"https:\/\/www.facebook.com\/PressenzaItalia","article_author":"https:\/\/www.facebook.com\/pressenza","article_published_time":"2022-06-10T01:13:31+00:00","article_modified_time":"2022-06-10T01:14:36+00:00","og_image":[{"width":820,"height":547,"url":"https:\/\/www.pressenza.com\/wp-content\/uploads\/2022\/06\/convenio-189-Alvaro-Minguito-Elsaltodiario.jpg","type":"image\/jpeg"}],"author":"Redacci\u00f3n Madrid","twitter_card":"summary_large_image","twitter_creator":"@pressenza","twitter_site":"@PressenzaIPA","twitter_misc":{"Escrito por":"Redacci\u00f3n Madrid","Tiempo de lectura":"5 minutos"},"schema":{"@context":"https:\/\/schema.org","@graph":[{"@type":"Article","@id":"https:\/\/www.pressenza.com\/es\/2022\/06\/convenio-189-consenso-historico-en-el-congreso-espanol\/#article","isPartOf":{"@id":"https:\/\/www.pressenza.com\/es\/2022\/06\/convenio-189-consenso-historico-en-el-congreso-espanol\/"},"author":{"name":"Redacci\u00f3n Madrid","@id":"https:\/\/www.pressenza.com\/es\/#\/schema\/person\/828fc40eeca2ad7be3630e5a46adba94"},"headline":"Convenio 189: consenso hist\u00f3rico en el Congreso espa\u00f1ol","datePublished":"2022-06-10T01:13:31+00:00","dateModified":"2022-06-10T01:14:36+00:00","mainEntityOfPage":{"@id":"https:\/\/www.pressenza.com\/es\/2022\/06\/convenio-189-consenso-historico-en-el-congreso-espanol\/"},"wordCount":1033,"publisher":{"@id":"https:\/\/www.pressenza.com\/es\/#organization"},"image":{"@id":"https:\/\/www.pressenza.com\/es\/2022\/06\/convenio-189-consenso-historico-en-el-congreso-espanol\/#primaryimage"},"thumbnailUrl":"https:\/\/www.pressenza.com\/wp-content\/uploads\/2022\/06\/convenio-189-Alvaro-Minguito-Elsaltodiario.jpg","keywords":["Congreso","Convenio 189","Derechos laborales","Espa\u00f1a","Mujeres","trabajadoras"],"articleSection":["Europa","G\u00e9nero y Feminismos","Pol\u00edtica"],"inLanguage":"es"},{"@type":"WebPage","@id":"https:\/\/www.pressenza.com\/es\/2022\/06\/convenio-189-consenso-historico-en-el-congreso-espanol\/","url":"https:\/\/www.pressenza.com\/es\/2022\/06\/convenio-189-consenso-historico-en-el-congreso-espanol\/","name":"Convenio 189: consenso hist\u00f3rico en el Congreso espa\u00f1ol","isPartOf":{"@id":"https:\/\/www.pressenza.com\/es\/#website"},"primaryImageOfPage":{"@id":"https:\/\/www.pressenza.com\/es\/2022\/06\/convenio-189-consenso-historico-en-el-congreso-espanol\/#primaryimage"},"image":{"@id":"https:\/\/www.pressenza.com\/es\/2022\/06\/convenio-189-consenso-historico-en-el-congreso-espanol\/#primaryimage"},"thumbnailUrl":"https:\/\/www.pressenza.com\/wp-content\/uploads\/2022\/06\/convenio-189-Alvaro-Minguito-Elsaltodiario.jpg","datePublished":"2022-06-10T01:13:31+00:00","dateModified":"2022-06-10T01:14:36+00:00","description":"El Convenio 189 de la Organizaci\u00f3n Internacional de los Trabajadores une a todos los partidos para ratificar que las trabajadoras del hogar y de los","breadcrumb":{"@id":"https:\/\/www.pressenza.com\/es\/2022\/06\/convenio-189-consenso-historico-en-el-congreso-espanol\/#breadcrumb"},"inLanguage":"es","potentialAction":[{"@type":"ReadAction","target":["https:\/\/www.pressenza.com\/es\/2022\/06\/convenio-189-consenso-historico-en-el-congreso-espanol\/"]}]},{"@type":"ImageObject","inLanguage":"es","@id":"https:\/\/www.pressenza.com\/es\/2022\/06\/convenio-189-consenso-historico-en-el-congreso-espanol\/#primaryimage","url":"https:\/\/www.pressenza.com\/wp-content\/uploads\/2022\/06\/convenio-189-Alvaro-Minguito-Elsaltodiario.jpg","contentUrl":"https:\/\/www.pressenza.com\/wp-content\/uploads\/2022\/06\/convenio-189-Alvaro-Minguito-Elsaltodiario.jpg","width":820,"height":547},{"@type":"BreadcrumbList","@id":"https:\/\/www.pressenza.com\/es\/2022\/06\/convenio-189-consenso-historico-en-el-congreso-espanol\/#breadcrumb","itemListElement":[{"@type":"ListItem","position":1,"name":"Accueil","item":"https:\/\/www.pressenza.com\/es\/"},{"@type":"ListItem","position":2,"name":"Convenio 189: consenso hist\u00f3rico en el Congreso espa\u00f1ol"}]},{"@type":"WebSite","@id":"https:\/\/www.pressenza.com\/es\/#website","url":"https:\/\/www.pressenza.com\/es\/","name":"Pressenza","description":"International Press Agency","publisher":{"@id":"https:\/\/www.pressenza.com\/es\/#organization"},"potentialAction":[{"@type":"SearchAction","target":{"@type":"EntryPoint","urlTemplate":"https:\/\/www.pressenza.com\/es\/?s={search_term_string}"},"query-input":{"@type":"PropertyValueSpecification","valueRequired":true,"valueName":"search_term_string"}}],"inLanguage":"es"},{"@type":"Organization","@id":"https:\/\/www.pressenza.com\/es\/#organization","name":"Pressenza","url":"https:\/\/www.pressenza.com\/es\/","logo":{"@type":"ImageObject","inLanguage":"es","@id":"https:\/\/www.pressenza.com\/es\/#\/schema\/logo\/image\/","url":"https:\/\/www.pressenza.com\/wp-content\/uploads\/2022\/10\/pressenza_logo_200x200.jpg","contentUrl":"https:\/\/www.pressenza.com\/wp-content\/uploads\/2022\/10\/pressenza_logo_200x200.jpg","width":200,"height":200,"caption":"Pressenza"},"image":{"@id":"https:\/\/www.pressenza.com\/es\/#\/schema\/logo\/image\/"},"sameAs":["https:\/\/www.facebook.com\/PressenzaItalia","https:\/\/x.com\/PressenzaIPA"]},{"@type":"Person","@id":"https:\/\/www.pressenza.com\/es\/#\/schema\/person\/828fc40eeca2ad7be3630e5a46adba94","name":"Redacci\u00f3n Madrid","description":"News from the Pressenza Bureau in Madrid, Spain","sameAs":["https:\/\/www.facebook.com\/pressenza","https:\/\/x.com\/pressenza"],"url":"https:\/\/www.pressenza.com\/es\/author\/redaccion-madrid\/"}]}},"place":"Espa\u00f1a, El Salto diario","original_article_url":"https:\/\/www.elsaltodiario.com\/laboral\/convenio-189-consenso-historico-congreso","_links":{"self":[{"href":"https:\/\/www.pressenza.com\/es\/wp-json\/wp\/v2\/posts\/1601528","targetHints":{"allow":["GET"]}}],"collection":[{"href":"https:\/\/www.pressenza.com\/es\/wp-json\/wp\/v2\/posts"}],"about":[{"href":"https:\/\/www.pressenza.com\/es\/wp-json\/wp\/v2\/types\/post"}],"author":[{"embeddable":true,"href":"https:\/\/www.pressenza.com\/es\/wp-json\/wp\/v2\/users\/94"}],"replies":[{"embeddable":true,"href":"https:\/\/www.pressenza.com\/es\/wp-json\/wp\/v2\/comments?post=1601528"}],"version-history":[{"count":0,"href":"https:\/\/www.pressenza.com\/es\/wp-json\/wp\/v2\/posts\/1601528\/revisions"}],"wp:featuredmedia":[{"embeddable":true,"href":"https:\/\/www.pressenza.com\/es\/wp-json\/wp\/v2\/media\/1601529"}],"wp:attachment":[{"href":"https:\/\/www.pressenza.com\/es\/wp-json\/wp\/v2\/media?parent=1601528"}],"wp:term":[{"taxonomy":"category","embeddable":true,"href":"https:\/\/www.pressenza.com\/es\/wp-json\/wp\/v2\/categories?post=1601528"},{"taxonomy":"post_tag","embeddable":true,"href":"https:\/\/www.pressenza.com\/es\/wp-json\/wp\/v2\/tags?post=1601528"}],"curies":[{"name":"wp","href":"https:\/\/api.w.org\/{rel}","templated":true}]}}