{"id":1599492,"date":"2022-06-06T21:31:18","date_gmt":"2022-06-06T20:31:18","guid":{"rendered":"https:\/\/www.pressenza.com\/?p=1599492"},"modified":"2022-06-06T21:31:18","modified_gmt":"2022-06-06T20:31:18","slug":"efectos-del-veto-de-ee-uu-a-participacion-de-venezuela-en-cumbre-de-las-americas","status":"publish","type":"post","link":"https:\/\/www.pressenza.com\/es\/2022\/06\/efectos-del-veto-de-ee-uu-a-participacion-de-venezuela-en-cumbre-de-las-americas\/","title":{"rendered":"Efectos del veto de EE. UU. a participaci\u00f3n de Venezuela en Cumbre de las Am\u00e9ricas"},"content":{"rendered":"<p>Una ola de rechazo ha generado la decisi\u00f3n de Estados Unidos de vetar la participaci\u00f3n en la Cumbre de las Am\u00e9ricas de Cuba, Nicaragua y Venezuela, afianz\u00e1ndose en este \u00faltimo pa\u00eds a\u00fan m\u00e1s el repudio contra Washington, por sostener esta pol\u00edtica pese a haber iniciado un acercamiento con Caracas.<\/p>\n<p>\u00abLos Estados Unidos no es qui\u00e9n para decirle nada a Venezuela, porque nosotros somos libres y democr\u00e1ticos desde hace muchos a\u00f1os, y aqu\u00ed lo que siempre han querido de Venezuela es sus riquezas y no se las vamos a seguir dando m\u00e1s, ya basta y sobra, ellos no son el polic\u00eda de ning\u00fan pa\u00eds, porque somos libres y democr\u00e1ticos, y ese bloqueo, \u00bfa qui\u00e9n se lo hicieron? A nosotras, bloque\u00e1ndonos todo\u00bb, dijo Olivia Montevideo, residente de Caracas.<\/p>\n<p>De esta manera los venezolanos demuestran su repudio a los intentos de Washington por evitar la participaci\u00f3n del pa\u00eds caribe\u00f1o en el foro que se realizar\u00e1 en Los \u00c1ngeles. En este sentido, desde el gobierno alertan que se trata de una maniobra que busca silenciar la voz del pa\u00eds caribe\u00f1o ante el continente.<\/p>\n<p>\u00abVenezuela tiene la bendici\u00f3n de ser la primera reserva de petr\u00f3leo del mundo, la cuarta reserva de oro del mundo, la quinta reserva de gas del mundo, eso nos convierte en un objetivo geoestrat\u00e9gico para los Estados Unidos, que pretende eternizarse como imperio, y para eso necesita los recursos que tiene nuestra patria\u00bb, dijo Pedro Infante, presidente de la Comisi\u00f3n Permanente de Desarrollo Social Integral de la Asamblea Nacional de Venezuela.<\/p>\n<p>La decisi\u00f3n de la Casa Blanca de vetar la participaci\u00f3n venezolana contradice los recientes acercamientos de la administraci\u00f3n Biden hacia Miraflores, viejas estrategias que aplica Estados Unidos buscando a toda costa su beneficio en detrimento de la diplomacia b\u00e1sica.<\/p>\n<p>\u00abHay que entender que la pol\u00edtica norteamericana es una sola, el cambia las formas, es decir, es una sola moneda pero con dos caras. Los Estados Unidos se est\u00e1n moviendo y se mueven en esa t\u00f3nica, con esa cosmovisi\u00f3n de creer que el mundo se mueve sobre la base del inter\u00e9s, y es que Estados Unidos tiene que adecuarse a un nuevo tipo de relaci\u00f3n con el mundo, ya no es el factor hegem\u00f3n\u00bb, dijo Eloy Torres Rom\u00e1n, internacionalista y experto en estudios geopol\u00edticos.<\/p>\n<p>Pese a la estrategia aplicada por Estados Unidos, Venezuela resiste y demuestra que estas acciones no lograr\u00e1n silenciar a todo un pa\u00eds que decidi\u00f3 ser independiente y que defender\u00e1 a toda costa su propia visi\u00f3n de la soberan\u00eda y de la democracia.<\/p>\n","protected":false},"excerpt":{"rendered":"<p>Una ola de rechazo ha generado la decisi\u00f3n de Estados Unidos de vetar la participaci\u00f3n en la Cumbre de las Am\u00e9ricas de Cuba, Nicaragua y Venezuela, afianz\u00e1ndose en este \u00faltimo pa\u00eds a\u00fan m\u00e1s el repudio contra Washington, por sostener esta&hellip;<\/p>\n","protected":false},"author":1785,"featured_media":1599493,"comment_status":"closed","ping_status":"closed","sticky":false,"template":"","format":"standard","meta":{"footnotes":""},"categories":[69,76,68,67],"tags":[16648,77152,3883],"class_list":["post-1599492","post","type-post","status-publish","format-standard","has-post-thumbnail","hentry","category-america-central","category-relaciones-exteriores","category-norteamerica","category-sudamerica","tag-cumbre-de-las-americas","tag-joseph-biden","tag-venezuela-es"],"yoast_head":"<!-- This site is optimized with the Yoast SEO plugin v27.1.1 - https:\/\/yoast.com\/product\/yoast-seo-wordpress\/ -->\n<title>Efectos del veto de EE. UU. a participaci\u00f3n de Venezuela en Cumbre de las Am\u00e9ricas<\/title>\n<meta name=\"description\" content=\"Una ola de rechazo ha generado la decisi\u00f3n de Estados Unidos de vetar la participaci\u00f3n en la Cumbre de las Am\u00e9ricas de Cuba, Nicaragua y Venezuela,\" \/>\n<meta name=\"robots\" content=\"index, follow, max-snippet:-1, max-image-preview:large, max-video-preview:-1\" \/>\n<link rel=\"canonical\" href=\"https:\/\/www.pressenza.com\/es\/2022\/06\/efectos-del-veto-de-ee-uu-a-participacion-de-venezuela-en-cumbre-de-las-americas\/\" \/>\n<meta property=\"og:locale\" content=\"es_ES\" \/>\n<meta property=\"og:type\" content=\"article\" \/>\n<meta property=\"og:title\" content=\"Efectos del veto de EE. UU. a participaci\u00f3n de Venezuela en Cumbre de las Am\u00e9ricas\" \/>\n<meta property=\"og:description\" content=\"Una ola de rechazo ha generado la decisi\u00f3n de Estados Unidos de vetar la participaci\u00f3n en la Cumbre de las Am\u00e9ricas de Cuba, Nicaragua y Venezuela,\" \/>\n<meta property=\"og:url\" content=\"https:\/\/www.pressenza.com\/es\/2022\/06\/efectos-del-veto-de-ee-uu-a-participacion-de-venezuela-en-cumbre-de-las-americas\/\" \/>\n<meta property=\"og:site_name\" content=\"Pressenza\" \/>\n<meta property=\"article:publisher\" content=\"https:\/\/www.facebook.com\/PressenzaItalia\" \/>\n<meta property=\"article:published_time\" content=\"2022-06-06T20:31:18+00:00\" \/>\n<meta property=\"og:image\" content=\"https:\/\/www.pressenza.com\/wp-content\/uploads\/2022\/06\/BcEAaIA.jpg\" \/>\n\t<meta property=\"og:image:width\" content=\"1024\" \/>\n\t<meta property=\"og:image:height\" content=\"683\" \/>\n\t<meta property=\"og:image:type\" content=\"image\/jpeg\" \/>\n<meta name=\"author\" content=\"CGTN China Global Television Network\" \/>\n<meta name=\"twitter:card\" content=\"summary_large_image\" \/>\n<meta name=\"twitter:creator\" content=\"@PressenzaIPA\" \/>\n<meta name=\"twitter:site\" content=\"@PressenzaIPA\" \/>\n<meta name=\"twitter:label1\" content=\"Escrito por\" \/>\n\t<meta name=\"twitter:data1\" content=\"CGTN China Global Television Network\" \/>\n\t<meta name=\"twitter:label2\" content=\"Tiempo de lectura\" \/>\n\t<meta name=\"twitter:data2\" content=\"2 minutos\" \/>\n<script type=\"application\/ld+json\" class=\"yoast-schema-graph\">{\"@context\":\"https:\/\/schema.org\",\"@graph\":[{\"@type\":\"Article\",\"@id\":\"https:\/\/www.pressenza.com\/es\/2022\/06\/efectos-del-veto-de-ee-uu-a-participacion-de-venezuela-en-cumbre-de-las-americas\/#article\",\"isPartOf\":{\"@id\":\"https:\/\/www.pressenza.com\/es\/2022\/06\/efectos-del-veto-de-ee-uu-a-participacion-de-venezuela-en-cumbre-de-las-americas\/\"},\"author\":{\"name\":\"CGTN China Global Television Network\",\"@id\":\"https:\/\/www.pressenza.com\/es\/#\/schema\/person\/732fd28015c665a5d52b219e15541225\"},\"headline\":\"Efectos del veto de EE. UU. a participaci\u00f3n de Venezuela en Cumbre de las Am\u00e9ricas\",\"datePublished\":\"2022-06-06T20:31:18+00:00\",\"mainEntityOfPage\":{\"@id\":\"https:\/\/www.pressenza.com\/es\/2022\/06\/efectos-del-veto-de-ee-uu-a-participacion-de-venezuela-en-cumbre-de-las-americas\/\"},\"wordCount\":476,\"publisher\":{\"@id\":\"https:\/\/www.pressenza.com\/es\/#organization\"},\"image\":{\"@id\":\"https:\/\/www.pressenza.com\/es\/2022\/06\/efectos-del-veto-de-ee-uu-a-participacion-de-venezuela-en-cumbre-de-las-americas\/#primaryimage\"},\"thumbnailUrl\":\"https:\/\/www.pressenza.com\/wp-content\/uploads\/2022\/06\/BcEAaIA.jpg\",\"keywords\":[\"Cumbre de las Am\u00e9ricas\",\"Joseph Biden\",\"Venezuela\"],\"articleSection\":[\"Am\u00e9rica Central\",\"Asuntos internacionales\",\"Norteam\u00e9rica\",\"Sudam\u00e9rica\"],\"inLanguage\":\"es\"},{\"@type\":\"WebPage\",\"@id\":\"https:\/\/www.pressenza.com\/es\/2022\/06\/efectos-del-veto-de-ee-uu-a-participacion-de-venezuela-en-cumbre-de-las-americas\/\",\"url\":\"https:\/\/www.pressenza.com\/es\/2022\/06\/efectos-del-veto-de-ee-uu-a-participacion-de-venezuela-en-cumbre-de-las-americas\/\",\"name\":\"Efectos del veto de EE. UU. a participaci\u00f3n de Venezuela en Cumbre de las Am\u00e9ricas\",\"isPartOf\":{\"@id\":\"https:\/\/www.pressenza.com\/es\/#website\"},\"primaryImageOfPage\":{\"@id\":\"https:\/\/www.pressenza.com\/es\/2022\/06\/efectos-del-veto-de-ee-uu-a-participacion-de-venezuela-en-cumbre-de-las-americas\/#primaryimage\"},\"image\":{\"@id\":\"https:\/\/www.pressenza.com\/es\/2022\/06\/efectos-del-veto-de-ee-uu-a-participacion-de-venezuela-en-cumbre-de-las-americas\/#primaryimage\"},\"thumbnailUrl\":\"https:\/\/www.pressenza.com\/wp-content\/uploads\/2022\/06\/BcEAaIA.jpg\",\"datePublished\":\"2022-06-06T20:31:18+00:00\",\"description\":\"Una ola de rechazo ha generado la decisi\u00f3n de Estados Unidos de vetar la participaci\u00f3n en la Cumbre de las Am\u00e9ricas de Cuba, Nicaragua y Venezuela,\",\"breadcrumb\":{\"@id\":\"https:\/\/www.pressenza.com\/es\/2022\/06\/efectos-del-veto-de-ee-uu-a-participacion-de-venezuela-en-cumbre-de-las-americas\/#breadcrumb\"},\"inLanguage\":\"es\",\"potentialAction\":[{\"@type\":\"ReadAction\",\"target\":[\"https:\/\/www.pressenza.com\/es\/2022\/06\/efectos-del-veto-de-ee-uu-a-participacion-de-venezuela-en-cumbre-de-las-americas\/\"]}]},{\"@type\":\"ImageObject\",\"inLanguage\":\"es\",\"@id\":\"https:\/\/www.pressenza.com\/es\/2022\/06\/efectos-del-veto-de-ee-uu-a-participacion-de-venezuela-en-cumbre-de-las-americas\/#primaryimage\",\"url\":\"https:\/\/www.pressenza.com\/wp-content\/uploads\/2022\/06\/BcEAaIA.jpg\",\"contentUrl\":\"https:\/\/www.pressenza.com\/wp-content\/uploads\/2022\/06\/BcEAaIA.jpg\",\"width\":1024,\"height\":683,\"caption\":\"CGTN\"},{\"@type\":\"BreadcrumbList\",\"@id\":\"https:\/\/www.pressenza.com\/es\/2022\/06\/efectos-del-veto-de-ee-uu-a-participacion-de-venezuela-en-cumbre-de-las-americas\/#breadcrumb\",\"itemListElement\":[{\"@type\":\"ListItem\",\"position\":1,\"name\":\"Accueil\",\"item\":\"https:\/\/www.pressenza.com\/es\/\"},{\"@type\":\"ListItem\",\"position\":2,\"name\":\"Efectos del veto de EE. UU. a participaci\u00f3n de Venezuela en Cumbre de las Am\u00e9ricas\"}]},{\"@type\":\"WebSite\",\"@id\":\"https:\/\/www.pressenza.com\/es\/#website\",\"url\":\"https:\/\/www.pressenza.com\/es\/\",\"name\":\"Pressenza\",\"description\":\"International Press Agency\",\"publisher\":{\"@id\":\"https:\/\/www.pressenza.com\/es\/#organization\"},\"potentialAction\":[{\"@type\":\"SearchAction\",\"target\":{\"@type\":\"EntryPoint\",\"urlTemplate\":\"https:\/\/www.pressenza.com\/es\/?s={search_term_string}\"},\"query-input\":{\"@type\":\"PropertyValueSpecification\",\"valueRequired\":true,\"valueName\":\"search_term_string\"}}],\"inLanguage\":\"es\"},{\"@type\":\"Organization\",\"@id\":\"https:\/\/www.pressenza.com\/es\/#organization\",\"name\":\"Pressenza\",\"url\":\"https:\/\/www.pressenza.com\/es\/\",\"logo\":{\"@type\":\"ImageObject\",\"inLanguage\":\"es\",\"@id\":\"https:\/\/www.pressenza.com\/es\/#\/schema\/logo\/image\/\",\"url\":\"https:\/\/www.pressenza.com\/wp-content\/uploads\/2022\/10\/pressenza_logo_200x200.jpg\",\"contentUrl\":\"https:\/\/www.pressenza.com\/wp-content\/uploads\/2022\/10\/pressenza_logo_200x200.jpg\",\"width\":200,\"height\":200,\"caption\":\"Pressenza\"},\"image\":{\"@id\":\"https:\/\/www.pressenza.com\/es\/#\/schema\/logo\/image\/\"},\"sameAs\":[\"https:\/\/www.facebook.com\/PressenzaItalia\",\"https:\/\/x.com\/PressenzaIPA\"]},{\"@type\":\"Person\",\"@id\":\"https:\/\/www.pressenza.com\/es\/#\/schema\/person\/732fd28015c665a5d52b219e15541225\",\"name\":\"CGTN China Global Television Network\",\"description\":\"China Global Television Network, or CGTN, is an international media organization launched by CCTV on December 31, 2016. It is now part of China's predominant radio and television broadcaster, China Media Group, which has incorporated CCTV, CNR and CRI since March 2018.\",\"sameAs\":[\"https:\/\/www.cgtn.com\/\"],\"url\":\"https:\/\/www.pressenza.com\/es\/author\/cgtn\/\"}]}<\/script>\n<!-- \/ Yoast SEO plugin. -->","yoast_head_json":{"title":"Efectos del veto de EE. UU. a participaci\u00f3n de Venezuela en Cumbre de las Am\u00e9ricas","description":"Una ola de rechazo ha generado la decisi\u00f3n de Estados Unidos de vetar la participaci\u00f3n en la Cumbre de las Am\u00e9ricas de Cuba, Nicaragua y Venezuela,","robots":{"index":"index","follow":"follow","max-snippet":"max-snippet:-1","max-image-preview":"max-image-preview:large","max-video-preview":"max-video-preview:-1"},"canonical":"https:\/\/www.pressenza.com\/es\/2022\/06\/efectos-del-veto-de-ee-uu-a-participacion-de-venezuela-en-cumbre-de-las-americas\/","og_locale":"es_ES","og_type":"article","og_title":"Efectos del veto de EE. UU. a participaci\u00f3n de Venezuela en Cumbre de las Am\u00e9ricas","og_description":"Una ola de rechazo ha generado la decisi\u00f3n de Estados Unidos de vetar la participaci\u00f3n en la Cumbre de las Am\u00e9ricas de Cuba, Nicaragua y Venezuela,","og_url":"https:\/\/www.pressenza.com\/es\/2022\/06\/efectos-del-veto-de-ee-uu-a-participacion-de-venezuela-en-cumbre-de-las-americas\/","og_site_name":"Pressenza","article_publisher":"https:\/\/www.facebook.com\/PressenzaItalia","article_published_time":"2022-06-06T20:31:18+00:00","og_image":[{"width":1024,"height":683,"url":"https:\/\/www.pressenza.com\/wp-content\/uploads\/2022\/06\/BcEAaIA.jpg","type":"image\/jpeg"}],"author":"CGTN China Global Television Network","twitter_card":"summary_large_image","twitter_creator":"@PressenzaIPA","twitter_site":"@PressenzaIPA","twitter_misc":{"Escrito por":"CGTN China Global Television Network","Tiempo de lectura":"2 minutos"},"schema":{"@context":"https:\/\/schema.org","@graph":[{"@type":"Article","@id":"https:\/\/www.pressenza.com\/es\/2022\/06\/efectos-del-veto-de-ee-uu-a-participacion-de-venezuela-en-cumbre-de-las-americas\/#article","isPartOf":{"@id":"https:\/\/www.pressenza.com\/es\/2022\/06\/efectos-del-veto-de-ee-uu-a-participacion-de-venezuela-en-cumbre-de-las-americas\/"},"author":{"name":"CGTN China Global Television Network","@id":"https:\/\/www.pressenza.com\/es\/#\/schema\/person\/732fd28015c665a5d52b219e15541225"},"headline":"Efectos del veto de EE. UU. a participaci\u00f3n de Venezuela en Cumbre de las Am\u00e9ricas","datePublished":"2022-06-06T20:31:18+00:00","mainEntityOfPage":{"@id":"https:\/\/www.pressenza.com\/es\/2022\/06\/efectos-del-veto-de-ee-uu-a-participacion-de-venezuela-en-cumbre-de-las-americas\/"},"wordCount":476,"publisher":{"@id":"https:\/\/www.pressenza.com\/es\/#organization"},"image":{"@id":"https:\/\/www.pressenza.com\/es\/2022\/06\/efectos-del-veto-de-ee-uu-a-participacion-de-venezuela-en-cumbre-de-las-americas\/#primaryimage"},"thumbnailUrl":"https:\/\/www.pressenza.com\/wp-content\/uploads\/2022\/06\/BcEAaIA.jpg","keywords":["Cumbre de las Am\u00e9ricas","Joseph Biden","Venezuela"],"articleSection":["Am\u00e9rica Central","Asuntos internacionales","Norteam\u00e9rica","Sudam\u00e9rica"],"inLanguage":"es"},{"@type":"WebPage","@id":"https:\/\/www.pressenza.com\/es\/2022\/06\/efectos-del-veto-de-ee-uu-a-participacion-de-venezuela-en-cumbre-de-las-americas\/","url":"https:\/\/www.pressenza.com\/es\/2022\/06\/efectos-del-veto-de-ee-uu-a-participacion-de-venezuela-en-cumbre-de-las-americas\/","name":"Efectos del veto de EE. UU. a participaci\u00f3n de Venezuela en Cumbre de las Am\u00e9ricas","isPartOf":{"@id":"https:\/\/www.pressenza.com\/es\/#website"},"primaryImageOfPage":{"@id":"https:\/\/www.pressenza.com\/es\/2022\/06\/efectos-del-veto-de-ee-uu-a-participacion-de-venezuela-en-cumbre-de-las-americas\/#primaryimage"},"image":{"@id":"https:\/\/www.pressenza.com\/es\/2022\/06\/efectos-del-veto-de-ee-uu-a-participacion-de-venezuela-en-cumbre-de-las-americas\/#primaryimage"},"thumbnailUrl":"https:\/\/www.pressenza.com\/wp-content\/uploads\/2022\/06\/BcEAaIA.jpg","datePublished":"2022-06-06T20:31:18+00:00","description":"Una ola de rechazo ha generado la decisi\u00f3n de Estados Unidos de vetar la participaci\u00f3n en la Cumbre de las Am\u00e9ricas de Cuba, Nicaragua y Venezuela,","breadcrumb":{"@id":"https:\/\/www.pressenza.com\/es\/2022\/06\/efectos-del-veto-de-ee-uu-a-participacion-de-venezuela-en-cumbre-de-las-americas\/#breadcrumb"},"inLanguage":"es","potentialAction":[{"@type":"ReadAction","target":["https:\/\/www.pressenza.com\/es\/2022\/06\/efectos-del-veto-de-ee-uu-a-participacion-de-venezuela-en-cumbre-de-las-americas\/"]}]},{"@type":"ImageObject","inLanguage":"es","@id":"https:\/\/www.pressenza.com\/es\/2022\/06\/efectos-del-veto-de-ee-uu-a-participacion-de-venezuela-en-cumbre-de-las-americas\/#primaryimage","url":"https:\/\/www.pressenza.com\/wp-content\/uploads\/2022\/06\/BcEAaIA.jpg","contentUrl":"https:\/\/www.pressenza.com\/wp-content\/uploads\/2022\/06\/BcEAaIA.jpg","width":1024,"height":683,"caption":"CGTN"},{"@type":"BreadcrumbList","@id":"https:\/\/www.pressenza.com\/es\/2022\/06\/efectos-del-veto-de-ee-uu-a-participacion-de-venezuela-en-cumbre-de-las-americas\/#breadcrumb","itemListElement":[{"@type":"ListItem","position":1,"name":"Accueil","item":"https:\/\/www.pressenza.com\/es\/"},{"@type":"ListItem","position":2,"name":"Efectos del veto de EE. UU. a participaci\u00f3n de Venezuela en Cumbre de las Am\u00e9ricas"}]},{"@type":"WebSite","@id":"https:\/\/www.pressenza.com\/es\/#website","url":"https:\/\/www.pressenza.com\/es\/","name":"Pressenza","description":"International Press Agency","publisher":{"@id":"https:\/\/www.pressenza.com\/es\/#organization"},"potentialAction":[{"@type":"SearchAction","target":{"@type":"EntryPoint","urlTemplate":"https:\/\/www.pressenza.com\/es\/?s={search_term_string}"},"query-input":{"@type":"PropertyValueSpecification","valueRequired":true,"valueName":"search_term_string"}}],"inLanguage":"es"},{"@type":"Organization","@id":"https:\/\/www.pressenza.com\/es\/#organization","name":"Pressenza","url":"https:\/\/www.pressenza.com\/es\/","logo":{"@type":"ImageObject","inLanguage":"es","@id":"https:\/\/www.pressenza.com\/es\/#\/schema\/logo\/image\/","url":"https:\/\/www.pressenza.com\/wp-content\/uploads\/2022\/10\/pressenza_logo_200x200.jpg","contentUrl":"https:\/\/www.pressenza.com\/wp-content\/uploads\/2022\/10\/pressenza_logo_200x200.jpg","width":200,"height":200,"caption":"Pressenza"},"image":{"@id":"https:\/\/www.pressenza.com\/es\/#\/schema\/logo\/image\/"},"sameAs":["https:\/\/www.facebook.com\/PressenzaItalia","https:\/\/x.com\/PressenzaIPA"]},{"@type":"Person","@id":"https:\/\/www.pressenza.com\/es\/#\/schema\/person\/732fd28015c665a5d52b219e15541225","name":"CGTN China Global Television Network","description":"China Global Television Network, or CGTN, is an international media organization launched by CCTV on December 31, 2016. It is now part of China's predominant radio and television broadcaster, China Media Group, which has incorporated CCTV, CNR and CRI since March 2018.","sameAs":["https:\/\/www.cgtn.com\/"],"url":"https:\/\/www.pressenza.com\/es\/author\/cgtn\/"}]}},"place":"Venezuela","original_article_url":"https:\/\/espanol.cgtn.com\/n\/2022-06-06\/HCCeEA\/Efectos-de-Veto-de-EE-UU-a-Participacion-de-Venezuela-en-Cumbre-de-las-Americas\/index.html","_links":{"self":[{"href":"https:\/\/www.pressenza.com\/es\/wp-json\/wp\/v2\/posts\/1599492","targetHints":{"allow":["GET"]}}],"collection":[{"href":"https:\/\/www.pressenza.com\/es\/wp-json\/wp\/v2\/posts"}],"about":[{"href":"https:\/\/www.pressenza.com\/es\/wp-json\/wp\/v2\/types\/post"}],"author":[{"embeddable":true,"href":"https:\/\/www.pressenza.com\/es\/wp-json\/wp\/v2\/users\/1785"}],"replies":[{"embeddable":true,"href":"https:\/\/www.pressenza.com\/es\/wp-json\/wp\/v2\/comments?post=1599492"}],"version-history":[{"count":0,"href":"https:\/\/www.pressenza.com\/es\/wp-json\/wp\/v2\/posts\/1599492\/revisions"}],"wp:featuredmedia":[{"embeddable":true,"href":"https:\/\/www.pressenza.com\/es\/wp-json\/wp\/v2\/media\/1599493"}],"wp:attachment":[{"href":"https:\/\/www.pressenza.com\/es\/wp-json\/wp\/v2\/media?parent=1599492"}],"wp:term":[{"taxonomy":"category","embeddable":true,"href":"https:\/\/www.pressenza.com\/es\/wp-json\/wp\/v2\/categories?post=1599492"},{"taxonomy":"post_tag","embeddable":true,"href":"https:\/\/www.pressenza.com\/es\/wp-json\/wp\/v2\/tags?post=1599492"}],"curies":[{"name":"wp","href":"https:\/\/api.w.org\/{rel}","templated":true}]}}