{"id":1595881,"date":"2022-06-01T21:02:40","date_gmt":"2022-06-01T20:02:40","guid":{"rendered":"https:\/\/www.pressenza.com\/?p=1595881"},"modified":"2022-06-01T21:03:35","modified_gmt":"2022-06-01T20:03:35","slug":"el-gobierno-espanol-se-lava-las-manos-ante-el-genocidio-de-los-batwa","status":"publish","type":"post","link":"https:\/\/www.pressenza.com\/es\/2022\/06\/el-gobierno-espanol-se-lava-las-manos-ante-el-genocidio-de-los-batwa\/","title":{"rendered":"El gobierno espa\u00f1ol se lava las manos ante el genocidio de los Batwa"},"content":{"rendered":"<p>El 11 de abril de 2022, el proyecto Gran Simio <a href=\"https:\/\/www.pressenza.com\/es\/2022\/04\/republica-democratica-del-congo-el-genocidio-de-los-batwas\/\" target=\"_blank\" rel=\"noopener\">denunci\u00f3 p\u00fablicamente<\/a> la violaci\u00f3n sistem\u00e1tica de los derechos humanos al pueblo Batwa, por paerte de soldados y guardas encargados de la vigilancia del Parque nacional Kahuzi-Biega en la Rep\u00fablica Democr\u00e1tica del Congo.<\/p>\n<p>Dicho Parque Nacional es visitado por numerosos turistas para observar de cerca a los gorilas de llanura pagando una fuerte cantidad de dinero.<\/p>\n<p>Tanto la Organizaci\u00f3n Survival Iternational c\u00f3mo Minority Rights Group International, publicaron un informe titulado: \u201cViolaci\u00f3n organizada contra Batwa en el Parque Nacional de Kauzi-Biega\u201d.<\/p>\n<p>El informe detalla el genocidio que se est\u00e1 cometiendo contra el pueblo ind\u00edgena de los Batwa, cuyo parque nacional desde hace milenios ha sido su territorio y donde siempre han vivido hasta que fueron expulsados del mismo.<\/p>\n<p>El 13 de abril de 2022, el senador Carles Mulet de las Corts Valencianas, <a href=\"https:\/\/proyectogransimio.org\/noticias\/ultimas-noticias\/el-comunicado-del-proyecto-gran-simio-sobre-el-genocidio-del-pueblo-originario-batwa-elevado-a-pregunta-parlamentaria\">elev\u00f3 Pregunta Parlamentaria<\/a> al Gobierno de la naci\u00f3n, ante la petici\u00f3n del Proyecto Gran Simio, entre otras medidas, que por parte del Estado se condenara el genocidio al pueblo Batwa:<\/p>\n<p>Con fecha 26 de mayo, el Gobierno de Espa\u00f1a contesta:<\/p>\n<blockquote><p><strong>Respuesta del gobierno:<br \/>\n<\/strong><\/p>\n<p><em>Ni Espa\u00f1a ni la Uni\u00f3n Europea tienen ning\u00fan tipo de responsabilidad en la gesti\u00f3n del Parque Nacional de Kahuzi-Biega de la Rep\u00fablica Democr\u00e1tica del Congo (RDC), ni financian actividades que tengan lugar en el mismo. <\/em><\/p>\n<p><em>Tanto la gesti\u00f3n regular de las cuestiones relacionadas con el mantenimiento del parque como su financiaci\u00f3n son competencia de las autoridades nacionales de la RDC y de los socios internacionales eventualmente implicados en su funcionamiento, no de la Uni\u00f3n Europea o de Espa\u00f1a. <\/em><\/p>\n<p><em>La situaci\u00f3n sobre los derechos humanos en el este de la RDC es objeto de an\u00e1lisis por los organismos y agencias internacionales de la Naciones Unidas, organizaci\u00f3n internacional de la que Espa\u00f1a es parte. <\/em><\/p>\n<p><em>El apoyo a la consolidaci\u00f3n de los \u00f3rganos e instituciones nacionales de la RDC es clave para fortalecer la respuesta contra las violaciones de derechos humanos en el pa\u00eds y Espa\u00f1a tambi\u00e9n contribuye a los proyectos existentes en esta materia a trav\u00e9s de organismos e instituciones de car\u00e1cter regional, como la Uni\u00f3n Europea.<\/em><\/p>\n<p><em>\u00a0Debido a las precarias condiciones de seguridad en la regi\u00f3n, la Embajada de Espa\u00f1a en Kinshasa desaconseja viajar a la zona este de la RDC, al considerarla de elevado riesgo, recomendando su exclusi\u00f3n de cualquier programa de viaje. <\/em><\/p>\n<p><em>Madrid, 26 de mayo de 2022 <\/em><\/p><\/blockquote>\n<p>Para Proyecto Gran Simio, esta contestaci\u00f3n supone lavarse las manos ante los problemas que afectan a las Comunidades Ind\u00edgenas y sobre todo, porque ellas se encuentran en las zonas m\u00e1s sensibles de nuestro planeta, protegiendo la biodiversidad de la Tierra y en consecuencia son imprescindibles <a href=\"https:\/\/www.un.org\/sustainabledevelopment\/es\/2017\/04\/los-pueblos-indigenas-son-esenciales-en-la-lucha-contra-el-cambio-climatico\/\">seg\u00fan naciones Unidas<\/a> en la lucha cintra el cambio clim\u00e1tico.<\/p>\n<p>En la respuesta, alude a que debe ser las agencias internacionales de las Naciones Unidas de la que Espa\u00f1a es parte, quien debe tomar decisiones. Nuestra petici\u00f3n\u00a0 era que Espa\u00f1a p\u00fablicamente rechazara la violencia y el genocidio de los Batwa, como lo hace en el conflicto b\u00e9lico entre Rusia y Ucrania. No deben existir pueblos de primera, segunda o tercera categor\u00eda, para denunciar los atropellos y los asesinatos o violaciones de los derechos humanos.<\/p>\n<p>El cambio clim\u00e1tico afecta a todos los ciudadanos del mundo y por lo tanto los gobiernos son responsables de tomar medidas y deben actuar en consecuencia. Si los pueblos ind\u00edgenas est\u00e1n siendo masacrados y en concreto los Batwa, el gobierno debe prenunciarse\u00a0 contra este atropello de los pueblos originarios, ya que son indispensables en la lucha contra el cambio clim\u00e1tico como bien asegura las propias naciones Unidas de la que seg\u00fan dice el Gobierno, Espa\u00f1a es parte.<\/p>\n<p>Por ello, Proyecto Gran Simio lamenta la respuesta\u00a0 tan ambigua dada a un representante elegido por la sociedad civil, ya que en ning\u00fan momento se echaba la culpa a Espa\u00f1a de lo ocurrido, sino que se ped\u00eda que se posicionara en contra de un genocidio al pueblo Batwa, donde est\u00e1n siendo masacrados sin que la Comunidad Internacional ni las Naciones Unidas se pronuncien.<\/p>\n","protected":false},"excerpt":{"rendered":"<p>El 11 de abril de 2022, el proyecto Gran Simio denunci\u00f3 p\u00fablicamente la violaci\u00f3n sistem\u00e1tica de los derechos humanos al pueblo Batwa, por paerte de soldados y guardas encargados de la vigilancia del Parque nacional Kahuzi-Biega en la Rep\u00fablica Democr\u00e1tica&hellip;<\/p>\n","protected":false},"author":2023,"featured_media":1595890,"comment_status":"closed","ping_status":"closed","sticky":false,"template":"","format":"standard","meta":{"footnotes":""},"categories":[64,11389,79,78,74],"tags":[102449,16267,10315,102448,64406],"class_list":["post-1595881","post","type-post","status-publish","format-standard","has-post-thumbnail","hentry","category-africa-es","category-contenido-original","category-derechos-humanos","category-medio-ambiente-ecologia","category-politica-es","tag-batwa-es","tag-congo-es","tag-genocidio-es","tag-parque-kahuzi-biega","tag-survival-international-es"],"yoast_head":"<!-- This site is optimized with the Yoast SEO plugin v27.1.1 - https:\/\/yoast.com\/product\/yoast-seo-wordpress\/ -->\n<title>El gobierno espa\u00f1ol se lava las manos ante el genocidio de los Batwa<\/title>\n<meta name=\"description\" content=\"El 11 de abril de 2022, el proyecto Gran Simio denunci\u00f3 p\u00fablicamente la violaci\u00f3n sistem\u00e1tica de los derechos humanos al pueblo Batwa, por paerte de\" \/>\n<meta name=\"robots\" content=\"index, follow, max-snippet:-1, max-image-preview:large, max-video-preview:-1\" \/>\n<link rel=\"canonical\" href=\"https:\/\/www.pressenza.com\/es\/2022\/06\/el-gobierno-espanol-se-lava-las-manos-ante-el-genocidio-de-los-batwa\/\" \/>\n<meta property=\"og:locale\" content=\"es_ES\" \/>\n<meta property=\"og:type\" content=\"article\" \/>\n<meta property=\"og:title\" content=\"El gobierno espa\u00f1ol se lava las manos ante el genocidio de los Batwa\" \/>\n<meta property=\"og:description\" content=\"El 11 de abril de 2022, el proyecto Gran Simio denunci\u00f3 p\u00fablicamente la violaci\u00f3n sistem\u00e1tica de los derechos humanos al pueblo Batwa, por paerte de\" \/>\n<meta property=\"og:url\" content=\"https:\/\/www.pressenza.com\/es\/2022\/06\/el-gobierno-espanol-se-lava-las-manos-ante-el-genocidio-de-los-batwa\/\" \/>\n<meta property=\"og:site_name\" content=\"Pressenza\" \/>\n<meta property=\"article:publisher\" content=\"https:\/\/www.facebook.com\/PressenzaItalia\" \/>\n<meta property=\"article:published_time\" content=\"2022-06-01T20:02:40+00:00\" \/>\n<meta property=\"article:modified_time\" content=\"2022-06-01T20:03:35+00:00\" \/>\n<meta property=\"og:image\" content=\"https:\/\/www.pressenza.com\/wp-content\/uploads\/2022\/06\/batwa-Survival.jpg\" \/>\n\t<meta property=\"og:image:width\" content=\"820\" \/>\n\t<meta property=\"og:image:height\" content=\"518\" \/>\n\t<meta property=\"og:image:type\" content=\"image\/jpeg\" \/>\n<meta name=\"author\" content=\"Pedro Pozas Terrados\" \/>\n<meta name=\"twitter:card\" content=\"summary_large_image\" \/>\n<meta name=\"twitter:creator\" content=\"@PressenzaIPA\" \/>\n<meta name=\"twitter:site\" content=\"@PressenzaIPA\" \/>\n<meta name=\"twitter:label1\" content=\"Escrito por\" \/>\n\t<meta name=\"twitter:data1\" content=\"Pedro Pozas Terrados\" \/>\n\t<meta name=\"twitter:label2\" content=\"Tiempo de lectura\" \/>\n\t<meta name=\"twitter:data2\" content=\"4 minutos\" \/>\n<script type=\"application\/ld+json\" class=\"yoast-schema-graph\">{\"@context\":\"https:\/\/schema.org\",\"@graph\":[{\"@type\":\"Article\",\"@id\":\"https:\/\/www.pressenza.com\/es\/2022\/06\/el-gobierno-espanol-se-lava-las-manos-ante-el-genocidio-de-los-batwa\/#article\",\"isPartOf\":{\"@id\":\"https:\/\/www.pressenza.com\/es\/2022\/06\/el-gobierno-espanol-se-lava-las-manos-ante-el-genocidio-de-los-batwa\/\"},\"author\":{\"name\":\"Pedro Pozas Terrados\",\"@id\":\"https:\/\/www.pressenza.com\/es\/#\/schema\/person\/3e3dc7faa4424387772733d19e115974\"},\"headline\":\"El gobierno espa\u00f1ol se lava las manos ante el genocidio de los Batwa\",\"datePublished\":\"2022-06-01T20:02:40+00:00\",\"dateModified\":\"2022-06-01T20:03:35+00:00\",\"mainEntityOfPage\":{\"@id\":\"https:\/\/www.pressenza.com\/es\/2022\/06\/el-gobierno-espanol-se-lava-las-manos-ante-el-genocidio-de-los-batwa\/\"},\"wordCount\":725,\"publisher\":{\"@id\":\"https:\/\/www.pressenza.com\/es\/#organization\"},\"image\":{\"@id\":\"https:\/\/www.pressenza.com\/es\/2022\/06\/el-gobierno-espanol-se-lava-las-manos-ante-el-genocidio-de-los-batwa\/#primaryimage\"},\"thumbnailUrl\":\"https:\/\/www.pressenza.com\/wp-content\/uploads\/2022\/06\/batwa-Survival.jpg\",\"keywords\":[\"Batwa\",\"Congo\",\"Genocidio\",\"Parque Kahuzi-Biega\",\"Survival International\"],\"articleSection\":[\"Africa\",\"Contenido Original\",\"Derechos Humanos\",\"Ecolog\u00eda y Medio Ambiente\",\"Pol\u00edtica\"],\"inLanguage\":\"es\"},{\"@type\":\"WebPage\",\"@id\":\"https:\/\/www.pressenza.com\/es\/2022\/06\/el-gobierno-espanol-se-lava-las-manos-ante-el-genocidio-de-los-batwa\/\",\"url\":\"https:\/\/www.pressenza.com\/es\/2022\/06\/el-gobierno-espanol-se-lava-las-manos-ante-el-genocidio-de-los-batwa\/\",\"name\":\"El gobierno espa\u00f1ol se lava las manos ante el genocidio de los Batwa\",\"isPartOf\":{\"@id\":\"https:\/\/www.pressenza.com\/es\/#website\"},\"primaryImageOfPage\":{\"@id\":\"https:\/\/www.pressenza.com\/es\/2022\/06\/el-gobierno-espanol-se-lava-las-manos-ante-el-genocidio-de-los-batwa\/#primaryimage\"},\"image\":{\"@id\":\"https:\/\/www.pressenza.com\/es\/2022\/06\/el-gobierno-espanol-se-lava-las-manos-ante-el-genocidio-de-los-batwa\/#primaryimage\"},\"thumbnailUrl\":\"https:\/\/www.pressenza.com\/wp-content\/uploads\/2022\/06\/batwa-Survival.jpg\",\"datePublished\":\"2022-06-01T20:02:40+00:00\",\"dateModified\":\"2022-06-01T20:03:35+00:00\",\"description\":\"El 11 de abril de 2022, el proyecto Gran Simio denunci\u00f3 p\u00fablicamente la violaci\u00f3n sistem\u00e1tica de los derechos humanos al pueblo Batwa, por paerte de\",\"breadcrumb\":{\"@id\":\"https:\/\/www.pressenza.com\/es\/2022\/06\/el-gobierno-espanol-se-lava-las-manos-ante-el-genocidio-de-los-batwa\/#breadcrumb\"},\"inLanguage\":\"es\",\"potentialAction\":[{\"@type\":\"ReadAction\",\"target\":[\"https:\/\/www.pressenza.com\/es\/2022\/06\/el-gobierno-espanol-se-lava-las-manos-ante-el-genocidio-de-los-batwa\/\"]}]},{\"@type\":\"ImageObject\",\"inLanguage\":\"es\",\"@id\":\"https:\/\/www.pressenza.com\/es\/2022\/06\/el-gobierno-espanol-se-lava-las-manos-ante-el-genocidio-de-los-batwa\/#primaryimage\",\"url\":\"https:\/\/www.pressenza.com\/wp-content\/uploads\/2022\/06\/batwa-Survival.jpg\",\"contentUrl\":\"https:\/\/www.pressenza.com\/wp-content\/uploads\/2022\/06\/batwa-Survival.jpg\",\"width\":820,\"height\":518},{\"@type\":\"BreadcrumbList\",\"@id\":\"https:\/\/www.pressenza.com\/es\/2022\/06\/el-gobierno-espanol-se-lava-las-manos-ante-el-genocidio-de-los-batwa\/#breadcrumb\",\"itemListElement\":[{\"@type\":\"ListItem\",\"position\":1,\"name\":\"Accueil\",\"item\":\"https:\/\/www.pressenza.com\/es\/\"},{\"@type\":\"ListItem\",\"position\":2,\"name\":\"El gobierno espa\u00f1ol se lava las manos ante el genocidio de los Batwa\"}]},{\"@type\":\"WebSite\",\"@id\":\"https:\/\/www.pressenza.com\/es\/#website\",\"url\":\"https:\/\/www.pressenza.com\/es\/\",\"name\":\"Pressenza\",\"description\":\"International Press Agency\",\"publisher\":{\"@id\":\"https:\/\/www.pressenza.com\/es\/#organization\"},\"potentialAction\":[{\"@type\":\"SearchAction\",\"target\":{\"@type\":\"EntryPoint\",\"urlTemplate\":\"https:\/\/www.pressenza.com\/es\/?s={search_term_string}\"},\"query-input\":{\"@type\":\"PropertyValueSpecification\",\"valueRequired\":true,\"valueName\":\"search_term_string\"}}],\"inLanguage\":\"es\"},{\"@type\":\"Organization\",\"@id\":\"https:\/\/www.pressenza.com\/es\/#organization\",\"name\":\"Pressenza\",\"url\":\"https:\/\/www.pressenza.com\/es\/\",\"logo\":{\"@type\":\"ImageObject\",\"inLanguage\":\"es\",\"@id\":\"https:\/\/www.pressenza.com\/es\/#\/schema\/logo\/image\/\",\"url\":\"https:\/\/www.pressenza.com\/wp-content\/uploads\/2022\/10\/pressenza_logo_200x200.jpg\",\"contentUrl\":\"https:\/\/www.pressenza.com\/wp-content\/uploads\/2022\/10\/pressenza_logo_200x200.jpg\",\"width\":200,\"height\":200,\"caption\":\"Pressenza\"},\"image\":{\"@id\":\"https:\/\/www.pressenza.com\/es\/#\/schema\/logo\/image\/\"},\"sameAs\":[\"https:\/\/www.facebook.com\/PressenzaItalia\",\"https:\/\/x.com\/PressenzaIPA\"]},{\"@type\":\"Person\",\"@id\":\"https:\/\/www.pressenza.com\/es\/#\/schema\/person\/3e3dc7faa4424387772733d19e115974\",\"name\":\"Pedro Pozas Terrados\",\"description\":\"Escritor, naturalista, poeta, amante de la vida y defensor de la madre Tierra, investigador, cr\u00edtico y aventurero Profesionalmente ha trabajado 37 a\u00f1os en la defensa del medio ambiente como funcionario del Ministerio del Interior. De forma altruista es el Director Ejecutivo del Proyecto Gran Simio, una Organizaci\u00f3n que desde hace m\u00e1s de dos d\u00e9cadas lucha por los derechos b\u00e1sicos de los grandes simios, la conservaci\u00f3n de su h\u00e1bitat y la protecci\u00f3n de los pueblos ind\u00edgenas, verdaderos guardianes de nuestro planeta. Dibujante a l\u00e1piz y acuarela, con m\u00e1s de 300 l\u00e1minas de temas naturalistas y 12 cuadernos de campo. Es autor de 13 libros y coautor de ocho m\u00e1s. Descubridor de varias cuevas, una de ellas catalogada por la Comunidad de Castilla La Mancha de inter\u00e9s hist\u00f3rico y etnogr\u00e1fico con hallazgo en la misma de inscripciones de cronolog\u00eda antigua medieval.\",\"url\":\"https:\/\/www.pressenza.com\/es\/author\/pedro-pozas-terrado\/\"}]}<\/script>\n<!-- \/ Yoast SEO plugin. -->","yoast_head_json":{"title":"El gobierno espa\u00f1ol se lava las manos ante el genocidio de los Batwa","description":"El 11 de abril de 2022, el proyecto Gran Simio denunci\u00f3 p\u00fablicamente la violaci\u00f3n sistem\u00e1tica de los derechos humanos al pueblo Batwa, por paerte de","robots":{"index":"index","follow":"follow","max-snippet":"max-snippet:-1","max-image-preview":"max-image-preview:large","max-video-preview":"max-video-preview:-1"},"canonical":"https:\/\/www.pressenza.com\/es\/2022\/06\/el-gobierno-espanol-se-lava-las-manos-ante-el-genocidio-de-los-batwa\/","og_locale":"es_ES","og_type":"article","og_title":"El gobierno espa\u00f1ol se lava las manos ante el genocidio de los Batwa","og_description":"El 11 de abril de 2022, el proyecto Gran Simio denunci\u00f3 p\u00fablicamente la violaci\u00f3n sistem\u00e1tica de los derechos humanos al pueblo Batwa, por paerte de","og_url":"https:\/\/www.pressenza.com\/es\/2022\/06\/el-gobierno-espanol-se-lava-las-manos-ante-el-genocidio-de-los-batwa\/","og_site_name":"Pressenza","article_publisher":"https:\/\/www.facebook.com\/PressenzaItalia","article_published_time":"2022-06-01T20:02:40+00:00","article_modified_time":"2022-06-01T20:03:35+00:00","og_image":[{"width":820,"height":518,"url":"https:\/\/www.pressenza.com\/wp-content\/uploads\/2022\/06\/batwa-Survival.jpg","type":"image\/jpeg"}],"author":"Pedro Pozas Terrados","twitter_card":"summary_large_image","twitter_creator":"@PressenzaIPA","twitter_site":"@PressenzaIPA","twitter_misc":{"Escrito por":"Pedro Pozas Terrados","Tiempo de lectura":"4 minutos"},"schema":{"@context":"https:\/\/schema.org","@graph":[{"@type":"Article","@id":"https:\/\/www.pressenza.com\/es\/2022\/06\/el-gobierno-espanol-se-lava-las-manos-ante-el-genocidio-de-los-batwa\/#article","isPartOf":{"@id":"https:\/\/www.pressenza.com\/es\/2022\/06\/el-gobierno-espanol-se-lava-las-manos-ante-el-genocidio-de-los-batwa\/"},"author":{"name":"Pedro Pozas Terrados","@id":"https:\/\/www.pressenza.com\/es\/#\/schema\/person\/3e3dc7faa4424387772733d19e115974"},"headline":"El gobierno espa\u00f1ol se lava las manos ante el genocidio de los Batwa","datePublished":"2022-06-01T20:02:40+00:00","dateModified":"2022-06-01T20:03:35+00:00","mainEntityOfPage":{"@id":"https:\/\/www.pressenza.com\/es\/2022\/06\/el-gobierno-espanol-se-lava-las-manos-ante-el-genocidio-de-los-batwa\/"},"wordCount":725,"publisher":{"@id":"https:\/\/www.pressenza.com\/es\/#organization"},"image":{"@id":"https:\/\/www.pressenza.com\/es\/2022\/06\/el-gobierno-espanol-se-lava-las-manos-ante-el-genocidio-de-los-batwa\/#primaryimage"},"thumbnailUrl":"https:\/\/www.pressenza.com\/wp-content\/uploads\/2022\/06\/batwa-Survival.jpg","keywords":["Batwa","Congo","Genocidio","Parque Kahuzi-Biega","Survival International"],"articleSection":["Africa","Contenido Original","Derechos Humanos","Ecolog\u00eda y Medio Ambiente","Pol\u00edtica"],"inLanguage":"es"},{"@type":"WebPage","@id":"https:\/\/www.pressenza.com\/es\/2022\/06\/el-gobierno-espanol-se-lava-las-manos-ante-el-genocidio-de-los-batwa\/","url":"https:\/\/www.pressenza.com\/es\/2022\/06\/el-gobierno-espanol-se-lava-las-manos-ante-el-genocidio-de-los-batwa\/","name":"El gobierno espa\u00f1ol se lava las manos ante el genocidio de los Batwa","isPartOf":{"@id":"https:\/\/www.pressenza.com\/es\/#website"},"primaryImageOfPage":{"@id":"https:\/\/www.pressenza.com\/es\/2022\/06\/el-gobierno-espanol-se-lava-las-manos-ante-el-genocidio-de-los-batwa\/#primaryimage"},"image":{"@id":"https:\/\/www.pressenza.com\/es\/2022\/06\/el-gobierno-espanol-se-lava-las-manos-ante-el-genocidio-de-los-batwa\/#primaryimage"},"thumbnailUrl":"https:\/\/www.pressenza.com\/wp-content\/uploads\/2022\/06\/batwa-Survival.jpg","datePublished":"2022-06-01T20:02:40+00:00","dateModified":"2022-06-01T20:03:35+00:00","description":"El 11 de abril de 2022, el proyecto Gran Simio denunci\u00f3 p\u00fablicamente la violaci\u00f3n sistem\u00e1tica de los derechos humanos al pueblo Batwa, por paerte de","breadcrumb":{"@id":"https:\/\/www.pressenza.com\/es\/2022\/06\/el-gobierno-espanol-se-lava-las-manos-ante-el-genocidio-de-los-batwa\/#breadcrumb"},"inLanguage":"es","potentialAction":[{"@type":"ReadAction","target":["https:\/\/www.pressenza.com\/es\/2022\/06\/el-gobierno-espanol-se-lava-las-manos-ante-el-genocidio-de-los-batwa\/"]}]},{"@type":"ImageObject","inLanguage":"es","@id":"https:\/\/www.pressenza.com\/es\/2022\/06\/el-gobierno-espanol-se-lava-las-manos-ante-el-genocidio-de-los-batwa\/#primaryimage","url":"https:\/\/www.pressenza.com\/wp-content\/uploads\/2022\/06\/batwa-Survival.jpg","contentUrl":"https:\/\/www.pressenza.com\/wp-content\/uploads\/2022\/06\/batwa-Survival.jpg","width":820,"height":518},{"@type":"BreadcrumbList","@id":"https:\/\/www.pressenza.com\/es\/2022\/06\/el-gobierno-espanol-se-lava-las-manos-ante-el-genocidio-de-los-batwa\/#breadcrumb","itemListElement":[{"@type":"ListItem","position":1,"name":"Accueil","item":"https:\/\/www.pressenza.com\/es\/"},{"@type":"ListItem","position":2,"name":"El gobierno espa\u00f1ol se lava las manos ante el genocidio de los Batwa"}]},{"@type":"WebSite","@id":"https:\/\/www.pressenza.com\/es\/#website","url":"https:\/\/www.pressenza.com\/es\/","name":"Pressenza","description":"International Press Agency","publisher":{"@id":"https:\/\/www.pressenza.com\/es\/#organization"},"potentialAction":[{"@type":"SearchAction","target":{"@type":"EntryPoint","urlTemplate":"https:\/\/www.pressenza.com\/es\/?s={search_term_string}"},"query-input":{"@type":"PropertyValueSpecification","valueRequired":true,"valueName":"search_term_string"}}],"inLanguage":"es"},{"@type":"Organization","@id":"https:\/\/www.pressenza.com\/es\/#organization","name":"Pressenza","url":"https:\/\/www.pressenza.com\/es\/","logo":{"@type":"ImageObject","inLanguage":"es","@id":"https:\/\/www.pressenza.com\/es\/#\/schema\/logo\/image\/","url":"https:\/\/www.pressenza.com\/wp-content\/uploads\/2022\/10\/pressenza_logo_200x200.jpg","contentUrl":"https:\/\/www.pressenza.com\/wp-content\/uploads\/2022\/10\/pressenza_logo_200x200.jpg","width":200,"height":200,"caption":"Pressenza"},"image":{"@id":"https:\/\/www.pressenza.com\/es\/#\/schema\/logo\/image\/"},"sameAs":["https:\/\/www.facebook.com\/PressenzaItalia","https:\/\/x.com\/PressenzaIPA"]},{"@type":"Person","@id":"https:\/\/www.pressenza.com\/es\/#\/schema\/person\/3e3dc7faa4424387772733d19e115974","name":"Pedro Pozas Terrados","description":"Escritor, naturalista, poeta, amante de la vida y defensor de la madre Tierra, investigador, cr\u00edtico y aventurero Profesionalmente ha trabajado 37 a\u00f1os en la defensa del medio ambiente como funcionario del Ministerio del Interior. De forma altruista es el Director Ejecutivo del Proyecto Gran Simio, una Organizaci\u00f3n que desde hace m\u00e1s de dos d\u00e9cadas lucha por los derechos b\u00e1sicos de los grandes simios, la conservaci\u00f3n de su h\u00e1bitat y la protecci\u00f3n de los pueblos ind\u00edgenas, verdaderos guardianes de nuestro planeta. Dibujante a l\u00e1piz y acuarela, con m\u00e1s de 300 l\u00e1minas de temas naturalistas y 12 cuadernos de campo. Es autor de 13 libros y coautor de ocho m\u00e1s. Descubridor de varias cuevas, una de ellas catalogada por la Comunidad de Castilla La Mancha de inter\u00e9s hist\u00f3rico y etnogr\u00e1fico con hallazgo en la misma de inscripciones de cronolog\u00eda antigua medieval.","url":"https:\/\/www.pressenza.com\/es\/author\/pedro-pozas-terrado\/"}]}},"place":"Espa\u00f1a","original_article_url":"","_links":{"self":[{"href":"https:\/\/www.pressenza.com\/es\/wp-json\/wp\/v2\/posts\/1595881","targetHints":{"allow":["GET"]}}],"collection":[{"href":"https:\/\/www.pressenza.com\/es\/wp-json\/wp\/v2\/posts"}],"about":[{"href":"https:\/\/www.pressenza.com\/es\/wp-json\/wp\/v2\/types\/post"}],"author":[{"embeddable":true,"href":"https:\/\/www.pressenza.com\/es\/wp-json\/wp\/v2\/users\/2023"}],"replies":[{"embeddable":true,"href":"https:\/\/www.pressenza.com\/es\/wp-json\/wp\/v2\/comments?post=1595881"}],"version-history":[{"count":0,"href":"https:\/\/www.pressenza.com\/es\/wp-json\/wp\/v2\/posts\/1595881\/revisions"}],"wp:featuredmedia":[{"embeddable":true,"href":"https:\/\/www.pressenza.com\/es\/wp-json\/wp\/v2\/media\/1595890"}],"wp:attachment":[{"href":"https:\/\/www.pressenza.com\/es\/wp-json\/wp\/v2\/media?parent=1595881"}],"wp:term":[{"taxonomy":"category","embeddable":true,"href":"https:\/\/www.pressenza.com\/es\/wp-json\/wp\/v2\/categories?post=1595881"},{"taxonomy":"post_tag","embeddable":true,"href":"https:\/\/www.pressenza.com\/es\/wp-json\/wp\/v2\/tags?post=1595881"}],"curies":[{"name":"wp","href":"https:\/\/api.w.org\/{rel}","templated":true}]}}