{"id":1595842,"date":"2022-06-01T18:13:27","date_gmt":"2022-06-01T17:13:27","guid":{"rendered":"https:\/\/www.pressenza.com\/?p=1595842"},"modified":"2022-06-01T18:13:27","modified_gmt":"2022-06-01T17:13:27","slug":"abuso-misoginia-y-estallido-social-en-la-nueva-novela-de-nicolas-poblete-pardo","status":"publish","type":"post","link":"https:\/\/www.pressenza.com\/es\/2022\/06\/abuso-misoginia-y-estallido-social-en-la-nueva-novela-de-nicolas-poblete-pardo\/","title":{"rendered":"Abuso, misoginia y estallido social en la nueva novela de Nicol\u00e1s Poblete Pardo"},"content":{"rendered":"<blockquote><p>En Estados Unidos y en Chile, el autor presentar\u00e1 <em>Subterfugio<\/em>, una historia atravesada por la violencia, cuyos da\u00f1ados protagonistas experimentan un efecto espejo con el estallido de una sociedad tambi\u00e9n traumatizada.<\/p><\/blockquote>\n<p>Tras el \u00e9xito de cr\u00edtica obtenido por su novela <em>Dame pan y ll\u00e1mame perro<\/em> y la publicaci\u00f3n de su primer poemario en ingl\u00e9s <em>Swimming the witch<\/em>&#8211; ambas entregas en plena pandemia &#8211; el autor chileno Nicol\u00e1s Poblete Pardo reaparece con una historia que profundiza en los traumas y fracturas, as\u00ed como en las formas en que opera la violencia en los sujetos.<\/p>\n<p>Cercana al thriller psicol\u00f3gico, esta nueva novella, titulada <em>Subterfugio <\/em>(Editorial Cuarto Propio), tendr\u00e1 una primera presentaci\u00f3n durante el mes de abril en el Departamento de Lenguas Romances de Washington University in St. Louis, Estados Unidos. El autor fue invitado por esta instituci\u00f3n para realizar una serie de conferencias y clases. Posteriormente, la novela se presentar\u00e1 en Chile, en una fecha por definir.<\/p>\n<p>La narraci\u00f3n parte en los id\u00edlicos paisajes de la costa chilena, en el contexto de un retiro terap\u00e9utico. Sebasti\u00e1n es un psic\u00f3logo que se ha especializado en v\u00edctimas de abuso sexual. \u00c9l mismo sufri\u00f3 un abuso a los 14 a\u00f1os, durante un paseo scout de su colegio. Sus compa\u00f1eros y el profesor a cargo nunca denunciaron el caso y, por falta de herramientas, Sebasti\u00e1n no fue capaz de lidiar con esto (se le sumaba, por cierto, la adicci\u00f3n de su madre, \u00fanico lazo familiar).<\/p>\n<p>La inesperada aparici\u00f3n de una adolescente en su consulta saca a flote los traum\u00e1ticos recuerdos de Sebasti\u00e1n, pues, a poco andar en la terapia, confirma que esta paciente es la hija de Jos\u00e9 Miguel, su victimario d\u00e9cadas atr\u00e1s. Ese ataque que lo dej\u00f3 con cicatrices ps\u00edquicas y f\u00edsicas, es el gatillo para que terapeuta y paciente se embarquen en un proceso mutuo de sanaci\u00f3n que requiere de una venganza. Mar\u00eda Ignacia, una hija no deseada (un \u2018desliz\u2019 como lo califica su padre), es otra v\u00edctima de la misoginia y el abuso de \u00e9ste, un connotado m\u00e9dico con millonarias acciones en el sistema de las isapres. Paralelo al proceso que los protagonistas experimentan, vemos otros casos que informan sobre el acontecer social, como el ingeniero sin habilidades sociales e incapaz de lidiar con su paternidad; el de la mujer que rompe todo v\u00ednculo con su familia, porque no aceptan su relaci\u00f3n con un inmigrante haitiano; el de un hombre atormentado por haber experimentado placer al ser violado. El tel\u00f3n de fondo es el de una sociedad en transici\u00f3n: Chile, en pleno estallido social.<\/p>\n<p>Nicol\u00e1s Poblete Pardo ha publicado sus tres \u00faltimas novelas y poemario bajo el sello de Editorial Cuarto Propio. Simult\u00e1neamente, escribe como periodista especializado en cultura en la plataforma Cine y Literatura y en la revista La Panera, entre otros medios.<\/p>\n<div id=\"attachment_1595853\" class=\"wp-caption alignnone\"><img loading=\"lazy\" decoding=\"async\" aria-describedby=\"caption-attachment-1595853\" class=\"wp-image-1595853 size-full\" src=\"https:\/\/www.pressenza.com\/wp-content\/uploads\/2022\/06\/20220531_104055.jpg\" alt=\"\" width=\"1920\" height=\"1440\" srcset=\"https:\/\/www.pressenza.com\/wp-content\/uploads\/2022\/06\/20220531_104055.jpg 1920w, https:\/\/www.pressenza.com\/wp-content\/uploads\/2022\/06\/20220531_104055-300x225.jpg 300w, https:\/\/www.pressenza.com\/wp-content\/uploads\/2022\/06\/20220531_104055-820x615.jpg 820w\" sizes=\"auto, (max-width: 1920px) 100vw, 1920px\" \/><p id=\"caption-attachment-1595853\" class=\"wp-caption-text\">Nicol\u00e1s Poblete<\/p><\/div>\n<p>&nbsp;<\/p>\n<p>&nbsp;<\/p>\n<p>&nbsp;<\/p>\n","protected":false},"excerpt":{"rendered":"<p>En Estados Unidos y en Chile, el autor presentar\u00e1 Subterfugio, una historia atravesada por la violencia, cuyos da\u00f1ados protagonistas experimentan un efecto espejo con el estallido de una sociedad tambi\u00e9n traumatizada. Tras el \u00e9xito de cr\u00edtica obtenido por su novela&hellip;<\/p>\n","protected":false},"author":2011,"featured_media":1595843,"comment_status":"closed","ping_status":"closed","sticky":false,"template":"","format":"standard","meta":{"footnotes":""},"categories":[11389,75,67],"tags":[29,1042,102445],"class_list":["post-1595842","post","type-post","status-publish","format-standard","has-post-thumbnail","hentry","category-contenido-original","category-cultura-es","category-sudamerica","tag-chile","tag-libros","tag-nicolas-poblete-pardo"],"yoast_head":"<!-- This site is optimized with the Yoast SEO plugin v27.1.1 - https:\/\/yoast.com\/product\/yoast-seo-wordpress\/ -->\n<title>Abuso, misoginia y estallido social en la nueva novela de Nicol\u00e1s Poblete Pardo<\/title>\n<meta name=\"description\" content=\"En Estados Unidos y en Chile, el autor presentar\u00e1 Subterfugio, una historia atravesada por la violencia, cuyos da\u00f1ados protagonistas experimentan un\" \/>\n<meta name=\"robots\" content=\"index, follow, max-snippet:-1, max-image-preview:large, max-video-preview:-1\" \/>\n<link rel=\"canonical\" href=\"https:\/\/www.pressenza.com\/es\/2022\/06\/abuso-misoginia-y-estallido-social-en-la-nueva-novela-de-nicolas-poblete-pardo\/\" \/>\n<meta property=\"og:locale\" content=\"es_ES\" \/>\n<meta property=\"og:type\" content=\"article\" \/>\n<meta property=\"og:title\" content=\"Abuso, misoginia y estallido social en la nueva novela de Nicol\u00e1s Poblete Pardo\" \/>\n<meta property=\"og:description\" content=\"En Estados Unidos y en Chile, el autor presentar\u00e1 Subterfugio, una historia atravesada por la violencia, cuyos da\u00f1ados protagonistas experimentan un\" \/>\n<meta property=\"og:url\" content=\"https:\/\/www.pressenza.com\/es\/2022\/06\/abuso-misoginia-y-estallido-social-en-la-nueva-novela-de-nicolas-poblete-pardo\/\" \/>\n<meta property=\"og:site_name\" content=\"Pressenza\" \/>\n<meta property=\"article:publisher\" content=\"https:\/\/www.facebook.com\/PressenzaItalia\" \/>\n<meta property=\"article:published_time\" content=\"2022-06-01T17:13:27+00:00\" \/>\n<meta property=\"og:image\" content=\"https:\/\/www.pressenza.com\/wp-content\/uploads\/2022\/06\/Subterfugio-portada-def.-2022.jpg\" \/>\n\t<meta property=\"og:image:width\" content=\"1226\" \/>\n\t<meta property=\"og:image:height\" content=\"1920\" \/>\n\t<meta property=\"og:image:type\" content=\"image\/jpeg\" \/>\n<meta name=\"author\" content=\"Mariana Hales Beseler\" \/>\n<meta name=\"twitter:card\" content=\"summary_large_image\" \/>\n<meta name=\"twitter:creator\" content=\"@PressenzaIPA\" \/>\n<meta name=\"twitter:site\" content=\"@PressenzaIPA\" \/>\n<meta name=\"twitter:label1\" content=\"Escrito por\" \/>\n\t<meta name=\"twitter:data1\" content=\"Mariana Hales Beseler\" \/>\n\t<meta name=\"twitter:label2\" content=\"Tiempo de lectura\" \/>\n\t<meta name=\"twitter:data2\" content=\"3 minutos\" \/>\n<script type=\"application\/ld+json\" class=\"yoast-schema-graph\">{\"@context\":\"https:\/\/schema.org\",\"@graph\":[{\"@type\":\"Article\",\"@id\":\"https:\/\/www.pressenza.com\/es\/2022\/06\/abuso-misoginia-y-estallido-social-en-la-nueva-novela-de-nicolas-poblete-pardo\/#article\",\"isPartOf\":{\"@id\":\"https:\/\/www.pressenza.com\/es\/2022\/06\/abuso-misoginia-y-estallido-social-en-la-nueva-novela-de-nicolas-poblete-pardo\/\"},\"author\":{\"name\":\"Mariana Hales Beseler\",\"@id\":\"https:\/\/www.pressenza.com\/es\/#\/schema\/person\/03ad45693deae00354a5a14ad538ed1e\"},\"headline\":\"Abuso, misoginia y estallido social en la nueva novela de Nicol\u00e1s Poblete Pardo\",\"datePublished\":\"2022-06-01T17:13:27+00:00\",\"mainEntityOfPage\":{\"@id\":\"https:\/\/www.pressenza.com\/es\/2022\/06\/abuso-misoginia-y-estallido-social-en-la-nueva-novela-de-nicolas-poblete-pardo\/\"},\"wordCount\":524,\"publisher\":{\"@id\":\"https:\/\/www.pressenza.com\/es\/#organization\"},\"image\":{\"@id\":\"https:\/\/www.pressenza.com\/es\/2022\/06\/abuso-misoginia-y-estallido-social-en-la-nueva-novela-de-nicolas-poblete-pardo\/#primaryimage\"},\"thumbnailUrl\":\"https:\/\/www.pressenza.com\/wp-content\/uploads\/2022\/06\/Subterfugio-portada-def.-2022.jpg\",\"keywords\":[\"Chile\",\"libros\",\"Nicol\u00e1s Poblete Pardo\"],\"articleSection\":[\"Contenido Original\",\"Cultura y Medios\",\"Sudam\u00e9rica\"],\"inLanguage\":\"es\"},{\"@type\":\"WebPage\",\"@id\":\"https:\/\/www.pressenza.com\/es\/2022\/06\/abuso-misoginia-y-estallido-social-en-la-nueva-novela-de-nicolas-poblete-pardo\/\",\"url\":\"https:\/\/www.pressenza.com\/es\/2022\/06\/abuso-misoginia-y-estallido-social-en-la-nueva-novela-de-nicolas-poblete-pardo\/\",\"name\":\"Abuso, misoginia y estallido social en la nueva novela de Nicol\u00e1s Poblete Pardo\",\"isPartOf\":{\"@id\":\"https:\/\/www.pressenza.com\/es\/#website\"},\"primaryImageOfPage\":{\"@id\":\"https:\/\/www.pressenza.com\/es\/2022\/06\/abuso-misoginia-y-estallido-social-en-la-nueva-novela-de-nicolas-poblete-pardo\/#primaryimage\"},\"image\":{\"@id\":\"https:\/\/www.pressenza.com\/es\/2022\/06\/abuso-misoginia-y-estallido-social-en-la-nueva-novela-de-nicolas-poblete-pardo\/#primaryimage\"},\"thumbnailUrl\":\"https:\/\/www.pressenza.com\/wp-content\/uploads\/2022\/06\/Subterfugio-portada-def.-2022.jpg\",\"datePublished\":\"2022-06-01T17:13:27+00:00\",\"description\":\"En Estados Unidos y en Chile, el autor presentar\u00e1 Subterfugio, una historia atravesada por la violencia, cuyos da\u00f1ados protagonistas experimentan un\",\"breadcrumb\":{\"@id\":\"https:\/\/www.pressenza.com\/es\/2022\/06\/abuso-misoginia-y-estallido-social-en-la-nueva-novela-de-nicolas-poblete-pardo\/#breadcrumb\"},\"inLanguage\":\"es\",\"potentialAction\":[{\"@type\":\"ReadAction\",\"target\":[\"https:\/\/www.pressenza.com\/es\/2022\/06\/abuso-misoginia-y-estallido-social-en-la-nueva-novela-de-nicolas-poblete-pardo\/\"]}]},{\"@type\":\"ImageObject\",\"inLanguage\":\"es\",\"@id\":\"https:\/\/www.pressenza.com\/es\/2022\/06\/abuso-misoginia-y-estallido-social-en-la-nueva-novela-de-nicolas-poblete-pardo\/#primaryimage\",\"url\":\"https:\/\/www.pressenza.com\/wp-content\/uploads\/2022\/06\/Subterfugio-portada-def.-2022.jpg\",\"contentUrl\":\"https:\/\/www.pressenza.com\/wp-content\/uploads\/2022\/06\/Subterfugio-portada-def.-2022.jpg\",\"width\":1226,\"height\":1920,\"caption\":\"Editorial Cuarto Propio\"},{\"@type\":\"BreadcrumbList\",\"@id\":\"https:\/\/www.pressenza.com\/es\/2022\/06\/abuso-misoginia-y-estallido-social-en-la-nueva-novela-de-nicolas-poblete-pardo\/#breadcrumb\",\"itemListElement\":[{\"@type\":\"ListItem\",\"position\":1,\"name\":\"Accueil\",\"item\":\"https:\/\/www.pressenza.com\/es\/\"},{\"@type\":\"ListItem\",\"position\":2,\"name\":\"Abuso, misoginia y estallido social en la nueva novela de Nicol\u00e1s Poblete Pardo\"}]},{\"@type\":\"WebSite\",\"@id\":\"https:\/\/www.pressenza.com\/es\/#website\",\"url\":\"https:\/\/www.pressenza.com\/es\/\",\"name\":\"Pressenza\",\"description\":\"International Press Agency\",\"publisher\":{\"@id\":\"https:\/\/www.pressenza.com\/es\/#organization\"},\"potentialAction\":[{\"@type\":\"SearchAction\",\"target\":{\"@type\":\"EntryPoint\",\"urlTemplate\":\"https:\/\/www.pressenza.com\/es\/?s={search_term_string}\"},\"query-input\":{\"@type\":\"PropertyValueSpecification\",\"valueRequired\":true,\"valueName\":\"search_term_string\"}}],\"inLanguage\":\"es\"},{\"@type\":\"Organization\",\"@id\":\"https:\/\/www.pressenza.com\/es\/#organization\",\"name\":\"Pressenza\",\"url\":\"https:\/\/www.pressenza.com\/es\/\",\"logo\":{\"@type\":\"ImageObject\",\"inLanguage\":\"es\",\"@id\":\"https:\/\/www.pressenza.com\/es\/#\/schema\/logo\/image\/\",\"url\":\"https:\/\/www.pressenza.com\/wp-content\/uploads\/2022\/10\/pressenza_logo_200x200.jpg\",\"contentUrl\":\"https:\/\/www.pressenza.com\/wp-content\/uploads\/2022\/10\/pressenza_logo_200x200.jpg\",\"width\":200,\"height\":200,\"caption\":\"Pressenza\"},\"image\":{\"@id\":\"https:\/\/www.pressenza.com\/es\/#\/schema\/logo\/image\/\"},\"sameAs\":[\"https:\/\/www.facebook.com\/PressenzaItalia\",\"https:\/\/x.com\/PressenzaIPA\"]},{\"@type\":\"Person\",\"@id\":\"https:\/\/www.pressenza.com\/es\/#\/schema\/person\/03ad45693deae00354a5a14ad538ed1e\",\"name\":\"Mariana Hales Beseler\",\"description\":\"Periodista chilena. Desde el a\u00f1o 2003 trabaja en distintas editoriales como encargada de comunicaciones, en relaci\u00f3n con muchos autores y sus creaciones. El a\u00f1o 2012 cre\u00f3 una oficina de servicios editoriales y comunicacionales a trav\u00e9s de la cual hace prensa y difusi\u00f3n, asesor\u00edas para autores y temas relacionados a la edici\u00f3n y publicaci\u00f3n de libros. Desde ese mismo a\u00f1o trabaja con Chilevisi\u00f3n para la concreci\u00f3n del proyecto audiovisual \\\"In\u00e9s\\\", basado en el libro \\\"In\u00e9s del Alma M\u00eda\\\" de Isabel Allende, el que pr\u00f3ximamente ser\u00e1 exhibido en Chile.\",\"sameAs\":[\"http:\/\/www.marianahales.com\/\"],\"url\":\"https:\/\/www.pressenza.com\/es\/author\/mariana-hales-beseler\/\"}]}<\/script>\n<!-- \/ Yoast SEO plugin. -->","yoast_head_json":{"title":"Abuso, misoginia y estallido social en la nueva novela de Nicol\u00e1s Poblete Pardo","description":"En Estados Unidos y en Chile, el autor presentar\u00e1 Subterfugio, una historia atravesada por la violencia, cuyos da\u00f1ados protagonistas experimentan un","robots":{"index":"index","follow":"follow","max-snippet":"max-snippet:-1","max-image-preview":"max-image-preview:large","max-video-preview":"max-video-preview:-1"},"canonical":"https:\/\/www.pressenza.com\/es\/2022\/06\/abuso-misoginia-y-estallido-social-en-la-nueva-novela-de-nicolas-poblete-pardo\/","og_locale":"es_ES","og_type":"article","og_title":"Abuso, misoginia y estallido social en la nueva novela de Nicol\u00e1s Poblete Pardo","og_description":"En Estados Unidos y en Chile, el autor presentar\u00e1 Subterfugio, una historia atravesada por la violencia, cuyos da\u00f1ados protagonistas experimentan un","og_url":"https:\/\/www.pressenza.com\/es\/2022\/06\/abuso-misoginia-y-estallido-social-en-la-nueva-novela-de-nicolas-poblete-pardo\/","og_site_name":"Pressenza","article_publisher":"https:\/\/www.facebook.com\/PressenzaItalia","article_published_time":"2022-06-01T17:13:27+00:00","og_image":[{"width":1226,"height":1920,"url":"https:\/\/www.pressenza.com\/wp-content\/uploads\/2022\/06\/Subterfugio-portada-def.-2022.jpg","type":"image\/jpeg"}],"author":"Mariana Hales Beseler","twitter_card":"summary_large_image","twitter_creator":"@PressenzaIPA","twitter_site":"@PressenzaIPA","twitter_misc":{"Escrito por":"Mariana Hales Beseler","Tiempo de lectura":"3 minutos"},"schema":{"@context":"https:\/\/schema.org","@graph":[{"@type":"Article","@id":"https:\/\/www.pressenza.com\/es\/2022\/06\/abuso-misoginia-y-estallido-social-en-la-nueva-novela-de-nicolas-poblete-pardo\/#article","isPartOf":{"@id":"https:\/\/www.pressenza.com\/es\/2022\/06\/abuso-misoginia-y-estallido-social-en-la-nueva-novela-de-nicolas-poblete-pardo\/"},"author":{"name":"Mariana Hales Beseler","@id":"https:\/\/www.pressenza.com\/es\/#\/schema\/person\/03ad45693deae00354a5a14ad538ed1e"},"headline":"Abuso, misoginia y estallido social en la nueva novela de Nicol\u00e1s Poblete Pardo","datePublished":"2022-06-01T17:13:27+00:00","mainEntityOfPage":{"@id":"https:\/\/www.pressenza.com\/es\/2022\/06\/abuso-misoginia-y-estallido-social-en-la-nueva-novela-de-nicolas-poblete-pardo\/"},"wordCount":524,"publisher":{"@id":"https:\/\/www.pressenza.com\/es\/#organization"},"image":{"@id":"https:\/\/www.pressenza.com\/es\/2022\/06\/abuso-misoginia-y-estallido-social-en-la-nueva-novela-de-nicolas-poblete-pardo\/#primaryimage"},"thumbnailUrl":"https:\/\/www.pressenza.com\/wp-content\/uploads\/2022\/06\/Subterfugio-portada-def.-2022.jpg","keywords":["Chile","libros","Nicol\u00e1s Poblete Pardo"],"articleSection":["Contenido Original","Cultura y Medios","Sudam\u00e9rica"],"inLanguage":"es"},{"@type":"WebPage","@id":"https:\/\/www.pressenza.com\/es\/2022\/06\/abuso-misoginia-y-estallido-social-en-la-nueva-novela-de-nicolas-poblete-pardo\/","url":"https:\/\/www.pressenza.com\/es\/2022\/06\/abuso-misoginia-y-estallido-social-en-la-nueva-novela-de-nicolas-poblete-pardo\/","name":"Abuso, misoginia y estallido social en la nueva novela de Nicol\u00e1s Poblete Pardo","isPartOf":{"@id":"https:\/\/www.pressenza.com\/es\/#website"},"primaryImageOfPage":{"@id":"https:\/\/www.pressenza.com\/es\/2022\/06\/abuso-misoginia-y-estallido-social-en-la-nueva-novela-de-nicolas-poblete-pardo\/#primaryimage"},"image":{"@id":"https:\/\/www.pressenza.com\/es\/2022\/06\/abuso-misoginia-y-estallido-social-en-la-nueva-novela-de-nicolas-poblete-pardo\/#primaryimage"},"thumbnailUrl":"https:\/\/www.pressenza.com\/wp-content\/uploads\/2022\/06\/Subterfugio-portada-def.-2022.jpg","datePublished":"2022-06-01T17:13:27+00:00","description":"En Estados Unidos y en Chile, el autor presentar\u00e1 Subterfugio, una historia atravesada por la violencia, cuyos da\u00f1ados protagonistas experimentan un","breadcrumb":{"@id":"https:\/\/www.pressenza.com\/es\/2022\/06\/abuso-misoginia-y-estallido-social-en-la-nueva-novela-de-nicolas-poblete-pardo\/#breadcrumb"},"inLanguage":"es","potentialAction":[{"@type":"ReadAction","target":["https:\/\/www.pressenza.com\/es\/2022\/06\/abuso-misoginia-y-estallido-social-en-la-nueva-novela-de-nicolas-poblete-pardo\/"]}]},{"@type":"ImageObject","inLanguage":"es","@id":"https:\/\/www.pressenza.com\/es\/2022\/06\/abuso-misoginia-y-estallido-social-en-la-nueva-novela-de-nicolas-poblete-pardo\/#primaryimage","url":"https:\/\/www.pressenza.com\/wp-content\/uploads\/2022\/06\/Subterfugio-portada-def.-2022.jpg","contentUrl":"https:\/\/www.pressenza.com\/wp-content\/uploads\/2022\/06\/Subterfugio-portada-def.-2022.jpg","width":1226,"height":1920,"caption":"Editorial Cuarto Propio"},{"@type":"BreadcrumbList","@id":"https:\/\/www.pressenza.com\/es\/2022\/06\/abuso-misoginia-y-estallido-social-en-la-nueva-novela-de-nicolas-poblete-pardo\/#breadcrumb","itemListElement":[{"@type":"ListItem","position":1,"name":"Accueil","item":"https:\/\/www.pressenza.com\/es\/"},{"@type":"ListItem","position":2,"name":"Abuso, misoginia y estallido social en la nueva novela de Nicol\u00e1s Poblete Pardo"}]},{"@type":"WebSite","@id":"https:\/\/www.pressenza.com\/es\/#website","url":"https:\/\/www.pressenza.com\/es\/","name":"Pressenza","description":"International Press Agency","publisher":{"@id":"https:\/\/www.pressenza.com\/es\/#organization"},"potentialAction":[{"@type":"SearchAction","target":{"@type":"EntryPoint","urlTemplate":"https:\/\/www.pressenza.com\/es\/?s={search_term_string}"},"query-input":{"@type":"PropertyValueSpecification","valueRequired":true,"valueName":"search_term_string"}}],"inLanguage":"es"},{"@type":"Organization","@id":"https:\/\/www.pressenza.com\/es\/#organization","name":"Pressenza","url":"https:\/\/www.pressenza.com\/es\/","logo":{"@type":"ImageObject","inLanguage":"es","@id":"https:\/\/www.pressenza.com\/es\/#\/schema\/logo\/image\/","url":"https:\/\/www.pressenza.com\/wp-content\/uploads\/2022\/10\/pressenza_logo_200x200.jpg","contentUrl":"https:\/\/www.pressenza.com\/wp-content\/uploads\/2022\/10\/pressenza_logo_200x200.jpg","width":200,"height":200,"caption":"Pressenza"},"image":{"@id":"https:\/\/www.pressenza.com\/es\/#\/schema\/logo\/image\/"},"sameAs":["https:\/\/www.facebook.com\/PressenzaItalia","https:\/\/x.com\/PressenzaIPA"]},{"@type":"Person","@id":"https:\/\/www.pressenza.com\/es\/#\/schema\/person\/03ad45693deae00354a5a14ad538ed1e","name":"Mariana Hales Beseler","description":"Periodista chilena. Desde el a\u00f1o 2003 trabaja en distintas editoriales como encargada de comunicaciones, en relaci\u00f3n con muchos autores y sus creaciones. El a\u00f1o 2012 cre\u00f3 una oficina de servicios editoriales y comunicacionales a trav\u00e9s de la cual hace prensa y difusi\u00f3n, asesor\u00edas para autores y temas relacionados a la edici\u00f3n y publicaci\u00f3n de libros. Desde ese mismo a\u00f1o trabaja con Chilevisi\u00f3n para la concreci\u00f3n del proyecto audiovisual \"In\u00e9s\", basado en el libro \"In\u00e9s del Alma M\u00eda\" de Isabel Allende, el que pr\u00f3ximamente ser\u00e1 exhibido en Chile.","sameAs":["http:\/\/www.marianahales.com\/"],"url":"https:\/\/www.pressenza.com\/es\/author\/mariana-hales-beseler\/"}]}},"place":"Santiago de Chile","original_article_url":"","_links":{"self":[{"href":"https:\/\/www.pressenza.com\/es\/wp-json\/wp\/v2\/posts\/1595842","targetHints":{"allow":["GET"]}}],"collection":[{"href":"https:\/\/www.pressenza.com\/es\/wp-json\/wp\/v2\/posts"}],"about":[{"href":"https:\/\/www.pressenza.com\/es\/wp-json\/wp\/v2\/types\/post"}],"author":[{"embeddable":true,"href":"https:\/\/www.pressenza.com\/es\/wp-json\/wp\/v2\/users\/2011"}],"replies":[{"embeddable":true,"href":"https:\/\/www.pressenza.com\/es\/wp-json\/wp\/v2\/comments?post=1595842"}],"version-history":[{"count":0,"href":"https:\/\/www.pressenza.com\/es\/wp-json\/wp\/v2\/posts\/1595842\/revisions"}],"wp:featuredmedia":[{"embeddable":true,"href":"https:\/\/www.pressenza.com\/es\/wp-json\/wp\/v2\/media\/1595843"}],"wp:attachment":[{"href":"https:\/\/www.pressenza.com\/es\/wp-json\/wp\/v2\/media?parent=1595842"}],"wp:term":[{"taxonomy":"category","embeddable":true,"href":"https:\/\/www.pressenza.com\/es\/wp-json\/wp\/v2\/categories?post=1595842"},{"taxonomy":"post_tag","embeddable":true,"href":"https:\/\/www.pressenza.com\/es\/wp-json\/wp\/v2\/tags?post=1595842"}],"curies":[{"name":"wp","href":"https:\/\/api.w.org\/{rel}","templated":true}]}}