{"id":1594346,"date":"2022-05-29T23:43:16","date_gmt":"2022-05-29T22:43:16","guid":{"rendered":"https:\/\/www.pressenza.com\/?p=1594346"},"modified":"2022-05-29T23:43:16","modified_gmt":"2022-05-29T22:43:16","slug":"nicaragua-avanza-en-reduccion-de-la-malaria","status":"publish","type":"post","link":"https:\/\/www.pressenza.com\/es\/2022\/05\/nicaragua-avanza-en-reduccion-de-la-malaria\/","title":{"rendered":"Nicaragua avanza en reducci\u00f3n de la malaria"},"content":{"rendered":"<p style=\"padding-left: 40px;\"><em>Nicaragua avanza hoy en la reducci\u00f3n de la malaria con un plan sobre el manejo cl\u00ednico de la enfermedad dirigido desde el Ministerio de Salud (Minsa) de la naci\u00f3n centroamericana, cuyos resultados son reconocidos a nivel internacional.<\/em><\/p>\n<p>Seg\u00fan datos de la cartera sanitaria, hasta finales de abril pasado se ten\u00eda una disminuci\u00f3n del 57 por ciento del referido padecimiento comparado con el a\u00f1o anterior, lo cual equivale a tres mil 700 casos.<\/p>\n<p>De acuerdo con el Minsa, la enfermedad est\u00e1 arraigada en la frontera norte con Honduras y en las Regiones Aut\u00f3nomas de la Costa Caribe Norte y Sur, por lo cual el gobierno nicarag\u00fcense prioriza la pol\u00edtica de atenci\u00f3n a la malaria dentro del Modelo de Salud Familiar y Comunitario.<\/p>\n<p>Por las acciones de enfrentamiento y reducci\u00f3n de la enfermedad en el pa\u00eds, el Componente Nacional de la Malaria del Minsa recibi\u00f3 el viernes \u00faltimo el premio de la Fundaci\u00f3n de los Emiratos \u00c1rabes Unidos para la Salud.<\/p>\n<p>Dicho galard\u00f3n es una de las seis distinciones que cada a\u00f1o otorga el Consejo Ejecutivo de la Organizaci\u00f3n Mundial de la Salud (OMS).<\/p>\n<p>El director general de Vigilancia para la Salud de Nicaragua, Christian Toledo, agradeci\u00f3 el premio de la OMS y destac\u00f3 c\u00f3mo el trabajo con los colaboradores voluntarios redujo en un 66 por ciento los casos de malaria a nivel nacional.<\/p>\n<p>\u201cLos colaboradores voluntarios act\u00faan como agentes de salud comunitarios, centr\u00e1ndose en la sensibilizaci\u00f3n, vigilancia, diagn\u00f3stico y tratamiento de la malaria\u201d, expres\u00f3 Toledo a trav\u00e9s de video conferencia.<\/p>\n<p>Datos oficiale afirman que la malaria provocada por el par\u00e1sito Plasmodium vivax, es la primera enfermedad epid\u00e9mica de Nicaragua, la cual en 2021 provoc\u00f3 12 mil 153 enfermos sin dejar fallecidos.<\/p>\n<p>En el segundo lugar de enfermedades epid\u00e9micas est\u00e1 la malaria falciparum, cuyo par\u00e1sito lo transmite el mosquito an\u00f3feles, el cual en 2021 provoc\u00f3 10 mil 418 enfermos y cero muertes.<\/p>\n","protected":false},"excerpt":{"rendered":"<p>Nicaragua avanza hoy en la reducci\u00f3n de la malaria con un plan sobre el manejo cl\u00ednico de la enfermedad dirigido desde el Ministerio de Salud (Minsa) de la naci\u00f3n centroamericana, cuyos resultados son reconocidos a nivel internacional. Seg\u00fan datos de&hellip;<\/p>\n","protected":false},"author":90,"featured_media":1594351,"comment_status":"closed","ping_status":"closed","sticky":false,"template":"","format":"standard","meta":{"footnotes":""},"categories":[69,1239],"tags":[14716,14610,12195,7373,22219],"class_list":["post-1594346","post","type-post","status-publish","format-standard","has-post-thumbnail","hentry","category-america-central","category-salud","tag-malaria-es","tag-nicaragua-es","tag-oms-es","tag-premio-es","tag-salud"],"yoast_head":"<!-- This site is optimized with the Yoast SEO plugin v27.1.1 - https:\/\/yoast.com\/product\/yoast-seo-wordpress\/ -->\n<title>Nicaragua avanza en reducci\u00f3n de la malaria<\/title>\n<meta name=\"description\" content=\"Nicaragua avanza hoy en la reducci\u00f3n de la malaria con un plan sobre el manejo cl\u00ednico de la enfermedad dirigido desde el Ministerio de Salud (Minsa) de\" \/>\n<meta name=\"robots\" content=\"index, follow, max-snippet:-1, max-image-preview:large, max-video-preview:-1\" \/>\n<link rel=\"canonical\" href=\"https:\/\/www.pressenza.com\/es\/2022\/05\/nicaragua-avanza-en-reduccion-de-la-malaria\/\" \/>\n<meta property=\"og:locale\" content=\"es_ES\" \/>\n<meta property=\"og:type\" content=\"article\" \/>\n<meta property=\"og:title\" content=\"Nicaragua avanza en reducci\u00f3n de la malaria\" \/>\n<meta property=\"og:description\" content=\"Nicaragua avanza hoy en la reducci\u00f3n de la malaria con un plan sobre el manejo cl\u00ednico de la enfermedad dirigido desde el Ministerio de Salud (Minsa) de\" \/>\n<meta property=\"og:url\" content=\"https:\/\/www.pressenza.com\/es\/2022\/05\/nicaragua-avanza-en-reduccion-de-la-malaria\/\" \/>\n<meta property=\"og:site_name\" content=\"Pressenza\" \/>\n<meta property=\"article:publisher\" content=\"https:\/\/www.facebook.com\/PressenzaItalia\" \/>\n<meta property=\"article:author\" content=\"https:\/\/www.facebook.com\/AgenciaPrensaLatina\" \/>\n<meta property=\"article:published_time\" content=\"2022-05-29T22:43:16+00:00\" \/>\n<meta property=\"og:image\" content=\"https:\/\/www.pressenza.com\/wp-content\/uploads\/2022\/05\/malaria-nicaragua.jpeg\" \/>\n\t<meta property=\"og:image:width\" content=\"950\" \/>\n\t<meta property=\"og:image:height\" content=\"763\" \/>\n\t<meta property=\"og:image:type\" content=\"image\/jpeg\" \/>\n<meta name=\"author\" content=\"Prensa Latina\" \/>\n<meta name=\"twitter:card\" content=\"summary_large_image\" \/>\n<meta name=\"twitter:creator\" content=\"@prensalatina_cu\" \/>\n<meta name=\"twitter:site\" content=\"@PressenzaIPA\" \/>\n<meta name=\"twitter:label1\" content=\"Escrito por\" \/>\n\t<meta name=\"twitter:data1\" content=\"Prensa Latina\" \/>\n\t<meta name=\"twitter:label2\" content=\"Tiempo de lectura\" \/>\n\t<meta name=\"twitter:data2\" content=\"2 minutos\" \/>\n<script type=\"application\/ld+json\" class=\"yoast-schema-graph\">{\"@context\":\"https:\/\/schema.org\",\"@graph\":[{\"@type\":\"Article\",\"@id\":\"https:\/\/www.pressenza.com\/es\/2022\/05\/nicaragua-avanza-en-reduccion-de-la-malaria\/#article\",\"isPartOf\":{\"@id\":\"https:\/\/www.pressenza.com\/es\/2022\/05\/nicaragua-avanza-en-reduccion-de-la-malaria\/\"},\"author\":{\"name\":\"Prensa Latina\",\"@id\":\"https:\/\/www.pressenza.com\/es\/#\/schema\/person\/e35c78ffa242d98f4f49ccb18c8631de\"},\"headline\":\"Nicaragua avanza en reducci\u00f3n de la malaria\",\"datePublished\":\"2022-05-29T22:43:16+00:00\",\"mainEntityOfPage\":{\"@id\":\"https:\/\/www.pressenza.com\/es\/2022\/05\/nicaragua-avanza-en-reduccion-de-la-malaria\/\"},\"wordCount\":337,\"publisher\":{\"@id\":\"https:\/\/www.pressenza.com\/es\/#organization\"},\"image\":{\"@id\":\"https:\/\/www.pressenza.com\/es\/2022\/05\/nicaragua-avanza-en-reduccion-de-la-malaria\/#primaryimage\"},\"thumbnailUrl\":\"https:\/\/www.pressenza.com\/wp-content\/uploads\/2022\/05\/malaria-nicaragua.jpeg\",\"keywords\":[\"Malaria\",\"Nicaragua\",\"OMS\",\"Premio\",\"Salud\"],\"articleSection\":[\"Am\u00e9rica Central\",\"Salud\"],\"inLanguage\":\"es\"},{\"@type\":\"WebPage\",\"@id\":\"https:\/\/www.pressenza.com\/es\/2022\/05\/nicaragua-avanza-en-reduccion-de-la-malaria\/\",\"url\":\"https:\/\/www.pressenza.com\/es\/2022\/05\/nicaragua-avanza-en-reduccion-de-la-malaria\/\",\"name\":\"Nicaragua avanza en reducci\u00f3n de la malaria\",\"isPartOf\":{\"@id\":\"https:\/\/www.pressenza.com\/es\/#website\"},\"primaryImageOfPage\":{\"@id\":\"https:\/\/www.pressenza.com\/es\/2022\/05\/nicaragua-avanza-en-reduccion-de-la-malaria\/#primaryimage\"},\"image\":{\"@id\":\"https:\/\/www.pressenza.com\/es\/2022\/05\/nicaragua-avanza-en-reduccion-de-la-malaria\/#primaryimage\"},\"thumbnailUrl\":\"https:\/\/www.pressenza.com\/wp-content\/uploads\/2022\/05\/malaria-nicaragua.jpeg\",\"datePublished\":\"2022-05-29T22:43:16+00:00\",\"description\":\"Nicaragua avanza hoy en la reducci\u00f3n de la malaria con un plan sobre el manejo cl\u00ednico de la enfermedad dirigido desde el Ministerio de Salud (Minsa) de\",\"breadcrumb\":{\"@id\":\"https:\/\/www.pressenza.com\/es\/2022\/05\/nicaragua-avanza-en-reduccion-de-la-malaria\/#breadcrumb\"},\"inLanguage\":\"es\",\"potentialAction\":[{\"@type\":\"ReadAction\",\"target\":[\"https:\/\/www.pressenza.com\/es\/2022\/05\/nicaragua-avanza-en-reduccion-de-la-malaria\/\"]}]},{\"@type\":\"ImageObject\",\"inLanguage\":\"es\",\"@id\":\"https:\/\/www.pressenza.com\/es\/2022\/05\/nicaragua-avanza-en-reduccion-de-la-malaria\/#primaryimage\",\"url\":\"https:\/\/www.pressenza.com\/wp-content\/uploads\/2022\/05\/malaria-nicaragua.jpeg\",\"contentUrl\":\"https:\/\/www.pressenza.com\/wp-content\/uploads\/2022\/05\/malaria-nicaragua.jpeg\",\"width\":950,\"height\":763},{\"@type\":\"BreadcrumbList\",\"@id\":\"https:\/\/www.pressenza.com\/es\/2022\/05\/nicaragua-avanza-en-reduccion-de-la-malaria\/#breadcrumb\",\"itemListElement\":[{\"@type\":\"ListItem\",\"position\":1,\"name\":\"Accueil\",\"item\":\"https:\/\/www.pressenza.com\/es\/\"},{\"@type\":\"ListItem\",\"position\":2,\"name\":\"Nicaragua avanza en reducci\u00f3n de la malaria\"}]},{\"@type\":\"WebSite\",\"@id\":\"https:\/\/www.pressenza.com\/es\/#website\",\"url\":\"https:\/\/www.pressenza.com\/es\/\",\"name\":\"Pressenza\",\"description\":\"International Press Agency\",\"publisher\":{\"@id\":\"https:\/\/www.pressenza.com\/es\/#organization\"},\"potentialAction\":[{\"@type\":\"SearchAction\",\"target\":{\"@type\":\"EntryPoint\",\"urlTemplate\":\"https:\/\/www.pressenza.com\/es\/?s={search_term_string}\"},\"query-input\":{\"@type\":\"PropertyValueSpecification\",\"valueRequired\":true,\"valueName\":\"search_term_string\"}}],\"inLanguage\":\"es\"},{\"@type\":\"Organization\",\"@id\":\"https:\/\/www.pressenza.com\/es\/#organization\",\"name\":\"Pressenza\",\"url\":\"https:\/\/www.pressenza.com\/es\/\",\"logo\":{\"@type\":\"ImageObject\",\"inLanguage\":\"es\",\"@id\":\"https:\/\/www.pressenza.com\/es\/#\/schema\/logo\/image\/\",\"url\":\"https:\/\/www.pressenza.com\/wp-content\/uploads\/2022\/10\/pressenza_logo_200x200.jpg\",\"contentUrl\":\"https:\/\/www.pressenza.com\/wp-content\/uploads\/2022\/10\/pressenza_logo_200x200.jpg\",\"width\":200,\"height\":200,\"caption\":\"Pressenza\"},\"image\":{\"@id\":\"https:\/\/www.pressenza.com\/es\/#\/schema\/logo\/image\/\"},\"sameAs\":[\"https:\/\/www.facebook.com\/PressenzaItalia\",\"https:\/\/x.com\/PressenzaIPA\"]},{\"@type\":\"Person\",\"@id\":\"https:\/\/www.pressenza.com\/es\/#\/schema\/person\/e35c78ffa242d98f4f49ccb18c8631de\",\"name\":\"Prensa Latina\",\"description\":\"www.prensa-latina.cu\",\"sameAs\":[\"https:\/\/www.facebook.com\/AgenciaPrensaLatina\",\"https:\/\/x.com\/prensalatina_cu\"],\"url\":\"https:\/\/www.pressenza.com\/es\/author\/prensa-latina\/\"}]}<\/script>\n<!-- \/ Yoast SEO plugin. -->","yoast_head_json":{"title":"Nicaragua avanza en reducci\u00f3n de la malaria","description":"Nicaragua avanza hoy en la reducci\u00f3n de la malaria con un plan sobre el manejo cl\u00ednico de la enfermedad dirigido desde el Ministerio de Salud (Minsa) de","robots":{"index":"index","follow":"follow","max-snippet":"max-snippet:-1","max-image-preview":"max-image-preview:large","max-video-preview":"max-video-preview:-1"},"canonical":"https:\/\/www.pressenza.com\/es\/2022\/05\/nicaragua-avanza-en-reduccion-de-la-malaria\/","og_locale":"es_ES","og_type":"article","og_title":"Nicaragua avanza en reducci\u00f3n de la malaria","og_description":"Nicaragua avanza hoy en la reducci\u00f3n de la malaria con un plan sobre el manejo cl\u00ednico de la enfermedad dirigido desde el Ministerio de Salud (Minsa) de","og_url":"https:\/\/www.pressenza.com\/es\/2022\/05\/nicaragua-avanza-en-reduccion-de-la-malaria\/","og_site_name":"Pressenza","article_publisher":"https:\/\/www.facebook.com\/PressenzaItalia","article_author":"https:\/\/www.facebook.com\/AgenciaPrensaLatina","article_published_time":"2022-05-29T22:43:16+00:00","og_image":[{"width":950,"height":763,"url":"https:\/\/www.pressenza.com\/wp-content\/uploads\/2022\/05\/malaria-nicaragua.jpeg","type":"image\/jpeg"}],"author":"Prensa Latina","twitter_card":"summary_large_image","twitter_creator":"@prensalatina_cu","twitter_site":"@PressenzaIPA","twitter_misc":{"Escrito por":"Prensa Latina","Tiempo de lectura":"2 minutos"},"schema":{"@context":"https:\/\/schema.org","@graph":[{"@type":"Article","@id":"https:\/\/www.pressenza.com\/es\/2022\/05\/nicaragua-avanza-en-reduccion-de-la-malaria\/#article","isPartOf":{"@id":"https:\/\/www.pressenza.com\/es\/2022\/05\/nicaragua-avanza-en-reduccion-de-la-malaria\/"},"author":{"name":"Prensa Latina","@id":"https:\/\/www.pressenza.com\/es\/#\/schema\/person\/e35c78ffa242d98f4f49ccb18c8631de"},"headline":"Nicaragua avanza en reducci\u00f3n de la malaria","datePublished":"2022-05-29T22:43:16+00:00","mainEntityOfPage":{"@id":"https:\/\/www.pressenza.com\/es\/2022\/05\/nicaragua-avanza-en-reduccion-de-la-malaria\/"},"wordCount":337,"publisher":{"@id":"https:\/\/www.pressenza.com\/es\/#organization"},"image":{"@id":"https:\/\/www.pressenza.com\/es\/2022\/05\/nicaragua-avanza-en-reduccion-de-la-malaria\/#primaryimage"},"thumbnailUrl":"https:\/\/www.pressenza.com\/wp-content\/uploads\/2022\/05\/malaria-nicaragua.jpeg","keywords":["Malaria","Nicaragua","OMS","Premio","Salud"],"articleSection":["Am\u00e9rica Central","Salud"],"inLanguage":"es"},{"@type":"WebPage","@id":"https:\/\/www.pressenza.com\/es\/2022\/05\/nicaragua-avanza-en-reduccion-de-la-malaria\/","url":"https:\/\/www.pressenza.com\/es\/2022\/05\/nicaragua-avanza-en-reduccion-de-la-malaria\/","name":"Nicaragua avanza en reducci\u00f3n de la malaria","isPartOf":{"@id":"https:\/\/www.pressenza.com\/es\/#website"},"primaryImageOfPage":{"@id":"https:\/\/www.pressenza.com\/es\/2022\/05\/nicaragua-avanza-en-reduccion-de-la-malaria\/#primaryimage"},"image":{"@id":"https:\/\/www.pressenza.com\/es\/2022\/05\/nicaragua-avanza-en-reduccion-de-la-malaria\/#primaryimage"},"thumbnailUrl":"https:\/\/www.pressenza.com\/wp-content\/uploads\/2022\/05\/malaria-nicaragua.jpeg","datePublished":"2022-05-29T22:43:16+00:00","description":"Nicaragua avanza hoy en la reducci\u00f3n de la malaria con un plan sobre el manejo cl\u00ednico de la enfermedad dirigido desde el Ministerio de Salud (Minsa) de","breadcrumb":{"@id":"https:\/\/www.pressenza.com\/es\/2022\/05\/nicaragua-avanza-en-reduccion-de-la-malaria\/#breadcrumb"},"inLanguage":"es","potentialAction":[{"@type":"ReadAction","target":["https:\/\/www.pressenza.com\/es\/2022\/05\/nicaragua-avanza-en-reduccion-de-la-malaria\/"]}]},{"@type":"ImageObject","inLanguage":"es","@id":"https:\/\/www.pressenza.com\/es\/2022\/05\/nicaragua-avanza-en-reduccion-de-la-malaria\/#primaryimage","url":"https:\/\/www.pressenza.com\/wp-content\/uploads\/2022\/05\/malaria-nicaragua.jpeg","contentUrl":"https:\/\/www.pressenza.com\/wp-content\/uploads\/2022\/05\/malaria-nicaragua.jpeg","width":950,"height":763},{"@type":"BreadcrumbList","@id":"https:\/\/www.pressenza.com\/es\/2022\/05\/nicaragua-avanza-en-reduccion-de-la-malaria\/#breadcrumb","itemListElement":[{"@type":"ListItem","position":1,"name":"Accueil","item":"https:\/\/www.pressenza.com\/es\/"},{"@type":"ListItem","position":2,"name":"Nicaragua avanza en reducci\u00f3n de la malaria"}]},{"@type":"WebSite","@id":"https:\/\/www.pressenza.com\/es\/#website","url":"https:\/\/www.pressenza.com\/es\/","name":"Pressenza","description":"International Press Agency","publisher":{"@id":"https:\/\/www.pressenza.com\/es\/#organization"},"potentialAction":[{"@type":"SearchAction","target":{"@type":"EntryPoint","urlTemplate":"https:\/\/www.pressenza.com\/es\/?s={search_term_string}"},"query-input":{"@type":"PropertyValueSpecification","valueRequired":true,"valueName":"search_term_string"}}],"inLanguage":"es"},{"@type":"Organization","@id":"https:\/\/www.pressenza.com\/es\/#organization","name":"Pressenza","url":"https:\/\/www.pressenza.com\/es\/","logo":{"@type":"ImageObject","inLanguage":"es","@id":"https:\/\/www.pressenza.com\/es\/#\/schema\/logo\/image\/","url":"https:\/\/www.pressenza.com\/wp-content\/uploads\/2022\/10\/pressenza_logo_200x200.jpg","contentUrl":"https:\/\/www.pressenza.com\/wp-content\/uploads\/2022\/10\/pressenza_logo_200x200.jpg","width":200,"height":200,"caption":"Pressenza"},"image":{"@id":"https:\/\/www.pressenza.com\/es\/#\/schema\/logo\/image\/"},"sameAs":["https:\/\/www.facebook.com\/PressenzaItalia","https:\/\/x.com\/PressenzaIPA"]},{"@type":"Person","@id":"https:\/\/www.pressenza.com\/es\/#\/schema\/person\/e35c78ffa242d98f4f49ccb18c8631de","name":"Prensa Latina","description":"www.prensa-latina.cu","sameAs":["https:\/\/www.facebook.com\/AgenciaPrensaLatina","https:\/\/x.com\/prensalatina_cu"],"url":"https:\/\/www.pressenza.com\/es\/author\/prensa-latina\/"}]}},"place":"Managua","original_article_url":"https:\/\/www.prensa-latina.cu\/2022\/05\/29\/nicaragua-avanza-en-reduccion-de-la-malaria","_links":{"self":[{"href":"https:\/\/www.pressenza.com\/es\/wp-json\/wp\/v2\/posts\/1594346","targetHints":{"allow":["GET"]}}],"collection":[{"href":"https:\/\/www.pressenza.com\/es\/wp-json\/wp\/v2\/posts"}],"about":[{"href":"https:\/\/www.pressenza.com\/es\/wp-json\/wp\/v2\/types\/post"}],"author":[{"embeddable":true,"href":"https:\/\/www.pressenza.com\/es\/wp-json\/wp\/v2\/users\/90"}],"replies":[{"embeddable":true,"href":"https:\/\/www.pressenza.com\/es\/wp-json\/wp\/v2\/comments?post=1594346"}],"version-history":[{"count":0,"href":"https:\/\/www.pressenza.com\/es\/wp-json\/wp\/v2\/posts\/1594346\/revisions"}],"wp:featuredmedia":[{"embeddable":true,"href":"https:\/\/www.pressenza.com\/es\/wp-json\/wp\/v2\/media\/1594351"}],"wp:attachment":[{"href":"https:\/\/www.pressenza.com\/es\/wp-json\/wp\/v2\/media?parent=1594346"}],"wp:term":[{"taxonomy":"category","embeddable":true,"href":"https:\/\/www.pressenza.com\/es\/wp-json\/wp\/v2\/categories?post=1594346"},{"taxonomy":"post_tag","embeddable":true,"href":"https:\/\/www.pressenza.com\/es\/wp-json\/wp\/v2\/tags?post=1594346"}],"curies":[{"name":"wp","href":"https:\/\/api.w.org\/{rel}","templated":true}]}}