{"id":1592034,"date":"2022-05-26T23:42:02","date_gmt":"2022-05-26T22:42:02","guid":{"rendered":"https:\/\/www.pressenza.com\/?p=1592034"},"modified":"2022-05-26T23:42:55","modified_gmt":"2022-05-26T22:42:55","slug":"el-capitalismo-es-barbarie","status":"publish","type":"post","link":"https:\/\/www.pressenza.com\/es\/2022\/05\/el-capitalismo-es-barbarie\/","title":{"rendered":"\u00a1El capitalismo es barbarie!"},"content":{"rendered":"<p>Seg\u00fan el documento \u201cBeneficiarse del sufrimiento\u201d \u2013presentado por la ONG Oxfam durante la primera reuni\u00f3n presencial del Foro Econ\u00f3mico Mundial, realizada en Davos, Suiza\u2013, en estos dos a\u00f1os de pandemia de Covid-19, el mundo ha conocido a 573 nuevos multimillonarios. Los sectores que m\u00e1s beneficios generaron fueron alimentaci\u00f3n, energ\u00eda, farmacia y tecnolog\u00eda. Sin embargo, en el mismo per\u00edodo, millones de personas fueron empujadas a la pobreza\/miseria.<\/p>\n<p>Los datos contenidos en el documento muestran que en ese per\u00edodo, la riqueza de los multimillonarios alcanz\u00f3 un crecimiento del 42%, un incremento real de 3,78 billones de d\u00f3lares. Hoy, la riqueza total de los 2.668 multimillonarios del mundo equivale al 13,9% del Producto Interno Bruto (PIB) a nivel global, sumando un total de 12,7 billones de d\u00f3lares. Este valor corresponde a casi tres veces el registrado hace 22 a\u00f1os, es decir, el 4,4% del PIB mundial.<\/p>\n<p>En 2021, Cargil \u2013gigante mundial del sector de alimentos\u2013 tuvo ventas netas por 5 mil millones de d\u00f3lares, y la mayor ganancia de su historia. Seg\u00fan el documento de Oxfam, esa compa\u00f1\u00eda espera registrar ganancias r\u00e9cord nuevamente en 2022, lo que aumentar\u00e1 a\u00fan m\u00e1s la fortuna de la familia. En el sector farmac\u00e9utico, la pandemia ha generado 40 nuevos multimillonarios. Pfizer fue la que m\u00e1s vacunas vendi\u00f3 en el mundo, pero la que menos entreg\u00f3 ese producto a pa\u00edses de bajos ingresos. Seg\u00fan el informe, una estimaci\u00f3n conservadora sit\u00faa el margen de beneficio bruto de la vacuna de Pfizer\/BioNTech en un 43 %. En 2021, esta empresa pag\u00f3 8.7 mil millones de d\u00f3lares en dividendos a sus accionistas.<\/p>\n<p><strong>Desigualdad racial, de g\u00e9nero y econ\u00f3mica<\/strong><\/p>\n<p>Seg\u00fan el informe de Oxfam, es probable que Amazon haya sido \u201cel mayor ganador corporativo de la pandemia\u201d. El patrimonio personal de su fundador, Jeff Bezos, aument\u00f3 en 45.000 mil millones de d\u00f3lares, desde 2020. Esta empresa, junto con Apple, Microsofit, Tesla y Alphabet, conforman cinco de las 21 entidades econ\u00f3micas m\u00e1s ricas del mundo.<\/p>\n<p>Por otro lado, la pandemia ha incrementado las desigualdades raciales, de g\u00e9nero y econ\u00f3micas, adem\u00e1s de empeorar la falta de acceso a una atenci\u00f3n m\u00e9dica de calidad. Las poblaciones negras, ind\u00edgenas y latinas se vieron fuertemente afectadas en su calidad de vida durante estos dos a\u00f1os, seg\u00fan el informe de Oxfam.<\/p>\n<p>En todo el mundo, los grupos racializados fueron los m\u00e1s afectados por la pandemia, como la poblaci\u00f3n negra e ind\u00edgena de Brasil, la casta dalit en India y la poblaci\u00f3n latina y negra en Estados Unidos. Adem\u00e1s, m\u00e1s de cuatro millones de mujeres trabajadoras no han podido regresar al trabajo en Am\u00e9rica Latina y el Caribe, una tendencia impulsada por los altos niveles de informalidad laboral y el aumento del cuidado dom\u00e9stico. Tambi\u00e9n seg\u00fan Oxfam, se estima que 5,6 millones de personas mueren cada a\u00f1o en los pa\u00edses pobres debido a la falta de atenci\u00f3n m\u00e9dica. Este n\u00famero corresponde a m\u00e1s de 15.000 personas por d\u00eda.<\/p>\n<p>Estos son solo algunos datos de los documentos. \u00a1Es incre\u00edble la cantidad de gente que a\u00fan defiende este modelo econ\u00f3mico! M\u00e1s impresionante a\u00fan es saber que llamamos \u201ccivilizadas\u201d a nuestras sociedades actuales, a pesar de estas monstruosas disparidades que generan verdaderos genocidios en el mundo actual.<\/p>\n<p>Bajo el lema de que \u201ctodo el mundo es libre de prosperar\u201d, el capitalismo ha demostrado (siempre) su capacidad mucho mayor de empobrecer, de imponer escasez a la mayor\u00eda de la poblaci\u00f3n trabajadora, que lo contrario. Pero al fin y al cabo \u00bfde qu\u00e9 libertad hablamos cuando nos referimos a un sistema tan perverso? \u00bfEl que impone la elecci\u00f3n del trabajo duro y el salario miserable o la indigencia? (y, en muchos casos, ni siquiera la primera alternativa, como sucede con cientos de miles de personas en la \u201cMeca del capitalismo\u201d, los llamados <em>homeless<\/em>). Definitivamente, el capitalismo es la barbarie misma.<\/p>\n<p><a href=\"https:\/\/oi-files-d8-prod.s3.eu-west-2.amazonaws.com\/s3fs-public\/2022-05\/Oxfam%20Media%20Brief%20-%20SP%20-%20Profiting%20From%20Pain%2C%20Davos%202022%20Part%202.pdf\" target=\"_blank\" rel=\"noopener\">En este enlace<\/a> puede accederse a la versi\u00f3n completa del informe de Oxfam.<\/p>\n","protected":false},"excerpt":{"rendered":"<p>Seg\u00fan el documento \u201cBeneficiarse del sufrimiento\u201d \u2013presentado por la ONG Oxfam durante la primera reuni\u00f3n presencial del Foro Econ\u00f3mico Mundial, realizada en Davos, Suiza\u2013, en estos dos a\u00f1os de pandemia de Covid-19, el mundo ha conocido a 573 nuevos multimillonarios.&hellip;<\/p>\n","protected":false},"author":1925,"featured_media":1591471,"comment_status":"closed","ping_status":"closed","sticky":false,"template":"","format":"standard","meta":{"footnotes":""},"categories":[11389,79,67],"tags":[27917,1035,11020,14045],"class_list":["post-1592034","post","type-post","status-publish","format-standard","has-post-thumbnail","hentry","category-contenido-original","category-derechos-humanos","category-sudamerica","tag-barbarie","tag-desigualdad","tag-especulacion","tag-oxfam-es"],"yoast_head":"<!-- This site is optimized with the Yoast SEO plugin v27.1.1 - https:\/\/yoast.com\/product\/yoast-seo-wordpress\/ -->\n<title>\u00a1El capitalismo es barbarie!<\/title>\n<meta name=\"description\" content=\"Seg\u00fan el documento \u201cBeneficiarse del sufrimiento\u201d \u2013presentado por la ONG Oxfam durante la primera reuni\u00f3n presencial del Foro Econ\u00f3mico Mundial, realizada\" \/>\n<meta name=\"robots\" content=\"index, follow, max-snippet:-1, max-image-preview:large, max-video-preview:-1\" \/>\n<link rel=\"canonical\" href=\"https:\/\/www.pressenza.com\/es\/2022\/05\/el-capitalismo-es-barbarie\/\" \/>\n<meta property=\"og:locale\" content=\"es_ES\" \/>\n<meta property=\"og:type\" content=\"article\" \/>\n<meta property=\"og:title\" content=\"\u00a1El capitalismo es barbarie!\" \/>\n<meta property=\"og:description\" content=\"Seg\u00fan el documento \u201cBeneficiarse del sufrimiento\u201d \u2013presentado por la ONG Oxfam durante la primera reuni\u00f3n presencial del Foro Econ\u00f3mico Mundial, realizada\" \/>\n<meta property=\"og:url\" content=\"https:\/\/www.pressenza.com\/es\/2022\/05\/el-capitalismo-es-barbarie\/\" \/>\n<meta property=\"og:site_name\" content=\"Pressenza\" \/>\n<meta property=\"article:publisher\" content=\"https:\/\/www.facebook.com\/PressenzaItalia\" \/>\n<meta property=\"article:published_time\" content=\"2022-05-26T22:42:02+00:00\" \/>\n<meta property=\"article:modified_time\" content=\"2022-05-26T22:42:55+00:00\" \/>\n<meta property=\"og:image\" content=\"https:\/\/www.pressenza.com\/wp-content\/uploads\/2022\/05\/Ben-Richardson-Unsplash.jpg\" \/>\n\t<meta property=\"og:image:width\" content=\"1024\" \/>\n\t<meta property=\"og:image:height\" content=\"683\" \/>\n\t<meta property=\"og:image:type\" content=\"image\/jpeg\" \/>\n<meta name=\"author\" content=\"Verbena C\u00f3rdula\" \/>\n<meta name=\"twitter:card\" content=\"summary_large_image\" \/>\n<meta name=\"twitter:creator\" content=\"@PressenzaIPA\" \/>\n<meta name=\"twitter:site\" content=\"@PressenzaIPA\" \/>\n<meta name=\"twitter:label1\" content=\"Escrito por\" \/>\n\t<meta name=\"twitter:data1\" content=\"Verbena C\u00f3rdula\" \/>\n\t<meta name=\"twitter:label2\" content=\"Tiempo de lectura\" \/>\n\t<meta name=\"twitter:data2\" content=\"3 minutos\" \/>\n<script type=\"application\/ld+json\" class=\"yoast-schema-graph\">{\"@context\":\"https:\/\/schema.org\",\"@graph\":[{\"@type\":\"Article\",\"@id\":\"https:\/\/www.pressenza.com\/es\/2022\/05\/el-capitalismo-es-barbarie\/#article\",\"isPartOf\":{\"@id\":\"https:\/\/www.pressenza.com\/es\/2022\/05\/el-capitalismo-es-barbarie\/\"},\"author\":{\"name\":\"Verbena C\u00f3rdula\",\"@id\":\"https:\/\/www.pressenza.com\/es\/#\/schema\/person\/68c8edc34c1a97f71f905cdd5b164319\"},\"headline\":\"\u00a1El capitalismo es barbarie!\",\"datePublished\":\"2022-05-26T22:42:02+00:00\",\"dateModified\":\"2022-05-26T22:42:55+00:00\",\"mainEntityOfPage\":{\"@id\":\"https:\/\/www.pressenza.com\/es\/2022\/05\/el-capitalismo-es-barbarie\/\"},\"wordCount\":690,\"publisher\":{\"@id\":\"https:\/\/www.pressenza.com\/es\/#organization\"},\"image\":{\"@id\":\"https:\/\/www.pressenza.com\/es\/2022\/05\/el-capitalismo-es-barbarie\/#primaryimage\"},\"thumbnailUrl\":\"https:\/\/www.pressenza.com\/wp-content\/uploads\/2022\/05\/Ben-Richardson-Unsplash.jpg\",\"keywords\":[\"Barbarie\",\"desigualdad\",\"especulaci\u00f3n\",\"Oxfam\"],\"articleSection\":[\"Contenido Original\",\"Derechos Humanos\",\"Sudam\u00e9rica\"],\"inLanguage\":\"es\"},{\"@type\":\"WebPage\",\"@id\":\"https:\/\/www.pressenza.com\/es\/2022\/05\/el-capitalismo-es-barbarie\/\",\"url\":\"https:\/\/www.pressenza.com\/es\/2022\/05\/el-capitalismo-es-barbarie\/\",\"name\":\"\u00a1El capitalismo es barbarie!\",\"isPartOf\":{\"@id\":\"https:\/\/www.pressenza.com\/es\/#website\"},\"primaryImageOfPage\":{\"@id\":\"https:\/\/www.pressenza.com\/es\/2022\/05\/el-capitalismo-es-barbarie\/#primaryimage\"},\"image\":{\"@id\":\"https:\/\/www.pressenza.com\/es\/2022\/05\/el-capitalismo-es-barbarie\/#primaryimage\"},\"thumbnailUrl\":\"https:\/\/www.pressenza.com\/wp-content\/uploads\/2022\/05\/Ben-Richardson-Unsplash.jpg\",\"datePublished\":\"2022-05-26T22:42:02+00:00\",\"dateModified\":\"2022-05-26T22:42:55+00:00\",\"description\":\"Seg\u00fan el documento \u201cBeneficiarse del sufrimiento\u201d \u2013presentado por la ONG Oxfam durante la primera reuni\u00f3n presencial del Foro Econ\u00f3mico Mundial, realizada\",\"breadcrumb\":{\"@id\":\"https:\/\/www.pressenza.com\/es\/2022\/05\/el-capitalismo-es-barbarie\/#breadcrumb\"},\"inLanguage\":\"es\",\"potentialAction\":[{\"@type\":\"ReadAction\",\"target\":[\"https:\/\/www.pressenza.com\/es\/2022\/05\/el-capitalismo-es-barbarie\/\"]}]},{\"@type\":\"ImageObject\",\"inLanguage\":\"es\",\"@id\":\"https:\/\/www.pressenza.com\/es\/2022\/05\/el-capitalismo-es-barbarie\/#primaryimage\",\"url\":\"https:\/\/www.pressenza.com\/wp-content\/uploads\/2022\/05\/Ben-Richardson-Unsplash.jpg\",\"contentUrl\":\"https:\/\/www.pressenza.com\/wp-content\/uploads\/2022\/05\/Ben-Richardson-Unsplash.jpg\",\"width\":1024,\"height\":683},{\"@type\":\"BreadcrumbList\",\"@id\":\"https:\/\/www.pressenza.com\/es\/2022\/05\/el-capitalismo-es-barbarie\/#breadcrumb\",\"itemListElement\":[{\"@type\":\"ListItem\",\"position\":1,\"name\":\"Accueil\",\"item\":\"https:\/\/www.pressenza.com\/es\/\"},{\"@type\":\"ListItem\",\"position\":2,\"name\":\"\u00a1El capitalismo es barbarie!\"}]},{\"@type\":\"WebSite\",\"@id\":\"https:\/\/www.pressenza.com\/es\/#website\",\"url\":\"https:\/\/www.pressenza.com\/es\/\",\"name\":\"Pressenza\",\"description\":\"International Press Agency\",\"publisher\":{\"@id\":\"https:\/\/www.pressenza.com\/es\/#organization\"},\"potentialAction\":[{\"@type\":\"SearchAction\",\"target\":{\"@type\":\"EntryPoint\",\"urlTemplate\":\"https:\/\/www.pressenza.com\/es\/?s={search_term_string}\"},\"query-input\":{\"@type\":\"PropertyValueSpecification\",\"valueRequired\":true,\"valueName\":\"search_term_string\"}}],\"inLanguage\":\"es\"},{\"@type\":\"Organization\",\"@id\":\"https:\/\/www.pressenza.com\/es\/#organization\",\"name\":\"Pressenza\",\"url\":\"https:\/\/www.pressenza.com\/es\/\",\"logo\":{\"@type\":\"ImageObject\",\"inLanguage\":\"es\",\"@id\":\"https:\/\/www.pressenza.com\/es\/#\/schema\/logo\/image\/\",\"url\":\"https:\/\/www.pressenza.com\/wp-content\/uploads\/2022\/10\/pressenza_logo_200x200.jpg\",\"contentUrl\":\"https:\/\/www.pressenza.com\/wp-content\/uploads\/2022\/10\/pressenza_logo_200x200.jpg\",\"width\":200,\"height\":200,\"caption\":\"Pressenza\"},\"image\":{\"@id\":\"https:\/\/www.pressenza.com\/es\/#\/schema\/logo\/image\/\"},\"sameAs\":[\"https:\/\/www.facebook.com\/PressenzaItalia\",\"https:\/\/x.com\/PressenzaIPA\"]},{\"@type\":\"Person\",\"@id\":\"https:\/\/www.pressenza.com\/es\/#\/schema\/person\/68c8edc34c1a97f71f905cdd5b164319\",\"name\":\"Verbena C\u00f3rdula\",\"description\":\"Graduada em Hist\u00f3ria, doutora em Hist\u00f3ria e Comunica\u00e7\u00e3o no Mundo Contempor\u00e2neo. Professora Titular da Universidade Estadual de Santa Cruz (UESC), Ilh\u00e9us BA. Pesquisa G\u00eanero e ra\u00e7a.\",\"url\":\"https:\/\/www.pressenza.com\/es\/author\/verbena-cordula\/\"}]}<\/script>\n<!-- \/ Yoast SEO plugin. -->","yoast_head_json":{"title":"\u00a1El capitalismo es barbarie!","description":"Seg\u00fan el documento \u201cBeneficiarse del sufrimiento\u201d \u2013presentado por la ONG Oxfam durante la primera reuni\u00f3n presencial del Foro Econ\u00f3mico Mundial, realizada","robots":{"index":"index","follow":"follow","max-snippet":"max-snippet:-1","max-image-preview":"max-image-preview:large","max-video-preview":"max-video-preview:-1"},"canonical":"https:\/\/www.pressenza.com\/es\/2022\/05\/el-capitalismo-es-barbarie\/","og_locale":"es_ES","og_type":"article","og_title":"\u00a1El capitalismo es barbarie!","og_description":"Seg\u00fan el documento \u201cBeneficiarse del sufrimiento\u201d \u2013presentado por la ONG Oxfam durante la primera reuni\u00f3n presencial del Foro Econ\u00f3mico Mundial, realizada","og_url":"https:\/\/www.pressenza.com\/es\/2022\/05\/el-capitalismo-es-barbarie\/","og_site_name":"Pressenza","article_publisher":"https:\/\/www.facebook.com\/PressenzaItalia","article_published_time":"2022-05-26T22:42:02+00:00","article_modified_time":"2022-05-26T22:42:55+00:00","og_image":[{"width":1024,"height":683,"url":"https:\/\/www.pressenza.com\/wp-content\/uploads\/2022\/05\/Ben-Richardson-Unsplash.jpg","type":"image\/jpeg"}],"author":"Verbena C\u00f3rdula","twitter_card":"summary_large_image","twitter_creator":"@PressenzaIPA","twitter_site":"@PressenzaIPA","twitter_misc":{"Escrito por":"Verbena C\u00f3rdula","Tiempo de lectura":"3 minutos"},"schema":{"@context":"https:\/\/schema.org","@graph":[{"@type":"Article","@id":"https:\/\/www.pressenza.com\/es\/2022\/05\/el-capitalismo-es-barbarie\/#article","isPartOf":{"@id":"https:\/\/www.pressenza.com\/es\/2022\/05\/el-capitalismo-es-barbarie\/"},"author":{"name":"Verbena C\u00f3rdula","@id":"https:\/\/www.pressenza.com\/es\/#\/schema\/person\/68c8edc34c1a97f71f905cdd5b164319"},"headline":"\u00a1El capitalismo es barbarie!","datePublished":"2022-05-26T22:42:02+00:00","dateModified":"2022-05-26T22:42:55+00:00","mainEntityOfPage":{"@id":"https:\/\/www.pressenza.com\/es\/2022\/05\/el-capitalismo-es-barbarie\/"},"wordCount":690,"publisher":{"@id":"https:\/\/www.pressenza.com\/es\/#organization"},"image":{"@id":"https:\/\/www.pressenza.com\/es\/2022\/05\/el-capitalismo-es-barbarie\/#primaryimage"},"thumbnailUrl":"https:\/\/www.pressenza.com\/wp-content\/uploads\/2022\/05\/Ben-Richardson-Unsplash.jpg","keywords":["Barbarie","desigualdad","especulaci\u00f3n","Oxfam"],"articleSection":["Contenido Original","Derechos Humanos","Sudam\u00e9rica"],"inLanguage":"es"},{"@type":"WebPage","@id":"https:\/\/www.pressenza.com\/es\/2022\/05\/el-capitalismo-es-barbarie\/","url":"https:\/\/www.pressenza.com\/es\/2022\/05\/el-capitalismo-es-barbarie\/","name":"\u00a1El capitalismo es barbarie!","isPartOf":{"@id":"https:\/\/www.pressenza.com\/es\/#website"},"primaryImageOfPage":{"@id":"https:\/\/www.pressenza.com\/es\/2022\/05\/el-capitalismo-es-barbarie\/#primaryimage"},"image":{"@id":"https:\/\/www.pressenza.com\/es\/2022\/05\/el-capitalismo-es-barbarie\/#primaryimage"},"thumbnailUrl":"https:\/\/www.pressenza.com\/wp-content\/uploads\/2022\/05\/Ben-Richardson-Unsplash.jpg","datePublished":"2022-05-26T22:42:02+00:00","dateModified":"2022-05-26T22:42:55+00:00","description":"Seg\u00fan el documento \u201cBeneficiarse del sufrimiento\u201d \u2013presentado por la ONG Oxfam durante la primera reuni\u00f3n presencial del Foro Econ\u00f3mico Mundial, realizada","breadcrumb":{"@id":"https:\/\/www.pressenza.com\/es\/2022\/05\/el-capitalismo-es-barbarie\/#breadcrumb"},"inLanguage":"es","potentialAction":[{"@type":"ReadAction","target":["https:\/\/www.pressenza.com\/es\/2022\/05\/el-capitalismo-es-barbarie\/"]}]},{"@type":"ImageObject","inLanguage":"es","@id":"https:\/\/www.pressenza.com\/es\/2022\/05\/el-capitalismo-es-barbarie\/#primaryimage","url":"https:\/\/www.pressenza.com\/wp-content\/uploads\/2022\/05\/Ben-Richardson-Unsplash.jpg","contentUrl":"https:\/\/www.pressenza.com\/wp-content\/uploads\/2022\/05\/Ben-Richardson-Unsplash.jpg","width":1024,"height":683},{"@type":"BreadcrumbList","@id":"https:\/\/www.pressenza.com\/es\/2022\/05\/el-capitalismo-es-barbarie\/#breadcrumb","itemListElement":[{"@type":"ListItem","position":1,"name":"Accueil","item":"https:\/\/www.pressenza.com\/es\/"},{"@type":"ListItem","position":2,"name":"\u00a1El capitalismo es barbarie!"}]},{"@type":"WebSite","@id":"https:\/\/www.pressenza.com\/es\/#website","url":"https:\/\/www.pressenza.com\/es\/","name":"Pressenza","description":"International Press Agency","publisher":{"@id":"https:\/\/www.pressenza.com\/es\/#organization"},"potentialAction":[{"@type":"SearchAction","target":{"@type":"EntryPoint","urlTemplate":"https:\/\/www.pressenza.com\/es\/?s={search_term_string}"},"query-input":{"@type":"PropertyValueSpecification","valueRequired":true,"valueName":"search_term_string"}}],"inLanguage":"es"},{"@type":"Organization","@id":"https:\/\/www.pressenza.com\/es\/#organization","name":"Pressenza","url":"https:\/\/www.pressenza.com\/es\/","logo":{"@type":"ImageObject","inLanguage":"es","@id":"https:\/\/www.pressenza.com\/es\/#\/schema\/logo\/image\/","url":"https:\/\/www.pressenza.com\/wp-content\/uploads\/2022\/10\/pressenza_logo_200x200.jpg","contentUrl":"https:\/\/www.pressenza.com\/wp-content\/uploads\/2022\/10\/pressenza_logo_200x200.jpg","width":200,"height":200,"caption":"Pressenza"},"image":{"@id":"https:\/\/www.pressenza.com\/es\/#\/schema\/logo\/image\/"},"sameAs":["https:\/\/www.facebook.com\/PressenzaItalia","https:\/\/x.com\/PressenzaIPA"]},{"@type":"Person","@id":"https:\/\/www.pressenza.com\/es\/#\/schema\/person\/68c8edc34c1a97f71f905cdd5b164319","name":"Verbena C\u00f3rdula","description":"Graduada em Hist\u00f3ria, doutora em Hist\u00f3ria e Comunica\u00e7\u00e3o no Mundo Contempor\u00e2neo. Professora Titular da Universidade Estadual de Santa Cruz (UESC), Ilh\u00e9us BA. Pesquisa G\u00eanero e ra\u00e7a.","url":"https:\/\/www.pressenza.com\/es\/author\/verbena-cordula\/"}]}},"place":"Bah\u00eda, Brasil","original_article_url":"","_links":{"self":[{"href":"https:\/\/www.pressenza.com\/es\/wp-json\/wp\/v2\/posts\/1592034","targetHints":{"allow":["GET"]}}],"collection":[{"href":"https:\/\/www.pressenza.com\/es\/wp-json\/wp\/v2\/posts"}],"about":[{"href":"https:\/\/www.pressenza.com\/es\/wp-json\/wp\/v2\/types\/post"}],"author":[{"embeddable":true,"href":"https:\/\/www.pressenza.com\/es\/wp-json\/wp\/v2\/users\/1925"}],"replies":[{"embeddable":true,"href":"https:\/\/www.pressenza.com\/es\/wp-json\/wp\/v2\/comments?post=1592034"}],"version-history":[{"count":0,"href":"https:\/\/www.pressenza.com\/es\/wp-json\/wp\/v2\/posts\/1592034\/revisions"}],"wp:featuredmedia":[{"embeddable":true,"href":"https:\/\/www.pressenza.com\/es\/wp-json\/wp\/v2\/media\/1591471"}],"wp:attachment":[{"href":"https:\/\/www.pressenza.com\/es\/wp-json\/wp\/v2\/media?parent=1592034"}],"wp:term":[{"taxonomy":"category","embeddable":true,"href":"https:\/\/www.pressenza.com\/es\/wp-json\/wp\/v2\/categories?post=1592034"},{"taxonomy":"post_tag","embeddable":true,"href":"https:\/\/www.pressenza.com\/es\/wp-json\/wp\/v2\/tags?post=1592034"}],"curies":[{"name":"wp","href":"https:\/\/api.w.org\/{rel}","templated":true}]}}