{"id":1591460,"date":"2022-05-25T23:38:30","date_gmt":"2022-05-25T22:38:30","guid":{"rendered":"https:\/\/www.pressenza.com\/?p=1591460"},"modified":"2022-05-25T23:40:34","modified_gmt":"2022-05-25T22:40:34","slug":"intento-de-asesinato-o-autodefensa","status":"publish","type":"post","link":"https:\/\/www.pressenza.com\/es\/2022\/05\/intento-de-asesinato-o-autodefensa\/","title":{"rendered":"\u00bfIntento de asesinato o autodefensa?"},"content":{"rendered":"<p>Me lleg\u00f3 una campa\u00f1a a favor de una artista callejera llamada Ropi, 23 a\u00f1os, de nacionalidad argentina, que est\u00e1 presa en Pernambuco por intentar presuntamente asesinar a un polic\u00eda militar. Las \u00fanicas (dos) noticias que encontr\u00e9 en los medios son incompletas, pero definitivas en incriminarla. El informe de la campa\u00f1a, sin embargo, afirma que se trat\u00f3 de un acto de defensa. Decid\u00ed escribir este texto porque, cuando me top\u00e9 con la mencionada campa\u00f1a, record\u00e9 tres situaciones que me llevan a inclinarme por la versi\u00f3n de la joven.<\/p>\n<p>La primera son los comentarios habituales que suelo escuchar sobre los artistas callejeros. He o\u00eddo a mucha gente llamar \u201cvagos\u201d\/\u201dvagas\u201d a los\/las j\u00f3venes que se ganan la vida haciendo malabares en los sem\u00e1foros, o espect\u00e1culos ambulantes a las puertas de bares y restaurantes. Es una falta de sensibilidad sin precedentes. Son muchos los insultos, las blasfemias y los desprecios hacia aquellos\/aquellas que s\u00f3lo buscan ganarse el pan de cada d\u00eda honradamente. Es realmente escandaloso.<\/p>\n<p>La segunda se refiere a la forma en que fui testigo de c\u00f3mo varios polic\u00edas militares trataban a las personas sin hogar en el Centro Hist\u00f3rico de Salvador (Pelourinho) durante el tiempo que trabaj\u00e9 como profesora en una escuela p\u00fablica estatal en esa zona. No parec\u00edan estar tratando con humanos. Pasaba tres d\u00edas por semana por el lugar antes de las 7 de la ma\u00f1ana y via c\u00f3mo los agentes p\u00fablicos pateaban, gritaban, o empujaban (o todo eso junto) a las personas que dorm\u00edan en una plaza. Todo para que el \u201cpaisaje cambiara\u201d cuando llegaran turistas nacionales y extranjeros a pasear por el lugar.<\/p>\n<p>El tercer y \u00faltimo recuerdo se refiere a los relatos de un ex estudiante universitario que tuve, tambi\u00e9n en Salvador de Bahia, que era polic\u00eda militar. Reci\u00e9n admitido en la corporaci\u00f3n, estaba horrorizado, por ejemplo, por la forma en que muchos de sus colegas trataban a los ni\u00f1os sin hogar. Mientras \u00e9l intentaba hablar con los ni\u00f1os, crear alg\u00fan v\u00ednculo afectivo como forma de minimizar el dolor del abandono, la mayor\u00eda de sus compa\u00f1eros polic\u00edas los despreciaban, a veces con patadas e insultos.<\/p>\n<p>Nada m\u00e1s leer el texto de la campa\u00f1a solidaria para ayudar a Ropi, no he podido evitar relacionar este caso con las tres situaciones que acabo de relatar, y que por desgracia ocurren todos los d\u00edas en este pa\u00eds. Por eso\u00a0 me inclin\u00e9 inmediatamente por la narrativa de la campa\u00f1a, seg\u00fan la cual esa joven fue interceptada violentamente por el agente de la ley y se defendi\u00f3 con el cuchillo. Ella dorm\u00eda en un edificio abandonado y el polic\u00eda la habr\u00eda despertado a patadas, tal como presenci\u00e9 en Salvador, en el centro hist\u00f3rico de la ciudad.<\/p>\n<p>Desafortunadamente, la Polic\u00eda Militar brasile\u00f1a tiene una historia agresiva, a pesar de tener, sin duda, oficiales (hombres y mujeres) que desempe\u00f1an sus funciones con humanidad. Investigaciones y estudios realizados por organismos especializados muestran cada a\u00f1o ese perfil agresivo\/violento de nuestras fuerzas policiales.<\/p>\n<p>El Foro de Seguridad P\u00fablica de Brasil, por ejemplo, registr\u00f3 que en 2020, en medio de la pandemia de Covid-19, 6.416 personas fueron asesinadas por polic\u00edas militares y civiles, ya sea que estuvieran de servicio o en su propio tiempo libre. La Red de Observatorios de Seguridad constat\u00f3 que en Pernambuco, en 2019, las acciones policiales fueron responsables de la muerte de 74 personas, cifra que aument\u00f3 a 113 en 2020.<\/p>\n<p>Precisamente este martes 24 de mayo, un operativo policial realizado en R\u00edo de Janeiro dej\u00f3 un saldo de al menos 11 personas muertas. Podr\u00eda mostrar datos resultantes de estudios en diferentes partes del pa\u00eds, pero ese no es el prop\u00f3sito de este texto. Lo que pretendo es cuestionar la detenci\u00f3n de la joven y tambi\u00e9n la narrativa presente en los dos textos period\u00edsticos que encontr\u00e9 sobre este hecho, que simplemente la exponen como criminal, cuando la realidad de la actuaci\u00f3n de la PM en Brasil nos hace dudar.<\/p>\n<p>El primero, titulado \u201cArgentina de 23 a\u00f1os es detenida tras intentar matar a un polic\u00eda con un cuchillo en la playa de Maraca\u00edpe, en Ipojuca\u201d, est\u00e1 compuesto por 14 l\u00edneas, ilustrado por una foto que muestra a una joven desenfocada siendo conducida por un oficial de la ley y otro que muestra una mano que sostiene una navaja; fotos que, por cierto, son bastante desproporcionadas con el tama\u00f1o del texto. La segunda noticia, compuesta por 22 l\u00edneas, e ilustrada por una foto a\u00fan mayor que la primera (sede de la Polic\u00eda Civil de Pernambuco) lleva el titular \u201cArgentina es detenida en flagrancia tras apu\u00f1alar a un polic\u00eda militar en Pernambuco\u201d.<\/p>\n<p>Ninguno de los dos textos presenta el testimonio de Ropi exponiendo la(s) raz\u00f3n(es) del apu\u00f1alamiento. Son \u201cm\u00e1s de lo mismo\u201d cuando nos referimos a las noticias policiales que habitualmente aparecen en los medios nacionales, m\u00e1s interesados en tratar los hechos de manera espectacular (ver los titulares y los tama\u00f1os de las fotos), que investigar y denunciar un hecho para conocimiento p\u00fablico.<\/p>\n<p>Por eso escribo este texto, y tambi\u00e9n dejo los datos de la campa\u00f1a para quienes quieran colaborar con la defensa de Ropi, una joven que est\u00e1 presa en un pa\u00eds que no es el suyo, por un delito que supuestamente cometi\u00f3 en su propia defensa.<\/p>\n<p><strong>En Brasil, la colaboraci\u00f3n se puede hacer a trav\u00e9s de PIX 11974647696 (Camila Dovis). En Argentina, CBU:0140025003713604346122 \u2013 Banco Provincia (Rosana Daniela Casse).<\/strong><\/p>\n","protected":false},"excerpt":{"rendered":"<p>Me lleg\u00f3 una campa\u00f1a a favor de una artista callejera llamada Ropi, 23 a\u00f1os, de nacionalidad argentina, que est\u00e1 presa en Pernambuco por intentar presuntamente asesinar a un polic\u00eda militar. Las \u00fanicas (dos) noticias que encontr\u00e9 en los medios son&hellip;<\/p>\n","protected":false},"author":1925,"featured_media":1590630,"comment_status":"closed","ping_status":"closed","sticky":false,"template":"","format":"standard","meta":{"footnotes":""},"categories":[11389,79,46976],"tags":[102261,56960,2749,102262,102263,729],"class_list":["post-1591460","post","type-post","status-publish","format-standard","has-post-thumbnail","hentry","category-contenido-original","category-derechos-humanos","category-jovenes","tag-artistas-callejeros","tag-autodefensa","tag-brasil-es","tag-disciminacion","tag-ropi","tag-violencia-policial"],"yoast_head":"<!-- This site is optimized with the Yoast SEO plugin v27.1.1 - https:\/\/yoast.com\/product\/yoast-seo-wordpress\/ -->\n<title>\u00bfIntento de asesinato o autodefensa?<\/title>\n<meta name=\"description\" content=\"Me lleg\u00f3 una campa\u00f1a a favor de una artista callejera llamada Ropi, 23 a\u00f1os, de nacionalidad argentina, que est\u00e1 presa en Pernambuco por intentar\" \/>\n<meta name=\"robots\" content=\"index, follow, max-snippet:-1, max-image-preview:large, max-video-preview:-1\" \/>\n<link rel=\"canonical\" href=\"https:\/\/www.pressenza.com\/es\/2022\/05\/intento-de-asesinato-o-autodefensa\/\" \/>\n<meta property=\"og:locale\" content=\"es_ES\" \/>\n<meta property=\"og:type\" content=\"article\" \/>\n<meta property=\"og:title\" content=\"\u00bfIntento de asesinato o autodefensa?\" \/>\n<meta property=\"og:description\" content=\"Me lleg\u00f3 una campa\u00f1a a favor de una artista callejera llamada Ropi, 23 a\u00f1os, de nacionalidad argentina, que est\u00e1 presa en Pernambuco por intentar\" \/>\n<meta property=\"og:url\" content=\"https:\/\/www.pressenza.com\/es\/2022\/05\/intento-de-asesinato-o-autodefensa\/\" \/>\n<meta property=\"og:site_name\" content=\"Pressenza\" \/>\n<meta property=\"article:publisher\" content=\"https:\/\/www.facebook.com\/PressenzaItalia\" \/>\n<meta property=\"article:published_time\" content=\"2022-05-25T22:38:30+00:00\" \/>\n<meta property=\"article:modified_time\" content=\"2022-05-25T22:40:34+00:00\" \/>\n<meta property=\"og:image\" content=\"https:\/\/www.pressenza.com\/wp-content\/uploads\/2022\/05\/card-campanha.jpg\" \/>\n\t<meta property=\"og:image:width\" content=\"820\" \/>\n\t<meta property=\"og:image:height\" content=\"577\" \/>\n\t<meta property=\"og:image:type\" content=\"image\/jpeg\" \/>\n<meta name=\"author\" content=\"Verbena C\u00f3rdula\" \/>\n<meta name=\"twitter:card\" content=\"summary_large_image\" \/>\n<meta name=\"twitter:creator\" content=\"@PressenzaIPA\" \/>\n<meta name=\"twitter:site\" content=\"@PressenzaIPA\" \/>\n<meta name=\"twitter:label1\" content=\"Escrito por\" \/>\n\t<meta name=\"twitter:data1\" content=\"Verbena C\u00f3rdula\" \/>\n\t<meta name=\"twitter:label2\" content=\"Tiempo de lectura\" \/>\n\t<meta name=\"twitter:data2\" content=\"5 minutos\" \/>\n<script type=\"application\/ld+json\" class=\"yoast-schema-graph\">{\"@context\":\"https:\/\/schema.org\",\"@graph\":[{\"@type\":\"Article\",\"@id\":\"https:\/\/www.pressenza.com\/es\/2022\/05\/intento-de-asesinato-o-autodefensa\/#article\",\"isPartOf\":{\"@id\":\"https:\/\/www.pressenza.com\/es\/2022\/05\/intento-de-asesinato-o-autodefensa\/\"},\"author\":{\"name\":\"Verbena C\u00f3rdula\",\"@id\":\"https:\/\/www.pressenza.com\/es\/#\/schema\/person\/68c8edc34c1a97f71f905cdd5b164319\"},\"headline\":\"\u00bfIntento de asesinato o autodefensa?\",\"datePublished\":\"2022-05-25T22:38:30+00:00\",\"dateModified\":\"2022-05-25T22:40:34+00:00\",\"mainEntityOfPage\":{\"@id\":\"https:\/\/www.pressenza.com\/es\/2022\/05\/intento-de-asesinato-o-autodefensa\/\"},\"wordCount\":958,\"publisher\":{\"@id\":\"https:\/\/www.pressenza.com\/es\/#organization\"},\"image\":{\"@id\":\"https:\/\/www.pressenza.com\/es\/2022\/05\/intento-de-asesinato-o-autodefensa\/#primaryimage\"},\"thumbnailUrl\":\"https:\/\/www.pressenza.com\/wp-content\/uploads\/2022\/05\/card-campanha.jpg\",\"keywords\":[\"artistas callejeros\",\"autodefensa\",\"Brasil\",\"disciminaci\u00f3n\",\"Ropi\",\"Violencia policial\"],\"articleSection\":[\"Contenido Original\",\"Derechos Humanos\",\"J\u00f3venes\"],\"inLanguage\":\"es\"},{\"@type\":\"WebPage\",\"@id\":\"https:\/\/www.pressenza.com\/es\/2022\/05\/intento-de-asesinato-o-autodefensa\/\",\"url\":\"https:\/\/www.pressenza.com\/es\/2022\/05\/intento-de-asesinato-o-autodefensa\/\",\"name\":\"\u00bfIntento de asesinato o autodefensa?\",\"isPartOf\":{\"@id\":\"https:\/\/www.pressenza.com\/es\/#website\"},\"primaryImageOfPage\":{\"@id\":\"https:\/\/www.pressenza.com\/es\/2022\/05\/intento-de-asesinato-o-autodefensa\/#primaryimage\"},\"image\":{\"@id\":\"https:\/\/www.pressenza.com\/es\/2022\/05\/intento-de-asesinato-o-autodefensa\/#primaryimage\"},\"thumbnailUrl\":\"https:\/\/www.pressenza.com\/wp-content\/uploads\/2022\/05\/card-campanha.jpg\",\"datePublished\":\"2022-05-25T22:38:30+00:00\",\"dateModified\":\"2022-05-25T22:40:34+00:00\",\"description\":\"Me lleg\u00f3 una campa\u00f1a a favor de una artista callejera llamada Ropi, 23 a\u00f1os, de nacionalidad argentina, que est\u00e1 presa en Pernambuco por intentar\",\"breadcrumb\":{\"@id\":\"https:\/\/www.pressenza.com\/es\/2022\/05\/intento-de-asesinato-o-autodefensa\/#breadcrumb\"},\"inLanguage\":\"es\",\"potentialAction\":[{\"@type\":\"ReadAction\",\"target\":[\"https:\/\/www.pressenza.com\/es\/2022\/05\/intento-de-asesinato-o-autodefensa\/\"]}]},{\"@type\":\"ImageObject\",\"inLanguage\":\"es\",\"@id\":\"https:\/\/www.pressenza.com\/es\/2022\/05\/intento-de-asesinato-o-autodefensa\/#primaryimage\",\"url\":\"https:\/\/www.pressenza.com\/wp-content\/uploads\/2022\/05\/card-campanha.jpg\",\"contentUrl\":\"https:\/\/www.pressenza.com\/wp-content\/uploads\/2022\/05\/card-campanha.jpg\",\"width\":820,\"height\":577},{\"@type\":\"BreadcrumbList\",\"@id\":\"https:\/\/www.pressenza.com\/es\/2022\/05\/intento-de-asesinato-o-autodefensa\/#breadcrumb\",\"itemListElement\":[{\"@type\":\"ListItem\",\"position\":1,\"name\":\"Accueil\",\"item\":\"https:\/\/www.pressenza.com\/es\/\"},{\"@type\":\"ListItem\",\"position\":2,\"name\":\"\u00bfIntento de asesinato o autodefensa?\"}]},{\"@type\":\"WebSite\",\"@id\":\"https:\/\/www.pressenza.com\/es\/#website\",\"url\":\"https:\/\/www.pressenza.com\/es\/\",\"name\":\"Pressenza\",\"description\":\"International Press Agency\",\"publisher\":{\"@id\":\"https:\/\/www.pressenza.com\/es\/#organization\"},\"potentialAction\":[{\"@type\":\"SearchAction\",\"target\":{\"@type\":\"EntryPoint\",\"urlTemplate\":\"https:\/\/www.pressenza.com\/es\/?s={search_term_string}\"},\"query-input\":{\"@type\":\"PropertyValueSpecification\",\"valueRequired\":true,\"valueName\":\"search_term_string\"}}],\"inLanguage\":\"es\"},{\"@type\":\"Organization\",\"@id\":\"https:\/\/www.pressenza.com\/es\/#organization\",\"name\":\"Pressenza\",\"url\":\"https:\/\/www.pressenza.com\/es\/\",\"logo\":{\"@type\":\"ImageObject\",\"inLanguage\":\"es\",\"@id\":\"https:\/\/www.pressenza.com\/es\/#\/schema\/logo\/image\/\",\"url\":\"https:\/\/www.pressenza.com\/wp-content\/uploads\/2022\/10\/pressenza_logo_200x200.jpg\",\"contentUrl\":\"https:\/\/www.pressenza.com\/wp-content\/uploads\/2022\/10\/pressenza_logo_200x200.jpg\",\"width\":200,\"height\":200,\"caption\":\"Pressenza\"},\"image\":{\"@id\":\"https:\/\/www.pressenza.com\/es\/#\/schema\/logo\/image\/\"},\"sameAs\":[\"https:\/\/www.facebook.com\/PressenzaItalia\",\"https:\/\/x.com\/PressenzaIPA\"]},{\"@type\":\"Person\",\"@id\":\"https:\/\/www.pressenza.com\/es\/#\/schema\/person\/68c8edc34c1a97f71f905cdd5b164319\",\"name\":\"Verbena C\u00f3rdula\",\"description\":\"Graduada em Hist\u00f3ria, doutora em Hist\u00f3ria e Comunica\u00e7\u00e3o no Mundo Contempor\u00e2neo. Professora Titular da Universidade Estadual de Santa Cruz (UESC), Ilh\u00e9us BA. Pesquisa G\u00eanero e ra\u00e7a.\",\"url\":\"https:\/\/www.pressenza.com\/es\/author\/verbena-cordula\/\"}]}<\/script>\n<!-- \/ Yoast SEO plugin. -->","yoast_head_json":{"title":"\u00bfIntento de asesinato o autodefensa?","description":"Me lleg\u00f3 una campa\u00f1a a favor de una artista callejera llamada Ropi, 23 a\u00f1os, de nacionalidad argentina, que est\u00e1 presa en Pernambuco por intentar","robots":{"index":"index","follow":"follow","max-snippet":"max-snippet:-1","max-image-preview":"max-image-preview:large","max-video-preview":"max-video-preview:-1"},"canonical":"https:\/\/www.pressenza.com\/es\/2022\/05\/intento-de-asesinato-o-autodefensa\/","og_locale":"es_ES","og_type":"article","og_title":"\u00bfIntento de asesinato o autodefensa?","og_description":"Me lleg\u00f3 una campa\u00f1a a favor de una artista callejera llamada Ropi, 23 a\u00f1os, de nacionalidad argentina, que est\u00e1 presa en Pernambuco por intentar","og_url":"https:\/\/www.pressenza.com\/es\/2022\/05\/intento-de-asesinato-o-autodefensa\/","og_site_name":"Pressenza","article_publisher":"https:\/\/www.facebook.com\/PressenzaItalia","article_published_time":"2022-05-25T22:38:30+00:00","article_modified_time":"2022-05-25T22:40:34+00:00","og_image":[{"width":820,"height":577,"url":"https:\/\/www.pressenza.com\/wp-content\/uploads\/2022\/05\/card-campanha.jpg","type":"image\/jpeg"}],"author":"Verbena C\u00f3rdula","twitter_card":"summary_large_image","twitter_creator":"@PressenzaIPA","twitter_site":"@PressenzaIPA","twitter_misc":{"Escrito por":"Verbena C\u00f3rdula","Tiempo de lectura":"5 minutos"},"schema":{"@context":"https:\/\/schema.org","@graph":[{"@type":"Article","@id":"https:\/\/www.pressenza.com\/es\/2022\/05\/intento-de-asesinato-o-autodefensa\/#article","isPartOf":{"@id":"https:\/\/www.pressenza.com\/es\/2022\/05\/intento-de-asesinato-o-autodefensa\/"},"author":{"name":"Verbena C\u00f3rdula","@id":"https:\/\/www.pressenza.com\/es\/#\/schema\/person\/68c8edc34c1a97f71f905cdd5b164319"},"headline":"\u00bfIntento de asesinato o autodefensa?","datePublished":"2022-05-25T22:38:30+00:00","dateModified":"2022-05-25T22:40:34+00:00","mainEntityOfPage":{"@id":"https:\/\/www.pressenza.com\/es\/2022\/05\/intento-de-asesinato-o-autodefensa\/"},"wordCount":958,"publisher":{"@id":"https:\/\/www.pressenza.com\/es\/#organization"},"image":{"@id":"https:\/\/www.pressenza.com\/es\/2022\/05\/intento-de-asesinato-o-autodefensa\/#primaryimage"},"thumbnailUrl":"https:\/\/www.pressenza.com\/wp-content\/uploads\/2022\/05\/card-campanha.jpg","keywords":["artistas callejeros","autodefensa","Brasil","disciminaci\u00f3n","Ropi","Violencia policial"],"articleSection":["Contenido Original","Derechos Humanos","J\u00f3venes"],"inLanguage":"es"},{"@type":"WebPage","@id":"https:\/\/www.pressenza.com\/es\/2022\/05\/intento-de-asesinato-o-autodefensa\/","url":"https:\/\/www.pressenza.com\/es\/2022\/05\/intento-de-asesinato-o-autodefensa\/","name":"\u00bfIntento de asesinato o autodefensa?","isPartOf":{"@id":"https:\/\/www.pressenza.com\/es\/#website"},"primaryImageOfPage":{"@id":"https:\/\/www.pressenza.com\/es\/2022\/05\/intento-de-asesinato-o-autodefensa\/#primaryimage"},"image":{"@id":"https:\/\/www.pressenza.com\/es\/2022\/05\/intento-de-asesinato-o-autodefensa\/#primaryimage"},"thumbnailUrl":"https:\/\/www.pressenza.com\/wp-content\/uploads\/2022\/05\/card-campanha.jpg","datePublished":"2022-05-25T22:38:30+00:00","dateModified":"2022-05-25T22:40:34+00:00","description":"Me lleg\u00f3 una campa\u00f1a a favor de una artista callejera llamada Ropi, 23 a\u00f1os, de nacionalidad argentina, que est\u00e1 presa en Pernambuco por intentar","breadcrumb":{"@id":"https:\/\/www.pressenza.com\/es\/2022\/05\/intento-de-asesinato-o-autodefensa\/#breadcrumb"},"inLanguage":"es","potentialAction":[{"@type":"ReadAction","target":["https:\/\/www.pressenza.com\/es\/2022\/05\/intento-de-asesinato-o-autodefensa\/"]}]},{"@type":"ImageObject","inLanguage":"es","@id":"https:\/\/www.pressenza.com\/es\/2022\/05\/intento-de-asesinato-o-autodefensa\/#primaryimage","url":"https:\/\/www.pressenza.com\/wp-content\/uploads\/2022\/05\/card-campanha.jpg","contentUrl":"https:\/\/www.pressenza.com\/wp-content\/uploads\/2022\/05\/card-campanha.jpg","width":820,"height":577},{"@type":"BreadcrumbList","@id":"https:\/\/www.pressenza.com\/es\/2022\/05\/intento-de-asesinato-o-autodefensa\/#breadcrumb","itemListElement":[{"@type":"ListItem","position":1,"name":"Accueil","item":"https:\/\/www.pressenza.com\/es\/"},{"@type":"ListItem","position":2,"name":"\u00bfIntento de asesinato o autodefensa?"}]},{"@type":"WebSite","@id":"https:\/\/www.pressenza.com\/es\/#website","url":"https:\/\/www.pressenza.com\/es\/","name":"Pressenza","description":"International Press Agency","publisher":{"@id":"https:\/\/www.pressenza.com\/es\/#organization"},"potentialAction":[{"@type":"SearchAction","target":{"@type":"EntryPoint","urlTemplate":"https:\/\/www.pressenza.com\/es\/?s={search_term_string}"},"query-input":{"@type":"PropertyValueSpecification","valueRequired":true,"valueName":"search_term_string"}}],"inLanguage":"es"},{"@type":"Organization","@id":"https:\/\/www.pressenza.com\/es\/#organization","name":"Pressenza","url":"https:\/\/www.pressenza.com\/es\/","logo":{"@type":"ImageObject","inLanguage":"es","@id":"https:\/\/www.pressenza.com\/es\/#\/schema\/logo\/image\/","url":"https:\/\/www.pressenza.com\/wp-content\/uploads\/2022\/10\/pressenza_logo_200x200.jpg","contentUrl":"https:\/\/www.pressenza.com\/wp-content\/uploads\/2022\/10\/pressenza_logo_200x200.jpg","width":200,"height":200,"caption":"Pressenza"},"image":{"@id":"https:\/\/www.pressenza.com\/es\/#\/schema\/logo\/image\/"},"sameAs":["https:\/\/www.facebook.com\/PressenzaItalia","https:\/\/x.com\/PressenzaIPA"]},{"@type":"Person","@id":"https:\/\/www.pressenza.com\/es\/#\/schema\/person\/68c8edc34c1a97f71f905cdd5b164319","name":"Verbena C\u00f3rdula","description":"Graduada em Hist\u00f3ria, doutora em Hist\u00f3ria e Comunica\u00e7\u00e3o no Mundo Contempor\u00e2neo. Professora Titular da Universidade Estadual de Santa Cruz (UESC), Ilh\u00e9us BA. Pesquisa G\u00eanero e ra\u00e7a.","url":"https:\/\/www.pressenza.com\/es\/author\/verbena-cordula\/"}]}},"place":"Bah\u00eda, Brasil","original_article_url":"","_links":{"self":[{"href":"https:\/\/www.pressenza.com\/es\/wp-json\/wp\/v2\/posts\/1591460","targetHints":{"allow":["GET"]}}],"collection":[{"href":"https:\/\/www.pressenza.com\/es\/wp-json\/wp\/v2\/posts"}],"about":[{"href":"https:\/\/www.pressenza.com\/es\/wp-json\/wp\/v2\/types\/post"}],"author":[{"embeddable":true,"href":"https:\/\/www.pressenza.com\/es\/wp-json\/wp\/v2\/users\/1925"}],"replies":[{"embeddable":true,"href":"https:\/\/www.pressenza.com\/es\/wp-json\/wp\/v2\/comments?post=1591460"}],"version-history":[{"count":0,"href":"https:\/\/www.pressenza.com\/es\/wp-json\/wp\/v2\/posts\/1591460\/revisions"}],"wp:featuredmedia":[{"embeddable":true,"href":"https:\/\/www.pressenza.com\/es\/wp-json\/wp\/v2\/media\/1590630"}],"wp:attachment":[{"href":"https:\/\/www.pressenza.com\/es\/wp-json\/wp\/v2\/media?parent=1591460"}],"wp:term":[{"taxonomy":"category","embeddable":true,"href":"https:\/\/www.pressenza.com\/es\/wp-json\/wp\/v2\/categories?post=1591460"},{"taxonomy":"post_tag","embeddable":true,"href":"https:\/\/www.pressenza.com\/es\/wp-json\/wp\/v2\/tags?post=1591460"}],"curies":[{"name":"wp","href":"https:\/\/api.w.org\/{rel}","templated":true}]}}