{"id":1589795,"date":"2022-05-23T21:17:01","date_gmt":"2022-05-23T20:17:01","guid":{"rendered":"https:\/\/www.pressenza.com\/?p=1589795"},"modified":"2022-05-26T02:48:27","modified_gmt":"2022-05-26T01:48:27","slug":"la-brevedad-de-la-vida","status":"publish","type":"post","link":"https:\/\/www.pressenza.com\/es\/2022\/05\/la-brevedad-de-la-vida\/","title":{"rendered":"La brevedad de la vida"},"content":{"rendered":"<p><i><span style=\"vertical-align: inherit;\"><span style=\"vertical-align: inherit;\">Lo que las estad\u00edsticas no muestran: los efectos duraderos de la pobreza extrema.<\/span><\/span><\/i><\/p>\n<p><span style=\"vertical-align: inherit;\"><span style=\"vertical-align: inherit;\">Am\u00e9rica Latina es un continente rico. <\/span><span style=\"vertical-align: inherit;\">Eso lo sabemos cuando los medios nos ense\u00f1an la prosperidad de los m\u00e1s poderosos y del modo ma\u00f1osamente legalizado como se apropian de aquellos recursos vitales -como el agua, las tierras y los minerales- para explotarlos y construir sus grandes imperios. <\/span><span style=\"vertical-align: inherit;\">Todo ello, sostenido por la dependencia econ\u00f3mica de los sectores m\u00e1s necesitados. <\/span><span style=\"vertical-align: inherit;\">Los gobiernos, por su parte, son sus aliados incondicionales al haberse\u00a0 apoderado de los centros de control pol\u00edtico gracias a leyes casu\u00edsticas en las cuales no figuran\u00a0 l\u00edmites al financiamiento de sus campa\u00f1as ni a la manipulaci\u00f3n de la justicia. <\/span><span style=\"vertical-align: inherit;\">Agazapadas en la oscuridad, las organizaciones criminales se benefician de este singular sistema.<\/span><\/span><\/p>\n<p><span style=\"vertical-align: inherit;\"><span style=\"vertical-align: inherit;\">En estos para\u00edsos de corrupci\u00f3n, los m\u00e1s afectados son los ni\u00f1os, ni\u00f1as y adolescentes cuya existencia no marca prioridades en las agendas pol\u00edticas. <\/span><span style=\"vertical-align: inherit;\">Utilizados como instrumento emocional en las propuestas electorales, son relegados al \u00faltimo lugar de los programas gubernamentales porque, obviamente, no tienen voz ni voto como miembros de la sociedad. <\/span><span style=\"vertical-align: inherit;\">Este abandono tiene consecuencias de largo plazo; <\/span><span style=\"vertical-align: inherit;\">una de ellas es c\u00f3mo miles de ni\u00f1os y ni\u00f1as, condenados a la desnutrici\u00f3n, a la p\u00e9rdida de sus capacidades f\u00edsicas y mentales, a la violencia derivada de sus entornos de miseria, son expuestos a una vida breve. <\/span><span style=\"vertical-align: inherit;\">Adem\u00e1s de aquellos que perecen por falta de nutrientes, hay muchos m\u00e1s quienes, como resultado de esa condici\u00f3n, terminan sirviendo de mano de obra barata sin posibilidad alguna de progresar en la vida.<\/span><\/span><\/p>\n<p><span style=\"vertical-align: inherit;\"><span style=\"vertical-align: inherit;\">La respuesta a una cuesti\u00f3n tan obvia la tiene el sistema pol\u00edtico y la manera como se administra el Estado. <\/span><span style=\"vertical-align: inherit;\">La perspectiva, desde los estamentos pol\u00edticos, no ha alcanzado la madurez suficiente para consolidar pol\u00edticas p\u00fablicas fundamentales y presenta fuertes deficiencias en su visi\u00f3n humanitaria o como quiera se le llame al m\u00e1s elemental sentido de responsabilidad con respecto de las obligaciones hacia la poblaci\u00f3n m\u00e1s necesitada de ayuda. <\/span><span style=\"vertical-align: inherit;\">Por lo general, el t\u00edpico discurso pol\u00edtico sobre la desnutrici\u00f3n infantil se reduce a ense\u00f1ar cifras y a mostrar satisfacci\u00f3n si el porcentaje es uno o dos puntos menor que el a\u00f1o anterior; <\/span><span style=\"vertical-align: inherit;\">as\u00ed, el hecho de se\u00f1alar avances insignificantes les parece un \u00e9xito a\u00fan cuando el n\u00famero de ni\u00f1os muertos no tenga visos de desaparecer.<\/span><\/span><\/p>\n<p><span style=\"vertical-align: inherit;\"><span style=\"vertical-align: inherit;\">Se supone que luego de tantos estudios elaborados por los organismos internacionales, las secretar\u00edas, las comisiones y los expertos contratados para ejecutar los planes, a estas alturas podr\u00eda existir programas bien estructurados de tolerancia cero contra la desnutrici\u00f3n cr\u00f3nica a nivel continental, as\u00ed como asignaciones eficaces y transparentes de recursos con acciones orientadas hacia mejorar pol\u00edticas de desarrollo sostenible en las \u00e1reas de mayor incidencia.<\/span><\/span><\/p>\n<p><span style=\"vertical-align: inherit;\"><span style=\"vertical-align: inherit;\">Los par\u00e1metros de desarrollo -en pa\u00edses con riquezas tan enormes como sus sectores de pobreza- deber\u00edan estar sustentados en indicadores v\u00e1lidos y t\u00e9cnicamente correctos sobre pol\u00edticas para erradicar la desnutrici\u00f3n cr\u00f3nica infantil. <\/span><span style=\"vertical-align: inherit;\">Para ello, los programas de asistencia alimentaria deben independizarse de las estrategias propagand\u00edsticas gubernamentales y funcionar de manera conjunta con organizaciones de la sociedad civil que les sirvan de aval. <\/span><span style=\"vertical-align: inherit;\">La sociedad, si se involucra y desecha sus prejuicios, ser\u00eda capaz de cambiar esta atroz realidad de la infancia.<\/span><\/span><\/p>\n<p><b><i><span style=\"vertical-align: inherit;\"><span style=\"vertical-align: inherit;\">El hambre no es una maldici\u00f3n, es producto de la corrupci\u00f3n de los gobernantes.<\/span><\/span><\/i><\/b><\/p>\n<p><a href=\"mailto:elquintopatio@gmail.com\" target=\"_blank\" rel=\"noopener\"><span style=\"vertical-align: inherit;\"><span style=\"vertical-align: inherit;\">elquintopatio@gmail.com<\/span><\/span><\/a><span style=\"vertical-align: inherit;\"><span style=\"vertical-align: inherit;\"> \u00a0@carvasar<\/span><\/span><\/p>\n<p><a href=\"http:\/\/www.carolinavasquezaraya.com\/\" target=\"_blank\" rel=\"noopener\" data-saferedirecturl=\"https:\/\/www.google.com\/url?q=http:\/\/www.carolinavasquezaraya.com\/&amp;source=gmail&amp;ust=1653421557562000&amp;usg=AOvVaw01M2rLQkcfcbK7SWXPaQpG\"><span style=\"vertical-align: inherit;\"><span style=\"vertical-align: inherit;\">www.carolinavasquezaraya.com<\/span><\/span><\/a><\/p>\n<p>Fuente foto. CAAAP.<\/p>\n","protected":false},"excerpt":{"rendered":"<p>Lo que las estad\u00edsticas no muestran: los efectos duraderos de la pobreza extrema. Am\u00e9rica Latina es un continente rico. Eso lo sabemos cuando los medios nos ense\u00f1an la prosperidad de los m\u00e1s poderosos y del modo ma\u00f1osamente legalizado como se&hellip;<\/p>\n","protected":false},"author":1296,"featured_media":1589809,"comment_status":"closed","ping_status":"closed","sticky":false,"template":"","format":"standard","meta":{"footnotes":""},"categories":[76,11389,79,81,74,1239,67],"tags":[102202,102203,21256],"class_list":["post-1589795","post","type-post","status-publish","format-standard","has-post-thumbnail","hentry","category-relaciones-exteriores","category-contenido-original","category-derechos-humanos","category-economia-es","category-politica-es","category-salud","category-sudamerica","tag-desnutricion-infantil","tag-lucha-contra-la-desnutricion","tag-pobreza-extrema"],"yoast_head":"<!-- This site is optimized with the Yoast SEO plugin v27.1.1 - https:\/\/yoast.com\/product\/yoast-seo-wordpress\/ -->\n<title>La brevedad de la vida<\/title>\n<meta name=\"description\" content=\"Lo que las estad\u00edsticas no muestran: los efectos duraderos de la pobreza extrema. Am\u00e9rica Latina es un continente rico. Eso lo sabemos cuando los medios\" \/>\n<meta name=\"robots\" content=\"index, follow, max-snippet:-1, max-image-preview:large, max-video-preview:-1\" \/>\n<link rel=\"canonical\" href=\"https:\/\/www.pressenza.com\/es\/2022\/05\/la-brevedad-de-la-vida\/\" \/>\n<meta property=\"og:locale\" content=\"es_ES\" \/>\n<meta property=\"og:type\" content=\"article\" \/>\n<meta property=\"og:title\" content=\"La brevedad de la vida\" \/>\n<meta property=\"og:description\" content=\"Lo que las estad\u00edsticas no muestran: los efectos duraderos de la pobreza extrema. Am\u00e9rica Latina es un continente rico. Eso lo sabemos cuando los medios\" \/>\n<meta property=\"og:url\" content=\"https:\/\/www.pressenza.com\/es\/2022\/05\/la-brevedad-de-la-vida\/\" \/>\n<meta property=\"og:site_name\" content=\"Pressenza\" \/>\n<meta property=\"article:publisher\" content=\"https:\/\/www.facebook.com\/PressenzaItalia\" \/>\n<meta property=\"article:author\" content=\"https:\/\/www.facebook.com\/pages\/Carolina-V\u00e1squez-Araya\/241844515845237?fref=ts\" \/>\n<meta property=\"article:published_time\" content=\"2022-05-23T20:17:01+00:00\" \/>\n<meta property=\"article:modified_time\" content=\"2022-05-26T01:48:27+00:00\" \/>\n<meta property=\"og:image\" content=\"https:\/\/www.pressenza.com\/wp-content\/uploads\/2022\/05\/desnutricion-caaap.jpg\" \/>\n\t<meta property=\"og:image:width\" content=\"600\" \/>\n\t<meta property=\"og:image:height\" content=\"400\" \/>\n\t<meta property=\"og:image:type\" content=\"image\/jpeg\" \/>\n<meta name=\"author\" content=\"Carolina V\u00e1squez Araya\" \/>\n<meta name=\"twitter:card\" content=\"summary_large_image\" \/>\n<meta name=\"twitter:creator\" content=\"@carvasar\" \/>\n<meta name=\"twitter:site\" content=\"@PressenzaIPA\" \/>\n<meta name=\"twitter:label1\" content=\"Escrito por\" \/>\n\t<meta name=\"twitter:data1\" content=\"Carolina V\u00e1squez Araya\" \/>\n\t<meta name=\"twitter:label2\" content=\"Tiempo de lectura\" \/>\n\t<meta name=\"twitter:data2\" content=\"3 minutos\" \/>\n<script type=\"application\/ld+json\" class=\"yoast-schema-graph\">{\"@context\":\"https:\/\/schema.org\",\"@graph\":[{\"@type\":\"Article\",\"@id\":\"https:\/\/www.pressenza.com\/es\/2022\/05\/la-brevedad-de-la-vida\/#article\",\"isPartOf\":{\"@id\":\"https:\/\/www.pressenza.com\/es\/2022\/05\/la-brevedad-de-la-vida\/\"},\"author\":{\"name\":\"Carolina V\u00e1squez Araya\",\"@id\":\"https:\/\/www.pressenza.com\/es\/#\/schema\/person\/6936ca3bb8dee618b5cdfd0e4427cdd6\"},\"headline\":\"La brevedad de la vida\",\"datePublished\":\"2022-05-23T20:17:01+00:00\",\"dateModified\":\"2022-05-26T01:48:27+00:00\",\"mainEntityOfPage\":{\"@id\":\"https:\/\/www.pressenza.com\/es\/2022\/05\/la-brevedad-de-la-vida\/\"},\"wordCount\":618,\"publisher\":{\"@id\":\"https:\/\/www.pressenza.com\/es\/#organization\"},\"image\":{\"@id\":\"https:\/\/www.pressenza.com\/es\/2022\/05\/la-brevedad-de-la-vida\/#primaryimage\"},\"thumbnailUrl\":\"https:\/\/www.pressenza.com\/wp-content\/uploads\/2022\/05\/desnutricion-caaap.jpg\",\"keywords\":[\"desnutrici\u00f3n infantil\",\"lucha contra la desnutrici\u00f3n\",\"Pobreza extrema\"],\"articleSection\":[\"Asuntos internacionales\",\"Contenido Original\",\"Derechos Humanos\",\"Econom\u00eda\",\"Pol\u00edtica\",\"Salud\",\"Sudam\u00e9rica\"],\"inLanguage\":\"es\"},{\"@type\":\"WebPage\",\"@id\":\"https:\/\/www.pressenza.com\/es\/2022\/05\/la-brevedad-de-la-vida\/\",\"url\":\"https:\/\/www.pressenza.com\/es\/2022\/05\/la-brevedad-de-la-vida\/\",\"name\":\"La brevedad de la vida\",\"isPartOf\":{\"@id\":\"https:\/\/www.pressenza.com\/es\/#website\"},\"primaryImageOfPage\":{\"@id\":\"https:\/\/www.pressenza.com\/es\/2022\/05\/la-brevedad-de-la-vida\/#primaryimage\"},\"image\":{\"@id\":\"https:\/\/www.pressenza.com\/es\/2022\/05\/la-brevedad-de-la-vida\/#primaryimage\"},\"thumbnailUrl\":\"https:\/\/www.pressenza.com\/wp-content\/uploads\/2022\/05\/desnutricion-caaap.jpg\",\"datePublished\":\"2022-05-23T20:17:01+00:00\",\"dateModified\":\"2022-05-26T01:48:27+00:00\",\"description\":\"Lo que las estad\u00edsticas no muestran: los efectos duraderos de la pobreza extrema. Am\u00e9rica Latina es un continente rico. Eso lo sabemos cuando los medios\",\"breadcrumb\":{\"@id\":\"https:\/\/www.pressenza.com\/es\/2022\/05\/la-brevedad-de-la-vida\/#breadcrumb\"},\"inLanguage\":\"es\",\"potentialAction\":[{\"@type\":\"ReadAction\",\"target\":[\"https:\/\/www.pressenza.com\/es\/2022\/05\/la-brevedad-de-la-vida\/\"]}]},{\"@type\":\"ImageObject\",\"inLanguage\":\"es\",\"@id\":\"https:\/\/www.pressenza.com\/es\/2022\/05\/la-brevedad-de-la-vida\/#primaryimage\",\"url\":\"https:\/\/www.pressenza.com\/wp-content\/uploads\/2022\/05\/desnutricion-caaap.jpg\",\"contentUrl\":\"https:\/\/www.pressenza.com\/wp-content\/uploads\/2022\/05\/desnutricion-caaap.jpg\",\"width\":600,\"height\":400},{\"@type\":\"BreadcrumbList\",\"@id\":\"https:\/\/www.pressenza.com\/es\/2022\/05\/la-brevedad-de-la-vida\/#breadcrumb\",\"itemListElement\":[{\"@type\":\"ListItem\",\"position\":1,\"name\":\"Accueil\",\"item\":\"https:\/\/www.pressenza.com\/es\/\"},{\"@type\":\"ListItem\",\"position\":2,\"name\":\"La brevedad de la vida\"}]},{\"@type\":\"WebSite\",\"@id\":\"https:\/\/www.pressenza.com\/es\/#website\",\"url\":\"https:\/\/www.pressenza.com\/es\/\",\"name\":\"Pressenza\",\"description\":\"International Press Agency\",\"publisher\":{\"@id\":\"https:\/\/www.pressenza.com\/es\/#organization\"},\"potentialAction\":[{\"@type\":\"SearchAction\",\"target\":{\"@type\":\"EntryPoint\",\"urlTemplate\":\"https:\/\/www.pressenza.com\/es\/?s={search_term_string}\"},\"query-input\":{\"@type\":\"PropertyValueSpecification\",\"valueRequired\":true,\"valueName\":\"search_term_string\"}}],\"inLanguage\":\"es\"},{\"@type\":\"Organization\",\"@id\":\"https:\/\/www.pressenza.com\/es\/#organization\",\"name\":\"Pressenza\",\"url\":\"https:\/\/www.pressenza.com\/es\/\",\"logo\":{\"@type\":\"ImageObject\",\"inLanguage\":\"es\",\"@id\":\"https:\/\/www.pressenza.com\/es\/#\/schema\/logo\/image\/\",\"url\":\"https:\/\/www.pressenza.com\/wp-content\/uploads\/2022\/10\/pressenza_logo_200x200.jpg\",\"contentUrl\":\"https:\/\/www.pressenza.com\/wp-content\/uploads\/2022\/10\/pressenza_logo_200x200.jpg\",\"width\":200,\"height\":200,\"caption\":\"Pressenza\"},\"image\":{\"@id\":\"https:\/\/www.pressenza.com\/es\/#\/schema\/logo\/image\/\"},\"sameAs\":[\"https:\/\/www.facebook.com\/PressenzaItalia\",\"https:\/\/x.com\/PressenzaIPA\"]},{\"@type\":\"Person\",\"@id\":\"https:\/\/www.pressenza.com\/es\/#\/schema\/person\/6936ca3bb8dee618b5cdfd0e4427cdd6\",\"name\":\"Carolina V\u00e1squez Araya\",\"description\":\"Periodista y editora con m\u00e1s de 30 a\u00f1os de experiencia, cuyos logros profesionales en el desarrollo de proyectos de gran \u00e9xito avalan sus cualidades de liderazgo, creatividad y relaciones p\u00fablicas. Ha aportado sus conocimientos en proyectos de organizaciones con intereses orientados al desarrollo social, cultural y econ\u00f3mico del pa\u00eds, con especial \u00e9nfasis en el sector de cultura y educaci\u00f3n, emprendimiento, derechos humanos, justicia, ambiente, mujeres y ni\u00f1ez. Chilena en Guatemala. elquintopatio.wordpress.com\",\"sameAs\":[\"https:\/\/www.facebook.com\/pages\/Carolina-V\u00e1squez-Araya\/241844515845237?fref=ts\",\"https:\/\/x.com\/carvasar\"],\"url\":\"https:\/\/www.pressenza.com\/es\/author\/carolina-vasquez-araya\/\"}]}<\/script>\n<!-- \/ Yoast SEO plugin. -->","yoast_head_json":{"title":"La brevedad de la vida","description":"Lo que las estad\u00edsticas no muestran: los efectos duraderos de la pobreza extrema. Am\u00e9rica Latina es un continente rico. Eso lo sabemos cuando los medios","robots":{"index":"index","follow":"follow","max-snippet":"max-snippet:-1","max-image-preview":"max-image-preview:large","max-video-preview":"max-video-preview:-1"},"canonical":"https:\/\/www.pressenza.com\/es\/2022\/05\/la-brevedad-de-la-vida\/","og_locale":"es_ES","og_type":"article","og_title":"La brevedad de la vida","og_description":"Lo que las estad\u00edsticas no muestran: los efectos duraderos de la pobreza extrema. Am\u00e9rica Latina es un continente rico. Eso lo sabemos cuando los medios","og_url":"https:\/\/www.pressenza.com\/es\/2022\/05\/la-brevedad-de-la-vida\/","og_site_name":"Pressenza","article_publisher":"https:\/\/www.facebook.com\/PressenzaItalia","article_author":"https:\/\/www.facebook.com\/pages\/Carolina-V\u00e1squez-Araya\/241844515845237?fref=ts","article_published_time":"2022-05-23T20:17:01+00:00","article_modified_time":"2022-05-26T01:48:27+00:00","og_image":[{"width":600,"height":400,"url":"https:\/\/www.pressenza.com\/wp-content\/uploads\/2022\/05\/desnutricion-caaap.jpg","type":"image\/jpeg"}],"author":"Carolina V\u00e1squez Araya","twitter_card":"summary_large_image","twitter_creator":"@carvasar","twitter_site":"@PressenzaIPA","twitter_misc":{"Escrito por":"Carolina V\u00e1squez Araya","Tiempo de lectura":"3 minutos"},"schema":{"@context":"https:\/\/schema.org","@graph":[{"@type":"Article","@id":"https:\/\/www.pressenza.com\/es\/2022\/05\/la-brevedad-de-la-vida\/#article","isPartOf":{"@id":"https:\/\/www.pressenza.com\/es\/2022\/05\/la-brevedad-de-la-vida\/"},"author":{"name":"Carolina V\u00e1squez Araya","@id":"https:\/\/www.pressenza.com\/es\/#\/schema\/person\/6936ca3bb8dee618b5cdfd0e4427cdd6"},"headline":"La brevedad de la vida","datePublished":"2022-05-23T20:17:01+00:00","dateModified":"2022-05-26T01:48:27+00:00","mainEntityOfPage":{"@id":"https:\/\/www.pressenza.com\/es\/2022\/05\/la-brevedad-de-la-vida\/"},"wordCount":618,"publisher":{"@id":"https:\/\/www.pressenza.com\/es\/#organization"},"image":{"@id":"https:\/\/www.pressenza.com\/es\/2022\/05\/la-brevedad-de-la-vida\/#primaryimage"},"thumbnailUrl":"https:\/\/www.pressenza.com\/wp-content\/uploads\/2022\/05\/desnutricion-caaap.jpg","keywords":["desnutrici\u00f3n infantil","lucha contra la desnutrici\u00f3n","Pobreza extrema"],"articleSection":["Asuntos internacionales","Contenido Original","Derechos Humanos","Econom\u00eda","Pol\u00edtica","Salud","Sudam\u00e9rica"],"inLanguage":"es"},{"@type":"WebPage","@id":"https:\/\/www.pressenza.com\/es\/2022\/05\/la-brevedad-de-la-vida\/","url":"https:\/\/www.pressenza.com\/es\/2022\/05\/la-brevedad-de-la-vida\/","name":"La brevedad de la vida","isPartOf":{"@id":"https:\/\/www.pressenza.com\/es\/#website"},"primaryImageOfPage":{"@id":"https:\/\/www.pressenza.com\/es\/2022\/05\/la-brevedad-de-la-vida\/#primaryimage"},"image":{"@id":"https:\/\/www.pressenza.com\/es\/2022\/05\/la-brevedad-de-la-vida\/#primaryimage"},"thumbnailUrl":"https:\/\/www.pressenza.com\/wp-content\/uploads\/2022\/05\/desnutricion-caaap.jpg","datePublished":"2022-05-23T20:17:01+00:00","dateModified":"2022-05-26T01:48:27+00:00","description":"Lo que las estad\u00edsticas no muestran: los efectos duraderos de la pobreza extrema. Am\u00e9rica Latina es un continente rico. Eso lo sabemos cuando los medios","breadcrumb":{"@id":"https:\/\/www.pressenza.com\/es\/2022\/05\/la-brevedad-de-la-vida\/#breadcrumb"},"inLanguage":"es","potentialAction":[{"@type":"ReadAction","target":["https:\/\/www.pressenza.com\/es\/2022\/05\/la-brevedad-de-la-vida\/"]}]},{"@type":"ImageObject","inLanguage":"es","@id":"https:\/\/www.pressenza.com\/es\/2022\/05\/la-brevedad-de-la-vida\/#primaryimage","url":"https:\/\/www.pressenza.com\/wp-content\/uploads\/2022\/05\/desnutricion-caaap.jpg","contentUrl":"https:\/\/www.pressenza.com\/wp-content\/uploads\/2022\/05\/desnutricion-caaap.jpg","width":600,"height":400},{"@type":"BreadcrumbList","@id":"https:\/\/www.pressenza.com\/es\/2022\/05\/la-brevedad-de-la-vida\/#breadcrumb","itemListElement":[{"@type":"ListItem","position":1,"name":"Accueil","item":"https:\/\/www.pressenza.com\/es\/"},{"@type":"ListItem","position":2,"name":"La brevedad de la vida"}]},{"@type":"WebSite","@id":"https:\/\/www.pressenza.com\/es\/#website","url":"https:\/\/www.pressenza.com\/es\/","name":"Pressenza","description":"International Press Agency","publisher":{"@id":"https:\/\/www.pressenza.com\/es\/#organization"},"potentialAction":[{"@type":"SearchAction","target":{"@type":"EntryPoint","urlTemplate":"https:\/\/www.pressenza.com\/es\/?s={search_term_string}"},"query-input":{"@type":"PropertyValueSpecification","valueRequired":true,"valueName":"search_term_string"}}],"inLanguage":"es"},{"@type":"Organization","@id":"https:\/\/www.pressenza.com\/es\/#organization","name":"Pressenza","url":"https:\/\/www.pressenza.com\/es\/","logo":{"@type":"ImageObject","inLanguage":"es","@id":"https:\/\/www.pressenza.com\/es\/#\/schema\/logo\/image\/","url":"https:\/\/www.pressenza.com\/wp-content\/uploads\/2022\/10\/pressenza_logo_200x200.jpg","contentUrl":"https:\/\/www.pressenza.com\/wp-content\/uploads\/2022\/10\/pressenza_logo_200x200.jpg","width":200,"height":200,"caption":"Pressenza"},"image":{"@id":"https:\/\/www.pressenza.com\/es\/#\/schema\/logo\/image\/"},"sameAs":["https:\/\/www.facebook.com\/PressenzaItalia","https:\/\/x.com\/PressenzaIPA"]},{"@type":"Person","@id":"https:\/\/www.pressenza.com\/es\/#\/schema\/person\/6936ca3bb8dee618b5cdfd0e4427cdd6","name":"Carolina V\u00e1squez Araya","description":"Periodista y editora con m\u00e1s de 30 a\u00f1os de experiencia, cuyos logros profesionales en el desarrollo de proyectos de gran \u00e9xito avalan sus cualidades de liderazgo, creatividad y relaciones p\u00fablicas. Ha aportado sus conocimientos en proyectos de organizaciones con intereses orientados al desarrollo social, cultural y econ\u00f3mico del pa\u00eds, con especial \u00e9nfasis en el sector de cultura y educaci\u00f3n, emprendimiento, derechos humanos, justicia, ambiente, mujeres y ni\u00f1ez. Chilena en Guatemala. elquintopatio.wordpress.com","sameAs":["https:\/\/www.facebook.com\/pages\/Carolina-V\u00e1squez-Araya\/241844515845237?fref=ts","https:\/\/x.com\/carvasar"],"url":"https:\/\/www.pressenza.com\/es\/author\/carolina-vasquez-araya\/"}]}},"place":"Cuenca, Ecuador","original_article_url":"","_links":{"self":[{"href":"https:\/\/www.pressenza.com\/es\/wp-json\/wp\/v2\/posts\/1589795","targetHints":{"allow":["GET"]}}],"collection":[{"href":"https:\/\/www.pressenza.com\/es\/wp-json\/wp\/v2\/posts"}],"about":[{"href":"https:\/\/www.pressenza.com\/es\/wp-json\/wp\/v2\/types\/post"}],"author":[{"embeddable":true,"href":"https:\/\/www.pressenza.com\/es\/wp-json\/wp\/v2\/users\/1296"}],"replies":[{"embeddable":true,"href":"https:\/\/www.pressenza.com\/es\/wp-json\/wp\/v2\/comments?post=1589795"}],"version-history":[{"count":0,"href":"https:\/\/www.pressenza.com\/es\/wp-json\/wp\/v2\/posts\/1589795\/revisions"}],"wp:featuredmedia":[{"embeddable":true,"href":"https:\/\/www.pressenza.com\/es\/wp-json\/wp\/v2\/media\/1589809"}],"wp:attachment":[{"href":"https:\/\/www.pressenza.com\/es\/wp-json\/wp\/v2\/media?parent=1589795"}],"wp:term":[{"taxonomy":"category","embeddable":true,"href":"https:\/\/www.pressenza.com\/es\/wp-json\/wp\/v2\/categories?post=1589795"},{"taxonomy":"post_tag","embeddable":true,"href":"https:\/\/www.pressenza.com\/es\/wp-json\/wp\/v2\/tags?post=1589795"}],"curies":[{"name":"wp","href":"https:\/\/api.w.org\/{rel}","templated":true}]}}