{"id":1586320,"date":"2022-05-18T14:13:58","date_gmt":"2022-05-18T13:13:58","guid":{"rendered":"https:\/\/www.pressenza.com\/?p=1586320"},"modified":"2022-05-18T14:13:58","modified_gmt":"2022-05-18T13:13:58","slug":"turquia-a-mares-revueltos","status":"publish","type":"post","link":"https:\/\/www.pressenza.com\/es\/2022\/05\/turquia-a-mares-revueltos\/","title":{"rendered":"Turqu\u00eda: a mares revueltos\u2026"},"content":{"rendered":"<p><em><strong>por Adrian Mac Liman<\/strong><\/em><\/p>\n<p style=\"font-weight: 400;\">El presidente turco, Recep Tayyip Erdogan, aprovech\u00f3 la celebraci\u00f3n del D\u00eda de Europa para enviar un resolutivo mensaje a la Uni\u00f3n Europea. En realidad, no es la primera vez que Ankara se dirige al\u00a0<em>club de Bruselas\u00a0<\/em>con la solicitud de acelerar los tr\u00e1mites de adhesi\u00f3n, ni es la primera vez que recibe la callada por respuesta. Aparentemente, Turqu\u00eda no figura en la lista de prioridades de los\u00a0<em>eur\u00f3cratas,\u00a0<\/em>empe\u00f1ados a solucionar, cr\u00e9ditos y armas mediante, el acuciante problema que plantea la pugna entre Kiev y Mosc\u00fa.\u00a0<em>\u00a0<\/em><\/p>\n<p style=\"font-weight: 400;\">Pero Erdogan trata de poner los puntos sobre las\u00a0<em>\u00edes.<\/em>\u00a0La inestable situaci\u00f3n pol\u00edtica derivada de la guerra-invasi\u00f3n de Ucrania, la perspectiva de una crisis energ\u00e9tica y alimentaria mundial, la amenaza de un enfrentamiento generalizado que podr\u00eda desembocar en un conflicto nuclear, son elementos que deber\u00edan hacernos recapacitar sobre el porvenir de nuestras alianzas estrat\u00e9gicas, las ventajas o inconvenientes de contemplar nuevas ampliaciones de la familia comunitaria.<\/p>\n<p style=\"font-weight: 400;\">El\u00a0<em>sult\u00e1n\u00a0<\/em>aduce argumentos de peso, como la importancia estrat\u00e9gica de Turqu\u00eda para la UE en materia de seguridad, migraci\u00f3n, energ\u00eda o cadenas de suministro, aspectos que recobran mayor relevancia desde el inicio del conflicto de Europa oriental. Turqu\u00eda ha esperado mucho desde 1999, fecha en la que la UE acept\u00f3 oficialmente su candidatura para el ingreso en la Uni\u00f3n. Fue la culminaci\u00f3n de un proceso iniciado a mediados de la d\u00e9cada de los 60 del pasado siglo, cuando el pa\u00eds moderno creado por Mustaf\u00e1 Kemal Atat\u00fcrk inici\u00f3 su acercamiento a las instituciones europeas. Ankara trat\u00f3 de sortear los obst\u00e1culos, m\u00e1s econ\u00f3micos que pol\u00edticos, que entorpec\u00edan la marcha hacia la meta. Las m\u00faltiples crisis le obligaron buscar otras v\u00edas de integraci\u00f3n, m\u00e1s acordes con la tradici\u00f3n hist\u00f3rica del Estado otomano. Se baraj\u00f3 la posibilidad de lanzar una ofensiva diplom\u00e1tica en Asia Central y la regi\u00f3n de Oriente Medio, tratando de reanudar los lazos con los antiguos feudos del Imperio Otomano. La opci\u00f3n geopol\u00edtica, el\u00a0<em>nuevo otomanismo,\u00a0<\/em>que<em>\u00a0<\/em>contempla la recuperaci\u00f3n de los territorios administrados durante siglos por los sultanes de Constantinopla, se convirti\u00f3 en el caballo de batalla del islamista Erdogan. El\u00a0<em>nuevo otomanismo\u00a0<\/em>es, sin duda, una doctrina muy parecida a la de Vlad\u00edmir Putin, que sue\u00f1a con la recomposici\u00f3n de la Rusia de los zares. Menos directo, Erdogan prefiere obrar con m\u00e1s cautela.<\/p>\n<p style=\"font-weight: 400;\">Sin embargo, en los \u00faltimos a\u00f1os, el l\u00edder turco apost\u00f3 por una mayor visibilidad, por m\u00e1s protagonismo a nivel internacional. En los \u00faltimos viajes oficiales, Erdogan se dedic\u00f3 a criticar al\u00a0<em>pu\u00f1ado de pa\u00edses\u00a0<\/em>victoriosos en la Segunda Guerra Mundial, l\u00e9ase miembros permanentes del Consejo de Seguridad de las Naciones Unidas, que siguen controlando los destinos del planeta.<\/p>\n<p style=\"font-weight: 400;\">Es cierto: hace tiempo se est\u00e1 gestando un cambio en el orden mundial. Occidente ha dejado de tener el poder econ\u00f3mico y militar que ostentaba tras el derrumbe de la URSS. Sin embargo, Rusia es la \u00fanica naci\u00f3n que sigue plant\u00e1ndole cara a la globalizaci\u00f3n. De manera indirecta, claro est\u00e1; la confrontaci\u00f3n abierta entre las supergrandes parece, hoy por hoy, inconcebible. Para potencias intermedias, como Turqu\u00eda, resulta sumamente dif\u00edcil mantener el equilibrio a la hora de tratar con el Kremlin o la Casa Blanca, rivales ambos muy exigentes, que tratan de imponer normas de conducta inaceptables para los herederos de la tradici\u00f3n otomana.<\/p>\n<p style=\"font-weight: 400;\">Rusia juega la carta de la vecindad, los antecedentes hist\u00f3ricos y los intereses comunes o convergentes en Asia y la regi\u00f3n del C\u00e1ucaso. Por su parte, Norteam\u00e9rica apuesta por la pertenencia de Turqu\u00eda a la Alianza Atl\u00e1ntica, su situaci\u00f3n estrat\u00e9gica, la cooperaci\u00f3n militar y el apoyo \u2013 directo o indirecto \u2013 a la econom\u00eda y las finanzas del Estado turco. A cambio, exige disciplina, por no decir, sumisi\u00f3n en las relaciones bilaterales. Algo dif\u00edcil de imaginar en tiempos de paz y, a\u00fan m\u00e1s, en tiempo de guerra. Las \u00faltimas medidas adoptadas por la Casa Blanca y la OTAN \u2013 cierre del B\u00f3sforo para el tr\u00e1nsito de barcos de guerra rusos, creaci\u00f3n de brigadas de intervenci\u00f3n r\u00e1pida ubicadas en Bulgaria y Ruman\u00eda, integraci\u00f3n inminente en la Alianza de Finlandia y Suecia &#8211; no resultan del agrado de las autoridades turcas. Pero ser\u00eda inconcebible rebelarse contra las decisiones de Washington. En estas circunstancias, queda la alternativa de jugar a fondo\u2026 la carta de Europa.<\/p>\n<p style=\"font-weight: 400;\">Pero \u00a1oh, desilusi\u00f3n! Los europeos no cuentan con Turqu\u00eda a la hora de elaborar sus planes estrat\u00e9gicos. La\u00a0<em>br\u00fajula de seguridad<\/em>\u00a0comunitaria, aprobada el 21 de marzo por Bruselas, que describe las medidas que tomar\u00e1n los 27 miembros para defenderse de las nuevas amenazas y desaf\u00edos en la regi\u00f3n del Mediterr\u00e1neo, hace caso omiso de la presencia de Turqu\u00eda y la Rep\u00fablica Turca de Chipre Norte en la zona. Una\u00a0<em>estrechez de miras,\u00a0<\/em>estiman los responsables de la pol\u00edtica geoestrat\u00e9gica de Ankara. Estrechez de miras u olvido deliberado; Turqu\u00eda queda excluida de los planes de defensa comunitarios. Cierto es que el Mediterr\u00e1neo ha sido hist\u00f3ricamente escenario de enfrentamiento entre la flota de los sultanes de Constantinopla y los barcos de guerra de la Liga Cristiana. Otros tiempos, dir\u00e1n algunos. \u00bfOtros tiempos?<\/p>\n<p style=\"font-weight: 400;\">Huelga decir que la\u00a0<em>br\u00fajula de seguridad\u00a0<\/em>de la UE contempla la creaci\u00f3n de un cuerpo de intervenci\u00f3n integrado por 5.000\u00a0<em>funcionarios\u00a0<\/em>(en realidad, militares) llamados a realizar maniobras en tierra, mar y aire.\u00a0 Los turcos lamentan haberse enterado de su creaci\u00f3n de la\u00a0<em>br\u00fajula\u00a0<\/em>a trav\u00e9s de los noticiarios.<\/p>\n<p style=\"font-weight: 400;\">M\u00e1s inquietante podr\u00eda parecernos la evoluci\u00f3n de la conflictividad en el Mar Negro. La Convenci\u00f3n de Montreux de 1936 sobre el paso de los estrechos otorga a Turqu\u00eda la vigilancia de los Dardanelos y el B\u00f3sforo, as\u00ed como la prerrogativa de facilitar o rechazar el paso de barcos de guerra de pa\u00edses no pertenecientes a la zona. Hasta finales de la pasada d\u00e9cada, se toleraba la presencia en las aguas del Mar Negro de uno o dos buques de guerra pertenecientes a la Alianza Atl\u00e1ntica. Anclados en las instalaciones navales turcas, b\u00falgaras o rumanas, los barcos estadounidenses, franceses o neerlandeses procuraban esquivar la vigilancia de la Armada rusa. El Kremlin condenaba sistem\u00e1ticamente su intrusi\u00f3n en un per\u00edmetro reservado hist\u00f3ricamente a la flotilla de los zares. Pero s\u00ed, los tiempos cambian; hoy en d\u00eda, la Casa Blanca exige a Turqu\u00eda prohibir el tr\u00e1nsito de los nav\u00edos de guerra rusos por el B\u00f3sforo. Misi\u00f3n bastante desagradable para los cancerberos de los estrechos.<\/p>\n<p style=\"font-weight: 400;\">Prohibir el paso de los barcos de guerra rusos, facilitar el tr\u00e1nsito de cargueros que transportan toneladas de trigo, harina, aceite de girasol, petr\u00f3leo y otras mercanc\u00edas procedentes de Rusia o de Ucrania, convertir los estrechos en puestos de aduanas que separan los dos mundos\u2026 Triste y arriesgada misi\u00f3n para los herederos del Imperio Otomano, partidarios de la integraci\u00f3n regional y la cooperaci\u00f3n internacional.<\/p>\n<p style=\"font-weight: 400;\">Pero es cierto: los tiempos han cambiado.<\/p>\n","protected":false},"excerpt":{"rendered":"<p>por Adrian Mac Liman El presidente turco, Recep Tayyip Erdogan, aprovech\u00f3 la celebraci\u00f3n del D\u00eda de Europa para enviar un resolutivo mensaje a la Uni\u00f3n Europea. En realidad, no es la primera vez que Ankara se dirige al\u00a0club de Bruselas\u00a0con&hellip;<\/p>\n","protected":false},"author":87,"featured_media":1586323,"comment_status":"closed","ping_status":"closed","sticky":false,"template":"","format":"standard","meta":{"footnotes":""},"categories":[76,66,39,71,54574,1243],"tags":[102086,54175,924,71138,3021,4817],"class_list":["post-1586320","post","type-post","status-publish","format-standard","has-post-thumbnail","hentry","category-relaciones-exteriores","category-europa-es","category-internacional","category-medio-oriente-es","category-migrantes-es","category-paz-desarme","tag-bosforo-es","tag-migrantes-es","tag-otan","tag-recep-tayyip-erdogan-es","tag-turquia","tag-union-europea"],"yoast_head":"<!-- This site is optimized with the Yoast SEO plugin v27.1.1 - https:\/\/yoast.com\/product\/yoast-seo-wordpress\/ -->\n<title>Turqu\u00eda: a mares revueltos\u2026<\/title>\n<meta name=\"description\" content=\"por Adrian Mac Liman El presidente turco, Recep Tayyip Erdogan, aprovech\u00f3 la celebraci\u00f3n del D\u00eda de Europa para enviar un resolutivo mensaje a la Uni\u00f3n\" \/>\n<meta name=\"robots\" content=\"index, follow, max-snippet:-1, max-image-preview:large, max-video-preview:-1\" \/>\n<link rel=\"canonical\" href=\"https:\/\/www.pressenza.com\/es\/2022\/05\/turquia-a-mares-revueltos\/\" \/>\n<meta property=\"og:locale\" content=\"es_ES\" \/>\n<meta property=\"og:type\" content=\"article\" \/>\n<meta property=\"og:title\" content=\"Turqu\u00eda: a mares revueltos\u2026\" \/>\n<meta property=\"og:description\" content=\"por Adrian Mac Liman El presidente turco, Recep Tayyip Erdogan, aprovech\u00f3 la celebraci\u00f3n del D\u00eda de Europa para enviar un resolutivo mensaje a la Uni\u00f3n\" \/>\n<meta property=\"og:url\" content=\"https:\/\/www.pressenza.com\/es\/2022\/05\/turquia-a-mares-revueltos\/\" \/>\n<meta property=\"og:site_name\" content=\"Pressenza\" \/>\n<meta property=\"article:publisher\" content=\"https:\/\/www.facebook.com\/PressenzaItalia\" \/>\n<meta property=\"article:published_time\" content=\"2022-05-18T13:13:58+00:00\" \/>\n<meta property=\"og:image\" content=\"https:\/\/www.pressenza.com\/wp-content\/uploads\/2022\/05\/ship-2359663_1280.jpg\" \/>\n\t<meta property=\"og:image:width\" content=\"1280\" \/>\n\t<meta property=\"og:image:height\" content=\"853\" \/>\n\t<meta property=\"og:image:type\" content=\"image\/jpeg\" \/>\n<meta name=\"author\" content=\"Redacci\u00f3n Argentina\" \/>\n<meta name=\"twitter:card\" content=\"summary_large_image\" \/>\n<meta name=\"twitter:creator\" content=\"@pressenza\" \/>\n<meta name=\"twitter:site\" content=\"@PressenzaIPA\" \/>\n<meta name=\"twitter:label1\" content=\"Escrito por\" \/>\n\t<meta name=\"twitter:data1\" content=\"Redacci\u00f3n Argentina\" \/>\n\t<meta name=\"twitter:label2\" content=\"Tiempo de lectura\" \/>\n\t<meta name=\"twitter:data2\" content=\"6 minutos\" \/>\n<script type=\"application\/ld+json\" class=\"yoast-schema-graph\">{\"@context\":\"https:\/\/schema.org\",\"@graph\":[{\"@type\":\"Article\",\"@id\":\"https:\/\/www.pressenza.com\/es\/2022\/05\/turquia-a-mares-revueltos\/#article\",\"isPartOf\":{\"@id\":\"https:\/\/www.pressenza.com\/es\/2022\/05\/turquia-a-mares-revueltos\/\"},\"author\":{\"name\":\"Redacci\u00f3n Argentina\",\"@id\":\"https:\/\/www.pressenza.com\/es\/#\/schema\/person\/0dda7d1b68267ad95b1e1d83abc98c89\"},\"headline\":\"Turqu\u00eda: a mares revueltos\u2026\",\"datePublished\":\"2022-05-18T13:13:58+00:00\",\"mainEntityOfPage\":{\"@id\":\"https:\/\/www.pressenza.com\/es\/2022\/05\/turquia-a-mares-revueltos\/\"},\"wordCount\":1245,\"publisher\":{\"@id\":\"https:\/\/www.pressenza.com\/es\/#organization\"},\"image\":{\"@id\":\"https:\/\/www.pressenza.com\/es\/2022\/05\/turquia-a-mares-revueltos\/#primaryimage\"},\"thumbnailUrl\":\"https:\/\/www.pressenza.com\/wp-content\/uploads\/2022\/05\/ship-2359663_1280.jpg\",\"keywords\":[\"Bosforo\",\"migrantes\",\"OTAN\",\"Recep Tayyip Erdogan\",\"Turqu\u00eda\",\"Uni\u00f3n Europea\"],\"articleSection\":[\"Asuntos internacionales\",\"Europa\",\"Internacional\",\"Medio Oriente\",\"Migrantes\",\"Paz y Desarme\"],\"inLanguage\":\"es\"},{\"@type\":\"WebPage\",\"@id\":\"https:\/\/www.pressenza.com\/es\/2022\/05\/turquia-a-mares-revueltos\/\",\"url\":\"https:\/\/www.pressenza.com\/es\/2022\/05\/turquia-a-mares-revueltos\/\",\"name\":\"Turqu\u00eda: a mares revueltos\u2026\",\"isPartOf\":{\"@id\":\"https:\/\/www.pressenza.com\/es\/#website\"},\"primaryImageOfPage\":{\"@id\":\"https:\/\/www.pressenza.com\/es\/2022\/05\/turquia-a-mares-revueltos\/#primaryimage\"},\"image\":{\"@id\":\"https:\/\/www.pressenza.com\/es\/2022\/05\/turquia-a-mares-revueltos\/#primaryimage\"},\"thumbnailUrl\":\"https:\/\/www.pressenza.com\/wp-content\/uploads\/2022\/05\/ship-2359663_1280.jpg\",\"datePublished\":\"2022-05-18T13:13:58+00:00\",\"description\":\"por Adrian Mac Liman El presidente turco, Recep Tayyip Erdogan, aprovech\u00f3 la celebraci\u00f3n del D\u00eda de Europa para enviar un resolutivo mensaje a la Uni\u00f3n\",\"breadcrumb\":{\"@id\":\"https:\/\/www.pressenza.com\/es\/2022\/05\/turquia-a-mares-revueltos\/#breadcrumb\"},\"inLanguage\":\"es\",\"potentialAction\":[{\"@type\":\"ReadAction\",\"target\":[\"https:\/\/www.pressenza.com\/es\/2022\/05\/turquia-a-mares-revueltos\/\"]}]},{\"@type\":\"ImageObject\",\"inLanguage\":\"es\",\"@id\":\"https:\/\/www.pressenza.com\/es\/2022\/05\/turquia-a-mares-revueltos\/#primaryimage\",\"url\":\"https:\/\/www.pressenza.com\/wp-content\/uploads\/2022\/05\/ship-2359663_1280.jpg\",\"contentUrl\":\"https:\/\/www.pressenza.com\/wp-content\/uploads\/2022\/05\/ship-2359663_1280.jpg\",\"width\":1280,\"height\":853},{\"@type\":\"BreadcrumbList\",\"@id\":\"https:\/\/www.pressenza.com\/es\/2022\/05\/turquia-a-mares-revueltos\/#breadcrumb\",\"itemListElement\":[{\"@type\":\"ListItem\",\"position\":1,\"name\":\"Accueil\",\"item\":\"https:\/\/www.pressenza.com\/es\/\"},{\"@type\":\"ListItem\",\"position\":2,\"name\":\"Turqu\u00eda: a mares revueltos\u2026\"}]},{\"@type\":\"WebSite\",\"@id\":\"https:\/\/www.pressenza.com\/es\/#website\",\"url\":\"https:\/\/www.pressenza.com\/es\/\",\"name\":\"Pressenza\",\"description\":\"International Press Agency\",\"publisher\":{\"@id\":\"https:\/\/www.pressenza.com\/es\/#organization\"},\"potentialAction\":[{\"@type\":\"SearchAction\",\"target\":{\"@type\":\"EntryPoint\",\"urlTemplate\":\"https:\/\/www.pressenza.com\/es\/?s={search_term_string}\"},\"query-input\":{\"@type\":\"PropertyValueSpecification\",\"valueRequired\":true,\"valueName\":\"search_term_string\"}}],\"inLanguage\":\"es\"},{\"@type\":\"Organization\",\"@id\":\"https:\/\/www.pressenza.com\/es\/#organization\",\"name\":\"Pressenza\",\"url\":\"https:\/\/www.pressenza.com\/es\/\",\"logo\":{\"@type\":\"ImageObject\",\"inLanguage\":\"es\",\"@id\":\"https:\/\/www.pressenza.com\/es\/#\/schema\/logo\/image\/\",\"url\":\"https:\/\/www.pressenza.com\/wp-content\/uploads\/2022\/10\/pressenza_logo_200x200.jpg\",\"contentUrl\":\"https:\/\/www.pressenza.com\/wp-content\/uploads\/2022\/10\/pressenza_logo_200x200.jpg\",\"width\":200,\"height\":200,\"caption\":\"Pressenza\"},\"image\":{\"@id\":\"https:\/\/www.pressenza.com\/es\/#\/schema\/logo\/image\/\"},\"sameAs\":[\"https:\/\/www.facebook.com\/PressenzaItalia\",\"https:\/\/x.com\/PressenzaIPA\"]},{\"@type\":\"Person\",\"@id\":\"https:\/\/www.pressenza.com\/es\/#\/schema\/person\/0dda7d1b68267ad95b1e1d83abc98c89\",\"name\":\"Redacci\u00f3n Argentina\",\"description\":\"News from the Pressenza Bureau in Argentina.\",\"sameAs\":[\"https:\/\/x.com\/pressenza\"],\"url\":\"https:\/\/www.pressenza.com\/es\/author\/redaccion-argentina\/\"}]}<\/script>\n<!-- \/ Yoast SEO plugin. -->","yoast_head_json":{"title":"Turqu\u00eda: a mares revueltos\u2026","description":"por Adrian Mac Liman El presidente turco, Recep Tayyip Erdogan, aprovech\u00f3 la celebraci\u00f3n del D\u00eda de Europa para enviar un resolutivo mensaje a la Uni\u00f3n","robots":{"index":"index","follow":"follow","max-snippet":"max-snippet:-1","max-image-preview":"max-image-preview:large","max-video-preview":"max-video-preview:-1"},"canonical":"https:\/\/www.pressenza.com\/es\/2022\/05\/turquia-a-mares-revueltos\/","og_locale":"es_ES","og_type":"article","og_title":"Turqu\u00eda: a mares revueltos\u2026","og_description":"por Adrian Mac Liman El presidente turco, Recep Tayyip Erdogan, aprovech\u00f3 la celebraci\u00f3n del D\u00eda de Europa para enviar un resolutivo mensaje a la Uni\u00f3n","og_url":"https:\/\/www.pressenza.com\/es\/2022\/05\/turquia-a-mares-revueltos\/","og_site_name":"Pressenza","article_publisher":"https:\/\/www.facebook.com\/PressenzaItalia","article_published_time":"2022-05-18T13:13:58+00:00","og_image":[{"width":1280,"height":853,"url":"https:\/\/www.pressenza.com\/wp-content\/uploads\/2022\/05\/ship-2359663_1280.jpg","type":"image\/jpeg"}],"author":"Redacci\u00f3n Argentina","twitter_card":"summary_large_image","twitter_creator":"@pressenza","twitter_site":"@PressenzaIPA","twitter_misc":{"Escrito por":"Redacci\u00f3n Argentina","Tiempo de lectura":"6 minutos"},"schema":{"@context":"https:\/\/schema.org","@graph":[{"@type":"Article","@id":"https:\/\/www.pressenza.com\/es\/2022\/05\/turquia-a-mares-revueltos\/#article","isPartOf":{"@id":"https:\/\/www.pressenza.com\/es\/2022\/05\/turquia-a-mares-revueltos\/"},"author":{"name":"Redacci\u00f3n Argentina","@id":"https:\/\/www.pressenza.com\/es\/#\/schema\/person\/0dda7d1b68267ad95b1e1d83abc98c89"},"headline":"Turqu\u00eda: a mares revueltos\u2026","datePublished":"2022-05-18T13:13:58+00:00","mainEntityOfPage":{"@id":"https:\/\/www.pressenza.com\/es\/2022\/05\/turquia-a-mares-revueltos\/"},"wordCount":1245,"publisher":{"@id":"https:\/\/www.pressenza.com\/es\/#organization"},"image":{"@id":"https:\/\/www.pressenza.com\/es\/2022\/05\/turquia-a-mares-revueltos\/#primaryimage"},"thumbnailUrl":"https:\/\/www.pressenza.com\/wp-content\/uploads\/2022\/05\/ship-2359663_1280.jpg","keywords":["Bosforo","migrantes","OTAN","Recep Tayyip Erdogan","Turqu\u00eda","Uni\u00f3n Europea"],"articleSection":["Asuntos internacionales","Europa","Internacional","Medio Oriente","Migrantes","Paz y Desarme"],"inLanguage":"es"},{"@type":"WebPage","@id":"https:\/\/www.pressenza.com\/es\/2022\/05\/turquia-a-mares-revueltos\/","url":"https:\/\/www.pressenza.com\/es\/2022\/05\/turquia-a-mares-revueltos\/","name":"Turqu\u00eda: a mares revueltos\u2026","isPartOf":{"@id":"https:\/\/www.pressenza.com\/es\/#website"},"primaryImageOfPage":{"@id":"https:\/\/www.pressenza.com\/es\/2022\/05\/turquia-a-mares-revueltos\/#primaryimage"},"image":{"@id":"https:\/\/www.pressenza.com\/es\/2022\/05\/turquia-a-mares-revueltos\/#primaryimage"},"thumbnailUrl":"https:\/\/www.pressenza.com\/wp-content\/uploads\/2022\/05\/ship-2359663_1280.jpg","datePublished":"2022-05-18T13:13:58+00:00","description":"por Adrian Mac Liman El presidente turco, Recep Tayyip Erdogan, aprovech\u00f3 la celebraci\u00f3n del D\u00eda de Europa para enviar un resolutivo mensaje a la Uni\u00f3n","breadcrumb":{"@id":"https:\/\/www.pressenza.com\/es\/2022\/05\/turquia-a-mares-revueltos\/#breadcrumb"},"inLanguage":"es","potentialAction":[{"@type":"ReadAction","target":["https:\/\/www.pressenza.com\/es\/2022\/05\/turquia-a-mares-revueltos\/"]}]},{"@type":"ImageObject","inLanguage":"es","@id":"https:\/\/www.pressenza.com\/es\/2022\/05\/turquia-a-mares-revueltos\/#primaryimage","url":"https:\/\/www.pressenza.com\/wp-content\/uploads\/2022\/05\/ship-2359663_1280.jpg","contentUrl":"https:\/\/www.pressenza.com\/wp-content\/uploads\/2022\/05\/ship-2359663_1280.jpg","width":1280,"height":853},{"@type":"BreadcrumbList","@id":"https:\/\/www.pressenza.com\/es\/2022\/05\/turquia-a-mares-revueltos\/#breadcrumb","itemListElement":[{"@type":"ListItem","position":1,"name":"Accueil","item":"https:\/\/www.pressenza.com\/es\/"},{"@type":"ListItem","position":2,"name":"Turqu\u00eda: a mares revueltos\u2026"}]},{"@type":"WebSite","@id":"https:\/\/www.pressenza.com\/es\/#website","url":"https:\/\/www.pressenza.com\/es\/","name":"Pressenza","description":"International Press Agency","publisher":{"@id":"https:\/\/www.pressenza.com\/es\/#organization"},"potentialAction":[{"@type":"SearchAction","target":{"@type":"EntryPoint","urlTemplate":"https:\/\/www.pressenza.com\/es\/?s={search_term_string}"},"query-input":{"@type":"PropertyValueSpecification","valueRequired":true,"valueName":"search_term_string"}}],"inLanguage":"es"},{"@type":"Organization","@id":"https:\/\/www.pressenza.com\/es\/#organization","name":"Pressenza","url":"https:\/\/www.pressenza.com\/es\/","logo":{"@type":"ImageObject","inLanguage":"es","@id":"https:\/\/www.pressenza.com\/es\/#\/schema\/logo\/image\/","url":"https:\/\/www.pressenza.com\/wp-content\/uploads\/2022\/10\/pressenza_logo_200x200.jpg","contentUrl":"https:\/\/www.pressenza.com\/wp-content\/uploads\/2022\/10\/pressenza_logo_200x200.jpg","width":200,"height":200,"caption":"Pressenza"},"image":{"@id":"https:\/\/www.pressenza.com\/es\/#\/schema\/logo\/image\/"},"sameAs":["https:\/\/www.facebook.com\/PressenzaItalia","https:\/\/x.com\/PressenzaIPA"]},{"@type":"Person","@id":"https:\/\/www.pressenza.com\/es\/#\/schema\/person\/0dda7d1b68267ad95b1e1d83abc98c89","name":"Redacci\u00f3n Argentina","description":"News from the Pressenza Bureau in Argentina.","sameAs":["https:\/\/x.com\/pressenza"],"url":"https:\/\/www.pressenza.com\/es\/author\/redaccion-argentina\/"}]}},"place":"Ankara, Turqu\u00eda","original_article_url":"https:\/\/adrianmacliman.blogspot.com\/2022\/05\/turquia-mares-revueltos.html","_links":{"self":[{"href":"https:\/\/www.pressenza.com\/es\/wp-json\/wp\/v2\/posts\/1586320","targetHints":{"allow":["GET"]}}],"collection":[{"href":"https:\/\/www.pressenza.com\/es\/wp-json\/wp\/v2\/posts"}],"about":[{"href":"https:\/\/www.pressenza.com\/es\/wp-json\/wp\/v2\/types\/post"}],"author":[{"embeddable":true,"href":"https:\/\/www.pressenza.com\/es\/wp-json\/wp\/v2\/users\/87"}],"replies":[{"embeddable":true,"href":"https:\/\/www.pressenza.com\/es\/wp-json\/wp\/v2\/comments?post=1586320"}],"version-history":[{"count":0,"href":"https:\/\/www.pressenza.com\/es\/wp-json\/wp\/v2\/posts\/1586320\/revisions"}],"wp:featuredmedia":[{"embeddable":true,"href":"https:\/\/www.pressenza.com\/es\/wp-json\/wp\/v2\/media\/1586323"}],"wp:attachment":[{"href":"https:\/\/www.pressenza.com\/es\/wp-json\/wp\/v2\/media?parent=1586320"}],"wp:term":[{"taxonomy":"category","embeddable":true,"href":"https:\/\/www.pressenza.com\/es\/wp-json\/wp\/v2\/categories?post=1586320"},{"taxonomy":"post_tag","embeddable":true,"href":"https:\/\/www.pressenza.com\/es\/wp-json\/wp\/v2\/tags?post=1586320"}],"curies":[{"name":"wp","href":"https:\/\/api.w.org\/{rel}","templated":true}]}}