{"id":1585844,"date":"2022-05-17T15:36:46","date_gmt":"2022-05-17T14:36:46","guid":{"rendered":"https:\/\/www.pressenza.com\/?p=1585844"},"modified":"2022-05-17T15:36:46","modified_gmt":"2022-05-17T14:36:46","slug":"podra-salvarse-chile","status":"publish","type":"post","link":"https:\/\/www.pressenza.com\/es\/2022\/05\/podra-salvarse-chile\/","title":{"rendered":"\u00bfPodr\u00e1 salvarse Chile?"},"content":{"rendered":"<p>La realidad indica que Chile r\u00e1pidamente se ha igualado a los pa\u00edses de m\u00e1s alto grado de inseguridad en el Continente. Es cosa del pasado eso de que \u00e9ramos \u201cla copia feliz del Ed\u00e9n\u201d, seg\u00fan nuestro Himno Patrio, o aquella pretensiosa idea de constituir una excepci\u00f3n en Am\u00e9rica Latina en cuanto a los trastornos causados por el narcotr\u00e1fico y el crimen organizado. Como tampoco escapamos ahora a fen\u00f3menos como la corrupci\u00f3n pol\u00edtica, empresarial y policial.<\/p>\n<p>Todos los d\u00edas los medios de comunicaci\u00f3n amanecen con las noticias de la severa insurrecci\u00f3n que se vive en la Araucan\u00eda. Una confrontaci\u00f3n que cobra vidas en cada jornada y arrasa con las instalaciones ocupadas por las empresas forestales y otras que les arrebataron las propiedades a los mapuches, la principal etnia del pa\u00eds. Extensiones ya reconocidas por los conquistadores espa\u00f1oles territorios y cuyas demarcaciones despu\u00e9s fueron aceptadas por O\u00b4Higgins y los primeros gobiernos republicanos.<\/p>\n<p>Sublevaci\u00f3n la llaman algunos; guerra civil, aseguran otros, pero lo que no se puede desconocer es que, en el Wallmapu y la denominada zona macro sur, reina la violencia, el uso de armas cada vez m\u00e1s letales, y en que ya las polic\u00edas se muestran incapaces en hacerle frente a la ira de una etnia que ya no exige solo justicia social, sino autonom\u00eda territorial y pol\u00edtica. Por algo es que no son pocos los que piensan que el Estado debiera dictar un estado de Emergencia que permita la instalaci\u00f3n all\u00ed de las Fuerzas Armadas y, si es preciso, reprimir como se hizo en el pasado durante la tristemente recordada \u201cPacificaci\u00f3n de la Araucan\u00eda\u201d. Una masacre o genocidio que culmin\u00f3 con la instalaci\u00f3n en la zona de una gran cantidad de inversionistas extranjeros que, adem\u00e1s de arrasar con el bosque nativo, consolidaron sus intereses y explotaci\u00f3n inicua en el mar, los r\u00edos y lagos de uno de los paisajes m\u00e1s hermosos y apacibles de la Tierra.<\/p>\n<p>La duda hoy es cu\u00e1nto se va a demorar el gobierno izquierdista de Gabriel Boric en superar sus pudores y contradicciones internas para comprometer la acci\u00f3n de los militares en el control de esta convulsionada zona, aunque sea mediante la declaraci\u00f3n de un estado de excepci\u00f3n que evite mediante un eufemismo el apellido de \u201cemergencia\u201d o \u201cestado de sitio\u201d. Tampoco es seguro que los uniformados est\u00e9n dispuestos a hacer, una vez m\u00e1s, el \u201ctrabajo sucio\u201d, que tanto descr\u00e9dito le ha acarreado a unas Fuerzas Armadas expertas en combatir a sus connacionales, al llamado \u201cenemigo interno\u201d, m\u00e1s que hacer frente a las amenazas for\u00e1neas que hace m\u00e1s de un siglo ya no se presentan.<\/p>\n<p>Pero es de norte a sur del pa\u00eds en que asolan otras inseguridades acicateadas fundamentalmente por los escu\u00e1lidos ingresos de la gran mayor\u00eda de trabajadores, lo que ha facilitado que los c\u00e1rteles de la droga vayan apoder\u00e1ndose de barrios y comunas enteras donde se ha hecho extremadamente peligroso transitar de d\u00eda o de noche sin correr el riesgo de ser asaltado o incluso asesinado por bandas organizadas, las que matan hasta para obtener solo un celular. Adem\u00e1s de acometer aquellos espectaculares turbazos, portonazos y robos de veh\u00edculos con inusitada cobard\u00eda, al elegir como v\u00edctimas generalmente a mujeres y ancianos. Por algo los camioneros han resuelto tomarse las principales carreteras del pa\u00eds para exigir que las autoridades les garanticen seguridad, despu\u00e9s de los cotidianos incendios de sus maquinarias y fuentes de trabajo. A lo que suman el descontento por los cobros abusivos de los peajes de las carreteras concesionadas y el alza abrupta de los combustibles. Aunque de verdad es que no solo para los transportistas, sino para todos, viajar por el pa\u00eds resulta demasiado oneroso, adem\u00e1s de muy peligroso.<\/p>\n<p>En los \u00faltimos d\u00edas ni la ministra de Defensa escap\u00f3 a un asalto y robo con violencia en su domicilio, adem\u00e1s de que un carabinero de la guardia del presidente Boric fuera secuestrado, robado, herido de bala y abandonado en un lugar distante de su casa. Ya se asent\u00f3 la idea en toda la poblaci\u00f3n de que \u201ca cualquiera le puede tocar\u201d&#8230; Se movilice en autom\u00f3vil o de a pie.<\/p>\n<p>Si se hiciera un recuento pormenorizado, podr\u00edamos concluir que son centenares los establecimientos educacionales en \u201ctoma\u201d que demandan recursos para su desempe\u00f1o y tambi\u00e9n seguridad. No son pocos los maestros amenazados por sus disc\u00edpulos, as\u00ed como los comerciantes de todo el pa\u00eds que viven en ascuas por los asaltos y la presencia de miles de vendedores ambulantes que se instalan donde se les antoja y hacen uso de armas de fuego para proteger sus espacios. Al extremo de reclutar como vigilantes a delincuentes comunes que ya han ocasionado m\u00faltiples homicidios y, reci\u00e9n, el de una joven periodista ultimada al momento de cubrir una reyerta entre las bandas enemigas del comercio informal.<\/p>\n<p>Avenidas y plazas, estaciones del Metro y buses de la locomoci\u00f3n colectiva son tambi\u00e9n bandalizados y reducidos a cenizas por pi\u00f1os de asaltantes que expresan su malestar con la destrucci\u00f3n m\u00e1s insensata, \u00a0y cuyos ejecutores muy raramente son detenidos por las polic\u00edas. Innumerables asaltos que ni siquiera logran que los testigos de estos hechos se dispongan a prestar declaraci\u00f3n ante las fiscal\u00edas, debido a la desconfianza generalizada que existe respecto de los carabineros e investigadores del Ministerio P\u00fablico a quienes creen sobornados por delincuentes y narcotraficantes.<\/p>\n<p>La desfachatez del crimen organizado es tal que los mafiosos de una comuna popular construyeron un mausoleo en una plaza comunal a fin de darle sepultura a uno de sus capos. Triste fue observar la impotencia del alcalde correspondiente, quien a lo \u00fanico que atin\u00f3 fue a demandarle a La Moneda m\u00e1s polic\u00edas para hacer frente a los malhechores que, al igual que otros municipios de Am\u00e9rica Latina, controlan la vida de sus habitantes.<\/p>\n<p>Cierto es que, pese al constante incremento de los efectivos y recursos disuasivos del Cuerpo de Carabineros como de la Polic\u00eda civil, todo nuestro territorio est\u00e1 desbordado por la violencia y el miedo. As\u00ed como las c\u00e1rceles est\u00e1n abarrotadas por los delincuentes comunes que en poco tiempo vuelvan a las calles a delinquir, gracias a aquellos jueces c\u00f3mplices o demasiado \u201cgarantistas\u201d, como algunos prefieren calificarlos.<\/p>\n<p>El reciente incremento del salario m\u00ednimo, la verdad es que antes de materializarse ya se hizo humo, si se considera que los productos m\u00e1s esenciales han incrementado sus precios en un 30 o 40 por ciento en cuesti\u00f3n de pocos meses, lo que tiene agobiado a la mayor\u00eda de los hogares del pa\u00eds sin que la llamada clase pol\u00edtica sepa qu\u00e9 hacer para mitigar el profundo descontento en que ya, seg\u00fan las encuestas, m\u00e1s de mitad del pa\u00eds perdi\u00f3 su confianza en el novel presidente de la Rep\u00fablica. Adem\u00e1s de que entre los partidarios de una nueva Constituci\u00f3n y los que prefieren que se extienda la de Pinochet-Lagos parecen empatados y se teme que, cualquiera sea el resultado del plebiscito de salida, no habr\u00e1 una Carta Magna ampliamente consensuada por el pueblo. Ni menos que sea expresi\u00f3n de la \u201ccasa de todos\u201d, como en alg\u00fan momento se pretendi\u00f3.<\/p>\n<p>Y no se trata necesariamente que los contenidos definidos por la Convenci\u00f3n Constituyente puedan ser insatisfactorios; lo m\u00e1s probable es que muchos ciudadanos concurran a las urnas a manifestar su descontento por las promesas econ\u00f3mico sociales postergadas o sienten incumplidas. Que voten en contra del nuevo texto constitucional para expresar su hast\u00edo frente al caos que impera en todo el pa\u00eds. Donde la riqueza sigue m\u00e1s concentrada que ayer y el poder adquisitivo de las mayor\u00edas continua en franco deterioro.<\/p>\n<p>Donde la vida es cada vez m\u00e1s insegura y las soluciones se hacen m\u00e1s complejas; cuando, para colmo, vicios pol\u00edticos como el del cuoteo partidario, las pr\u00e1cticas de colusi\u00f3n de los empresarios, o la impunidad de los oficiales corruptos siguen campeando.\u00a0 Agravado todo por la incapacidad de la clase pol\u00edtica de constituir acuerdos, aunque sea para enfrentar las inclemencias del invierno o frenar el alza del pan, el principal sustento alimenticio de la poblaci\u00f3n que, en apenas dos o tres meses, ha duplicado su precio. Muchos observadores temen un nuevo estallido social con cara, ahora, de rebeli\u00f3n, seg\u00fan la convocatoria del destacado l\u00edder mapuche \u00a0H\u00e9ctor\u00a0LLaitul. En una declaraci\u00f3n que desaf\u00eda absolutamente las normas de nuestro imaginario estado de derecho, cuanto su Ley de Seguridad del Estado.<\/p>\n<p>Con gobiernos de todos los colores pol\u00edticos que se han turnado en el poder, muchos piensan que ya se hicieron tardes las soluciones a las demandas sociales. Que las poderosas empresas seguir\u00e1n ense\u00f1oreadas, y que las codiciosas administradoras de pensiones y de la salud privada seguir\u00e1n asaltando el bolsillo de los m\u00e1s pobres y vulnerables. As\u00ed como tampoco se puede confiar en la podredumbre que se perpet\u00faa en las organizaciones sindicales. Hace tiempo arrodilladas y financiadas por los referentes pol\u00edticos y patronales.<\/p>\n<p>La decepci\u00f3n ya \u201cse est\u00e1 haciendo costumbre\u201d, como antes se dec\u00eda de nuestra cr\u00f3nica injusticia y aunque los nuevos moradores de La Moneda alegan que reci\u00e9n se han instalado y que necesitan m\u00e1s tiempo, lo cierto es que las urgencias ya no pueden ni quieren esperar.<\/p>\n","protected":false},"excerpt":{"rendered":"<p>La realidad indica que Chile r\u00e1pidamente se ha igualado a los pa\u00edses de m\u00e1s alto grado de inseguridad en el Continente. Es cosa del pasado eso de que \u00e9ramos \u201cla copia feliz del Ed\u00e9n\u201d, seg\u00fan nuestro Himno Patrio, o aquella&hellip;<\/p>\n","protected":false},"author":1739,"featured_media":1585855,"comment_status":"closed","ping_status":"closed","sticky":false,"template":"","format":"standard","meta":{"footnotes":""},"categories":[11389,161,74,67],"tags":[29,19162,102065,623],"class_list":["post-1585844","post","type-post","status-publish","format-standard","has-post-thumbnail","hentry","category-contenido-original","category-opiniones","category-politica-es","category-sudamerica","tag-chile","tag-delincuencia","tag-inquietud-social","tag-violencia"],"yoast_head":"<!-- This site is optimized with the Yoast SEO plugin v27.1.1 - https:\/\/yoast.com\/product\/yoast-seo-wordpress\/ -->\n<title>\u00bfPodr\u00e1 salvarse Chile?<\/title>\n<meta name=\"description\" content=\"La realidad indica que Chile r\u00e1pidamente se ha igualado a los pa\u00edses de m\u00e1s alto grado de inseguridad en el Continente. Es cosa del pasado eso de que\" \/>\n<meta name=\"robots\" content=\"index, follow, max-snippet:-1, max-image-preview:large, max-video-preview:-1\" \/>\n<link rel=\"canonical\" href=\"https:\/\/www.pressenza.com\/es\/2022\/05\/podra-salvarse-chile\/\" \/>\n<meta property=\"og:locale\" content=\"es_ES\" \/>\n<meta property=\"og:type\" content=\"article\" \/>\n<meta property=\"og:title\" content=\"\u00bfPodr\u00e1 salvarse Chile?\" \/>\n<meta property=\"og:description\" content=\"La realidad indica que Chile r\u00e1pidamente se ha igualado a los pa\u00edses de m\u00e1s alto grado de inseguridad en el Continente. Es cosa del pasado eso de que\" \/>\n<meta property=\"og:url\" content=\"https:\/\/www.pressenza.com\/es\/2022\/05\/podra-salvarse-chile\/\" \/>\n<meta property=\"og:site_name\" content=\"Pressenza\" \/>\n<meta property=\"article:publisher\" content=\"https:\/\/www.facebook.com\/PressenzaItalia\" \/>\n<meta property=\"article:published_time\" content=\"2022-05-17T14:36:46+00:00\" \/>\n<meta property=\"og:image\" content=\"https:\/\/www.pressenza.com\/wp-content\/uploads\/2022\/05\/Protesta-768x442-1.jpg\" \/>\n\t<meta property=\"og:image:width\" content=\"768\" \/>\n\t<meta property=\"og:image:height\" content=\"442\" \/>\n\t<meta property=\"og:image:type\" content=\"image\/jpeg\" \/>\n<meta name=\"author\" content=\"Juan Pablo C\u00e1rdenas\" \/>\n<meta name=\"twitter:card\" content=\"summary_large_image\" \/>\n<meta name=\"twitter:creator\" content=\"@PressenzaIPA\" \/>\n<meta name=\"twitter:site\" content=\"@PressenzaIPA\" \/>\n<meta name=\"twitter:label1\" content=\"Escrito por\" \/>\n\t<meta name=\"twitter:data1\" content=\"Juan Pablo C\u00e1rdenas\" \/>\n\t<meta name=\"twitter:label2\" content=\"Tiempo de lectura\" \/>\n\t<meta name=\"twitter:data2\" content=\"7 minutos\" \/>\n<script type=\"application\/ld+json\" class=\"yoast-schema-graph\">{\"@context\":\"https:\/\/schema.org\",\"@graph\":[{\"@type\":\"Article\",\"@id\":\"https:\/\/www.pressenza.com\/es\/2022\/05\/podra-salvarse-chile\/#article\",\"isPartOf\":{\"@id\":\"https:\/\/www.pressenza.com\/es\/2022\/05\/podra-salvarse-chile\/\"},\"author\":{\"name\":\"Juan Pablo C\u00e1rdenas\",\"@id\":\"https:\/\/www.pressenza.com\/es\/#\/schema\/person\/d72a7c8c014dcbfa2ef9e9976103ea0d\"},\"headline\":\"\u00bfPodr\u00e1 salvarse Chile?\",\"datePublished\":\"2022-05-17T14:36:46+00:00\",\"mainEntityOfPage\":{\"@id\":\"https:\/\/www.pressenza.com\/es\/2022\/05\/podra-salvarse-chile\/\"},\"wordCount\":1628,\"publisher\":{\"@id\":\"https:\/\/www.pressenza.com\/es\/#organization\"},\"image\":{\"@id\":\"https:\/\/www.pressenza.com\/es\/2022\/05\/podra-salvarse-chile\/#primaryimage\"},\"thumbnailUrl\":\"https:\/\/www.pressenza.com\/wp-content\/uploads\/2022\/05\/Protesta-768x442-1.jpg\",\"keywords\":[\"Chile\",\"delincuencia\",\"inquietud social\",\"Violencia\"],\"articleSection\":[\"Contenido Original\",\"Opiniones\",\"Pol\u00edtica\",\"Sudam\u00e9rica\"],\"inLanguage\":\"es\"},{\"@type\":\"WebPage\",\"@id\":\"https:\/\/www.pressenza.com\/es\/2022\/05\/podra-salvarse-chile\/\",\"url\":\"https:\/\/www.pressenza.com\/es\/2022\/05\/podra-salvarse-chile\/\",\"name\":\"\u00bfPodr\u00e1 salvarse Chile?\",\"isPartOf\":{\"@id\":\"https:\/\/www.pressenza.com\/es\/#website\"},\"primaryImageOfPage\":{\"@id\":\"https:\/\/www.pressenza.com\/es\/2022\/05\/podra-salvarse-chile\/#primaryimage\"},\"image\":{\"@id\":\"https:\/\/www.pressenza.com\/es\/2022\/05\/podra-salvarse-chile\/#primaryimage\"},\"thumbnailUrl\":\"https:\/\/www.pressenza.com\/wp-content\/uploads\/2022\/05\/Protesta-768x442-1.jpg\",\"datePublished\":\"2022-05-17T14:36:46+00:00\",\"description\":\"La realidad indica que Chile r\u00e1pidamente se ha igualado a los pa\u00edses de m\u00e1s alto grado de inseguridad en el Continente. Es cosa del pasado eso de que\",\"breadcrumb\":{\"@id\":\"https:\/\/www.pressenza.com\/es\/2022\/05\/podra-salvarse-chile\/#breadcrumb\"},\"inLanguage\":\"es\",\"potentialAction\":[{\"@type\":\"ReadAction\",\"target\":[\"https:\/\/www.pressenza.com\/es\/2022\/05\/podra-salvarse-chile\/\"]}]},{\"@type\":\"ImageObject\",\"inLanguage\":\"es\",\"@id\":\"https:\/\/www.pressenza.com\/es\/2022\/05\/podra-salvarse-chile\/#primaryimage\",\"url\":\"https:\/\/www.pressenza.com\/wp-content\/uploads\/2022\/05\/Protesta-768x442-1.jpg\",\"contentUrl\":\"https:\/\/www.pressenza.com\/wp-content\/uploads\/2022\/05\/Protesta-768x442-1.jpg\",\"width\":768,\"height\":442,\"caption\":\"junapablocardenas.cl\"},{\"@type\":\"BreadcrumbList\",\"@id\":\"https:\/\/www.pressenza.com\/es\/2022\/05\/podra-salvarse-chile\/#breadcrumb\",\"itemListElement\":[{\"@type\":\"ListItem\",\"position\":1,\"name\":\"Accueil\",\"item\":\"https:\/\/www.pressenza.com\/es\/\"},{\"@type\":\"ListItem\",\"position\":2,\"name\":\"\u00bfPodr\u00e1 salvarse Chile?\"}]},{\"@type\":\"WebSite\",\"@id\":\"https:\/\/www.pressenza.com\/es\/#website\",\"url\":\"https:\/\/www.pressenza.com\/es\/\",\"name\":\"Pressenza\",\"description\":\"International Press Agency\",\"publisher\":{\"@id\":\"https:\/\/www.pressenza.com\/es\/#organization\"},\"potentialAction\":[{\"@type\":\"SearchAction\",\"target\":{\"@type\":\"EntryPoint\",\"urlTemplate\":\"https:\/\/www.pressenza.com\/es\/?s={search_term_string}\"},\"query-input\":{\"@type\":\"PropertyValueSpecification\",\"valueRequired\":true,\"valueName\":\"search_term_string\"}}],\"inLanguage\":\"es\"},{\"@type\":\"Organization\",\"@id\":\"https:\/\/www.pressenza.com\/es\/#organization\",\"name\":\"Pressenza\",\"url\":\"https:\/\/www.pressenza.com\/es\/\",\"logo\":{\"@type\":\"ImageObject\",\"inLanguage\":\"es\",\"@id\":\"https:\/\/www.pressenza.com\/es\/#\/schema\/logo\/image\/\",\"url\":\"https:\/\/www.pressenza.com\/wp-content\/uploads\/2022\/10\/pressenza_logo_200x200.jpg\",\"contentUrl\":\"https:\/\/www.pressenza.com\/wp-content\/uploads\/2022\/10\/pressenza_logo_200x200.jpg\",\"width\":200,\"height\":200,\"caption\":\"Pressenza\"},\"image\":{\"@id\":\"https:\/\/www.pressenza.com\/es\/#\/schema\/logo\/image\/\"},\"sameAs\":[\"https:\/\/www.facebook.com\/PressenzaItalia\",\"https:\/\/x.com\/PressenzaIPA\"]},{\"@type\":\"Person\",\"@id\":\"https:\/\/www.pressenza.com\/es\/#\/schema\/person\/d72a7c8c014dcbfa2ef9e9976103ea0d\",\"name\":\"Juan Pablo C\u00e1rdenas\",\"description\":\"Juan Pablo C\u00e1rdenas Squella es un periodista y profesor universitario de vasta trayectoria. En el 2005 recibi\u00f3 en premio nacional de Periodismo y, antes, la Pluma de Oro de la Libertad, otorgada por la Federaci\u00f3n Mundial de la Prensa. Tambi\u00e9n obtuvo el Premio Latinoamericano de Periodismo, la Houten Camara de Holanda (1989) entre otras m\u00faltiples distinciones nacionales y extranjeras. Forma parte de los sesenta periodistas del mundo considerados H\u00e9roes de la Libertad de Expresi\u00f3n, reconocimiento hecho por la Federaci\u00f3n Internacional de Periodistas. Ha sido director y columnista de las revistas Debate Universitario, An\u00e1lisis y Los Tiempos, as\u00ed como del diario electr\u00f3nico primeral\u00ednea.cl. Tambi\u00e9n fue por m\u00e1s 18 a\u00f1os director de la Radio Universidad de Chile y de su diario digital. Se ha desempe\u00f1ado como profesor de varias escuelas de periodismo de Santiago y Valpara\u00edso y en la Universidad de Chile alcanz\u00f3 el grado de profesor titular y senador universitario.\",\"url\":\"https:\/\/www.pressenza.com\/es\/author\/juan-pablo-cardenas\/\"}]}<\/script>\n<!-- \/ Yoast SEO plugin. -->","yoast_head_json":{"title":"\u00bfPodr\u00e1 salvarse Chile?","description":"La realidad indica que Chile r\u00e1pidamente se ha igualado a los pa\u00edses de m\u00e1s alto grado de inseguridad en el Continente. Es cosa del pasado eso de que","robots":{"index":"index","follow":"follow","max-snippet":"max-snippet:-1","max-image-preview":"max-image-preview:large","max-video-preview":"max-video-preview:-1"},"canonical":"https:\/\/www.pressenza.com\/es\/2022\/05\/podra-salvarse-chile\/","og_locale":"es_ES","og_type":"article","og_title":"\u00bfPodr\u00e1 salvarse Chile?","og_description":"La realidad indica que Chile r\u00e1pidamente se ha igualado a los pa\u00edses de m\u00e1s alto grado de inseguridad en el Continente. Es cosa del pasado eso de que","og_url":"https:\/\/www.pressenza.com\/es\/2022\/05\/podra-salvarse-chile\/","og_site_name":"Pressenza","article_publisher":"https:\/\/www.facebook.com\/PressenzaItalia","article_published_time":"2022-05-17T14:36:46+00:00","og_image":[{"width":768,"height":442,"url":"https:\/\/www.pressenza.com\/wp-content\/uploads\/2022\/05\/Protesta-768x442-1.jpg","type":"image\/jpeg"}],"author":"Juan Pablo C\u00e1rdenas","twitter_card":"summary_large_image","twitter_creator":"@PressenzaIPA","twitter_site":"@PressenzaIPA","twitter_misc":{"Escrito por":"Juan Pablo C\u00e1rdenas","Tiempo de lectura":"7 minutos"},"schema":{"@context":"https:\/\/schema.org","@graph":[{"@type":"Article","@id":"https:\/\/www.pressenza.com\/es\/2022\/05\/podra-salvarse-chile\/#article","isPartOf":{"@id":"https:\/\/www.pressenza.com\/es\/2022\/05\/podra-salvarse-chile\/"},"author":{"name":"Juan Pablo C\u00e1rdenas","@id":"https:\/\/www.pressenza.com\/es\/#\/schema\/person\/d72a7c8c014dcbfa2ef9e9976103ea0d"},"headline":"\u00bfPodr\u00e1 salvarse Chile?","datePublished":"2022-05-17T14:36:46+00:00","mainEntityOfPage":{"@id":"https:\/\/www.pressenza.com\/es\/2022\/05\/podra-salvarse-chile\/"},"wordCount":1628,"publisher":{"@id":"https:\/\/www.pressenza.com\/es\/#organization"},"image":{"@id":"https:\/\/www.pressenza.com\/es\/2022\/05\/podra-salvarse-chile\/#primaryimage"},"thumbnailUrl":"https:\/\/www.pressenza.com\/wp-content\/uploads\/2022\/05\/Protesta-768x442-1.jpg","keywords":["Chile","delincuencia","inquietud social","Violencia"],"articleSection":["Contenido Original","Opiniones","Pol\u00edtica","Sudam\u00e9rica"],"inLanguage":"es"},{"@type":"WebPage","@id":"https:\/\/www.pressenza.com\/es\/2022\/05\/podra-salvarse-chile\/","url":"https:\/\/www.pressenza.com\/es\/2022\/05\/podra-salvarse-chile\/","name":"\u00bfPodr\u00e1 salvarse Chile?","isPartOf":{"@id":"https:\/\/www.pressenza.com\/es\/#website"},"primaryImageOfPage":{"@id":"https:\/\/www.pressenza.com\/es\/2022\/05\/podra-salvarse-chile\/#primaryimage"},"image":{"@id":"https:\/\/www.pressenza.com\/es\/2022\/05\/podra-salvarse-chile\/#primaryimage"},"thumbnailUrl":"https:\/\/www.pressenza.com\/wp-content\/uploads\/2022\/05\/Protesta-768x442-1.jpg","datePublished":"2022-05-17T14:36:46+00:00","description":"La realidad indica que Chile r\u00e1pidamente se ha igualado a los pa\u00edses de m\u00e1s alto grado de inseguridad en el Continente. Es cosa del pasado eso de que","breadcrumb":{"@id":"https:\/\/www.pressenza.com\/es\/2022\/05\/podra-salvarse-chile\/#breadcrumb"},"inLanguage":"es","potentialAction":[{"@type":"ReadAction","target":["https:\/\/www.pressenza.com\/es\/2022\/05\/podra-salvarse-chile\/"]}]},{"@type":"ImageObject","inLanguage":"es","@id":"https:\/\/www.pressenza.com\/es\/2022\/05\/podra-salvarse-chile\/#primaryimage","url":"https:\/\/www.pressenza.com\/wp-content\/uploads\/2022\/05\/Protesta-768x442-1.jpg","contentUrl":"https:\/\/www.pressenza.com\/wp-content\/uploads\/2022\/05\/Protesta-768x442-1.jpg","width":768,"height":442,"caption":"junapablocardenas.cl"},{"@type":"BreadcrumbList","@id":"https:\/\/www.pressenza.com\/es\/2022\/05\/podra-salvarse-chile\/#breadcrumb","itemListElement":[{"@type":"ListItem","position":1,"name":"Accueil","item":"https:\/\/www.pressenza.com\/es\/"},{"@type":"ListItem","position":2,"name":"\u00bfPodr\u00e1 salvarse Chile?"}]},{"@type":"WebSite","@id":"https:\/\/www.pressenza.com\/es\/#website","url":"https:\/\/www.pressenza.com\/es\/","name":"Pressenza","description":"International Press Agency","publisher":{"@id":"https:\/\/www.pressenza.com\/es\/#organization"},"potentialAction":[{"@type":"SearchAction","target":{"@type":"EntryPoint","urlTemplate":"https:\/\/www.pressenza.com\/es\/?s={search_term_string}"},"query-input":{"@type":"PropertyValueSpecification","valueRequired":true,"valueName":"search_term_string"}}],"inLanguage":"es"},{"@type":"Organization","@id":"https:\/\/www.pressenza.com\/es\/#organization","name":"Pressenza","url":"https:\/\/www.pressenza.com\/es\/","logo":{"@type":"ImageObject","inLanguage":"es","@id":"https:\/\/www.pressenza.com\/es\/#\/schema\/logo\/image\/","url":"https:\/\/www.pressenza.com\/wp-content\/uploads\/2022\/10\/pressenza_logo_200x200.jpg","contentUrl":"https:\/\/www.pressenza.com\/wp-content\/uploads\/2022\/10\/pressenza_logo_200x200.jpg","width":200,"height":200,"caption":"Pressenza"},"image":{"@id":"https:\/\/www.pressenza.com\/es\/#\/schema\/logo\/image\/"},"sameAs":["https:\/\/www.facebook.com\/PressenzaItalia","https:\/\/x.com\/PressenzaIPA"]},{"@type":"Person","@id":"https:\/\/www.pressenza.com\/es\/#\/schema\/person\/d72a7c8c014dcbfa2ef9e9976103ea0d","name":"Juan Pablo C\u00e1rdenas","description":"Juan Pablo C\u00e1rdenas Squella es un periodista y profesor universitario de vasta trayectoria. En el 2005 recibi\u00f3 en premio nacional de Periodismo y, antes, la Pluma de Oro de la Libertad, otorgada por la Federaci\u00f3n Mundial de la Prensa. Tambi\u00e9n obtuvo el Premio Latinoamericano de Periodismo, la Houten Camara de Holanda (1989) entre otras m\u00faltiples distinciones nacionales y extranjeras. Forma parte de los sesenta periodistas del mundo considerados H\u00e9roes de la Libertad de Expresi\u00f3n, reconocimiento hecho por la Federaci\u00f3n Internacional de Periodistas. Ha sido director y columnista de las revistas Debate Universitario, An\u00e1lisis y Los Tiempos, as\u00ed como del diario electr\u00f3nico primeral\u00ednea.cl. Tambi\u00e9n fue por m\u00e1s 18 a\u00f1os director de la Radio Universidad de Chile y de su diario digital. Se ha desempe\u00f1ado como profesor de varias escuelas de periodismo de Santiago y Valpara\u00edso y en la Universidad de Chile alcanz\u00f3 el grado de profesor titular y senador universitario.","url":"https:\/\/www.pressenza.com\/es\/author\/juan-pablo-cardenas\/"}]}},"place":"Santiago de Chile","original_article_url":"","_links":{"self":[{"href":"https:\/\/www.pressenza.com\/es\/wp-json\/wp\/v2\/posts\/1585844","targetHints":{"allow":["GET"]}}],"collection":[{"href":"https:\/\/www.pressenza.com\/es\/wp-json\/wp\/v2\/posts"}],"about":[{"href":"https:\/\/www.pressenza.com\/es\/wp-json\/wp\/v2\/types\/post"}],"author":[{"embeddable":true,"href":"https:\/\/www.pressenza.com\/es\/wp-json\/wp\/v2\/users\/1739"}],"replies":[{"embeddable":true,"href":"https:\/\/www.pressenza.com\/es\/wp-json\/wp\/v2\/comments?post=1585844"}],"version-history":[{"count":0,"href":"https:\/\/www.pressenza.com\/es\/wp-json\/wp\/v2\/posts\/1585844\/revisions"}],"wp:featuredmedia":[{"embeddable":true,"href":"https:\/\/www.pressenza.com\/es\/wp-json\/wp\/v2\/media\/1585855"}],"wp:attachment":[{"href":"https:\/\/www.pressenza.com\/es\/wp-json\/wp\/v2\/media?parent=1585844"}],"wp:term":[{"taxonomy":"category","embeddable":true,"href":"https:\/\/www.pressenza.com\/es\/wp-json\/wp\/v2\/categories?post=1585844"},{"taxonomy":"post_tag","embeddable":true,"href":"https:\/\/www.pressenza.com\/es\/wp-json\/wp\/v2\/tags?post=1585844"}],"curies":[{"name":"wp","href":"https:\/\/api.w.org\/{rel}","templated":true}]}}