{"id":1585629,"date":"2022-05-16T22:19:16","date_gmt":"2022-05-16T21:19:16","guid":{"rendered":"https:\/\/www.pressenza.com\/?p=1585629"},"modified":"2022-05-16T22:19:16","modified_gmt":"2022-05-16T21:19:16","slug":"suecia-y-finlandia-solicitan-formalmente-su-adhesion-a-la-otan","status":"publish","type":"post","link":"https:\/\/www.pressenza.com\/es\/2022\/05\/suecia-y-finlandia-solicitan-formalmente-su-adhesion-a-la-otan\/","title":{"rendered":"Suecia y Finlandia solicitan formalmente su adhesi\u00f3n a la OTAN"},"content":{"rendered":"<p>Los l\u00edderes de Suecia y Finlandia han anunciado formalmente que solicitar\u00e1n unirse a la\u00a0OTAN\u00a0en unos d\u00edas, poniendo fin a d\u00e9cadas de neutralidad. Si son aceptados, Suecia y Finlandia se convertir\u00edan en los pa\u00edses miembros 31 y 32 de la\u00a0OTAN. Finlandia comparte una frontera de m\u00e1s de 1.300 kil\u00f3metros con Rusia; pa\u00eds que advirti\u00f3 a Suecia y Finlandia que ser\u00eda un \u201cgrave error\u201d unirse a la\u00a0OTAN. El s\u00e1bado, Rusia, que proporciona el 10% de la electricidad de Finlandia, cort\u00f3 su abastecimiento de energ\u00eda el\u00e9ctrica al pa\u00eds n\u00f3rdico. La primera ministra sueca, Magdalena Andersson, brind\u00f3 declaraciones el domingo.<\/p>\n<p>Primera Ministra Magdalena Andersson: \u201cHoy, el Partido Socialdem\u00f3crata ha llegado a la conclusi\u00f3n de que Suecia deber\u00eda unirse a la\u00a0OTAN. Durante 200 a\u00f1os hemos tenido una pol\u00edtica de no alineamiento militar que ha sido \u00fatil para Suecia, pero el tema en cuesti\u00f3n es si el no alineamiento militar nos seguir\u00e1 beneficiando. La invasi\u00f3n no provocada de Rusia a Ucrania no solo es ilegal e indefendible, sino que tambi\u00e9n socava el orden de seguridad europeo sobre el que Suecia construye su seguridad\u201d.<\/p>\n<p>Turqu\u00eda, que es miembro de la OTAN, ha expresado su preocupaci\u00f3n por la incorporaci\u00f3n de Finlandia y Suecia a la alianza militar, sin embargo no se espera que vete su ingreso. Turqu\u00eda ha acusado durante mucho tiempo a Suecia de apoyar al PKK, el Partido de los Trabajadores del Kurdist\u00e1n, que est\u00e1 prohibido en Turqu\u00eda.<\/p>\n","protected":false},"excerpt":{"rendered":"<p>Los l\u00edderes de Suecia y Finlandia han anunciado formalmente que solicitar\u00e1n unirse a la\u00a0OTAN\u00a0en unos d\u00edas, poniendo fin a d\u00e9cadas de neutralidad. Si son aceptados, Suecia y Finlandia se convertir\u00edan en los pa\u00edses miembros 31 y 32 de la\u00a0OTAN. Finlandia&hellip;<\/p>\n","protected":false},"author":77,"featured_media":1585630,"comment_status":"closed","ping_status":"closed","sticky":false,"template":"","format":"standard","meta":{"footnotes":""},"categories":[66,1243],"tags":[54938,924,22007],"class_list":["post-1585629","post","type-post","status-publish","format-standard","has-post-thumbnail","hentry","category-europa-es","category-paz-desarme","tag-finlandia-es","tag-otan","tag-suecia"],"yoast_head":"<!-- This site is optimized with the Yoast SEO plugin v27.1.1 - https:\/\/yoast.com\/product\/yoast-seo-wordpress\/ -->\n<title>Suecia y Finlandia solicitan formalmente su adhesi\u00f3n a la OTAN<\/title>\n<meta name=\"description\" content=\"Los l\u00edderes de Suecia y Finlandia han anunciado formalmente que solicitar\u00e1n unirse a la\u00a0OTAN\u00a0en unos d\u00edas, poniendo fin a d\u00e9cadas de neutralidad. Si son\" \/>\n<meta name=\"robots\" content=\"index, follow, max-snippet:-1, max-image-preview:large, max-video-preview:-1\" \/>\n<link rel=\"canonical\" href=\"https:\/\/www.pressenza.com\/es\/2022\/05\/suecia-y-finlandia-solicitan-formalmente-su-adhesion-a-la-otan\/\" \/>\n<meta property=\"og:locale\" content=\"es_ES\" \/>\n<meta property=\"og:type\" content=\"article\" \/>\n<meta property=\"og:title\" content=\"Suecia y Finlandia solicitan formalmente su adhesi\u00f3n a la OTAN\" \/>\n<meta property=\"og:description\" content=\"Los l\u00edderes de Suecia y Finlandia han anunciado formalmente que solicitar\u00e1n unirse a la\u00a0OTAN\u00a0en unos d\u00edas, poniendo fin a d\u00e9cadas de neutralidad. Si son\" \/>\n<meta property=\"og:url\" content=\"https:\/\/www.pressenza.com\/es\/2022\/05\/suecia-y-finlandia-solicitan-formalmente-su-adhesion-a-la-otan\/\" \/>\n<meta property=\"og:site_name\" content=\"Pressenza\" \/>\n<meta property=\"article:publisher\" content=\"https:\/\/www.facebook.com\/PressenzaItalia\" \/>\n<meta property=\"article:author\" content=\"https:\/\/www.facebook.com\/democracynow\/?fref=ts\" \/>\n<meta property=\"article:published_time\" content=\"2022-05-16T21:19:16+00:00\" \/>\n<meta property=\"og:image\" content=\"https:\/\/www.pressenza.com\/wp-content\/uploads\/2022\/05\/HL4-NATO.jpg\" \/>\n\t<meta property=\"og:image:width\" content=\"960\" \/>\n\t<meta property=\"og:image:height\" content=\"540\" \/>\n\t<meta property=\"og:image:type\" content=\"image\/jpeg\" \/>\n<meta name=\"author\" content=\"Democracy Now!\" \/>\n<meta name=\"twitter:card\" content=\"summary_large_image\" \/>\n<meta name=\"twitter:creator\" content=\"@democracynow\" \/>\n<meta name=\"twitter:site\" content=\"@PressenzaIPA\" \/>\n<meta name=\"twitter:label1\" content=\"Escrito por\" \/>\n\t<meta name=\"twitter:data1\" content=\"Democracy Now!\" \/>\n\t<meta name=\"twitter:label2\" content=\"Tiempo de lectura\" \/>\n\t<meta name=\"twitter:data2\" content=\"2 minutos\" \/>\n<script type=\"application\/ld+json\" class=\"yoast-schema-graph\">{\"@context\":\"https:\/\/schema.org\",\"@graph\":[{\"@type\":\"Article\",\"@id\":\"https:\/\/www.pressenza.com\/es\/2022\/05\/suecia-y-finlandia-solicitan-formalmente-su-adhesion-a-la-otan\/#article\",\"isPartOf\":{\"@id\":\"https:\/\/www.pressenza.com\/es\/2022\/05\/suecia-y-finlandia-solicitan-formalmente-su-adhesion-a-la-otan\/\"},\"author\":{\"name\":\"Democracy Now!\",\"@id\":\"https:\/\/www.pressenza.com\/es\/#\/schema\/person\/6dbfa31ebecf081166f6ed11c10f262c\"},\"headline\":\"Suecia y Finlandia solicitan formalmente su adhesi\u00f3n a la OTAN\",\"datePublished\":\"2022-05-16T21:19:16+00:00\",\"mainEntityOfPage\":{\"@id\":\"https:\/\/www.pressenza.com\/es\/2022\/05\/suecia-y-finlandia-solicitan-formalmente-su-adhesion-a-la-otan\/\"},\"wordCount\":272,\"publisher\":{\"@id\":\"https:\/\/www.pressenza.com\/es\/#organization\"},\"image\":{\"@id\":\"https:\/\/www.pressenza.com\/es\/2022\/05\/suecia-y-finlandia-solicitan-formalmente-su-adhesion-a-la-otan\/#primaryimage\"},\"thumbnailUrl\":\"https:\/\/www.pressenza.com\/wp-content\/uploads\/2022\/05\/HL4-NATO.jpg\",\"keywords\":[\"Finlandia\",\"OTAN\",\"Suecia\"],\"articleSection\":[\"Europa\",\"Paz y Desarme\"],\"inLanguage\":\"es\"},{\"@type\":\"WebPage\",\"@id\":\"https:\/\/www.pressenza.com\/es\/2022\/05\/suecia-y-finlandia-solicitan-formalmente-su-adhesion-a-la-otan\/\",\"url\":\"https:\/\/www.pressenza.com\/es\/2022\/05\/suecia-y-finlandia-solicitan-formalmente-su-adhesion-a-la-otan\/\",\"name\":\"Suecia y Finlandia solicitan formalmente su adhesi\u00f3n a la OTAN\",\"isPartOf\":{\"@id\":\"https:\/\/www.pressenza.com\/es\/#website\"},\"primaryImageOfPage\":{\"@id\":\"https:\/\/www.pressenza.com\/es\/2022\/05\/suecia-y-finlandia-solicitan-formalmente-su-adhesion-a-la-otan\/#primaryimage\"},\"image\":{\"@id\":\"https:\/\/www.pressenza.com\/es\/2022\/05\/suecia-y-finlandia-solicitan-formalmente-su-adhesion-a-la-otan\/#primaryimage\"},\"thumbnailUrl\":\"https:\/\/www.pressenza.com\/wp-content\/uploads\/2022\/05\/HL4-NATO.jpg\",\"datePublished\":\"2022-05-16T21:19:16+00:00\",\"description\":\"Los l\u00edderes de Suecia y Finlandia han anunciado formalmente que solicitar\u00e1n unirse a la\u00a0OTAN\u00a0en unos d\u00edas, poniendo fin a d\u00e9cadas de neutralidad. Si son\",\"breadcrumb\":{\"@id\":\"https:\/\/www.pressenza.com\/es\/2022\/05\/suecia-y-finlandia-solicitan-formalmente-su-adhesion-a-la-otan\/#breadcrumb\"},\"inLanguage\":\"es\",\"potentialAction\":[{\"@type\":\"ReadAction\",\"target\":[\"https:\/\/www.pressenza.com\/es\/2022\/05\/suecia-y-finlandia-solicitan-formalmente-su-adhesion-a-la-otan\/\"]}]},{\"@type\":\"ImageObject\",\"inLanguage\":\"es\",\"@id\":\"https:\/\/www.pressenza.com\/es\/2022\/05\/suecia-y-finlandia-solicitan-formalmente-su-adhesion-a-la-otan\/#primaryimage\",\"url\":\"https:\/\/www.pressenza.com\/wp-content\/uploads\/2022\/05\/HL4-NATO.jpg\",\"contentUrl\":\"https:\/\/www.pressenza.com\/wp-content\/uploads\/2022\/05\/HL4-NATO.jpg\",\"width\":960,\"height\":540,\"caption\":\"Democracy Now!\"},{\"@type\":\"BreadcrumbList\",\"@id\":\"https:\/\/www.pressenza.com\/es\/2022\/05\/suecia-y-finlandia-solicitan-formalmente-su-adhesion-a-la-otan\/#breadcrumb\",\"itemListElement\":[{\"@type\":\"ListItem\",\"position\":1,\"name\":\"Accueil\",\"item\":\"https:\/\/www.pressenza.com\/es\/\"},{\"@type\":\"ListItem\",\"position\":2,\"name\":\"Suecia y Finlandia solicitan formalmente su adhesi\u00f3n a la OTAN\"}]},{\"@type\":\"WebSite\",\"@id\":\"https:\/\/www.pressenza.com\/es\/#website\",\"url\":\"https:\/\/www.pressenza.com\/es\/\",\"name\":\"Pressenza\",\"description\":\"International Press Agency\",\"publisher\":{\"@id\":\"https:\/\/www.pressenza.com\/es\/#organization\"},\"potentialAction\":[{\"@type\":\"SearchAction\",\"target\":{\"@type\":\"EntryPoint\",\"urlTemplate\":\"https:\/\/www.pressenza.com\/es\/?s={search_term_string}\"},\"query-input\":{\"@type\":\"PropertyValueSpecification\",\"valueRequired\":true,\"valueName\":\"search_term_string\"}}],\"inLanguage\":\"es\"},{\"@type\":\"Organization\",\"@id\":\"https:\/\/www.pressenza.com\/es\/#organization\",\"name\":\"Pressenza\",\"url\":\"https:\/\/www.pressenza.com\/es\/\",\"logo\":{\"@type\":\"ImageObject\",\"inLanguage\":\"es\",\"@id\":\"https:\/\/www.pressenza.com\/es\/#\/schema\/logo\/image\/\",\"url\":\"https:\/\/www.pressenza.com\/wp-content\/uploads\/2022\/10\/pressenza_logo_200x200.jpg\",\"contentUrl\":\"https:\/\/www.pressenza.com\/wp-content\/uploads\/2022\/10\/pressenza_logo_200x200.jpg\",\"width\":200,\"height\":200,\"caption\":\"Pressenza\"},\"image\":{\"@id\":\"https:\/\/www.pressenza.com\/es\/#\/schema\/logo\/image\/\"},\"sameAs\":[\"https:\/\/www.facebook.com\/PressenzaItalia\",\"https:\/\/x.com\/PressenzaIPA\"]},{\"@type\":\"Person\",\"@id\":\"https:\/\/www.pressenza.com\/es\/#\/schema\/person\/6dbfa31ebecf081166f6ed11c10f262c\",\"name\":\"Democracy Now!\",\"description\":\"Democracy Now! is a national, daily, independent, award-winning news program hosted by journalists Amy Goodman and Juan Gonzalez. www.democracynow.org\",\"sameAs\":[\"http:\/\/www.democracynow.org\",\"https:\/\/www.facebook.com\/democracynow\/?fref=ts\",\"https:\/\/x.com\/democracynow\"],\"url\":\"https:\/\/www.pressenza.com\/es\/author\/democracy-now\/\"}]}<\/script>\n<!-- \/ Yoast SEO plugin. -->","yoast_head_json":{"title":"Suecia y Finlandia solicitan formalmente su adhesi\u00f3n a la OTAN","description":"Los l\u00edderes de Suecia y Finlandia han anunciado formalmente que solicitar\u00e1n unirse a la\u00a0OTAN\u00a0en unos d\u00edas, poniendo fin a d\u00e9cadas de neutralidad. Si son","robots":{"index":"index","follow":"follow","max-snippet":"max-snippet:-1","max-image-preview":"max-image-preview:large","max-video-preview":"max-video-preview:-1"},"canonical":"https:\/\/www.pressenza.com\/es\/2022\/05\/suecia-y-finlandia-solicitan-formalmente-su-adhesion-a-la-otan\/","og_locale":"es_ES","og_type":"article","og_title":"Suecia y Finlandia solicitan formalmente su adhesi\u00f3n a la OTAN","og_description":"Los l\u00edderes de Suecia y Finlandia han anunciado formalmente que solicitar\u00e1n unirse a la\u00a0OTAN\u00a0en unos d\u00edas, poniendo fin a d\u00e9cadas de neutralidad. Si son","og_url":"https:\/\/www.pressenza.com\/es\/2022\/05\/suecia-y-finlandia-solicitan-formalmente-su-adhesion-a-la-otan\/","og_site_name":"Pressenza","article_publisher":"https:\/\/www.facebook.com\/PressenzaItalia","article_author":"https:\/\/www.facebook.com\/democracynow\/?fref=ts","article_published_time":"2022-05-16T21:19:16+00:00","og_image":[{"width":960,"height":540,"url":"https:\/\/www.pressenza.com\/wp-content\/uploads\/2022\/05\/HL4-NATO.jpg","type":"image\/jpeg"}],"author":"Democracy Now!","twitter_card":"summary_large_image","twitter_creator":"@democracynow","twitter_site":"@PressenzaIPA","twitter_misc":{"Escrito por":"Democracy Now!","Tiempo de lectura":"2 minutos"},"schema":{"@context":"https:\/\/schema.org","@graph":[{"@type":"Article","@id":"https:\/\/www.pressenza.com\/es\/2022\/05\/suecia-y-finlandia-solicitan-formalmente-su-adhesion-a-la-otan\/#article","isPartOf":{"@id":"https:\/\/www.pressenza.com\/es\/2022\/05\/suecia-y-finlandia-solicitan-formalmente-su-adhesion-a-la-otan\/"},"author":{"name":"Democracy Now!","@id":"https:\/\/www.pressenza.com\/es\/#\/schema\/person\/6dbfa31ebecf081166f6ed11c10f262c"},"headline":"Suecia y Finlandia solicitan formalmente su adhesi\u00f3n a la OTAN","datePublished":"2022-05-16T21:19:16+00:00","mainEntityOfPage":{"@id":"https:\/\/www.pressenza.com\/es\/2022\/05\/suecia-y-finlandia-solicitan-formalmente-su-adhesion-a-la-otan\/"},"wordCount":272,"publisher":{"@id":"https:\/\/www.pressenza.com\/es\/#organization"},"image":{"@id":"https:\/\/www.pressenza.com\/es\/2022\/05\/suecia-y-finlandia-solicitan-formalmente-su-adhesion-a-la-otan\/#primaryimage"},"thumbnailUrl":"https:\/\/www.pressenza.com\/wp-content\/uploads\/2022\/05\/HL4-NATO.jpg","keywords":["Finlandia","OTAN","Suecia"],"articleSection":["Europa","Paz y Desarme"],"inLanguage":"es"},{"@type":"WebPage","@id":"https:\/\/www.pressenza.com\/es\/2022\/05\/suecia-y-finlandia-solicitan-formalmente-su-adhesion-a-la-otan\/","url":"https:\/\/www.pressenza.com\/es\/2022\/05\/suecia-y-finlandia-solicitan-formalmente-su-adhesion-a-la-otan\/","name":"Suecia y Finlandia solicitan formalmente su adhesi\u00f3n a la OTAN","isPartOf":{"@id":"https:\/\/www.pressenza.com\/es\/#website"},"primaryImageOfPage":{"@id":"https:\/\/www.pressenza.com\/es\/2022\/05\/suecia-y-finlandia-solicitan-formalmente-su-adhesion-a-la-otan\/#primaryimage"},"image":{"@id":"https:\/\/www.pressenza.com\/es\/2022\/05\/suecia-y-finlandia-solicitan-formalmente-su-adhesion-a-la-otan\/#primaryimage"},"thumbnailUrl":"https:\/\/www.pressenza.com\/wp-content\/uploads\/2022\/05\/HL4-NATO.jpg","datePublished":"2022-05-16T21:19:16+00:00","description":"Los l\u00edderes de Suecia y Finlandia han anunciado formalmente que solicitar\u00e1n unirse a la\u00a0OTAN\u00a0en unos d\u00edas, poniendo fin a d\u00e9cadas de neutralidad. Si son","breadcrumb":{"@id":"https:\/\/www.pressenza.com\/es\/2022\/05\/suecia-y-finlandia-solicitan-formalmente-su-adhesion-a-la-otan\/#breadcrumb"},"inLanguage":"es","potentialAction":[{"@type":"ReadAction","target":["https:\/\/www.pressenza.com\/es\/2022\/05\/suecia-y-finlandia-solicitan-formalmente-su-adhesion-a-la-otan\/"]}]},{"@type":"ImageObject","inLanguage":"es","@id":"https:\/\/www.pressenza.com\/es\/2022\/05\/suecia-y-finlandia-solicitan-formalmente-su-adhesion-a-la-otan\/#primaryimage","url":"https:\/\/www.pressenza.com\/wp-content\/uploads\/2022\/05\/HL4-NATO.jpg","contentUrl":"https:\/\/www.pressenza.com\/wp-content\/uploads\/2022\/05\/HL4-NATO.jpg","width":960,"height":540,"caption":"Democracy Now!"},{"@type":"BreadcrumbList","@id":"https:\/\/www.pressenza.com\/es\/2022\/05\/suecia-y-finlandia-solicitan-formalmente-su-adhesion-a-la-otan\/#breadcrumb","itemListElement":[{"@type":"ListItem","position":1,"name":"Accueil","item":"https:\/\/www.pressenza.com\/es\/"},{"@type":"ListItem","position":2,"name":"Suecia y Finlandia solicitan formalmente su adhesi\u00f3n a la OTAN"}]},{"@type":"WebSite","@id":"https:\/\/www.pressenza.com\/es\/#website","url":"https:\/\/www.pressenza.com\/es\/","name":"Pressenza","description":"International Press Agency","publisher":{"@id":"https:\/\/www.pressenza.com\/es\/#organization"},"potentialAction":[{"@type":"SearchAction","target":{"@type":"EntryPoint","urlTemplate":"https:\/\/www.pressenza.com\/es\/?s={search_term_string}"},"query-input":{"@type":"PropertyValueSpecification","valueRequired":true,"valueName":"search_term_string"}}],"inLanguage":"es"},{"@type":"Organization","@id":"https:\/\/www.pressenza.com\/es\/#organization","name":"Pressenza","url":"https:\/\/www.pressenza.com\/es\/","logo":{"@type":"ImageObject","inLanguage":"es","@id":"https:\/\/www.pressenza.com\/es\/#\/schema\/logo\/image\/","url":"https:\/\/www.pressenza.com\/wp-content\/uploads\/2022\/10\/pressenza_logo_200x200.jpg","contentUrl":"https:\/\/www.pressenza.com\/wp-content\/uploads\/2022\/10\/pressenza_logo_200x200.jpg","width":200,"height":200,"caption":"Pressenza"},"image":{"@id":"https:\/\/www.pressenza.com\/es\/#\/schema\/logo\/image\/"},"sameAs":["https:\/\/www.facebook.com\/PressenzaItalia","https:\/\/x.com\/PressenzaIPA"]},{"@type":"Person","@id":"https:\/\/www.pressenza.com\/es\/#\/schema\/person\/6dbfa31ebecf081166f6ed11c10f262c","name":"Democracy Now!","description":"Democracy Now! is a national, daily, independent, award-winning news program hosted by journalists Amy Goodman and Juan Gonzalez. www.democracynow.org","sameAs":["http:\/\/www.democracynow.org","https:\/\/www.facebook.com\/democracynow\/?fref=ts","https:\/\/x.com\/democracynow"],"url":"https:\/\/www.pressenza.com\/es\/author\/democracy-now\/"}]}},"place":"OTAN","original_article_url":"https:\/\/www.democracynow.org\/es\/2022\/5\/16\/titulares\/sweden_and_finland_formally_request_nato_membership","_links":{"self":[{"href":"https:\/\/www.pressenza.com\/es\/wp-json\/wp\/v2\/posts\/1585629","targetHints":{"allow":["GET"]}}],"collection":[{"href":"https:\/\/www.pressenza.com\/es\/wp-json\/wp\/v2\/posts"}],"about":[{"href":"https:\/\/www.pressenza.com\/es\/wp-json\/wp\/v2\/types\/post"}],"author":[{"embeddable":true,"href":"https:\/\/www.pressenza.com\/es\/wp-json\/wp\/v2\/users\/77"}],"replies":[{"embeddable":true,"href":"https:\/\/www.pressenza.com\/es\/wp-json\/wp\/v2\/comments?post=1585629"}],"version-history":[{"count":0,"href":"https:\/\/www.pressenza.com\/es\/wp-json\/wp\/v2\/posts\/1585629\/revisions"}],"wp:featuredmedia":[{"embeddable":true,"href":"https:\/\/www.pressenza.com\/es\/wp-json\/wp\/v2\/media\/1585630"}],"wp:attachment":[{"href":"https:\/\/www.pressenza.com\/es\/wp-json\/wp\/v2\/media?parent=1585629"}],"wp:term":[{"taxonomy":"category","embeddable":true,"href":"https:\/\/www.pressenza.com\/es\/wp-json\/wp\/v2\/categories?post=1585629"},{"taxonomy":"post_tag","embeddable":true,"href":"https:\/\/www.pressenza.com\/es\/wp-json\/wp\/v2\/tags?post=1585629"}],"curies":[{"name":"wp","href":"https:\/\/api.w.org\/{rel}","templated":true}]}}