{"id":158486,"date":"2015-01-28T12:58:10","date_gmt":"2015-01-28T12:58:10","guid":{"rendered":"http:\/\/www.pressenza.com\/?p=158486"},"modified":"2015-01-28T12:58:10","modified_gmt":"2015-01-28T12:58:10","slug":"estudiantes-de-ayotzinapa-fueron-ejecutados-e-incinerados","status":"publish","type":"post","link":"https:\/\/www.pressenza.com\/es\/2015\/01\/estudiantes-de-ayotzinapa-fueron-ejecutados-e-incinerados\/","title":{"rendered":"Estudiantes de Ayotzinapa fueron ejecutados e incinerados"},"content":{"rendered":"<p style=\"text-align: justify;\">La Procuradur\u00eda General mexicana lleg\u00f3 finalmente a esa conclusi\u00f3n y la considera la verdad hist\u00f3rica, seg\u00fan declaraciones del fiscal Jes\u00fas Murillo.<\/p>\n<p style=\"text-align: justify;\">Para la Procuradur\u00eda General de la Rep\u00fablica (PGR) de M\u00e9xico es un hecho cient\u00edfico: los 43 estudiantes normalistas de Ayotzinapa fueron secuestrados, ejecutados e incinerados, sin espacio para las dudas. As\u00ed lo manifest\u00f3 este martes (27.01.2015) el procurador (fiscal) general, Jes\u00fas Murillo Karam, en una conferencia de prensa realizada en la capital, donde mostr\u00f3 videos y extractos de declaraciones de 99 personas detenidas por este caso.<\/p>\n<p>Los elementos de la investigaci\u00f3n permitieron \u201cllegar, sin lugar a dudas, a la conclusi\u00f3n de que los estudiantes normalistas fueron privados de la libertad, privados de la vida, incinerados y arrojados al r\u00edo San Juan, en ese orden. Esa es la verdad hist\u00f3rica de los hechos, basados en pruebas aportadas por la ciencia y como se muestra en el expediente\u201d, dijo el procurador.<\/p>\n<p style=\"text-align: justify;\">\u201cEsto y muchos otros elementos aportados durante la investigaci\u00f3n permitieron realizar un an\u00e1lisis l\u00f3gico-causal y llegar a esa conclusi\u00f3n\u201d, agreg\u00f3 el fiscal. En la misma conferencia, el jefe de la Agencia de Investigaci\u00f3n Criminal de la PGR, Tom\u00e1s Zer\u00f3n de Lucio, dio a conocer fragmentos de la declaraci\u00f3n de Felipe Rodr\u00edguez Salgado, alias \u201cEl Cepillo\u201d, quien admiti\u00f3 haber dirigido la operaci\u00f3n para asesinar y hacer desaparecer a los estudiantes.<\/p>\n<p><b>Confusi\u00f3n con banda rival<\/b><\/p>\n<p>Rodr\u00edguez Salgado asegur\u00f3 que el m\u00f3vil del crimen fue una confusi\u00f3n, pues el grupo criminal bajo su mando en Cocula crey\u00f3 que los estudiantes eran miembros de una banda rival. \u201cLos estudiantes fueron se\u00f1alados por los delincuentes de formar parte del grupo antag\u00f3nico de la delincuencia organizada de la regi\u00f3n\u201d, dijo Zer\u00f3n. Rodr\u00edguez sostuvo en sus declaraciones que el alcalde de Iguala, Jos\u00e9 Abarca, siempre estuvo informado de esta situaci\u00f3n y que en las acciones tambi\u00e9n participaron polic\u00edas.<\/p>\n<p>Por su parte, el presidente de M\u00e9xico, Enrique Pe\u00f1a Nieto, llam\u00f3 a la sociedad a no quedarse atrapada en el caso de los estudiantes desaparecidos hace m\u00e1s de cuatro meses, asegurando que su gobierno ha desplegado un \u201cesfuerzo sin precedentes\u201d para aclarar el caso. \u201cEstoy convencido de que este instante, este momento en la historia de M\u00e9xico de pena, tragedia y de dolor no puede dejarnos atrapados, no podemos quedarnos ah\u00ed\u201d. Exigi\u00f3, asimismo, castigo para los responsables.<\/p>\n","protected":false},"excerpt":{"rendered":"<p>La Procuradur\u00eda General mexicana lleg\u00f3 finalmente a esa conclusi\u00f3n y la considera la verdad hist\u00f3rica, seg\u00fan declaraciones del fiscal Jes\u00fas Murillo. Para la Procuradur\u00eda General de la Rep\u00fablica (PGR) de M\u00e9xico es un hecho cient\u00edfico: los 43 estudiantes normalistas de&hellip;<\/p>\n","protected":false},"author":993,"featured_media":158487,"comment_status":"closed","ping_status":"open","sticky":false,"template":"","format":"standard","meta":{"footnotes":""},"categories":[68],"tags":[15110,623],"class_list":["post-158486","post","type-post","status-publish","format-standard","has-post-thumbnail","hentry","category-norteamerica","tag-43-ayotzinapa","tag-violencia"],"yoast_head":"<!-- This site is optimized with the Yoast SEO plugin v27.1.1 - https:\/\/yoast.com\/product\/yoast-seo-wordpress\/ -->\n<title>Estudiantes de Ayotzinapa fueron ejecutados e incinerados<\/title>\n<meta name=\"description\" content=\"La Procuradur\u00eda General mexicana lleg\u00f3 finalmente a esa conclusi\u00f3n y la considera la verdad hist\u00f3rica, seg\u00fan declaraciones del fiscal Jes\u00fas Murillo. Para\" \/>\n<meta name=\"robots\" content=\"index, follow, max-snippet:-1, max-image-preview:large, max-video-preview:-1\" \/>\n<link rel=\"canonical\" href=\"https:\/\/www.pressenza.com\/es\/2015\/01\/estudiantes-de-ayotzinapa-fueron-ejecutados-e-incinerados\/\" \/>\n<meta property=\"og:locale\" content=\"es_ES\" \/>\n<meta property=\"og:type\" content=\"article\" \/>\n<meta property=\"og:title\" content=\"Estudiantes de Ayotzinapa fueron ejecutados e incinerados\" \/>\n<meta property=\"og:description\" content=\"La Procuradur\u00eda General mexicana lleg\u00f3 finalmente a esa conclusi\u00f3n y la considera la verdad hist\u00f3rica, seg\u00fan declaraciones del fiscal Jes\u00fas Murillo. Para\" \/>\n<meta property=\"og:url\" content=\"https:\/\/www.pressenza.com\/es\/2015\/01\/estudiantes-de-ayotzinapa-fueron-ejecutados-e-incinerados\/\" \/>\n<meta property=\"og:site_name\" content=\"Pressenza\" \/>\n<meta property=\"article:publisher\" content=\"https:\/\/www.facebook.com\/PressenzaItalia\" \/>\n<meta property=\"article:published_time\" content=\"2015-01-28T12:58:10+00:00\" \/>\n<meta property=\"og:image\" content=\"https:\/\/www.pressenza.com\/wp-content\/uploads\/2015\/01\/018220000_30300.jpg\" \/>\n\t<meta property=\"og:image:width\" content=\"700\" \/>\n\t<meta property=\"og:image:height\" content=\"394\" \/>\n\t<meta property=\"og:image:type\" content=\"image\/jpeg\" \/>\n<meta name=\"author\" content=\"Deutsche Welle\" \/>\n<meta name=\"twitter:card\" content=\"summary_large_image\" \/>\n<meta name=\"twitter:creator\" content=\"@PressenzaIPA\" \/>\n<meta name=\"twitter:site\" content=\"@PressenzaIPA\" \/>\n<meta name=\"twitter:label1\" content=\"Escrito por\" \/>\n\t<meta name=\"twitter:data1\" content=\"Deutsche Welle\" \/>\n\t<meta name=\"twitter:label2\" content=\"Tiempo de lectura\" \/>\n\t<meta name=\"twitter:data2\" content=\"2 minutos\" \/>\n<script type=\"application\/ld+json\" class=\"yoast-schema-graph\">{\"@context\":\"https:\/\/schema.org\",\"@graph\":[{\"@type\":\"Article\",\"@id\":\"https:\/\/www.pressenza.com\/es\/2015\/01\/estudiantes-de-ayotzinapa-fueron-ejecutados-e-incinerados\/#article\",\"isPartOf\":{\"@id\":\"https:\/\/www.pressenza.com\/es\/2015\/01\/estudiantes-de-ayotzinapa-fueron-ejecutados-e-incinerados\/\"},\"author\":{\"name\":\"Deutsche Welle\",\"@id\":\"https:\/\/www.pressenza.com\/es\/#\/schema\/person\/b7c775911f2c9a1b8c7225b94e2e9f37\"},\"headline\":\"Estudiantes de Ayotzinapa fueron ejecutados e incinerados\",\"datePublished\":\"2015-01-28T12:58:10+00:00\",\"mainEntityOfPage\":{\"@id\":\"https:\/\/www.pressenza.com\/es\/2015\/01\/estudiantes-de-ayotzinapa-fueron-ejecutados-e-incinerados\/\"},\"wordCount\":422,\"publisher\":{\"@id\":\"https:\/\/www.pressenza.com\/es\/#organization\"},\"image\":{\"@id\":\"https:\/\/www.pressenza.com\/es\/2015\/01\/estudiantes-de-ayotzinapa-fueron-ejecutados-e-incinerados\/#primaryimage\"},\"thumbnailUrl\":\"https:\/\/www.pressenza.com\/wp-content\/uploads\/2015\/01\/018220000_30300.jpg\",\"keywords\":[\"43 Ayotzinapa\",\"Violencia\"],\"articleSection\":[\"Norteam\u00e9rica\"],\"inLanguage\":\"es\"},{\"@type\":\"WebPage\",\"@id\":\"https:\/\/www.pressenza.com\/es\/2015\/01\/estudiantes-de-ayotzinapa-fueron-ejecutados-e-incinerados\/\",\"url\":\"https:\/\/www.pressenza.com\/es\/2015\/01\/estudiantes-de-ayotzinapa-fueron-ejecutados-e-incinerados\/\",\"name\":\"Estudiantes de Ayotzinapa fueron ejecutados e incinerados\",\"isPartOf\":{\"@id\":\"https:\/\/www.pressenza.com\/es\/#website\"},\"primaryImageOfPage\":{\"@id\":\"https:\/\/www.pressenza.com\/es\/2015\/01\/estudiantes-de-ayotzinapa-fueron-ejecutados-e-incinerados\/#primaryimage\"},\"image\":{\"@id\":\"https:\/\/www.pressenza.com\/es\/2015\/01\/estudiantes-de-ayotzinapa-fueron-ejecutados-e-incinerados\/#primaryimage\"},\"thumbnailUrl\":\"https:\/\/www.pressenza.com\/wp-content\/uploads\/2015\/01\/018220000_30300.jpg\",\"datePublished\":\"2015-01-28T12:58:10+00:00\",\"description\":\"La Procuradur\u00eda General mexicana lleg\u00f3 finalmente a esa conclusi\u00f3n y la considera la verdad hist\u00f3rica, seg\u00fan declaraciones del fiscal Jes\u00fas Murillo. Para\",\"breadcrumb\":{\"@id\":\"https:\/\/www.pressenza.com\/es\/2015\/01\/estudiantes-de-ayotzinapa-fueron-ejecutados-e-incinerados\/#breadcrumb\"},\"inLanguage\":\"es\",\"potentialAction\":[{\"@type\":\"ReadAction\",\"target\":[\"https:\/\/www.pressenza.com\/es\/2015\/01\/estudiantes-de-ayotzinapa-fueron-ejecutados-e-incinerados\/\"]}]},{\"@type\":\"ImageObject\",\"inLanguage\":\"es\",\"@id\":\"https:\/\/www.pressenza.com\/es\/2015\/01\/estudiantes-de-ayotzinapa-fueron-ejecutados-e-incinerados\/#primaryimage\",\"url\":\"https:\/\/www.pressenza.com\/wp-content\/uploads\/2015\/01\/018220000_30300.jpg\",\"contentUrl\":\"https:\/\/www.pressenza.com\/wp-content\/uploads\/2015\/01\/018220000_30300.jpg\",\"width\":700,\"height\":394},{\"@type\":\"BreadcrumbList\",\"@id\":\"https:\/\/www.pressenza.com\/es\/2015\/01\/estudiantes-de-ayotzinapa-fueron-ejecutados-e-incinerados\/#breadcrumb\",\"itemListElement\":[{\"@type\":\"ListItem\",\"position\":1,\"name\":\"Accueil\",\"item\":\"https:\/\/www.pressenza.com\/es\/\"},{\"@type\":\"ListItem\",\"position\":2,\"name\":\"Estudiantes de Ayotzinapa fueron ejecutados e incinerados\"}]},{\"@type\":\"WebSite\",\"@id\":\"https:\/\/www.pressenza.com\/es\/#website\",\"url\":\"https:\/\/www.pressenza.com\/es\/\",\"name\":\"Pressenza\",\"description\":\"International Press Agency\",\"publisher\":{\"@id\":\"https:\/\/www.pressenza.com\/es\/#organization\"},\"potentialAction\":[{\"@type\":\"SearchAction\",\"target\":{\"@type\":\"EntryPoint\",\"urlTemplate\":\"https:\/\/www.pressenza.com\/es\/?s={search_term_string}\"},\"query-input\":{\"@type\":\"PropertyValueSpecification\",\"valueRequired\":true,\"valueName\":\"search_term_string\"}}],\"inLanguage\":\"es\"},{\"@type\":\"Organization\",\"@id\":\"https:\/\/www.pressenza.com\/es\/#organization\",\"name\":\"Pressenza\",\"url\":\"https:\/\/www.pressenza.com\/es\/\",\"logo\":{\"@type\":\"ImageObject\",\"inLanguage\":\"es\",\"@id\":\"https:\/\/www.pressenza.com\/es\/#\/schema\/logo\/image\/\",\"url\":\"https:\/\/www.pressenza.com\/wp-content\/uploads\/2022\/10\/pressenza_logo_200x200.jpg\",\"contentUrl\":\"https:\/\/www.pressenza.com\/wp-content\/uploads\/2022\/10\/pressenza_logo_200x200.jpg\",\"width\":200,\"height\":200,\"caption\":\"Pressenza\"},\"image\":{\"@id\":\"https:\/\/www.pressenza.com\/es\/#\/schema\/logo\/image\/\"},\"sameAs\":[\"https:\/\/www.facebook.com\/PressenzaItalia\",\"https:\/\/x.com\/PressenzaIPA\"]},{\"@type\":\"Person\",\"@id\":\"https:\/\/www.pressenza.com\/es\/#\/schema\/person\/b7c775911f2c9a1b8c7225b94e2e9f37\",\"name\":\"Deutsche Welle\",\"description\":\"Articles and photographs by Deutsche Welle on Pressenza do not fall under the Creative Commons licence and are not reproducible in any way. www.dw.com\",\"sameAs\":[\"http:\/\/www.dw.com\"],\"url\":\"https:\/\/www.pressenza.com\/es\/author\/deutsche-welle\/\"}]}<\/script>\n<!-- \/ Yoast SEO plugin. -->","yoast_head_json":{"title":"Estudiantes de Ayotzinapa fueron ejecutados e incinerados","description":"La Procuradur\u00eda General mexicana lleg\u00f3 finalmente a esa conclusi\u00f3n y la considera la verdad hist\u00f3rica, seg\u00fan declaraciones del fiscal Jes\u00fas Murillo. Para","robots":{"index":"index","follow":"follow","max-snippet":"max-snippet:-1","max-image-preview":"max-image-preview:large","max-video-preview":"max-video-preview:-1"},"canonical":"https:\/\/www.pressenza.com\/es\/2015\/01\/estudiantes-de-ayotzinapa-fueron-ejecutados-e-incinerados\/","og_locale":"es_ES","og_type":"article","og_title":"Estudiantes de Ayotzinapa fueron ejecutados e incinerados","og_description":"La Procuradur\u00eda General mexicana lleg\u00f3 finalmente a esa conclusi\u00f3n y la considera la verdad hist\u00f3rica, seg\u00fan declaraciones del fiscal Jes\u00fas Murillo. Para","og_url":"https:\/\/www.pressenza.com\/es\/2015\/01\/estudiantes-de-ayotzinapa-fueron-ejecutados-e-incinerados\/","og_site_name":"Pressenza","article_publisher":"https:\/\/www.facebook.com\/PressenzaItalia","article_published_time":"2015-01-28T12:58:10+00:00","og_image":[{"width":700,"height":394,"url":"https:\/\/www.pressenza.com\/wp-content\/uploads\/2015\/01\/018220000_30300.jpg","type":"image\/jpeg"}],"author":"Deutsche Welle","twitter_card":"summary_large_image","twitter_creator":"@PressenzaIPA","twitter_site":"@PressenzaIPA","twitter_misc":{"Escrito por":"Deutsche Welle","Tiempo de lectura":"2 minutos"},"schema":{"@context":"https:\/\/schema.org","@graph":[{"@type":"Article","@id":"https:\/\/www.pressenza.com\/es\/2015\/01\/estudiantes-de-ayotzinapa-fueron-ejecutados-e-incinerados\/#article","isPartOf":{"@id":"https:\/\/www.pressenza.com\/es\/2015\/01\/estudiantes-de-ayotzinapa-fueron-ejecutados-e-incinerados\/"},"author":{"name":"Deutsche Welle","@id":"https:\/\/www.pressenza.com\/es\/#\/schema\/person\/b7c775911f2c9a1b8c7225b94e2e9f37"},"headline":"Estudiantes de Ayotzinapa fueron ejecutados e incinerados","datePublished":"2015-01-28T12:58:10+00:00","mainEntityOfPage":{"@id":"https:\/\/www.pressenza.com\/es\/2015\/01\/estudiantes-de-ayotzinapa-fueron-ejecutados-e-incinerados\/"},"wordCount":422,"publisher":{"@id":"https:\/\/www.pressenza.com\/es\/#organization"},"image":{"@id":"https:\/\/www.pressenza.com\/es\/2015\/01\/estudiantes-de-ayotzinapa-fueron-ejecutados-e-incinerados\/#primaryimage"},"thumbnailUrl":"https:\/\/www.pressenza.com\/wp-content\/uploads\/2015\/01\/018220000_30300.jpg","keywords":["43 Ayotzinapa","Violencia"],"articleSection":["Norteam\u00e9rica"],"inLanguage":"es"},{"@type":"WebPage","@id":"https:\/\/www.pressenza.com\/es\/2015\/01\/estudiantes-de-ayotzinapa-fueron-ejecutados-e-incinerados\/","url":"https:\/\/www.pressenza.com\/es\/2015\/01\/estudiantes-de-ayotzinapa-fueron-ejecutados-e-incinerados\/","name":"Estudiantes de Ayotzinapa fueron ejecutados e incinerados","isPartOf":{"@id":"https:\/\/www.pressenza.com\/es\/#website"},"primaryImageOfPage":{"@id":"https:\/\/www.pressenza.com\/es\/2015\/01\/estudiantes-de-ayotzinapa-fueron-ejecutados-e-incinerados\/#primaryimage"},"image":{"@id":"https:\/\/www.pressenza.com\/es\/2015\/01\/estudiantes-de-ayotzinapa-fueron-ejecutados-e-incinerados\/#primaryimage"},"thumbnailUrl":"https:\/\/www.pressenza.com\/wp-content\/uploads\/2015\/01\/018220000_30300.jpg","datePublished":"2015-01-28T12:58:10+00:00","description":"La Procuradur\u00eda General mexicana lleg\u00f3 finalmente a esa conclusi\u00f3n y la considera la verdad hist\u00f3rica, seg\u00fan declaraciones del fiscal Jes\u00fas Murillo. Para","breadcrumb":{"@id":"https:\/\/www.pressenza.com\/es\/2015\/01\/estudiantes-de-ayotzinapa-fueron-ejecutados-e-incinerados\/#breadcrumb"},"inLanguage":"es","potentialAction":[{"@type":"ReadAction","target":["https:\/\/www.pressenza.com\/es\/2015\/01\/estudiantes-de-ayotzinapa-fueron-ejecutados-e-incinerados\/"]}]},{"@type":"ImageObject","inLanguage":"es","@id":"https:\/\/www.pressenza.com\/es\/2015\/01\/estudiantes-de-ayotzinapa-fueron-ejecutados-e-incinerados\/#primaryimage","url":"https:\/\/www.pressenza.com\/wp-content\/uploads\/2015\/01\/018220000_30300.jpg","contentUrl":"https:\/\/www.pressenza.com\/wp-content\/uploads\/2015\/01\/018220000_30300.jpg","width":700,"height":394},{"@type":"BreadcrumbList","@id":"https:\/\/www.pressenza.com\/es\/2015\/01\/estudiantes-de-ayotzinapa-fueron-ejecutados-e-incinerados\/#breadcrumb","itemListElement":[{"@type":"ListItem","position":1,"name":"Accueil","item":"https:\/\/www.pressenza.com\/es\/"},{"@type":"ListItem","position":2,"name":"Estudiantes de Ayotzinapa fueron ejecutados e incinerados"}]},{"@type":"WebSite","@id":"https:\/\/www.pressenza.com\/es\/#website","url":"https:\/\/www.pressenza.com\/es\/","name":"Pressenza","description":"International Press Agency","publisher":{"@id":"https:\/\/www.pressenza.com\/es\/#organization"},"potentialAction":[{"@type":"SearchAction","target":{"@type":"EntryPoint","urlTemplate":"https:\/\/www.pressenza.com\/es\/?s={search_term_string}"},"query-input":{"@type":"PropertyValueSpecification","valueRequired":true,"valueName":"search_term_string"}}],"inLanguage":"es"},{"@type":"Organization","@id":"https:\/\/www.pressenza.com\/es\/#organization","name":"Pressenza","url":"https:\/\/www.pressenza.com\/es\/","logo":{"@type":"ImageObject","inLanguage":"es","@id":"https:\/\/www.pressenza.com\/es\/#\/schema\/logo\/image\/","url":"https:\/\/www.pressenza.com\/wp-content\/uploads\/2022\/10\/pressenza_logo_200x200.jpg","contentUrl":"https:\/\/www.pressenza.com\/wp-content\/uploads\/2022\/10\/pressenza_logo_200x200.jpg","width":200,"height":200,"caption":"Pressenza"},"image":{"@id":"https:\/\/www.pressenza.com\/es\/#\/schema\/logo\/image\/"},"sameAs":["https:\/\/www.facebook.com\/PressenzaItalia","https:\/\/x.com\/PressenzaIPA"]},{"@type":"Person","@id":"https:\/\/www.pressenza.com\/es\/#\/schema\/person\/b7c775911f2c9a1b8c7225b94e2e9f37","name":"Deutsche Welle","description":"Articles and photographs by Deutsche Welle on Pressenza do not fall under the Creative Commons licence and are not reproducible in any way. www.dw.com","sameAs":["http:\/\/www.dw.com"],"url":"https:\/\/www.pressenza.com\/es\/author\/deutsche-welle\/"}]}},"place":"","original_article_url":"","_links":{"self":[{"href":"https:\/\/www.pressenza.com\/es\/wp-json\/wp\/v2\/posts\/158486","targetHints":{"allow":["GET"]}}],"collection":[{"href":"https:\/\/www.pressenza.com\/es\/wp-json\/wp\/v2\/posts"}],"about":[{"href":"https:\/\/www.pressenza.com\/es\/wp-json\/wp\/v2\/types\/post"}],"author":[{"embeddable":true,"href":"https:\/\/www.pressenza.com\/es\/wp-json\/wp\/v2\/users\/993"}],"replies":[{"embeddable":true,"href":"https:\/\/www.pressenza.com\/es\/wp-json\/wp\/v2\/comments?post=158486"}],"version-history":[{"count":0,"href":"https:\/\/www.pressenza.com\/es\/wp-json\/wp\/v2\/posts\/158486\/revisions"}],"wp:featuredmedia":[{"embeddable":true,"href":"https:\/\/www.pressenza.com\/es\/wp-json\/wp\/v2\/media\/158487"}],"wp:attachment":[{"href":"https:\/\/www.pressenza.com\/es\/wp-json\/wp\/v2\/media?parent=158486"}],"wp:term":[{"taxonomy":"category","embeddable":true,"href":"https:\/\/www.pressenza.com\/es\/wp-json\/wp\/v2\/categories?post=158486"},{"taxonomy":"post_tag","embeddable":true,"href":"https:\/\/www.pressenza.com\/es\/wp-json\/wp\/v2\/tags?post=158486"}],"curies":[{"name":"wp","href":"https:\/\/api.w.org\/{rel}","templated":true}]}}