{"id":1583153,"date":"2022-05-13T00:32:26","date_gmt":"2022-05-12T23:32:26","guid":{"rendered":"https:\/\/www.pressenza.com\/?p=1583153"},"modified":"2022-05-13T00:32:26","modified_gmt":"2022-05-12T23:32:26","slug":"entrevista-a-marcelo-castillo-vocero-de-la-coordinadora-por-la-renacionalizacion-del-cobre-y-la-gran-mineria-chilena","status":"publish","type":"post","link":"https:\/\/www.pressenza.com\/es\/2022\/05\/entrevista-a-marcelo-castillo-vocero-de-la-coordinadora-por-la-renacionalizacion-del-cobre-y-la-gran-mineria-chilena\/","title":{"rendered":"Entrevista a Marcelo Castillo, vocero de la Coordinadora por la Renacionalizaci\u00f3n del Cobre y la Gran Miner\u00eda chilena"},"content":{"rendered":"<p>Entrevistamos a Marcelo Castillo Duvauchelle en su calidad de vocero de la Coordinadora por la Renacionalizaci\u00f3n del Cobre y la Gran Miner\u00eda, ya que nos interesaba saber qu\u00e9 opina de las deliberaciones que se han dado respecto de la renacionalizaci\u00f3n del cobre en el \u00e1mbito de la Convenci\u00f3n Constitucional.<\/p>\n<p><strong>Marcelo Castillo:<\/strong>\u00a0Lo primero es decir que llegamos a la posibilidad de deliberar y redactar una nueva Constituci\u00f3n gracias a una prolongada lucha social que -en su acumulaci\u00f3n- propici\u00f3 el Estallido Social de octubre 2019 y todas las movilizaciones multitudinarias que le siguieron en las semanas posteriores. No olvidar que era muy fuerte el clamor ciudadano de Asamblea Constituyente, o sea, por un espacio amplio, democr\u00e1tico y participativo de deliberaci\u00f3n, en las calles nunca v\u00ed un letrero exigiendo deliberaci\u00f3n entre 155 representantes. Sin embargo, lo que pas\u00f3 es historia conocida, un grupo de partidos se pusieron de acuerdo para dar una respuesta que a todas luces fue \u201ctraje a la medida\u201d de su estrategia, me refiero al famoso \u00abAcuerdo por la paz social y la nueva Constituci\u00f3n\u00bb. Dicho esto, las deliberaciones que se han visto y escuchado en la Convenci\u00f3n Constitucional estos tres \u00faltimos meses, a ratos parecen de personas que llegaron ah\u00ed para defender intereses propios, de la elite econ\u00f3mica, empresarial, de sus partidos o peor a\u00fan, en el caso particular de la miner\u00eda, aparte de las posturas neoliberales de la derecha, se han visto intervenciones de Convencionales del Frente Amplio, del Colectivo Socialista e Independientes No Neutrales, defendiendo abiertamente los intereses de las transnacionales. De verdad espero que en lo que sigue, esto se revierta.<\/p>\n<p>Si bien no era una expectativa que los asientos de la Convenci\u00f3n Constitucional fueran ocupados por \u201cprofesionales de la deliberaci\u00f3n\u201d, pues en elecci\u00f3n popular se espera que las y los elegidos representen la diversidad propia del pueblo, s\u00ed era expectativa que en esos asientos estuvieran personas con visi\u00f3n de pa\u00eds, con sensibilidad hacia las necesidades y esperanzas de la gente, que ha sufrido a\u00f1os de postergaci\u00f3n. Convencionales que impulsaran una nueva matriz de desarrollo, en esencia, que fueran personas coherentes, cre\u00edbles. Causa mucha decepci\u00f3n el descaro con que muchos dicen estar con el pueblo y a la hora de votar las iniciativas de norma pro transformaciones, pro derechos fundamentales, act\u00faan y votan en un sentido totalmente contrario. En la Convenci\u00f3n Constitucional han pasado cosas tan contradictorias que ni el m\u00e1s ilustrado en ciencia pol\u00edtica podr\u00eda explicar. De verdad encuentro muy lamentable el poder que han tenido all\u00ed los se\u00f1ores del lobby, es secreto a voces que han circulado como Pedro por su casa dentro de la Convenci\u00f3n. Adem\u00e1s es bastante impresentable que la deliberaci\u00f3n y las respectivas votaciones, est\u00e9n subordinadas al tema de los 2\/3, c\u00f3mo explicarle a un extranjero que 1\/3 puede ser ganador y 2\/3 perdedor. Disculpa que me haya desviado un poco, pero si voy a opinar sobre la deliberaci\u00f3n, no puedo omitir estas situaciones que por mi participaci\u00f3n en la Coordinadora, he podido presenciar de manera un poco m\u00e1s cercana respecto al ciudadano com\u00fan.<\/p>\n<p><strong>Pressenza: Est\u00e1 bien, pero \u00bfqu\u00e9 dices\u00a0respecto de las resoluciones a las que la Convenci\u00f3n finalmente ha llegado?<\/strong><\/p>\n<p><strong>Marcelo Castillo:\u00a0<\/strong>El panorama en el bloque minero, es m\u00e1s o menos esto: Se ha rechazado nacionalizar empresas que desarrollen actividades mineras, los derechos de los que sea titular y sus bienes. Derogar las concesiones de explotaci\u00f3n de yacimientos. Que el Estado regule los impactos y efectos en las distintas etapas de la actividad minera. Que la empresa minera destine recursos para reparar los da\u00f1os causados por la actividad productiva, los efectos nocivos en los territorios de explotaci\u00f3n. Que el Estado desarrolle de manera exclusiva la actividad minera sobre los hidrocarburos, litio y tierras raras. En el caso del cobre, que el Estado explore y explote por s\u00ed mismo, resguardando la participaci\u00f3n mayoritaria del Estado.<\/p>\n<p>Que las autorizaciones se otorguen de forma temporal, mediante un procedimiento transparente y p\u00fablico, en los t\u00e9rminos y condiciones que establezca y no se otorgue propiedad al titular. Que la ley regule las regal\u00edas u otro tipo de compensaciones patrimoniales que deber\u00e1 percibir el Estado por la explotaci\u00f3n minera.<\/p>\n<p>En fin, \u00e9stos y otros art\u00edculos e indicaciones hasta aqu\u00ed han sido sistem\u00e1ticamente rechazados. Como se puede ver, est\u00e1 bastante cuesta arriba esta causa, pero seguimos, no nos rendimos. Faltan manos y voluntades, sin duda, se necesitan muchos m\u00e1s protegiendo y defendiendo el cobre.<\/p>\n<p><strong>Pressenza: \u00bfCu\u00e1les son los objetivos de la Coordinadora de la que eres vocero?<\/strong><\/p>\n<p><strong>Marcelo Castillo:\u00a0<\/strong>Soy uno de los voceros, no el \u00fanico. Queremos soberan\u00eda sobre nuestros recursos naturales, en especial de los no renovables y que tienen un car\u00e1cter estrat\u00e9gico para el desarrollo del pa\u00eds. Queremos la renacionalizaci\u00f3n del cobre, porque lo entendemos como un paso imprescindible para cambiar la matriz productiva. Nos duele el hecho que llevemos cinco d\u00e9cadas con un modelo extractivista, que lleguen las transnacionales, aporten un porcentaje muy bajo en cuanto al empleo, extraigan nuestras riquezas y a cambio nos dejen migajas y zonas de sacrificios. Con una econom\u00eda sustentada en la exportaci\u00f3n de minerales en lingotes para que afuera los procesen, maderas, salmones, frutas, en fin, s\u00f3lo materias primas, no hay posibilidad alguna de ser un pa\u00eds desarrollado, eso s\u00f3lo podr\u00e1 ocurrir si recuperamos un modelo econ\u00f3mico basado en la industrializaci\u00f3n, que otorgue valor agregado a lo que nos regala la naturaleza, fomentando la investigaci\u00f3n, el incremento de la actividad cient\u00edfica y tecnol\u00f3gica.<\/p>\n<p>Tambi\u00e9n nos duele el da\u00f1o que han provocado las empresas mineras en las comunidades cercanas a los yacimientos, la falta de fiscalizaci\u00f3n efectiva, la complicidad de pol\u00edticos que hacen vista gorda frente a la contaminaci\u00f3n del suelo, el aire el agua, han tenido como consecuencia muchas muertes silenciosas y miles de personas enfermas, especialmente en el norte de Chile. Queremos que el Estado se ponga los pantalones largos y proteja esas comunidades, tambi\u00e9n que tome medidas reparatorias para esas comunidades donde la vida ha sido precarizada.<\/p>\n<p><strong>Pressenza: \u00bfQu\u00e9 se proponen para el corto y mediano plazo?<\/strong><\/p>\n<p><strong>Marcelo Castillo:\u00a0<\/strong>En lo m\u00e1s inmediato, lograr que en la Convenci\u00f3n Constitucional se aprueben las normas referidas a renacionalizaci\u00f3n del cobre, nacionalizaci\u00f3n de la Gran Miner\u00eda y el fin de las Concesiones. Que no se siga prolongando el robo y saqueo de nuestros minerales. En el corto y mediano plazo queremos que en la ciudadan\u00eda crezca la conciencia sobre lo que significar\u00eda para nuestra calidad de vida que los 40 mil millones de d\u00f3lares de ganancias de las mineras privadas est\u00e9 en manos del Estado, la mitad del presupuesto nacional del 2022 (aprox. USD 80 mil). Si esa conciencia hoy no se ve, es porque esta informaci\u00f3n que te comparto, demasiada gente la desconoce. CODELCO tiene el 28% del dominio minero, el 72% se lo lleva casi regalado las transnacionales.<\/p>\n<p>Las y los chilenos no hemos dimensionado lo que significar\u00eda el cobre en manos del Estado, en materia de derechos y calidad de vida. Yo como profesor, me imagino muchas cosas \u2026 educaci\u00f3n gratuita y de buen nivel para todas y todos, impecable infraestructura para las escuelas, excelente equipamiento para las distintas \u00e1reas de aprendizaje, miles de becas de estudio en Chile y el extranjero, Universidades en cada una de las regiones, docentes bien remunerados, transporte p\u00fablico especial para nuestros alumnos, etc., etc.<\/p>\n<p>La Coordinadora la componemos distintas organizaciones sociales, yo represento al Colegio de Profesoras y Profesores en este espacio. No tenemos nada de especial, somos personas normales, trabajamos, tenemos familia y todo, pero nos une una conciencia y un sue\u00f1o de pa\u00eds justo, democr\u00e1tico que genera condiciones para vivir con mayor bienestar, no violento, un pa\u00eds que garantice el cumplimiento de los derechos humanos fundamentales.<\/p>\n<p>Presentamos la IPN N\u00ba 5602 \u201cNacionalizaci\u00f3n de las empresas de la gran miner\u00eda del cobre, del litio y del oro\u201d, que ingres\u00f3 con un respaldo de m\u00e1s de 24 mil firmas, con la convicci\u00f3n de que en cuanto a modelo econ\u00f3mico y productivo, Chile debe dejar de ser el para\u00edso de las transnacionales, no s\u00f3lo por un tema de soberan\u00eda con nuestra riquezas naturales, tambi\u00e9n de dignidad como pueblo, \u00bfNo te parece?. Demandamos que se enmiende el rumbo y que de este proceso constituyente salga una nueva Constituci\u00f3n m\u00e1s o menos decente, que no nos duela el est\u00f3mago votar por el Apruebo. Para eso, en las votaciones que est\u00e1n por delante, necesitamos que los Convencionales opten por ser leales a los mandatos de la ciudadan\u00eda. No les pedimos grandes discursos ni declaraciones de buenas intenciones, les pedimos algo simple, no traicionen a quienes los pusieron ah\u00ed con el voto, no se entreguen a ofrecimientos o presiones de los poderosos. Ah, y a las\/los convencionales de derecha les digo: hagan el favor de darle una vuelta al concepto de soberan\u00eda nacional.<\/p>\n<p>No solo en nosotros como Coordinadora, sabemos que est\u00e1 en el alma de Chile, la demanda de renacionalizaci\u00f3n del cobre y el fin de las concesiones mineras y tambi\u00e9n el fin de las zonas de sacrifico relacionadas a la d\u00e9bil fiscalizaci\u00f3n ambiental de las mineras privadas. Quienes est\u00e1n en la Convenci\u00f3n Constitucional, sepan que pasar\u00e1n a la historia, unos por obstruir y otros por permitir que esto se cumpla. La lucha que estamos dando es para que sean muchos los Convencionales que pasar\u00e1n a la historia por haber permitido la transformaci\u00f3n del pa\u00eds.<\/p>\n<p>Aunque no es muy alentador el cuadro que describo respecto a la Convenci\u00f3n Constitucional, comprendemos la trascendencia de lo que est\u00e1 en juego, no se cambia la Constituci\u00f3n cada tres a\u00f1os, piensa que estamos reci\u00e9n con la opci\u00f3n de cambiar la Constituci\u00f3n de 1980, lo que votaremos en el plebiscito de salida el 4 de septiembre, ser\u00e1 el rayado de cancha para los pr\u00f3ximos 10, 15 o 20 a\u00f1os, bien sabemos que las leyes se subordinar\u00e1n a lo que diga la nueva Constituci\u00f3n. No podemos rendirnos, el momento hist\u00f3rico nos llama informarnos, hacer las presiones sociales que correspondan, a estar a la altura. El Presidente Allende y muchos compatriotas hicieron lo suyo por el cobre el a\u00f1o 1971, ahora nos toca a nosotras y nosotros.<\/p>\n<p><strong>Pressenza: Muchas gracias Marcelo! \u00bfQuisieras dejarnos una direcci\u00f3n electr\u00f3nica por si alguien quisiera ponerse en contacto con ustedes, por si quiere apoyar la causa del cobre y no sabe c\u00f3mo hacerlo?<\/strong><\/p>\n<p><strong>Marcelo Castillo:<\/strong> \u00a1Encantado! Pueden escribir a la Coordinadora al mail <a href=\"mailto:cobreparachile@gmail.com\">cobreparachile@gmail.com<\/a> o a m\u00ed al <a href=\"mailto:mcastd@yahoo.es\">mcastd@yahoo.es<\/a><\/p>\n<p>&nbsp;<\/p>\n","protected":false},"excerpt":{"rendered":"<p>Entrevistamos a Marcelo Castillo Duvauchelle en su calidad de vocero de la Coordinadora por la Renacionalizaci\u00f3n del Cobre y la Gran Miner\u00eda, ya que nos interesaba saber qu\u00e9 opina de las deliberaciones que se han dado respecto de la renacionalizaci\u00f3n&hellip;<\/p>\n","protected":false},"author":22,"featured_media":1583154,"comment_status":"closed","ping_status":"closed","sticky":false,"template":"","format":"standard","meta":{"footnotes":""},"categories":[11389,78,81,155,67],"tags":[29,11672,18760,45474],"class_list":["post-1583153","post","type-post","status-publish","format-standard","has-post-thumbnail","hentry","category-contenido-original","category-medio-ambiente-ecologia","category-economia-es","category-entrevistas","category-sudamerica","tag-chile","tag-cobre","tag-litio","tag-zonas-de-sacrificio"],"yoast_head":"<!-- This site is optimized with the Yoast SEO plugin v27.1.1 - https:\/\/yoast.com\/product\/yoast-seo-wordpress\/ -->\n<title>Entrevista a Marcelo Castillo, vocero de la Coordinadora por la Renacionalizaci\u00f3n del Cobre y la Gran Miner\u00eda chilena<\/title>\n<meta name=\"description\" content=\"Entrevistamos a Marcelo Castillo Duvauchelle en su calidad de vocero de la Coordinadora por la Renacionalizaci\u00f3n del Cobre y la Gran Miner\u00eda, ya que nos\" \/>\n<meta name=\"robots\" content=\"index, follow, max-snippet:-1, max-image-preview:large, max-video-preview:-1\" \/>\n<link rel=\"canonical\" href=\"https:\/\/www.pressenza.com\/es\/2022\/05\/entrevista-a-marcelo-castillo-vocero-de-la-coordinadora-por-la-renacionalizacion-del-cobre-y-la-gran-mineria-chilena\/\" \/>\n<meta property=\"og:locale\" content=\"es_ES\" \/>\n<meta property=\"og:type\" content=\"article\" \/>\n<meta property=\"og:title\" content=\"Entrevista a Marcelo Castillo, vocero de la Coordinadora por la Renacionalizaci\u00f3n del Cobre y la Gran Miner\u00eda chilena\" \/>\n<meta property=\"og:description\" content=\"Entrevistamos a Marcelo Castillo Duvauchelle en su calidad de vocero de la Coordinadora por la Renacionalizaci\u00f3n del Cobre y la Gran Miner\u00eda, ya que nos\" \/>\n<meta property=\"og:url\" content=\"https:\/\/www.pressenza.com\/es\/2022\/05\/entrevista-a-marcelo-castillo-vocero-de-la-coordinadora-por-la-renacionalizacion-del-cobre-y-la-gran-mineria-chilena\/\" \/>\n<meta property=\"og:site_name\" content=\"Pressenza\" \/>\n<meta property=\"article:publisher\" content=\"https:\/\/www.facebook.com\/PressenzaItalia\" \/>\n<meta property=\"article:author\" content=\"https:\/\/www.facebook.com\/pia.figueroa?ref=tn_tnmn\" \/>\n<meta property=\"article:published_time\" content=\"2022-05-12T23:32:26+00:00\" \/>\n<meta property=\"og:image\" content=\"https:\/\/www.pressenza.com\/wp-content\/uploads\/2022\/05\/964013bb-8d65-45b3-afe8-2318d078fd7f.jpg\" \/>\n\t<meta property=\"og:image:width\" content=\"768\" \/>\n\t<meta property=\"og:image:height\" content=\"1024\" \/>\n\t<meta property=\"og:image:type\" content=\"image\/jpeg\" \/>\n<meta name=\"author\" content=\"P\u00eda Figueroa\" \/>\n<meta name=\"twitter:card\" content=\"summary_large_image\" \/>\n<meta name=\"twitter:creator\" content=\"@piafigueroa\" \/>\n<meta name=\"twitter:site\" content=\"@PressenzaIPA\" \/>\n<meta name=\"twitter:label1\" content=\"Escrito por\" \/>\n\t<meta name=\"twitter:data1\" content=\"P\u00eda Figueroa\" \/>\n\t<meta name=\"twitter:label2\" content=\"Tiempo de lectura\" \/>\n\t<meta name=\"twitter:data2\" content=\"8 minutos\" \/>\n<script type=\"application\/ld+json\" class=\"yoast-schema-graph\">{\"@context\":\"https:\/\/schema.org\",\"@graph\":[{\"@type\":\"Article\",\"@id\":\"https:\/\/www.pressenza.com\/es\/2022\/05\/entrevista-a-marcelo-castillo-vocero-de-la-coordinadora-por-la-renacionalizacion-del-cobre-y-la-gran-mineria-chilena\/#article\",\"isPartOf\":{\"@id\":\"https:\/\/www.pressenza.com\/es\/2022\/05\/entrevista-a-marcelo-castillo-vocero-de-la-coordinadora-por-la-renacionalizacion-del-cobre-y-la-gran-mineria-chilena\/\"},\"author\":{\"name\":\"P\u00eda Figueroa\",\"@id\":\"https:\/\/www.pressenza.com\/es\/#\/schema\/person\/8bb53ec73ef39ceec36ca0128a0ccd41\"},\"headline\":\"Entrevista a Marcelo Castillo, vocero de la Coordinadora por la Renacionalizaci\u00f3n del Cobre y la Gran Miner\u00eda chilena\",\"datePublished\":\"2022-05-12T23:32:26+00:00\",\"mainEntityOfPage\":{\"@id\":\"https:\/\/www.pressenza.com\/es\/2022\/05\/entrevista-a-marcelo-castillo-vocero-de-la-coordinadora-por-la-renacionalizacion-del-cobre-y-la-gran-mineria-chilena\/\"},\"wordCount\":1854,\"publisher\":{\"@id\":\"https:\/\/www.pressenza.com\/es\/#organization\"},\"image\":{\"@id\":\"https:\/\/www.pressenza.com\/es\/2022\/05\/entrevista-a-marcelo-castillo-vocero-de-la-coordinadora-por-la-renacionalizacion-del-cobre-y-la-gran-mineria-chilena\/#primaryimage\"},\"thumbnailUrl\":\"https:\/\/www.pressenza.com\/wp-content\/uploads\/2022\/05\/964013bb-8d65-45b3-afe8-2318d078fd7f.jpg\",\"keywords\":[\"Chile\",\"Cobre\",\"litio\",\"Zonas de Sacrificio\"],\"articleSection\":[\"Contenido Original\",\"Ecolog\u00eda y Medio Ambiente\",\"Econom\u00eda\",\"Entrevistas\",\"Sudam\u00e9rica\"],\"inLanguage\":\"es\"},{\"@type\":\"WebPage\",\"@id\":\"https:\/\/www.pressenza.com\/es\/2022\/05\/entrevista-a-marcelo-castillo-vocero-de-la-coordinadora-por-la-renacionalizacion-del-cobre-y-la-gran-mineria-chilena\/\",\"url\":\"https:\/\/www.pressenza.com\/es\/2022\/05\/entrevista-a-marcelo-castillo-vocero-de-la-coordinadora-por-la-renacionalizacion-del-cobre-y-la-gran-mineria-chilena\/\",\"name\":\"Entrevista a Marcelo Castillo, vocero de la Coordinadora por la Renacionalizaci\u00f3n del Cobre y la Gran Miner\u00eda chilena\",\"isPartOf\":{\"@id\":\"https:\/\/www.pressenza.com\/es\/#website\"},\"primaryImageOfPage\":{\"@id\":\"https:\/\/www.pressenza.com\/es\/2022\/05\/entrevista-a-marcelo-castillo-vocero-de-la-coordinadora-por-la-renacionalizacion-del-cobre-y-la-gran-mineria-chilena\/#primaryimage\"},\"image\":{\"@id\":\"https:\/\/www.pressenza.com\/es\/2022\/05\/entrevista-a-marcelo-castillo-vocero-de-la-coordinadora-por-la-renacionalizacion-del-cobre-y-la-gran-mineria-chilena\/#primaryimage\"},\"thumbnailUrl\":\"https:\/\/www.pressenza.com\/wp-content\/uploads\/2022\/05\/964013bb-8d65-45b3-afe8-2318d078fd7f.jpg\",\"datePublished\":\"2022-05-12T23:32:26+00:00\",\"description\":\"Entrevistamos a Marcelo Castillo Duvauchelle en su calidad de vocero de la Coordinadora por la Renacionalizaci\u00f3n del Cobre y la Gran Miner\u00eda, ya que nos\",\"breadcrumb\":{\"@id\":\"https:\/\/www.pressenza.com\/es\/2022\/05\/entrevista-a-marcelo-castillo-vocero-de-la-coordinadora-por-la-renacionalizacion-del-cobre-y-la-gran-mineria-chilena\/#breadcrumb\"},\"inLanguage\":\"es\",\"potentialAction\":[{\"@type\":\"ReadAction\",\"target\":[\"https:\/\/www.pressenza.com\/es\/2022\/05\/entrevista-a-marcelo-castillo-vocero-de-la-coordinadora-por-la-renacionalizacion-del-cobre-y-la-gran-mineria-chilena\/\"]}]},{\"@type\":\"ImageObject\",\"inLanguage\":\"es\",\"@id\":\"https:\/\/www.pressenza.com\/es\/2022\/05\/entrevista-a-marcelo-castillo-vocero-de-la-coordinadora-por-la-renacionalizacion-del-cobre-y-la-gran-mineria-chilena\/#primaryimage\",\"url\":\"https:\/\/www.pressenza.com\/wp-content\/uploads\/2022\/05\/964013bb-8d65-45b3-afe8-2318d078fd7f.jpg\",\"contentUrl\":\"https:\/\/www.pressenza.com\/wp-content\/uploads\/2022\/05\/964013bb-8d65-45b3-afe8-2318d078fd7f.jpg\",\"width\":768,\"height\":1024,\"caption\":\"Pressenza\"},{\"@type\":\"BreadcrumbList\",\"@id\":\"https:\/\/www.pressenza.com\/es\/2022\/05\/entrevista-a-marcelo-castillo-vocero-de-la-coordinadora-por-la-renacionalizacion-del-cobre-y-la-gran-mineria-chilena\/#breadcrumb\",\"itemListElement\":[{\"@type\":\"ListItem\",\"position\":1,\"name\":\"Accueil\",\"item\":\"https:\/\/www.pressenza.com\/es\/\"},{\"@type\":\"ListItem\",\"position\":2,\"name\":\"Entrevista a Marcelo Castillo, vocero de la Coordinadora por la Renacionalizaci\u00f3n del Cobre y la Gran Miner\u00eda chilena\"}]},{\"@type\":\"WebSite\",\"@id\":\"https:\/\/www.pressenza.com\/es\/#website\",\"url\":\"https:\/\/www.pressenza.com\/es\/\",\"name\":\"Pressenza\",\"description\":\"International Press Agency\",\"publisher\":{\"@id\":\"https:\/\/www.pressenza.com\/es\/#organization\"},\"potentialAction\":[{\"@type\":\"SearchAction\",\"target\":{\"@type\":\"EntryPoint\",\"urlTemplate\":\"https:\/\/www.pressenza.com\/es\/?s={search_term_string}\"},\"query-input\":{\"@type\":\"PropertyValueSpecification\",\"valueRequired\":true,\"valueName\":\"search_term_string\"}}],\"inLanguage\":\"es\"},{\"@type\":\"Organization\",\"@id\":\"https:\/\/www.pressenza.com\/es\/#organization\",\"name\":\"Pressenza\",\"url\":\"https:\/\/www.pressenza.com\/es\/\",\"logo\":{\"@type\":\"ImageObject\",\"inLanguage\":\"es\",\"@id\":\"https:\/\/www.pressenza.com\/es\/#\/schema\/logo\/image\/\",\"url\":\"https:\/\/www.pressenza.com\/wp-content\/uploads\/2022\/10\/pressenza_logo_200x200.jpg\",\"contentUrl\":\"https:\/\/www.pressenza.com\/wp-content\/uploads\/2022\/10\/pressenza_logo_200x200.jpg\",\"width\":200,\"height\":200,\"caption\":\"Pressenza\"},\"image\":{\"@id\":\"https:\/\/www.pressenza.com\/es\/#\/schema\/logo\/image\/\"},\"sameAs\":[\"https:\/\/www.facebook.com\/PressenzaItalia\",\"https:\/\/x.com\/PressenzaIPA\"]},{\"@type\":\"Person\",\"@id\":\"https:\/\/www.pressenza.com\/es\/#\/schema\/person\/8bb53ec73ef39ceec36ca0128a0ccd41\",\"name\":\"P\u00eda Figueroa\",\"description\":\"Founder of Pressenza, life-long humanist, author of several monographs and books.\",\"sameAs\":[\"https:\/\/www.facebook.com\/pia.figueroa?ref=tn_tnmn\",\"https:\/\/x.com\/piafigueroa\"],\"url\":\"https:\/\/www.pressenza.com\/es\/author\/pia-figueroa\/\"}]}<\/script>\n<!-- \/ Yoast SEO plugin. -->","yoast_head_json":{"title":"Entrevista a Marcelo Castillo, vocero de la Coordinadora por la Renacionalizaci\u00f3n del Cobre y la Gran Miner\u00eda chilena","description":"Entrevistamos a Marcelo Castillo Duvauchelle en su calidad de vocero de la Coordinadora por la Renacionalizaci\u00f3n del Cobre y la Gran Miner\u00eda, ya que nos","robots":{"index":"index","follow":"follow","max-snippet":"max-snippet:-1","max-image-preview":"max-image-preview:large","max-video-preview":"max-video-preview:-1"},"canonical":"https:\/\/www.pressenza.com\/es\/2022\/05\/entrevista-a-marcelo-castillo-vocero-de-la-coordinadora-por-la-renacionalizacion-del-cobre-y-la-gran-mineria-chilena\/","og_locale":"es_ES","og_type":"article","og_title":"Entrevista a Marcelo Castillo, vocero de la Coordinadora por la Renacionalizaci\u00f3n del Cobre y la Gran Miner\u00eda chilena","og_description":"Entrevistamos a Marcelo Castillo Duvauchelle en su calidad de vocero de la Coordinadora por la Renacionalizaci\u00f3n del Cobre y la Gran Miner\u00eda, ya que nos","og_url":"https:\/\/www.pressenza.com\/es\/2022\/05\/entrevista-a-marcelo-castillo-vocero-de-la-coordinadora-por-la-renacionalizacion-del-cobre-y-la-gran-mineria-chilena\/","og_site_name":"Pressenza","article_publisher":"https:\/\/www.facebook.com\/PressenzaItalia","article_author":"https:\/\/www.facebook.com\/pia.figueroa?ref=tn_tnmn","article_published_time":"2022-05-12T23:32:26+00:00","og_image":[{"width":768,"height":1024,"url":"https:\/\/www.pressenza.com\/wp-content\/uploads\/2022\/05\/964013bb-8d65-45b3-afe8-2318d078fd7f.jpg","type":"image\/jpeg"}],"author":"P\u00eda Figueroa","twitter_card":"summary_large_image","twitter_creator":"@piafigueroa","twitter_site":"@PressenzaIPA","twitter_misc":{"Escrito por":"P\u00eda Figueroa","Tiempo de lectura":"8 minutos"},"schema":{"@context":"https:\/\/schema.org","@graph":[{"@type":"Article","@id":"https:\/\/www.pressenza.com\/es\/2022\/05\/entrevista-a-marcelo-castillo-vocero-de-la-coordinadora-por-la-renacionalizacion-del-cobre-y-la-gran-mineria-chilena\/#article","isPartOf":{"@id":"https:\/\/www.pressenza.com\/es\/2022\/05\/entrevista-a-marcelo-castillo-vocero-de-la-coordinadora-por-la-renacionalizacion-del-cobre-y-la-gran-mineria-chilena\/"},"author":{"name":"P\u00eda Figueroa","@id":"https:\/\/www.pressenza.com\/es\/#\/schema\/person\/8bb53ec73ef39ceec36ca0128a0ccd41"},"headline":"Entrevista a Marcelo Castillo, vocero de la Coordinadora por la Renacionalizaci\u00f3n del Cobre y la Gran Miner\u00eda chilena","datePublished":"2022-05-12T23:32:26+00:00","mainEntityOfPage":{"@id":"https:\/\/www.pressenza.com\/es\/2022\/05\/entrevista-a-marcelo-castillo-vocero-de-la-coordinadora-por-la-renacionalizacion-del-cobre-y-la-gran-mineria-chilena\/"},"wordCount":1854,"publisher":{"@id":"https:\/\/www.pressenza.com\/es\/#organization"},"image":{"@id":"https:\/\/www.pressenza.com\/es\/2022\/05\/entrevista-a-marcelo-castillo-vocero-de-la-coordinadora-por-la-renacionalizacion-del-cobre-y-la-gran-mineria-chilena\/#primaryimage"},"thumbnailUrl":"https:\/\/www.pressenza.com\/wp-content\/uploads\/2022\/05\/964013bb-8d65-45b3-afe8-2318d078fd7f.jpg","keywords":["Chile","Cobre","litio","Zonas de Sacrificio"],"articleSection":["Contenido Original","Ecolog\u00eda y Medio Ambiente","Econom\u00eda","Entrevistas","Sudam\u00e9rica"],"inLanguage":"es"},{"@type":"WebPage","@id":"https:\/\/www.pressenza.com\/es\/2022\/05\/entrevista-a-marcelo-castillo-vocero-de-la-coordinadora-por-la-renacionalizacion-del-cobre-y-la-gran-mineria-chilena\/","url":"https:\/\/www.pressenza.com\/es\/2022\/05\/entrevista-a-marcelo-castillo-vocero-de-la-coordinadora-por-la-renacionalizacion-del-cobre-y-la-gran-mineria-chilena\/","name":"Entrevista a Marcelo Castillo, vocero de la Coordinadora por la Renacionalizaci\u00f3n del Cobre y la Gran Miner\u00eda chilena","isPartOf":{"@id":"https:\/\/www.pressenza.com\/es\/#website"},"primaryImageOfPage":{"@id":"https:\/\/www.pressenza.com\/es\/2022\/05\/entrevista-a-marcelo-castillo-vocero-de-la-coordinadora-por-la-renacionalizacion-del-cobre-y-la-gran-mineria-chilena\/#primaryimage"},"image":{"@id":"https:\/\/www.pressenza.com\/es\/2022\/05\/entrevista-a-marcelo-castillo-vocero-de-la-coordinadora-por-la-renacionalizacion-del-cobre-y-la-gran-mineria-chilena\/#primaryimage"},"thumbnailUrl":"https:\/\/www.pressenza.com\/wp-content\/uploads\/2022\/05\/964013bb-8d65-45b3-afe8-2318d078fd7f.jpg","datePublished":"2022-05-12T23:32:26+00:00","description":"Entrevistamos a Marcelo Castillo Duvauchelle en su calidad de vocero de la Coordinadora por la Renacionalizaci\u00f3n del Cobre y la Gran Miner\u00eda, ya que nos","breadcrumb":{"@id":"https:\/\/www.pressenza.com\/es\/2022\/05\/entrevista-a-marcelo-castillo-vocero-de-la-coordinadora-por-la-renacionalizacion-del-cobre-y-la-gran-mineria-chilena\/#breadcrumb"},"inLanguage":"es","potentialAction":[{"@type":"ReadAction","target":["https:\/\/www.pressenza.com\/es\/2022\/05\/entrevista-a-marcelo-castillo-vocero-de-la-coordinadora-por-la-renacionalizacion-del-cobre-y-la-gran-mineria-chilena\/"]}]},{"@type":"ImageObject","inLanguage":"es","@id":"https:\/\/www.pressenza.com\/es\/2022\/05\/entrevista-a-marcelo-castillo-vocero-de-la-coordinadora-por-la-renacionalizacion-del-cobre-y-la-gran-mineria-chilena\/#primaryimage","url":"https:\/\/www.pressenza.com\/wp-content\/uploads\/2022\/05\/964013bb-8d65-45b3-afe8-2318d078fd7f.jpg","contentUrl":"https:\/\/www.pressenza.com\/wp-content\/uploads\/2022\/05\/964013bb-8d65-45b3-afe8-2318d078fd7f.jpg","width":768,"height":1024,"caption":"Pressenza"},{"@type":"BreadcrumbList","@id":"https:\/\/www.pressenza.com\/es\/2022\/05\/entrevista-a-marcelo-castillo-vocero-de-la-coordinadora-por-la-renacionalizacion-del-cobre-y-la-gran-mineria-chilena\/#breadcrumb","itemListElement":[{"@type":"ListItem","position":1,"name":"Accueil","item":"https:\/\/www.pressenza.com\/es\/"},{"@type":"ListItem","position":2,"name":"Entrevista a Marcelo Castillo, vocero de la Coordinadora por la Renacionalizaci\u00f3n del Cobre y la Gran Miner\u00eda chilena"}]},{"@type":"WebSite","@id":"https:\/\/www.pressenza.com\/es\/#website","url":"https:\/\/www.pressenza.com\/es\/","name":"Pressenza","description":"International Press Agency","publisher":{"@id":"https:\/\/www.pressenza.com\/es\/#organization"},"potentialAction":[{"@type":"SearchAction","target":{"@type":"EntryPoint","urlTemplate":"https:\/\/www.pressenza.com\/es\/?s={search_term_string}"},"query-input":{"@type":"PropertyValueSpecification","valueRequired":true,"valueName":"search_term_string"}}],"inLanguage":"es"},{"@type":"Organization","@id":"https:\/\/www.pressenza.com\/es\/#organization","name":"Pressenza","url":"https:\/\/www.pressenza.com\/es\/","logo":{"@type":"ImageObject","inLanguage":"es","@id":"https:\/\/www.pressenza.com\/es\/#\/schema\/logo\/image\/","url":"https:\/\/www.pressenza.com\/wp-content\/uploads\/2022\/10\/pressenza_logo_200x200.jpg","contentUrl":"https:\/\/www.pressenza.com\/wp-content\/uploads\/2022\/10\/pressenza_logo_200x200.jpg","width":200,"height":200,"caption":"Pressenza"},"image":{"@id":"https:\/\/www.pressenza.com\/es\/#\/schema\/logo\/image\/"},"sameAs":["https:\/\/www.facebook.com\/PressenzaItalia","https:\/\/x.com\/PressenzaIPA"]},{"@type":"Person","@id":"https:\/\/www.pressenza.com\/es\/#\/schema\/person\/8bb53ec73ef39ceec36ca0128a0ccd41","name":"P\u00eda Figueroa","description":"Founder of Pressenza, life-long humanist, author of several monographs and books.","sameAs":["https:\/\/www.facebook.com\/pia.figueroa?ref=tn_tnmn","https:\/\/x.com\/piafigueroa"],"url":"https:\/\/www.pressenza.com\/es\/author\/pia-figueroa\/"}]}},"place":"Santiago de Chile","original_article_url":"","_links":{"self":[{"href":"https:\/\/www.pressenza.com\/es\/wp-json\/wp\/v2\/posts\/1583153","targetHints":{"allow":["GET"]}}],"collection":[{"href":"https:\/\/www.pressenza.com\/es\/wp-json\/wp\/v2\/posts"}],"about":[{"href":"https:\/\/www.pressenza.com\/es\/wp-json\/wp\/v2\/types\/post"}],"author":[{"embeddable":true,"href":"https:\/\/www.pressenza.com\/es\/wp-json\/wp\/v2\/users\/22"}],"replies":[{"embeddable":true,"href":"https:\/\/www.pressenza.com\/es\/wp-json\/wp\/v2\/comments?post=1583153"}],"version-history":[{"count":0,"href":"https:\/\/www.pressenza.com\/es\/wp-json\/wp\/v2\/posts\/1583153\/revisions"}],"wp:featuredmedia":[{"embeddable":true,"href":"https:\/\/www.pressenza.com\/es\/wp-json\/wp\/v2\/media\/1583154"}],"wp:attachment":[{"href":"https:\/\/www.pressenza.com\/es\/wp-json\/wp\/v2\/media?parent=1583153"}],"wp:term":[{"taxonomy":"category","embeddable":true,"href":"https:\/\/www.pressenza.com\/es\/wp-json\/wp\/v2\/categories?post=1583153"},{"taxonomy":"post_tag","embeddable":true,"href":"https:\/\/www.pressenza.com\/es\/wp-json\/wp\/v2\/tags?post=1583153"}],"curies":[{"name":"wp","href":"https:\/\/api.w.org\/{rel}","templated":true}]}}