{"id":1582337,"date":"2022-05-11T22:06:32","date_gmt":"2022-05-11T21:06:32","guid":{"rendered":"https:\/\/www.pressenza.com\/?p=1582337"},"modified":"2022-05-11T22:06:32","modified_gmt":"2022-05-11T21:06:32","slug":"honduras-plantamos-memoria-para-que-florezca-el-futuro","status":"publish","type":"post","link":"https:\/\/www.pressenza.com\/es\/2022\/05\/honduras-plantamos-memoria-para-que-florezca-el-futuro\/","title":{"rendered":"Honduras: \u00abPlantamos memoria para que florezca el futuro\u00bb"},"content":{"rendered":"<p>Concluy\u00f3 primera jornada de la audiencia \u00abHerminio Deras vs Honduras\u00bb<\/p>\n<p>Rostros y voces quebrantadas, llantos de dolor, recuerdo y liberaci\u00f3n, abrazos apretados, miradas dignas que valen m\u00e1s que mil palabras, abarrotaron el aula de la Corte Interamericana de Derechos Humanos (Corte IDH), donde se llev\u00f3 a cabo la primera jornada del juicio contra el Estado de Honduras por el asesinato de Herminio Deras Garc\u00eda.<\/p>\n<p>\u201c<i>En 1981 los militares irrumpieron en nuestra casa, destruyeron todo y nos llevaron presas a m\u00ed y a mi hermana. Herminio logr\u00f3 escapar. Nos mantuvieron tres d\u00edas encerradas, amarradas y vendadas, tiradas en el piso lleno de lodo, sin comer, ni beber. Tuve miedo por mi hijo y mi hija de 7 y 10 a\u00f1os, que se hab\u00edan quedado en manos de los militares que se tomaron la casa. Cuando me liberaron los encontr\u00e9 temblando, aterrorizados, apretando los dientes. Un trauma que nunca pudieron superar.<\/i><\/p>\n<p>Un a\u00f1o despu\u00e9s llegaron a acribillarnos la casa y en 1983 ejecutaron a mi marido. Fui a recoger su cuerpo. En la morgue no quisieron recibirlo y estaba todav\u00eda en la paila (parte de atr\u00e1s) de una camioneta. Su cuerpo acribillado. Lo llevamos a la casa y lo pusimos en un sof\u00e1. Nunca lo voy a olvidar\u201d\u00a0(<b>Otilia Flores Ortiz, esposa de Herminio<\/b>).<\/p>\n<p>\u201c<i>Desde que tengo memoria mi familia ha sufrido persecuci\u00f3n. En 1981 los militares irrumpieron en mi casa. Destruyeron todo y se llevaron a mi hermano Luis. Cuando logramos sacarlo estaba golpeado y lo hab\u00edan torturado. Quer\u00edan saber d\u00f3nde estaba Herminio y donde estaban las armas.<\/i><\/p>\n<p>Herminio siempre nos educ\u00f3 en la lucha social y obrera para alcanzar una Honduras mejor. Despu\u00e9s de su asesinato volvieron a atacarnos. En aquel tiempo ten\u00eda tres hijos. Nos encarcelaron a todos. Luego nos subieron a un avi\u00f3n y nos llevaron a Tegucigalpa. Dec\u00edan que nos iban a tirar al vac\u00edo. Nos dejaron varios d\u00edas sin comer, ni beber. A m\u00ed me torturaron y me hicieron cosas que marcaron mi vida para siempre.<\/p>\n<p>Les doy las gracias por habernos escuchado. Hemos sufrido lo inimaginable y pedimos justicia por nuestra familia, por lo que ya no est\u00e1n, para que podamos descansar e ir saneando las heridas\u201d\u00a0(Irma Deras Garc\u00eda, hermana de Herminio).<\/p>\n<p>\u201c<i>Han sido d\u00e9cadas de persecuci\u00f3n sistem\u00e1tica, detenciones ilegales y torturas. A m\u00ed me secuestraron en 1981 pensando que era Herminio. En la celda me golpearon salvajemente, me aplicaron la capucha (ahogamiento simulado), fue una lluvia de patadas y pu\u00f1etazos. Me manten\u00edan aislado, sin poder ir al ba\u00f1o, sin agua, sin comida. Finalmente pude salir porque logr\u00e9 se\u00f1alar mi presencia desde una ventana.<\/i><\/p>\n<p>A partir de ese momento, nuestra familia se desintegr\u00f3. Varios tuvieron que irse al exilio, mi pap\u00e1 no aguant\u00f3 el dolor por la muerte de Herminio y se quit\u00f3 la vida. Mi mam\u00e1 estaba tan traumatizada que dorm\u00eda con la ropa que vest\u00eda Herminio cuando lo ejecutaron.<\/p>\n<p>Ha sido una lucha larga, un proceso interminable. El Estado nunca investig\u00f3 lo que nos pas\u00f3 durante todos estos a\u00f1os. Nuestra familia qued\u00f3 estigmatizada, la gente no nos hablaba. Durante el golpe de 2009 tuvimos que ocultarnos durante dos semanas porque nos buscaban. El Estado tiene que asumir sus responsabilidades\u201d\u00a0(Luis Deras Garc\u00eda, hermano de Herminio).<\/p>\n<div>Fuente:\u00a0<a href=\"http:\/\/www.rel-uita.org\/honduras\/plantamos-memoria-para-que-florezca-el-futuro\/\" target=\"_blank\" rel=\"noopener\" data-saferedirecturl=\"https:\/\/www.google.com\/url?q=http:\/\/www.rel-uita.org\/honduras\/plantamos-memoria-para-que-florezca-el-futuro\/&amp;source=gmail&amp;ust=1652381080969000&amp;usg=AOvVaw2gMeiTvH6uZKqf4wB6hTFA\">Rel UITA<\/a><\/div>\n<div><\/div>\n<div>\n<div>\n<div><span style=\"color: #888888;\"><b><span style=\"font-size: large;\"><i><img loading=\"lazy\" decoding=\"async\" class=\"CToWUd\" src=\"https:\/\/mail.google.com\/mail\/u\/0?ui=2&amp;ik=8d37e1bf8e&amp;attid=0.4&amp;permmsgid=msg-f:1732539630349495340&amp;th=180b379d4a44ac2c&amp;view=fimg&amp;fur=ip&amp;sz=s0-l75-ft&amp;attbid=ANGjdJ9GW3x28w-mqILIu5NXUlN5W0tJrqj4v7Ju-TB-h__u3qW9vvbwcQaGpgbUZGk-yD9wWv1QUdBmMPf84xku4PVfZMJSSuzJoeg7a3U442qF5WhEyZU7R2Mtm1o&amp;disp=emb&amp;realattid=ii_kmcib4xz1\" alt=\"LINyM.png\" width=\"34\" height=\"34\" data-image-whitelisted=\"\" \/><\/i><\/span><\/b><\/span>\u00a0\u00a0\u00a0<b>La LINyM en las redes sociales<\/b><\/div>\n<div>\n<div>\n<div>\n<div dir=\"ltr\">\n<div><img loading=\"lazy\" decoding=\"async\" class=\"CToWUd\" src=\"https:\/\/mail.google.com\/mail\/u\/0?ui=2&amp;ik=8d37e1bf8e&amp;attid=0.2&amp;permmsgid=msg-f:1732539630349495340&amp;th=180b379d4a44ac2c&amp;view=fimg&amp;fur=ip&amp;sz=s0-l75-ft&amp;attbid=ANGjdJ_cQ_HU9hXcaoijmv6fzUiQCh2qCjotDjlW_JlgU62X2ygeDiiAavoyWdphWV9CdxMF7OjYV2oADKjmuTnD_CGQPbid_sijYyzO8DHYqB5AkDKzbuWTGQONZEk&amp;disp=emb&amp;realattid=ii_kb0zsmg621\" alt=\"image.jpeg\" width=\"21\" height=\"21\" data-image-whitelisted=\"\" \/><span style=\"color: #888888;\"><a href=\"https:\/\/twitter.com\/intent\/follow?original_referer=&amp;region=follow_link&amp;screen_name=nicaraguaymas&amp;source=followbutton&amp;variant=2.0\" target=\"_blank\" rel=\"noopener noreferrer\" data-saferedirecturl=\"https:\/\/www.google.com\/url?q=https:\/\/twitter.com\/intent\/follow?original_referer%3D%26region%3Dfollow_link%26screen_name%3Dnicaraguaymas%26source%3Dfollowbutton%26variant%3D2.0&amp;source=gmail&amp;ust=1652381080970000&amp;usg=AOvVaw3s-hSxlhs8Sos3IISCaVgW\">@nicaraguaymas\u00a0\u00a0<\/a><\/span><b><span style=\"font-size: large;\"><i><span style=\"color: #888888;\"><span style=\"font-size: xx-small;\"><img loading=\"lazy\" decoding=\"async\" class=\"CToWUd\" src=\"https:\/\/mail.google.com\/mail\/u\/0?ui=2&amp;ik=8d37e1bf8e&amp;attid=0.5&amp;permmsgid=msg-f:1732539630349495340&amp;th=180b379d4a44ac2c&amp;view=fimg&amp;fur=ip&amp;sz=s0-l75-ft&amp;attbid=ANGjdJ9G0SNZZsUYwIPVJN_297E-l2G7B302m8iK6QjJeAuf4yeMI2jIMnVuh6PLLgfIVkVvlsFEHPErup7XUWm7tT7h6bzob1h02En84wwPGr4TS6VNfTf0i_qZzH8&amp;disp=emb&amp;realattid=ii_kb0zsn2c22\" alt=\"image.png\" width=\"21\" height=\"21\" data-image-whitelisted=\"\" \/><\/span><\/span><\/i><\/span><\/b><b><i><\/i><\/b><span style=\"color: #888888;\">\u00a0<\/span><span style=\"color: #888888;\"><a href=\"http:\/\/www.facebook.com\/pages\/Lista-Informativa-Nicaragua-y-m%C3%A1s\/102886779775839\" target=\"_blank\" rel=\"noopener noreferrer\" data-saferedirecturl=\"https:\/\/www.google.com\/url?q=http:\/\/www.facebook.com\/pages\/Lista-Informativa-Nicaragua-y-m%25C3%25A1s\/102886779775839&amp;source=gmail&amp;ust=1652381080970000&amp;usg=AOvVaw3TcJCqmyK7wkC22savIMYH\">nicaraguaymas<\/a>\u00a0\u00a0\u00a0<\/span><b><span style=\"font-size: large;\"><i><span style=\"color: #888888;\"><span style=\"font-size: xx-small;\"><img loading=\"lazy\" decoding=\"async\" class=\"CToWUd\" src=\"https:\/\/mail.google.com\/mail\/u\/0?ui=2&amp;ik=8d37e1bf8e&amp;attid=0.1&amp;permmsgid=msg-f:1732539630349495340&amp;th=180b379d4a44ac2c&amp;view=fimg&amp;fur=ip&amp;sz=s0-l75-ft&amp;attbid=ANGjdJ_VksWMbn8xv1oL6CWyNJLHaGj3v-OHtaYed-WcBARSvPj1qHTli83lWsVjDcEsgJhrO8_oQWpcH6u_D0pUtRbvkP2gllIfltKSahuOIcptFjGSuGcybhwmyME&amp;disp=emb&amp;realattid=ii_kb0zsmej20\" alt=\"image.jpeg\" width=\"22\" height=\"22\" data-image-whitelisted=\"\" \/><\/span><\/span><\/i><\/span><\/b><b><span style=\"font-size: large;\"><i><span style=\"color: #888888;\"><span style=\"font-size: xx-small;\"><a href=\"https:\/\/instagram.com\/nicaraguaymas\/\" target=\"_blank\" rel=\"noopener noreferrer\" data-saferedirecturl=\"https:\/\/www.google.com\/url?q=https:\/\/instagram.com\/nicaraguaymas\/&amp;source=gmail&amp;ust=1652381080970000&amp;usg=AOvVaw1Jo3NtfExW_VOrrQDlBV5N\">nicaraguaymas<\/a>\u00a0\u00a0<\/span><\/span><\/i><\/span><\/b><b><span style=\"font-size: large;\"><i><span style=\"color: #888888;\"><span style=\"font-size: xx-small;\"><img loading=\"lazy\" decoding=\"async\" class=\"CToWUd\" src=\"https:\/\/mail.google.com\/mail\/u\/0?ui=2&amp;ik=8d37e1bf8e&amp;attid=0.3&amp;permmsgid=msg-f:1732539630349495340&amp;th=180b379d4a44ac2c&amp;view=fimg&amp;fur=ip&amp;sz=s0-l75-ft&amp;attbid=ANGjdJ8sXCjwMb7u25kQ0xA7U6SU4sjlQ_rjNNfhaFc-MphC6BhEutojxlth6XIBhq68kgfsALZdDppjGjHeSCK-NbofpKjNJ7oylS0X265gnTIOHo4MFoTkFsvkEek&amp;disp=emb&amp;realattid=ii_kb0zsmaz19\" alt=\"image.jpeg\" width=\"24\" height=\"23\" data-image-whitelisted=\"\" \/><\/span><\/span><\/i><\/span><\/b><b><span style=\"font-size: large;\"><i><span style=\"color: #888888;\"><span style=\"font-size: xx-small;\"><a href=\"http:\/\/t.me\/nicaraguaymas\" target=\"_blank\" rel=\"noopener noreferrer\" data-saferedirecturl=\"https:\/\/www.google.com\/url?q=http:\/\/t.me\/nicaraguaymas&amp;source=gmail&amp;ust=1652381080970000&amp;usg=AOvVaw2bAf7sRfLdAdRN6lBym4Tu\">t.me\/nicaraguaymas<\/a><\/span><\/span><\/i><\/span><\/b><\/div>\n<\/div>\n<\/div>\n<\/div>\n<\/div>\n<\/div>\n<\/div>\n","protected":false},"excerpt":{"rendered":"<p>Concluy\u00f3 primera jornada de la audiencia \u00abHerminio Deras vs Honduras\u00bb Rostros y voces quebrantadas, llantos de dolor, recuerdo y liberaci\u00f3n, abrazos apretados, miradas dignas que valen m\u00e1s que mil palabras, abarrotaron el aula de la Corte Interamericana de Derechos Humanos&hellip;<\/p>\n","protected":false},"author":1800,"featured_media":1582381,"comment_status":"closed","ping_status":"closed","sticky":false,"template":"","format":"standard","meta":{"footnotes":""},"categories":[69,76,11389,79,39,1242,74],"tags":[441,398,383,394,4234,623],"class_list":["post-1582337","post","type-post","status-publish","format-standard","has-post-thumbnail","hentry","category-america-central","category-relaciones-exteriores","category-contenido-original","category-derechos-humanos","category-internacional","category-noviolencia-tema","category-politica-es","tag-derechos-humanos","tag-justicia","tag-noviolencia","tag-protestas-sociales","tag-terrorismo-de-estado","tag-violencia"],"yoast_head":"<!-- This site is optimized with the Yoast SEO plugin v27.1.1 - https:\/\/yoast.com\/product\/yoast-seo-wordpress\/ -->\n<title>Honduras: &quot;Plantamos memoria para que florezca el futuro&quot;<\/title>\n<meta name=\"description\" content=\"Concluy\u00f3 primera jornada de la audiencia &quot;Herminio Deras vs Honduras&quot; Rostros y voces quebrantadas, llantos de dolor, recuerdo y liberaci\u00f3n, abrazos\" \/>\n<meta name=\"robots\" content=\"index, follow, max-snippet:-1, max-image-preview:large, max-video-preview:-1\" \/>\n<link rel=\"canonical\" href=\"https:\/\/www.pressenza.com\/es\/2022\/05\/honduras-plantamos-memoria-para-que-florezca-el-futuro\/\" \/>\n<meta property=\"og:locale\" content=\"es_ES\" \/>\n<meta property=\"og:type\" content=\"article\" \/>\n<meta property=\"og:title\" content=\"Honduras: &quot;Plantamos memoria para que florezca el futuro&quot;\" \/>\n<meta property=\"og:description\" content=\"Concluy\u00f3 primera jornada de la audiencia &quot;Herminio Deras vs Honduras&quot; Rostros y voces quebrantadas, llantos de dolor, recuerdo y liberaci\u00f3n, abrazos\" \/>\n<meta property=\"og:url\" content=\"https:\/\/www.pressenza.com\/es\/2022\/05\/honduras-plantamos-memoria-para-que-florezca-el-futuro\/\" \/>\n<meta property=\"og:site_name\" content=\"Pressenza\" \/>\n<meta property=\"article:publisher\" content=\"https:\/\/www.facebook.com\/PressenzaItalia\" \/>\n<meta property=\"article:published_time\" content=\"2022-05-11T21:06:32+00:00\" \/>\n<meta property=\"og:image\" content=\"https:\/\/www.pressenza.com\/wp-content\/uploads\/2022\/05\/juicio-herminio-deras.jpg\" \/>\n\t<meta property=\"og:image:width\" content=\"1080\" \/>\n\t<meta property=\"og:image:height\" content=\"606\" \/>\n\t<meta property=\"og:image:type\" content=\"image\/jpeg\" \/>\n<meta name=\"author\" content=\"Giorgio Trucchi\" \/>\n<meta name=\"twitter:card\" content=\"summary_large_image\" \/>\n<meta name=\"twitter:creator\" content=\"@PressenzaIPA\" \/>\n<meta name=\"twitter:site\" content=\"@PressenzaIPA\" \/>\n<meta name=\"twitter:label1\" content=\"Escrito por\" \/>\n\t<meta name=\"twitter:data1\" content=\"Giorgio Trucchi\" \/>\n\t<meta name=\"twitter:label2\" content=\"Tiempo de lectura\" \/>\n\t<meta name=\"twitter:data2\" content=\"4 minutos\" \/>\n<script type=\"application\/ld+json\" class=\"yoast-schema-graph\">{\"@context\":\"https:\/\/schema.org\",\"@graph\":[{\"@type\":\"Article\",\"@id\":\"https:\/\/www.pressenza.com\/es\/2022\/05\/honduras-plantamos-memoria-para-que-florezca-el-futuro\/#article\",\"isPartOf\":{\"@id\":\"https:\/\/www.pressenza.com\/es\/2022\/05\/honduras-plantamos-memoria-para-que-florezca-el-futuro\/\"},\"author\":{\"name\":\"Giorgio Trucchi\",\"@id\":\"https:\/\/www.pressenza.com\/es\/#\/schema\/person\/55ec2a8f1b3e718010691e4aba073020\"},\"headline\":\"Honduras: \u00abPlantamos memoria para que florezca el futuro\u00bb\",\"datePublished\":\"2022-05-11T21:06:32+00:00\",\"mainEntityOfPage\":{\"@id\":\"https:\/\/www.pressenza.com\/es\/2022\/05\/honduras-plantamos-memoria-para-que-florezca-el-futuro\/\"},\"wordCount\":582,\"publisher\":{\"@id\":\"https:\/\/www.pressenza.com\/es\/#organization\"},\"image\":{\"@id\":\"https:\/\/www.pressenza.com\/es\/2022\/05\/honduras-plantamos-memoria-para-que-florezca-el-futuro\/#primaryimage\"},\"thumbnailUrl\":\"https:\/\/www.pressenza.com\/wp-content\/uploads\/2022\/05\/juicio-herminio-deras.jpg\",\"keywords\":[\"Derechos humanos\",\"justicia\",\"Noviolencia\",\"protestas sociales\",\"Terrorismo de Estado\",\"Violencia\"],\"articleSection\":[\"Am\u00e9rica Central\",\"Asuntos internacionales\",\"Contenido Original\",\"Derechos Humanos\",\"Internacional\",\"Noviolencia\",\"Pol\u00edtica\"],\"inLanguage\":\"es\"},{\"@type\":\"WebPage\",\"@id\":\"https:\/\/www.pressenza.com\/es\/2022\/05\/honduras-plantamos-memoria-para-que-florezca-el-futuro\/\",\"url\":\"https:\/\/www.pressenza.com\/es\/2022\/05\/honduras-plantamos-memoria-para-que-florezca-el-futuro\/\",\"name\":\"Honduras: \\\"Plantamos memoria para que florezca el futuro\\\"\",\"isPartOf\":{\"@id\":\"https:\/\/www.pressenza.com\/es\/#website\"},\"primaryImageOfPage\":{\"@id\":\"https:\/\/www.pressenza.com\/es\/2022\/05\/honduras-plantamos-memoria-para-que-florezca-el-futuro\/#primaryimage\"},\"image\":{\"@id\":\"https:\/\/www.pressenza.com\/es\/2022\/05\/honduras-plantamos-memoria-para-que-florezca-el-futuro\/#primaryimage\"},\"thumbnailUrl\":\"https:\/\/www.pressenza.com\/wp-content\/uploads\/2022\/05\/juicio-herminio-deras.jpg\",\"datePublished\":\"2022-05-11T21:06:32+00:00\",\"description\":\"Concluy\u00f3 primera jornada de la audiencia \\\"Herminio Deras vs Honduras\\\" Rostros y voces quebrantadas, llantos de dolor, recuerdo y liberaci\u00f3n, abrazos\",\"breadcrumb\":{\"@id\":\"https:\/\/www.pressenza.com\/es\/2022\/05\/honduras-plantamos-memoria-para-que-florezca-el-futuro\/#breadcrumb\"},\"inLanguage\":\"es\",\"potentialAction\":[{\"@type\":\"ReadAction\",\"target\":[\"https:\/\/www.pressenza.com\/es\/2022\/05\/honduras-plantamos-memoria-para-que-florezca-el-futuro\/\"]}]},{\"@type\":\"ImageObject\",\"inLanguage\":\"es\",\"@id\":\"https:\/\/www.pressenza.com\/es\/2022\/05\/honduras-plantamos-memoria-para-que-florezca-el-futuro\/#primaryimage\",\"url\":\"https:\/\/www.pressenza.com\/wp-content\/uploads\/2022\/05\/juicio-herminio-deras.jpg\",\"contentUrl\":\"https:\/\/www.pressenza.com\/wp-content\/uploads\/2022\/05\/juicio-herminio-deras.jpg\",\"width\":1080,\"height\":606},{\"@type\":\"BreadcrumbList\",\"@id\":\"https:\/\/www.pressenza.com\/es\/2022\/05\/honduras-plantamos-memoria-para-que-florezca-el-futuro\/#breadcrumb\",\"itemListElement\":[{\"@type\":\"ListItem\",\"position\":1,\"name\":\"Accueil\",\"item\":\"https:\/\/www.pressenza.com\/es\/\"},{\"@type\":\"ListItem\",\"position\":2,\"name\":\"Honduras: \u00abPlantamos memoria para que florezca el futuro\u00bb\"}]},{\"@type\":\"WebSite\",\"@id\":\"https:\/\/www.pressenza.com\/es\/#website\",\"url\":\"https:\/\/www.pressenza.com\/es\/\",\"name\":\"Pressenza\",\"description\":\"International Press Agency\",\"publisher\":{\"@id\":\"https:\/\/www.pressenza.com\/es\/#organization\"},\"potentialAction\":[{\"@type\":\"SearchAction\",\"target\":{\"@type\":\"EntryPoint\",\"urlTemplate\":\"https:\/\/www.pressenza.com\/es\/?s={search_term_string}\"},\"query-input\":{\"@type\":\"PropertyValueSpecification\",\"valueRequired\":true,\"valueName\":\"search_term_string\"}}],\"inLanguage\":\"es\"},{\"@type\":\"Organization\",\"@id\":\"https:\/\/www.pressenza.com\/es\/#organization\",\"name\":\"Pressenza\",\"url\":\"https:\/\/www.pressenza.com\/es\/\",\"logo\":{\"@type\":\"ImageObject\",\"inLanguage\":\"es\",\"@id\":\"https:\/\/www.pressenza.com\/es\/#\/schema\/logo\/image\/\",\"url\":\"https:\/\/www.pressenza.com\/wp-content\/uploads\/2022\/10\/pressenza_logo_200x200.jpg\",\"contentUrl\":\"https:\/\/www.pressenza.com\/wp-content\/uploads\/2022\/10\/pressenza_logo_200x200.jpg\",\"width\":200,\"height\":200,\"caption\":\"Pressenza\"},\"image\":{\"@id\":\"https:\/\/www.pressenza.com\/es\/#\/schema\/logo\/image\/\"},\"sameAs\":[\"https:\/\/www.facebook.com\/PressenzaItalia\",\"https:\/\/x.com\/PressenzaIPA\"]},{\"@type\":\"Person\",\"@id\":\"https:\/\/www.pressenza.com\/es\/#\/schema\/person\/55ec2a8f1b3e718010691e4aba073020\",\"name\":\"Giorgio Trucchi\",\"url\":\"https:\/\/www.pressenza.com\/es\/author\/giorgio-trucchi\/\"}]}<\/script>\n<!-- \/ Yoast SEO plugin. -->","yoast_head_json":{"title":"Honduras: \"Plantamos memoria para que florezca el futuro\"","description":"Concluy\u00f3 primera jornada de la audiencia \"Herminio Deras vs Honduras\" Rostros y voces quebrantadas, llantos de dolor, recuerdo y liberaci\u00f3n, abrazos","robots":{"index":"index","follow":"follow","max-snippet":"max-snippet:-1","max-image-preview":"max-image-preview:large","max-video-preview":"max-video-preview:-1"},"canonical":"https:\/\/www.pressenza.com\/es\/2022\/05\/honduras-plantamos-memoria-para-que-florezca-el-futuro\/","og_locale":"es_ES","og_type":"article","og_title":"Honduras: \"Plantamos memoria para que florezca el futuro\"","og_description":"Concluy\u00f3 primera jornada de la audiencia \"Herminio Deras vs Honduras\" Rostros y voces quebrantadas, llantos de dolor, recuerdo y liberaci\u00f3n, abrazos","og_url":"https:\/\/www.pressenza.com\/es\/2022\/05\/honduras-plantamos-memoria-para-que-florezca-el-futuro\/","og_site_name":"Pressenza","article_publisher":"https:\/\/www.facebook.com\/PressenzaItalia","article_published_time":"2022-05-11T21:06:32+00:00","og_image":[{"width":1080,"height":606,"url":"https:\/\/www.pressenza.com\/wp-content\/uploads\/2022\/05\/juicio-herminio-deras.jpg","type":"image\/jpeg"}],"author":"Giorgio Trucchi","twitter_card":"summary_large_image","twitter_creator":"@PressenzaIPA","twitter_site":"@PressenzaIPA","twitter_misc":{"Escrito por":"Giorgio Trucchi","Tiempo de lectura":"4 minutos"},"schema":{"@context":"https:\/\/schema.org","@graph":[{"@type":"Article","@id":"https:\/\/www.pressenza.com\/es\/2022\/05\/honduras-plantamos-memoria-para-que-florezca-el-futuro\/#article","isPartOf":{"@id":"https:\/\/www.pressenza.com\/es\/2022\/05\/honduras-plantamos-memoria-para-que-florezca-el-futuro\/"},"author":{"name":"Giorgio Trucchi","@id":"https:\/\/www.pressenza.com\/es\/#\/schema\/person\/55ec2a8f1b3e718010691e4aba073020"},"headline":"Honduras: \u00abPlantamos memoria para que florezca el futuro\u00bb","datePublished":"2022-05-11T21:06:32+00:00","mainEntityOfPage":{"@id":"https:\/\/www.pressenza.com\/es\/2022\/05\/honduras-plantamos-memoria-para-que-florezca-el-futuro\/"},"wordCount":582,"publisher":{"@id":"https:\/\/www.pressenza.com\/es\/#organization"},"image":{"@id":"https:\/\/www.pressenza.com\/es\/2022\/05\/honduras-plantamos-memoria-para-que-florezca-el-futuro\/#primaryimage"},"thumbnailUrl":"https:\/\/www.pressenza.com\/wp-content\/uploads\/2022\/05\/juicio-herminio-deras.jpg","keywords":["Derechos humanos","justicia","Noviolencia","protestas sociales","Terrorismo de Estado","Violencia"],"articleSection":["Am\u00e9rica Central","Asuntos internacionales","Contenido Original","Derechos Humanos","Internacional","Noviolencia","Pol\u00edtica"],"inLanguage":"es"},{"@type":"WebPage","@id":"https:\/\/www.pressenza.com\/es\/2022\/05\/honduras-plantamos-memoria-para-que-florezca-el-futuro\/","url":"https:\/\/www.pressenza.com\/es\/2022\/05\/honduras-plantamos-memoria-para-que-florezca-el-futuro\/","name":"Honduras: \"Plantamos memoria para que florezca el futuro\"","isPartOf":{"@id":"https:\/\/www.pressenza.com\/es\/#website"},"primaryImageOfPage":{"@id":"https:\/\/www.pressenza.com\/es\/2022\/05\/honduras-plantamos-memoria-para-que-florezca-el-futuro\/#primaryimage"},"image":{"@id":"https:\/\/www.pressenza.com\/es\/2022\/05\/honduras-plantamos-memoria-para-que-florezca-el-futuro\/#primaryimage"},"thumbnailUrl":"https:\/\/www.pressenza.com\/wp-content\/uploads\/2022\/05\/juicio-herminio-deras.jpg","datePublished":"2022-05-11T21:06:32+00:00","description":"Concluy\u00f3 primera jornada de la audiencia \"Herminio Deras vs Honduras\" Rostros y voces quebrantadas, llantos de dolor, recuerdo y liberaci\u00f3n, abrazos","breadcrumb":{"@id":"https:\/\/www.pressenza.com\/es\/2022\/05\/honduras-plantamos-memoria-para-que-florezca-el-futuro\/#breadcrumb"},"inLanguage":"es","potentialAction":[{"@type":"ReadAction","target":["https:\/\/www.pressenza.com\/es\/2022\/05\/honduras-plantamos-memoria-para-que-florezca-el-futuro\/"]}]},{"@type":"ImageObject","inLanguage":"es","@id":"https:\/\/www.pressenza.com\/es\/2022\/05\/honduras-plantamos-memoria-para-que-florezca-el-futuro\/#primaryimage","url":"https:\/\/www.pressenza.com\/wp-content\/uploads\/2022\/05\/juicio-herminio-deras.jpg","contentUrl":"https:\/\/www.pressenza.com\/wp-content\/uploads\/2022\/05\/juicio-herminio-deras.jpg","width":1080,"height":606},{"@type":"BreadcrumbList","@id":"https:\/\/www.pressenza.com\/es\/2022\/05\/honduras-plantamos-memoria-para-que-florezca-el-futuro\/#breadcrumb","itemListElement":[{"@type":"ListItem","position":1,"name":"Accueil","item":"https:\/\/www.pressenza.com\/es\/"},{"@type":"ListItem","position":2,"name":"Honduras: \u00abPlantamos memoria para que florezca el futuro\u00bb"}]},{"@type":"WebSite","@id":"https:\/\/www.pressenza.com\/es\/#website","url":"https:\/\/www.pressenza.com\/es\/","name":"Pressenza","description":"International Press Agency","publisher":{"@id":"https:\/\/www.pressenza.com\/es\/#organization"},"potentialAction":[{"@type":"SearchAction","target":{"@type":"EntryPoint","urlTemplate":"https:\/\/www.pressenza.com\/es\/?s={search_term_string}"},"query-input":{"@type":"PropertyValueSpecification","valueRequired":true,"valueName":"search_term_string"}}],"inLanguage":"es"},{"@type":"Organization","@id":"https:\/\/www.pressenza.com\/es\/#organization","name":"Pressenza","url":"https:\/\/www.pressenza.com\/es\/","logo":{"@type":"ImageObject","inLanguage":"es","@id":"https:\/\/www.pressenza.com\/es\/#\/schema\/logo\/image\/","url":"https:\/\/www.pressenza.com\/wp-content\/uploads\/2022\/10\/pressenza_logo_200x200.jpg","contentUrl":"https:\/\/www.pressenza.com\/wp-content\/uploads\/2022\/10\/pressenza_logo_200x200.jpg","width":200,"height":200,"caption":"Pressenza"},"image":{"@id":"https:\/\/www.pressenza.com\/es\/#\/schema\/logo\/image\/"},"sameAs":["https:\/\/www.facebook.com\/PressenzaItalia","https:\/\/x.com\/PressenzaIPA"]},{"@type":"Person","@id":"https:\/\/www.pressenza.com\/es\/#\/schema\/person\/55ec2a8f1b3e718010691e4aba073020","name":"Giorgio Trucchi","url":"https:\/\/www.pressenza.com\/es\/author\/giorgio-trucchi\/"}]}},"place":"Tegucigalpa, Honduras","original_article_url":"http:\/\/www.rel-uita.org\/honduras\/plantamos-memoria-para-que-florezca-el-futuro\/","_links":{"self":[{"href":"https:\/\/www.pressenza.com\/es\/wp-json\/wp\/v2\/posts\/1582337","targetHints":{"allow":["GET"]}}],"collection":[{"href":"https:\/\/www.pressenza.com\/es\/wp-json\/wp\/v2\/posts"}],"about":[{"href":"https:\/\/www.pressenza.com\/es\/wp-json\/wp\/v2\/types\/post"}],"author":[{"embeddable":true,"href":"https:\/\/www.pressenza.com\/es\/wp-json\/wp\/v2\/users\/1800"}],"replies":[{"embeddable":true,"href":"https:\/\/www.pressenza.com\/es\/wp-json\/wp\/v2\/comments?post=1582337"}],"version-history":[{"count":0,"href":"https:\/\/www.pressenza.com\/es\/wp-json\/wp\/v2\/posts\/1582337\/revisions"}],"wp:featuredmedia":[{"embeddable":true,"href":"https:\/\/www.pressenza.com\/es\/wp-json\/wp\/v2\/media\/1582381"}],"wp:attachment":[{"href":"https:\/\/www.pressenza.com\/es\/wp-json\/wp\/v2\/media?parent=1582337"}],"wp:term":[{"taxonomy":"category","embeddable":true,"href":"https:\/\/www.pressenza.com\/es\/wp-json\/wp\/v2\/categories?post=1582337"},{"taxonomy":"post_tag","embeddable":true,"href":"https:\/\/www.pressenza.com\/es\/wp-json\/wp\/v2\/tags?post=1582337"}],"curies":[{"name":"wp","href":"https:\/\/api.w.org\/{rel}","templated":true}]}}