{"id":1580293,"date":"2022-05-09T02:31:38","date_gmt":"2022-05-09T01:31:38","guid":{"rendered":"https:\/\/www.pressenza.com\/?p=1580293"},"modified":"2022-05-09T02:31:38","modified_gmt":"2022-05-09T01:31:38","slug":"continentes-y-contenidos-05-05-2022-italia-y-la-violencia-en-colombia","status":"publish","type":"post","link":"https:\/\/www.pressenza.com\/es\/2022\/05\/continentes-y-contenidos-05-05-2022-italia-y-la-violencia-en-colombia\/","title":{"rendered":"Continentes y Contenidos 05\/05\/2022 Italia y la violencia en Colombia"},"content":{"rendered":"<p>Esta semana en Continentes y Contenidos volvimos a Colombia, para analizar el nuevo informe de Indepaz sobre los cr\u00edmenes contra l\u00edderes y lideresas sociales en el pa\u00eds cafetero. Lo hicimos con el promotor de Paz Camilo Gonz\u00e1lez Posso, desde Bogot\u00e1.<\/p>\n<p>Y tambi\u00e9n nos reencontramos con el compa\u00f1ero de Pressenza, Domenico Musella, desde N\u00e1poles (Italia), con quien hablamos del momento pol\u00edtico que vive el pa\u00eds en este clima b\u00e9lico que sufre el continente europeo.<\/p>\n<!--[if lt IE 9]><script>document.createElement('audio');<\/script><![endif]-->\n<audio class=\"wp-audio-shortcode\" id=\"audio-1580293-1\" preload=\"none\" style=\"width: 100%;\" controls=\"controls\"><source type=\"audio\/mpeg\" src=\"https:\/\/www.ivoox.com\/continentes-contenidos-05-05-2022-italia-violencia_md_86774093_wp_1.mp3?_=1\" \/><a href=\"https:\/\/www.ivoox.com\/continentes-contenidos-05-05-2022-italia-violencia_md_86774093_wp_1.mp3\">https:\/\/www.ivoox.com\/continentes-contenidos-05-05-2022-italia-violencia_md_86774093_wp_1.mp3<\/a><\/audio>\n<p><a title=\"Continentes y Contenidos 05\/05\/2022 Italia y la violencia en Colombia\" href=\"https:\/\/go.ivoox.com\/rf\/86774093\">Ir a descargar<\/a><\/p>\n","protected":false},"excerpt":{"rendered":"<p>Esta semana en Continentes y Contenidos volvimos a Colombia, para analizar el nuevo informe de Indepaz sobre los cr\u00edmenes contra l\u00edderes y lideresas sociales en el pa\u00eds cafetero. Lo hicimos con el promotor de Paz Camilo Gonz\u00e1lez Posso, desde Bogot\u00e1.&hellip;<\/p>\n","protected":false},"author":96,"featured_media":1580295,"comment_status":"closed","ping_status":"closed","sticky":false,"template":"","format":"standard","meta":{"footnotes":""},"categories":[76,11389,75,39,1243,74,22754],"tags":[42907,30,101830,403,3672,1613,40752,54738,47262,8879],"class_list":["post-1580293","post","type-post","status-publish","format-standard","has-post-thumbnail","hentry","category-relaciones-exteriores","category-contenido-original","category-cultura-es","category-internacional","category-paz-desarme","category-politica-es","category-radio-es","tag-asesinato-de-lideres-sociales","tag-colombia","tag-corape-continentes-y-contenidos","tag-elecciones","tag-italia-es","tag-politica-es","tag-pressenza-internacional","tag-radio-es","tag-rusofobia","tag-ucrania"],"yoast_head":"<!-- This site is optimized with the Yoast SEO plugin v27.1.1 - https:\/\/yoast.com\/product\/yoast-seo-wordpress\/ -->\n<title>Continentes y Contenidos 05\/05\/2022 Italia y la violencia en Colombia<\/title>\n<meta name=\"description\" content=\"Esta semana en Continentes y Contenidos volvimos a Colombia, para analizar el nuevo informe de Indepaz sobre los cr\u00edmenes contra l\u00edderes y lideresas\" \/>\n<meta name=\"robots\" content=\"index, follow, max-snippet:-1, max-image-preview:large, max-video-preview:-1\" \/>\n<link rel=\"canonical\" href=\"https:\/\/www.pressenza.com\/es\/2022\/05\/continentes-y-contenidos-05-05-2022-italia-y-la-violencia-en-colombia\/\" \/>\n<meta property=\"og:locale\" content=\"es_ES\" \/>\n<meta property=\"og:type\" content=\"article\" \/>\n<meta property=\"og:title\" content=\"Continentes y Contenidos 05\/05\/2022 Italia y la violencia en Colombia\" \/>\n<meta property=\"og:description\" content=\"Esta semana en Continentes y Contenidos volvimos a Colombia, para analizar el nuevo informe de Indepaz sobre los cr\u00edmenes contra l\u00edderes y lideresas\" \/>\n<meta property=\"og:url\" content=\"https:\/\/www.pressenza.com\/es\/2022\/05\/continentes-y-contenidos-05-05-2022-italia-y-la-violencia-en-colombia\/\" \/>\n<meta property=\"og:site_name\" content=\"Pressenza\" \/>\n<meta property=\"article:publisher\" content=\"https:\/\/www.facebook.com\/PressenzaItalia\" \/>\n<meta property=\"article:author\" content=\"https:\/\/www.facebook.com\/mariano.quiroga.779\" \/>\n<meta property=\"article:published_time\" content=\"2022-05-09T01:31:38+00:00\" \/>\n<meta property=\"og:image\" content=\"https:\/\/www.pressenza.com\/wp-content\/uploads\/2022\/05\/Programas-CyC2022-820x656.png\" \/>\n\t<meta property=\"og:image:width\" content=\"820\" \/>\n\t<meta property=\"og:image:height\" content=\"656\" \/>\n\t<meta property=\"og:image:type\" content=\"image\/png\" \/>\n<meta name=\"author\" content=\"Mariano Quiroga\" \/>\n<meta name=\"twitter:card\" content=\"summary_large_image\" \/>\n<meta name=\"twitter:creator\" content=\"@MaruchoQuiroga\" \/>\n<meta name=\"twitter:site\" content=\"@PressenzaIPA\" \/>\n<meta name=\"twitter:label1\" content=\"Escrito por\" \/>\n\t<meta name=\"twitter:data1\" content=\"Mariano Quiroga\" \/>\n\t<meta name=\"twitter:label2\" content=\"Tiempo de lectura\" \/>\n\t<meta name=\"twitter:data2\" content=\"1 minuto\" \/>\n<script type=\"application\/ld+json\" class=\"yoast-schema-graph\">{\"@context\":\"https:\/\/schema.org\",\"@graph\":[{\"@type\":\"Article\",\"@id\":\"https:\/\/www.pressenza.com\/es\/2022\/05\/continentes-y-contenidos-05-05-2022-italia-y-la-violencia-en-colombia\/#article\",\"isPartOf\":{\"@id\":\"https:\/\/www.pressenza.com\/es\/2022\/05\/continentes-y-contenidos-05-05-2022-italia-y-la-violencia-en-colombia\/\"},\"author\":{\"name\":\"Mariano Quiroga\",\"@id\":\"https:\/\/www.pressenza.com\/es\/#\/schema\/person\/a0856fe41d8234b92503e6b28dc2585e\"},\"headline\":\"Continentes y Contenidos 05\/05\/2022 Italia y la violencia en Colombia\",\"datePublished\":\"2022-05-09T01:31:38+00:00\",\"mainEntityOfPage\":{\"@id\":\"https:\/\/www.pressenza.com\/es\/2022\/05\/continentes-y-contenidos-05-05-2022-italia-y-la-violencia-en-colombia\/\"},\"wordCount\":108,\"publisher\":{\"@id\":\"https:\/\/www.pressenza.com\/es\/#organization\"},\"image\":{\"@id\":\"https:\/\/www.pressenza.com\/es\/2022\/05\/continentes-y-contenidos-05-05-2022-italia-y-la-violencia-en-colombia\/#primaryimage\"},\"thumbnailUrl\":\"https:\/\/www.pressenza.com\/wp-content\/uploads\/2022\/05\/Programas-CyC2022.png\",\"keywords\":[\"asesinato de l\u00edderes sociales\",\"Colombia\",\"CORAPE; Continentes y Contenidos\",\"elecciones\",\"Italia\",\"pol\u00edtica\",\"Pressenza Internacional\",\"radio\",\"rusofobia\",\"Ucrania\"],\"articleSection\":[\"Asuntos internacionales\",\"Contenido Original\",\"Cultura y Medios\",\"Internacional\",\"Paz y Desarme\",\"Pol\u00edtica\",\"Radio\"],\"inLanguage\":\"es\"},{\"@type\":\"WebPage\",\"@id\":\"https:\/\/www.pressenza.com\/es\/2022\/05\/continentes-y-contenidos-05-05-2022-italia-y-la-violencia-en-colombia\/\",\"url\":\"https:\/\/www.pressenza.com\/es\/2022\/05\/continentes-y-contenidos-05-05-2022-italia-y-la-violencia-en-colombia\/\",\"name\":\"Continentes y Contenidos 05\/05\/2022 Italia y la violencia en Colombia\",\"isPartOf\":{\"@id\":\"https:\/\/www.pressenza.com\/es\/#website\"},\"primaryImageOfPage\":{\"@id\":\"https:\/\/www.pressenza.com\/es\/2022\/05\/continentes-y-contenidos-05-05-2022-italia-y-la-violencia-en-colombia\/#primaryimage\"},\"image\":{\"@id\":\"https:\/\/www.pressenza.com\/es\/2022\/05\/continentes-y-contenidos-05-05-2022-italia-y-la-violencia-en-colombia\/#primaryimage\"},\"thumbnailUrl\":\"https:\/\/www.pressenza.com\/wp-content\/uploads\/2022\/05\/Programas-CyC2022.png\",\"datePublished\":\"2022-05-09T01:31:38+00:00\",\"description\":\"Esta semana en Continentes y Contenidos volvimos a Colombia, para analizar el nuevo informe de Indepaz sobre los cr\u00edmenes contra l\u00edderes y lideresas\",\"breadcrumb\":{\"@id\":\"https:\/\/www.pressenza.com\/es\/2022\/05\/continentes-y-contenidos-05-05-2022-italia-y-la-violencia-en-colombia\/#breadcrumb\"},\"inLanguage\":\"es\",\"potentialAction\":[{\"@type\":\"ReadAction\",\"target\":[\"https:\/\/www.pressenza.com\/es\/2022\/05\/continentes-y-contenidos-05-05-2022-italia-y-la-violencia-en-colombia\/\"]}]},{\"@type\":\"ImageObject\",\"inLanguage\":\"es\",\"@id\":\"https:\/\/www.pressenza.com\/es\/2022\/05\/continentes-y-contenidos-05-05-2022-italia-y-la-violencia-en-colombia\/#primaryimage\",\"url\":\"https:\/\/www.pressenza.com\/wp-content\/uploads\/2022\/05\/Programas-CyC2022.png\",\"contentUrl\":\"https:\/\/www.pressenza.com\/wp-content\/uploads\/2022\/05\/Programas-CyC2022.png\",\"width\":1920,\"height\":1536},{\"@type\":\"BreadcrumbList\",\"@id\":\"https:\/\/www.pressenza.com\/es\/2022\/05\/continentes-y-contenidos-05-05-2022-italia-y-la-violencia-en-colombia\/#breadcrumb\",\"itemListElement\":[{\"@type\":\"ListItem\",\"position\":1,\"name\":\"Accueil\",\"item\":\"https:\/\/www.pressenza.com\/es\/\"},{\"@type\":\"ListItem\",\"position\":2,\"name\":\"Continentes y Contenidos 05\/05\/2022 Italia y la violencia en Colombia\"}]},{\"@type\":\"WebSite\",\"@id\":\"https:\/\/www.pressenza.com\/es\/#website\",\"url\":\"https:\/\/www.pressenza.com\/es\/\",\"name\":\"Pressenza\",\"description\":\"International Press Agency\",\"publisher\":{\"@id\":\"https:\/\/www.pressenza.com\/es\/#organization\"},\"potentialAction\":[{\"@type\":\"SearchAction\",\"target\":{\"@type\":\"EntryPoint\",\"urlTemplate\":\"https:\/\/www.pressenza.com\/es\/?s={search_term_string}\"},\"query-input\":{\"@type\":\"PropertyValueSpecification\",\"valueRequired\":true,\"valueName\":\"search_term_string\"}}],\"inLanguage\":\"es\"},{\"@type\":\"Organization\",\"@id\":\"https:\/\/www.pressenza.com\/es\/#organization\",\"name\":\"Pressenza\",\"url\":\"https:\/\/www.pressenza.com\/es\/\",\"logo\":{\"@type\":\"ImageObject\",\"inLanguage\":\"es\",\"@id\":\"https:\/\/www.pressenza.com\/es\/#\/schema\/logo\/image\/\",\"url\":\"https:\/\/www.pressenza.com\/wp-content\/uploads\/2022\/10\/pressenza_logo_200x200.jpg\",\"contentUrl\":\"https:\/\/www.pressenza.com\/wp-content\/uploads\/2022\/10\/pressenza_logo_200x200.jpg\",\"width\":200,\"height\":200,\"caption\":\"Pressenza\"},\"image\":{\"@id\":\"https:\/\/www.pressenza.com\/es\/#\/schema\/logo\/image\/\"},\"sameAs\":[\"https:\/\/www.facebook.com\/PressenzaItalia\",\"https:\/\/x.com\/PressenzaIPA\"]},{\"@type\":\"Person\",\"@id\":\"https:\/\/www.pressenza.com\/es\/#\/schema\/person\/a0856fe41d8234b92503e6b28dc2585e\",\"name\":\"Mariano Quiroga\",\"description\":\"Born in Buenos Aires, Argentina, in 1976, Mariano is a journalist, poet and international editor for Pressenza. His career includes publications in different countries and languages. Currently he is presenter on radio programmes in Ecuador and Argentina. A humanist communicator specialising in international politics, his vocation has led him to seek to build bridges that allow relationships to be made between data, events, people and contexts in order to create an inclusive look that synthesises the noblest searches for social justice and humanisation of the planet.\",\"sameAs\":[\"https:\/\/www.facebook.com\/mariano.quiroga.779\",\"https:\/\/x.com\/MaruchoQuiroga\"],\"url\":\"https:\/\/www.pressenza.com\/es\/author\/mariano-quiroga\/\"}]}<\/script>\n<!-- \/ Yoast SEO plugin. -->","yoast_head_json":{"title":"Continentes y Contenidos 05\/05\/2022 Italia y la violencia en Colombia","description":"Esta semana en Continentes y Contenidos volvimos a Colombia, para analizar el nuevo informe de Indepaz sobre los cr\u00edmenes contra l\u00edderes y lideresas","robots":{"index":"index","follow":"follow","max-snippet":"max-snippet:-1","max-image-preview":"max-image-preview:large","max-video-preview":"max-video-preview:-1"},"canonical":"https:\/\/www.pressenza.com\/es\/2022\/05\/continentes-y-contenidos-05-05-2022-italia-y-la-violencia-en-colombia\/","og_locale":"es_ES","og_type":"article","og_title":"Continentes y Contenidos 05\/05\/2022 Italia y la violencia en Colombia","og_description":"Esta semana en Continentes y Contenidos volvimos a Colombia, para analizar el nuevo informe de Indepaz sobre los cr\u00edmenes contra l\u00edderes y lideresas","og_url":"https:\/\/www.pressenza.com\/es\/2022\/05\/continentes-y-contenidos-05-05-2022-italia-y-la-violencia-en-colombia\/","og_site_name":"Pressenza","article_publisher":"https:\/\/www.facebook.com\/PressenzaItalia","article_author":"https:\/\/www.facebook.com\/mariano.quiroga.779","article_published_time":"2022-05-09T01:31:38+00:00","og_image":[{"width":820,"height":656,"url":"https:\/\/www.pressenza.com\/wp-content\/uploads\/2022\/05\/Programas-CyC2022-820x656.png","type":"image\/png"}],"author":"Mariano Quiroga","twitter_card":"summary_large_image","twitter_creator":"@MaruchoQuiroga","twitter_site":"@PressenzaIPA","twitter_misc":{"Escrito por":"Mariano Quiroga","Tiempo de lectura":"1 minuto"},"schema":{"@context":"https:\/\/schema.org","@graph":[{"@type":"Article","@id":"https:\/\/www.pressenza.com\/es\/2022\/05\/continentes-y-contenidos-05-05-2022-italia-y-la-violencia-en-colombia\/#article","isPartOf":{"@id":"https:\/\/www.pressenza.com\/es\/2022\/05\/continentes-y-contenidos-05-05-2022-italia-y-la-violencia-en-colombia\/"},"author":{"name":"Mariano Quiroga","@id":"https:\/\/www.pressenza.com\/es\/#\/schema\/person\/a0856fe41d8234b92503e6b28dc2585e"},"headline":"Continentes y Contenidos 05\/05\/2022 Italia y la violencia en Colombia","datePublished":"2022-05-09T01:31:38+00:00","mainEntityOfPage":{"@id":"https:\/\/www.pressenza.com\/es\/2022\/05\/continentes-y-contenidos-05-05-2022-italia-y-la-violencia-en-colombia\/"},"wordCount":108,"publisher":{"@id":"https:\/\/www.pressenza.com\/es\/#organization"},"image":{"@id":"https:\/\/www.pressenza.com\/es\/2022\/05\/continentes-y-contenidos-05-05-2022-italia-y-la-violencia-en-colombia\/#primaryimage"},"thumbnailUrl":"https:\/\/www.pressenza.com\/wp-content\/uploads\/2022\/05\/Programas-CyC2022.png","keywords":["asesinato de l\u00edderes sociales","Colombia","CORAPE; Continentes y Contenidos","elecciones","Italia","pol\u00edtica","Pressenza Internacional","radio","rusofobia","Ucrania"],"articleSection":["Asuntos internacionales","Contenido Original","Cultura y Medios","Internacional","Paz y Desarme","Pol\u00edtica","Radio"],"inLanguage":"es"},{"@type":"WebPage","@id":"https:\/\/www.pressenza.com\/es\/2022\/05\/continentes-y-contenidos-05-05-2022-italia-y-la-violencia-en-colombia\/","url":"https:\/\/www.pressenza.com\/es\/2022\/05\/continentes-y-contenidos-05-05-2022-italia-y-la-violencia-en-colombia\/","name":"Continentes y Contenidos 05\/05\/2022 Italia y la violencia en Colombia","isPartOf":{"@id":"https:\/\/www.pressenza.com\/es\/#website"},"primaryImageOfPage":{"@id":"https:\/\/www.pressenza.com\/es\/2022\/05\/continentes-y-contenidos-05-05-2022-italia-y-la-violencia-en-colombia\/#primaryimage"},"image":{"@id":"https:\/\/www.pressenza.com\/es\/2022\/05\/continentes-y-contenidos-05-05-2022-italia-y-la-violencia-en-colombia\/#primaryimage"},"thumbnailUrl":"https:\/\/www.pressenza.com\/wp-content\/uploads\/2022\/05\/Programas-CyC2022.png","datePublished":"2022-05-09T01:31:38+00:00","description":"Esta semana en Continentes y Contenidos volvimos a Colombia, para analizar el nuevo informe de Indepaz sobre los cr\u00edmenes contra l\u00edderes y lideresas","breadcrumb":{"@id":"https:\/\/www.pressenza.com\/es\/2022\/05\/continentes-y-contenidos-05-05-2022-italia-y-la-violencia-en-colombia\/#breadcrumb"},"inLanguage":"es","potentialAction":[{"@type":"ReadAction","target":["https:\/\/www.pressenza.com\/es\/2022\/05\/continentes-y-contenidos-05-05-2022-italia-y-la-violencia-en-colombia\/"]}]},{"@type":"ImageObject","inLanguage":"es","@id":"https:\/\/www.pressenza.com\/es\/2022\/05\/continentes-y-contenidos-05-05-2022-italia-y-la-violencia-en-colombia\/#primaryimage","url":"https:\/\/www.pressenza.com\/wp-content\/uploads\/2022\/05\/Programas-CyC2022.png","contentUrl":"https:\/\/www.pressenza.com\/wp-content\/uploads\/2022\/05\/Programas-CyC2022.png","width":1920,"height":1536},{"@type":"BreadcrumbList","@id":"https:\/\/www.pressenza.com\/es\/2022\/05\/continentes-y-contenidos-05-05-2022-italia-y-la-violencia-en-colombia\/#breadcrumb","itemListElement":[{"@type":"ListItem","position":1,"name":"Accueil","item":"https:\/\/www.pressenza.com\/es\/"},{"@type":"ListItem","position":2,"name":"Continentes y Contenidos 05\/05\/2022 Italia y la violencia en Colombia"}]},{"@type":"WebSite","@id":"https:\/\/www.pressenza.com\/es\/#website","url":"https:\/\/www.pressenza.com\/es\/","name":"Pressenza","description":"International Press Agency","publisher":{"@id":"https:\/\/www.pressenza.com\/es\/#organization"},"potentialAction":[{"@type":"SearchAction","target":{"@type":"EntryPoint","urlTemplate":"https:\/\/www.pressenza.com\/es\/?s={search_term_string}"},"query-input":{"@type":"PropertyValueSpecification","valueRequired":true,"valueName":"search_term_string"}}],"inLanguage":"es"},{"@type":"Organization","@id":"https:\/\/www.pressenza.com\/es\/#organization","name":"Pressenza","url":"https:\/\/www.pressenza.com\/es\/","logo":{"@type":"ImageObject","inLanguage":"es","@id":"https:\/\/www.pressenza.com\/es\/#\/schema\/logo\/image\/","url":"https:\/\/www.pressenza.com\/wp-content\/uploads\/2022\/10\/pressenza_logo_200x200.jpg","contentUrl":"https:\/\/www.pressenza.com\/wp-content\/uploads\/2022\/10\/pressenza_logo_200x200.jpg","width":200,"height":200,"caption":"Pressenza"},"image":{"@id":"https:\/\/www.pressenza.com\/es\/#\/schema\/logo\/image\/"},"sameAs":["https:\/\/www.facebook.com\/PressenzaItalia","https:\/\/x.com\/PressenzaIPA"]},{"@type":"Person","@id":"https:\/\/www.pressenza.com\/es\/#\/schema\/person\/a0856fe41d8234b92503e6b28dc2585e","name":"Mariano Quiroga","description":"Born in Buenos Aires, Argentina, in 1976, Mariano is a journalist, poet and international editor for Pressenza. His career includes publications in different countries and languages. Currently he is presenter on radio programmes in Ecuador and Argentina. A humanist communicator specialising in international politics, his vocation has led him to seek to build bridges that allow relationships to be made between data, events, people and contexts in order to create an inclusive look that synthesises the noblest searches for social justice and humanisation of the planet.","sameAs":["https:\/\/www.facebook.com\/mariano.quiroga.779","https:\/\/x.com\/MaruchoQuiroga"],"url":"https:\/\/www.pressenza.com\/es\/author\/mariano-quiroga\/"}]}},"place":"Quito - Buenos Aires - Bogot\u00e1 - N\u00e1poles","original_article_url":"","_links":{"self":[{"href":"https:\/\/www.pressenza.com\/es\/wp-json\/wp\/v2\/posts\/1580293","targetHints":{"allow":["GET"]}}],"collection":[{"href":"https:\/\/www.pressenza.com\/es\/wp-json\/wp\/v2\/posts"}],"about":[{"href":"https:\/\/www.pressenza.com\/es\/wp-json\/wp\/v2\/types\/post"}],"author":[{"embeddable":true,"href":"https:\/\/www.pressenza.com\/es\/wp-json\/wp\/v2\/users\/96"}],"replies":[{"embeddable":true,"href":"https:\/\/www.pressenza.com\/es\/wp-json\/wp\/v2\/comments?post=1580293"}],"version-history":[{"count":0,"href":"https:\/\/www.pressenza.com\/es\/wp-json\/wp\/v2\/posts\/1580293\/revisions"}],"wp:featuredmedia":[{"embeddable":true,"href":"https:\/\/www.pressenza.com\/es\/wp-json\/wp\/v2\/media\/1580295"}],"wp:attachment":[{"href":"https:\/\/www.pressenza.com\/es\/wp-json\/wp\/v2\/media?parent=1580293"}],"wp:term":[{"taxonomy":"category","embeddable":true,"href":"https:\/\/www.pressenza.com\/es\/wp-json\/wp\/v2\/categories?post=1580293"},{"taxonomy":"post_tag","embeddable":true,"href":"https:\/\/www.pressenza.com\/es\/wp-json\/wp\/v2\/tags?post=1580293"}],"curies":[{"name":"wp","href":"https:\/\/api.w.org\/{rel}","templated":true}]}}