{"id":157881,"date":"2015-01-23T10:46:34","date_gmt":"2015-01-23T10:46:34","guid":{"rendered":"http:\/\/www.pressenza.com\/?p=157881"},"modified":"2015-01-23T10:46:34","modified_gmt":"2015-01-23T10:46:34","slug":"garcia-linera-el-socialismo-es-la-potenciacion-de-lo-comunitario-en-su-base-expansiva","status":"publish","type":"post","link":"https:\/\/www.pressenza.com\/es\/2015\/01\/garcia-linera-el-socialismo-es-la-potenciacion-de-lo-comunitario-en-su-base-expansiva\/","title":{"rendered":"Garc\u00eda Linera: el socialismo es la \u00abpotenciaci\u00f3n\u00bb de lo comunitario en su base expansiva"},"content":{"rendered":"<p>El vicepresidente \u00c1lvaro Garc\u00eda Linera asegur\u00f3 el jueves que el socialismo es la potenciaci\u00f3n de lo comunitario en su base expansiva en el marco de la voluntad de la sociedad, como una ant\u00edtesis del capitalismo.<\/p>\n<p>En la sesi\u00f3n de investidura del nuevo mandato del presidente Evo Morales en la Asamblea Legislativa Plurinacional (ALP), el segundo del Ejecutivo boliviano consider\u00f3 que en el socialismo \u00abhay una sola administraci\u00f3n de la riqueza que tiene la llave del futuro, la comunitaria que s\u00f3lo surge y se expande en base a la acci\u00f3n voluntaria de los trabajadores, al ejemplo y experiencia voluntaria de la propia sociedad\u00bb.<\/p>\n<p>Sostuvo que la acci\u00f3n de un Estado revolucionario es expandir y fortalecer ese modelo que surge de los productores que deciden asumir el control de su trabajo a \u00abescalas expansivas\u00bb.<\/p>\n<p>En ese marco, afirm\u00f3 que el socialismo es un \u00ablargo\u00bb proceso de transici\u00f3n en el que el Estado revolucionario y los movimientos sociales se fusionan para que se democraticen nuevas decisiones y que las actividades econ\u00f3micas entren a la l\u00f3gica comunitaria, \u00aben vez de la l\u00f3gica del lucro\u00bb.<\/p>\n<p>\u00abNuestro socialismo es comunitario por su porvenir pero tambi\u00e9n por su ra\u00edz y por su ancestro, porque venimos de lo comunitario ancestral de los pueblos ind\u00edgenas y porque lo comunitario est\u00e1 latente en los logros de la ciencia y la econom\u00eda moderna\u00bb, fundament\u00f3.<\/p>\n<p>Seg\u00fan Garc\u00eda Linera, el futuro ser\u00e1 un tipo de socialismo comunitario nacional, continental y a larga data planetario, que incorporar\u00e1 los conocimientos y las practicas ind\u00edgenas de dialogo y convivencia con la Madre Tierra.<\/p>\n<p>A su juicio, el socialismo es el \u00abcampo de batalla\u00bb dentro de cada territorio nacional entre una civilizaci\u00f3n dominante-el capitalismo a\u00fan vigente mayoritario pero decadente- contra una civilizaci\u00f3n comunitaria emergente.<\/p>\n<p>Para el Vicepresidente boliviano el socialismo no es una nueva civilizaci\u00f3n, econom\u00eda o una sociedad, sino el \u00abdesborde democr\u00e1tico\u00bb en manos de la sociedad organizada en movimientos sociales y la \u00absuperaci\u00f3n de la democracia f\u00f3sil\u00bb en la que los gobernados solo eligen gobernantes.<\/p>\n<p>\u00abSocialismo es democracia representativa en el Parlamento, m\u00e1s democracia comunitaria en las comunidades agrarias y urbanas democracia directa en las calles y las fabricas, todo a la vez en medio de un gobierno revolucionario un Estado de los movimientos sociales\u00bb, argument\u00f3.<\/p>\n<p>Explic\u00f3 que el socialismo se da cuando la democracia atraviesa todas las actividades cotidianas de las personas, desde la econom\u00eda hasta la educaci\u00f3n, adem\u00e1s de la lucha nacional, continental e internacional por la ampliaci\u00f3n de los bienes comunes.<\/p>\n","protected":false},"excerpt":{"rendered":"<p>El vicepresidente \u00c1lvaro Garc\u00eda Linera asegur\u00f3 el jueves que el socialismo es la potenciaci\u00f3n de lo comunitario en su base expansiva en el marco de la voluntad de la sociedad, como una ant\u00edtesis del capitalismo. En la sesi\u00f3n de investidura&hellip;<\/p>\n","protected":false},"author":127,"featured_media":157882,"comment_status":"closed","ping_status":"open","sticky":false,"template":"","format":"standard","meta":{"footnotes":""},"categories":[74,67],"tags":[1646,15572,696,15573,1059,15571,1373],"class_list":["post-157881","post","type-post","status-publish","format-standard","has-post-thumbnail","hentry","category-politica-es","category-sudamerica","tag-bolivia","tag-comunitario","tag-democracia","tag-estado-plurinacional","tag-evo-morales","tag-nacion-humana-universal","tag-socialismo"],"yoast_head":"<!-- This site is optimized with the Yoast SEO plugin v27.1.1 - https:\/\/yoast.com\/product\/yoast-seo-wordpress\/ -->\n<title>Garc\u00eda Linera: el socialismo es la &quot;potenciaci\u00f3n&quot; de lo comunitario en su base expansiva<\/title>\n<meta name=\"description\" content=\"El vicepresidente \u00c1lvaro Garc\u00eda Linera asegur\u00f3 el jueves que el socialismo es la potenciaci\u00f3n de lo comunitario en su base expansiva en el marco de la\" \/>\n<meta name=\"robots\" content=\"index, follow, max-snippet:-1, max-image-preview:large, max-video-preview:-1\" \/>\n<link rel=\"canonical\" href=\"https:\/\/www.pressenza.com\/es\/2015\/01\/garcia-linera-el-socialismo-es-la-potenciacion-de-lo-comunitario-en-su-base-expansiva\/\" \/>\n<meta property=\"og:locale\" content=\"es_ES\" \/>\n<meta property=\"og:type\" content=\"article\" \/>\n<meta property=\"og:title\" content=\"Garc\u00eda Linera: el socialismo es la &quot;potenciaci\u00f3n&quot; de lo comunitario en su base expansiva\" \/>\n<meta property=\"og:description\" content=\"El vicepresidente \u00c1lvaro Garc\u00eda Linera asegur\u00f3 el jueves que el socialismo es la potenciaci\u00f3n de lo comunitario en su base expansiva en el marco de la\" \/>\n<meta property=\"og:url\" content=\"https:\/\/www.pressenza.com\/es\/2015\/01\/garcia-linera-el-socialismo-es-la-potenciacion-de-lo-comunitario-en-su-base-expansiva\/\" \/>\n<meta property=\"og:site_name\" content=\"Pressenza\" \/>\n<meta property=\"article:publisher\" content=\"https:\/\/www.facebook.com\/PressenzaItalia\" \/>\n<meta property=\"article:published_time\" content=\"2015-01-23T10:46:34+00:00\" \/>\n<meta property=\"og:image\" content=\"https:\/\/www.pressenza.com\/wp-content\/uploads\/2015\/01\/Evojuramento.jpg\" \/>\n\t<meta property=\"og:image:width\" content=\"980\" \/>\n\t<meta property=\"og:image:height\" content=\"653\" \/>\n\t<meta property=\"og:image:type\" content=\"image\/jpeg\" \/>\n<meta name=\"author\" content=\"Agencia Boliviana de Informaci\u00f3n - ABI\" \/>\n<meta name=\"twitter:card\" content=\"summary_large_image\" \/>\n<meta name=\"twitter:creator\" content=\"@mincombolivia\" \/>\n<meta name=\"twitter:site\" content=\"@PressenzaIPA\" \/>\n<meta name=\"twitter:label1\" content=\"Escrito por\" \/>\n\t<meta name=\"twitter:data1\" content=\"Agencia Boliviana de Informaci\u00f3n - ABI\" \/>\n\t<meta name=\"twitter:label2\" content=\"Tiempo de lectura\" \/>\n\t<meta name=\"twitter:data2\" content=\"2 minutos\" \/>\n<script type=\"application\/ld+json\" class=\"yoast-schema-graph\">{\"@context\":\"https:\/\/schema.org\",\"@graph\":[{\"@type\":\"Article\",\"@id\":\"https:\/\/www.pressenza.com\/es\/2015\/01\/garcia-linera-el-socialismo-es-la-potenciacion-de-lo-comunitario-en-su-base-expansiva\/#article\",\"isPartOf\":{\"@id\":\"https:\/\/www.pressenza.com\/es\/2015\/01\/garcia-linera-el-socialismo-es-la-potenciacion-de-lo-comunitario-en-su-base-expansiva\/\"},\"author\":{\"name\":\"Agencia Boliviana de Informaci\u00f3n - ABI\",\"@id\":\"https:\/\/www.pressenza.com\/es\/#\/schema\/person\/3fe2a62cf8f5fea54fc87abcec98dcb4\"},\"headline\":\"Garc\u00eda Linera: el socialismo es la \u00abpotenciaci\u00f3n\u00bb de lo comunitario en su base expansiva\",\"datePublished\":\"2015-01-23T10:46:34+00:00\",\"mainEntityOfPage\":{\"@id\":\"https:\/\/www.pressenza.com\/es\/2015\/01\/garcia-linera-el-socialismo-es-la-potenciacion-de-lo-comunitario-en-su-base-expansiva\/\"},\"wordCount\":457,\"publisher\":{\"@id\":\"https:\/\/www.pressenza.com\/es\/#organization\"},\"image\":{\"@id\":\"https:\/\/www.pressenza.com\/es\/2015\/01\/garcia-linera-el-socialismo-es-la-potenciacion-de-lo-comunitario-en-su-base-expansiva\/#primaryimage\"},\"thumbnailUrl\":\"https:\/\/www.pressenza.com\/wp-content\/uploads\/2015\/01\/Evojuramento.jpg\",\"keywords\":[\"Bolivia\",\"comunitario\",\"Democracia\",\"Estado plurinacional\",\"Evo Morales\",\"Naci\u00f3n Humana Universal\",\"socialismo\"],\"articleSection\":[\"Pol\u00edtica\",\"Sudam\u00e9rica\"],\"inLanguage\":\"es\"},{\"@type\":\"WebPage\",\"@id\":\"https:\/\/www.pressenza.com\/es\/2015\/01\/garcia-linera-el-socialismo-es-la-potenciacion-de-lo-comunitario-en-su-base-expansiva\/\",\"url\":\"https:\/\/www.pressenza.com\/es\/2015\/01\/garcia-linera-el-socialismo-es-la-potenciacion-de-lo-comunitario-en-su-base-expansiva\/\",\"name\":\"Garc\u00eda Linera: el socialismo es la \\\"potenciaci\u00f3n\\\" de lo comunitario en su base expansiva\",\"isPartOf\":{\"@id\":\"https:\/\/www.pressenza.com\/es\/#website\"},\"primaryImageOfPage\":{\"@id\":\"https:\/\/www.pressenza.com\/es\/2015\/01\/garcia-linera-el-socialismo-es-la-potenciacion-de-lo-comunitario-en-su-base-expansiva\/#primaryimage\"},\"image\":{\"@id\":\"https:\/\/www.pressenza.com\/es\/2015\/01\/garcia-linera-el-socialismo-es-la-potenciacion-de-lo-comunitario-en-su-base-expansiva\/#primaryimage\"},\"thumbnailUrl\":\"https:\/\/www.pressenza.com\/wp-content\/uploads\/2015\/01\/Evojuramento.jpg\",\"datePublished\":\"2015-01-23T10:46:34+00:00\",\"description\":\"El vicepresidente \u00c1lvaro Garc\u00eda Linera asegur\u00f3 el jueves que el socialismo es la potenciaci\u00f3n de lo comunitario en su base expansiva en el marco de la\",\"breadcrumb\":{\"@id\":\"https:\/\/www.pressenza.com\/es\/2015\/01\/garcia-linera-el-socialismo-es-la-potenciacion-de-lo-comunitario-en-su-base-expansiva\/#breadcrumb\"},\"inLanguage\":\"es\",\"potentialAction\":[{\"@type\":\"ReadAction\",\"target\":[\"https:\/\/www.pressenza.com\/es\/2015\/01\/garcia-linera-el-socialismo-es-la-potenciacion-de-lo-comunitario-en-su-base-expansiva\/\"]}]},{\"@type\":\"ImageObject\",\"inLanguage\":\"es\",\"@id\":\"https:\/\/www.pressenza.com\/es\/2015\/01\/garcia-linera-el-socialismo-es-la-potenciacion-de-lo-comunitario-en-su-base-expansiva\/#primaryimage\",\"url\":\"https:\/\/www.pressenza.com\/wp-content\/uploads\/2015\/01\/Evojuramento.jpg\",\"contentUrl\":\"https:\/\/www.pressenza.com\/wp-content\/uploads\/2015\/01\/Evojuramento.jpg\",\"width\":980,\"height\":653},{\"@type\":\"BreadcrumbList\",\"@id\":\"https:\/\/www.pressenza.com\/es\/2015\/01\/garcia-linera-el-socialismo-es-la-potenciacion-de-lo-comunitario-en-su-base-expansiva\/#breadcrumb\",\"itemListElement\":[{\"@type\":\"ListItem\",\"position\":1,\"name\":\"Accueil\",\"item\":\"https:\/\/www.pressenza.com\/es\/\"},{\"@type\":\"ListItem\",\"position\":2,\"name\":\"Garc\u00eda Linera: el socialismo es la \u00abpotenciaci\u00f3n\u00bb de lo comunitario en su base expansiva\"}]},{\"@type\":\"WebSite\",\"@id\":\"https:\/\/www.pressenza.com\/es\/#website\",\"url\":\"https:\/\/www.pressenza.com\/es\/\",\"name\":\"Pressenza\",\"description\":\"International Press Agency\",\"publisher\":{\"@id\":\"https:\/\/www.pressenza.com\/es\/#organization\"},\"potentialAction\":[{\"@type\":\"SearchAction\",\"target\":{\"@type\":\"EntryPoint\",\"urlTemplate\":\"https:\/\/www.pressenza.com\/es\/?s={search_term_string}\"},\"query-input\":{\"@type\":\"PropertyValueSpecification\",\"valueRequired\":true,\"valueName\":\"search_term_string\"}}],\"inLanguage\":\"es\"},{\"@type\":\"Organization\",\"@id\":\"https:\/\/www.pressenza.com\/es\/#organization\",\"name\":\"Pressenza\",\"url\":\"https:\/\/www.pressenza.com\/es\/\",\"logo\":{\"@type\":\"ImageObject\",\"inLanguage\":\"es\",\"@id\":\"https:\/\/www.pressenza.com\/es\/#\/schema\/logo\/image\/\",\"url\":\"https:\/\/www.pressenza.com\/wp-content\/uploads\/2022\/10\/pressenza_logo_200x200.jpg\",\"contentUrl\":\"https:\/\/www.pressenza.com\/wp-content\/uploads\/2022\/10\/pressenza_logo_200x200.jpg\",\"width\":200,\"height\":200,\"caption\":\"Pressenza\"},\"image\":{\"@id\":\"https:\/\/www.pressenza.com\/es\/#\/schema\/logo\/image\/\"},\"sameAs\":[\"https:\/\/www.facebook.com\/PressenzaItalia\",\"https:\/\/x.com\/PressenzaIPA\"]},{\"@type\":\"Person\",\"@id\":\"https:\/\/www.pressenza.com\/es\/#\/schema\/person\/3fe2a62cf8f5fea54fc87abcec98dcb4\",\"name\":\"Agencia Boliviana de Informaci\u00f3n - ABI\",\"description\":\"www.abi.bo\",\"sameAs\":[\"https:\/\/x.com\/mincombolivia\"],\"url\":\"https:\/\/www.pressenza.com\/es\/author\/agencia-boliviana-de-informacion-abi\/\"}]}<\/script>\n<!-- \/ Yoast SEO plugin. -->","yoast_head_json":{"title":"Garc\u00eda Linera: el socialismo es la \"potenciaci\u00f3n\" de lo comunitario en su base expansiva","description":"El vicepresidente \u00c1lvaro Garc\u00eda Linera asegur\u00f3 el jueves que el socialismo es la potenciaci\u00f3n de lo comunitario en su base expansiva en el marco de la","robots":{"index":"index","follow":"follow","max-snippet":"max-snippet:-1","max-image-preview":"max-image-preview:large","max-video-preview":"max-video-preview:-1"},"canonical":"https:\/\/www.pressenza.com\/es\/2015\/01\/garcia-linera-el-socialismo-es-la-potenciacion-de-lo-comunitario-en-su-base-expansiva\/","og_locale":"es_ES","og_type":"article","og_title":"Garc\u00eda Linera: el socialismo es la \"potenciaci\u00f3n\" de lo comunitario en su base expansiva","og_description":"El vicepresidente \u00c1lvaro Garc\u00eda Linera asegur\u00f3 el jueves que el socialismo es la potenciaci\u00f3n de lo comunitario en su base expansiva en el marco de la","og_url":"https:\/\/www.pressenza.com\/es\/2015\/01\/garcia-linera-el-socialismo-es-la-potenciacion-de-lo-comunitario-en-su-base-expansiva\/","og_site_name":"Pressenza","article_publisher":"https:\/\/www.facebook.com\/PressenzaItalia","article_published_time":"2015-01-23T10:46:34+00:00","og_image":[{"width":980,"height":653,"url":"https:\/\/www.pressenza.com\/wp-content\/uploads\/2015\/01\/Evojuramento.jpg","type":"image\/jpeg"}],"author":"Agencia Boliviana de Informaci\u00f3n - ABI","twitter_card":"summary_large_image","twitter_creator":"@mincombolivia","twitter_site":"@PressenzaIPA","twitter_misc":{"Escrito por":"Agencia Boliviana de Informaci\u00f3n - ABI","Tiempo de lectura":"2 minutos"},"schema":{"@context":"https:\/\/schema.org","@graph":[{"@type":"Article","@id":"https:\/\/www.pressenza.com\/es\/2015\/01\/garcia-linera-el-socialismo-es-la-potenciacion-de-lo-comunitario-en-su-base-expansiva\/#article","isPartOf":{"@id":"https:\/\/www.pressenza.com\/es\/2015\/01\/garcia-linera-el-socialismo-es-la-potenciacion-de-lo-comunitario-en-su-base-expansiva\/"},"author":{"name":"Agencia Boliviana de Informaci\u00f3n - ABI","@id":"https:\/\/www.pressenza.com\/es\/#\/schema\/person\/3fe2a62cf8f5fea54fc87abcec98dcb4"},"headline":"Garc\u00eda Linera: el socialismo es la \u00abpotenciaci\u00f3n\u00bb de lo comunitario en su base expansiva","datePublished":"2015-01-23T10:46:34+00:00","mainEntityOfPage":{"@id":"https:\/\/www.pressenza.com\/es\/2015\/01\/garcia-linera-el-socialismo-es-la-potenciacion-de-lo-comunitario-en-su-base-expansiva\/"},"wordCount":457,"publisher":{"@id":"https:\/\/www.pressenza.com\/es\/#organization"},"image":{"@id":"https:\/\/www.pressenza.com\/es\/2015\/01\/garcia-linera-el-socialismo-es-la-potenciacion-de-lo-comunitario-en-su-base-expansiva\/#primaryimage"},"thumbnailUrl":"https:\/\/www.pressenza.com\/wp-content\/uploads\/2015\/01\/Evojuramento.jpg","keywords":["Bolivia","comunitario","Democracia","Estado plurinacional","Evo Morales","Naci\u00f3n Humana Universal","socialismo"],"articleSection":["Pol\u00edtica","Sudam\u00e9rica"],"inLanguage":"es"},{"@type":"WebPage","@id":"https:\/\/www.pressenza.com\/es\/2015\/01\/garcia-linera-el-socialismo-es-la-potenciacion-de-lo-comunitario-en-su-base-expansiva\/","url":"https:\/\/www.pressenza.com\/es\/2015\/01\/garcia-linera-el-socialismo-es-la-potenciacion-de-lo-comunitario-en-su-base-expansiva\/","name":"Garc\u00eda Linera: el socialismo es la \"potenciaci\u00f3n\" de lo comunitario en su base expansiva","isPartOf":{"@id":"https:\/\/www.pressenza.com\/es\/#website"},"primaryImageOfPage":{"@id":"https:\/\/www.pressenza.com\/es\/2015\/01\/garcia-linera-el-socialismo-es-la-potenciacion-de-lo-comunitario-en-su-base-expansiva\/#primaryimage"},"image":{"@id":"https:\/\/www.pressenza.com\/es\/2015\/01\/garcia-linera-el-socialismo-es-la-potenciacion-de-lo-comunitario-en-su-base-expansiva\/#primaryimage"},"thumbnailUrl":"https:\/\/www.pressenza.com\/wp-content\/uploads\/2015\/01\/Evojuramento.jpg","datePublished":"2015-01-23T10:46:34+00:00","description":"El vicepresidente \u00c1lvaro Garc\u00eda Linera asegur\u00f3 el jueves que el socialismo es la potenciaci\u00f3n de lo comunitario en su base expansiva en el marco de la","breadcrumb":{"@id":"https:\/\/www.pressenza.com\/es\/2015\/01\/garcia-linera-el-socialismo-es-la-potenciacion-de-lo-comunitario-en-su-base-expansiva\/#breadcrumb"},"inLanguage":"es","potentialAction":[{"@type":"ReadAction","target":["https:\/\/www.pressenza.com\/es\/2015\/01\/garcia-linera-el-socialismo-es-la-potenciacion-de-lo-comunitario-en-su-base-expansiva\/"]}]},{"@type":"ImageObject","inLanguage":"es","@id":"https:\/\/www.pressenza.com\/es\/2015\/01\/garcia-linera-el-socialismo-es-la-potenciacion-de-lo-comunitario-en-su-base-expansiva\/#primaryimage","url":"https:\/\/www.pressenza.com\/wp-content\/uploads\/2015\/01\/Evojuramento.jpg","contentUrl":"https:\/\/www.pressenza.com\/wp-content\/uploads\/2015\/01\/Evojuramento.jpg","width":980,"height":653},{"@type":"BreadcrumbList","@id":"https:\/\/www.pressenza.com\/es\/2015\/01\/garcia-linera-el-socialismo-es-la-potenciacion-de-lo-comunitario-en-su-base-expansiva\/#breadcrumb","itemListElement":[{"@type":"ListItem","position":1,"name":"Accueil","item":"https:\/\/www.pressenza.com\/es\/"},{"@type":"ListItem","position":2,"name":"Garc\u00eda Linera: el socialismo es la \u00abpotenciaci\u00f3n\u00bb de lo comunitario en su base expansiva"}]},{"@type":"WebSite","@id":"https:\/\/www.pressenza.com\/es\/#website","url":"https:\/\/www.pressenza.com\/es\/","name":"Pressenza","description":"International Press Agency","publisher":{"@id":"https:\/\/www.pressenza.com\/es\/#organization"},"potentialAction":[{"@type":"SearchAction","target":{"@type":"EntryPoint","urlTemplate":"https:\/\/www.pressenza.com\/es\/?s={search_term_string}"},"query-input":{"@type":"PropertyValueSpecification","valueRequired":true,"valueName":"search_term_string"}}],"inLanguage":"es"},{"@type":"Organization","@id":"https:\/\/www.pressenza.com\/es\/#organization","name":"Pressenza","url":"https:\/\/www.pressenza.com\/es\/","logo":{"@type":"ImageObject","inLanguage":"es","@id":"https:\/\/www.pressenza.com\/es\/#\/schema\/logo\/image\/","url":"https:\/\/www.pressenza.com\/wp-content\/uploads\/2022\/10\/pressenza_logo_200x200.jpg","contentUrl":"https:\/\/www.pressenza.com\/wp-content\/uploads\/2022\/10\/pressenza_logo_200x200.jpg","width":200,"height":200,"caption":"Pressenza"},"image":{"@id":"https:\/\/www.pressenza.com\/es\/#\/schema\/logo\/image\/"},"sameAs":["https:\/\/www.facebook.com\/PressenzaItalia","https:\/\/x.com\/PressenzaIPA"]},{"@type":"Person","@id":"https:\/\/www.pressenza.com\/es\/#\/schema\/person\/3fe2a62cf8f5fea54fc87abcec98dcb4","name":"Agencia Boliviana de Informaci\u00f3n - ABI","description":"www.abi.bo","sameAs":["https:\/\/x.com\/mincombolivia"],"url":"https:\/\/www.pressenza.com\/es\/author\/agencia-boliviana-de-informacion-abi\/"}]}},"place":"La Paz","original_article_url":"","_links":{"self":[{"href":"https:\/\/www.pressenza.com\/es\/wp-json\/wp\/v2\/posts\/157881","targetHints":{"allow":["GET"]}}],"collection":[{"href":"https:\/\/www.pressenza.com\/es\/wp-json\/wp\/v2\/posts"}],"about":[{"href":"https:\/\/www.pressenza.com\/es\/wp-json\/wp\/v2\/types\/post"}],"author":[{"embeddable":true,"href":"https:\/\/www.pressenza.com\/es\/wp-json\/wp\/v2\/users\/127"}],"replies":[{"embeddable":true,"href":"https:\/\/www.pressenza.com\/es\/wp-json\/wp\/v2\/comments?post=157881"}],"version-history":[{"count":0,"href":"https:\/\/www.pressenza.com\/es\/wp-json\/wp\/v2\/posts\/157881\/revisions"}],"wp:featuredmedia":[{"embeddable":true,"href":"https:\/\/www.pressenza.com\/es\/wp-json\/wp\/v2\/media\/157882"}],"wp:attachment":[{"href":"https:\/\/www.pressenza.com\/es\/wp-json\/wp\/v2\/media?parent=157881"}],"wp:term":[{"taxonomy":"category","embeddable":true,"href":"https:\/\/www.pressenza.com\/es\/wp-json\/wp\/v2\/categories?post=157881"},{"taxonomy":"post_tag","embeddable":true,"href":"https:\/\/www.pressenza.com\/es\/wp-json\/wp\/v2\/tags?post=157881"}],"curies":[{"name":"wp","href":"https:\/\/api.w.org\/{rel}","templated":true}]}}