{"id":1578,"date":"2009-10-04T00:00:00","date_gmt":"2009-10-04T00:00:00","guid":{"rendered":""},"modified":"2009-10-04T19:12:12","modified_gmt":"2009-10-04T19:12:12","slug":"rosariox-xalta-en-el-cielox-recorre-la-ciudad-para-pedir-por-el-desarme-nuclear","status":"publish","type":"post","link":"https:\/\/www.pressenza.com\/es\/2009\/10\/rosariox-xalta-en-el-cielox-recorre-la-ciudad-para-pedir-por-el-desarme-nuclear\/","title":{"rendered":"Rosario: \u00abAlta en el Cielo\u00bb recorre la ciudad para pedir por el desarme nuclear"},"content":{"rendered":"<p>Participaron de la jornada, realizada el pasado 2 de octubre para conmemorar el inicio de la Marcha Mundial por la Paz y la No-Violencia, el Secretario de Gobierno de la Municipalidad de Rosario, Horacio Girardi, el Diputado Nacional, Agust\u00edn Rossi, Silvia G\u00f3mez del Movimiento Humanista, entre otras personalidades. <\/p>\n<p>En el marco de la marcha, la organizaci\u00f3n Mundo sin Guerras y diversas instituciones de la ciudad, con la colaboraci\u00f3n de la Municipalidad de Rosario, organizaron una serie de actividades como se\u00f1al de adhesi\u00f3n a esta manifestaci\u00f3n mundial, en la que se invit\u00f3 a participar a la ciudadan\u00eda en general.<\/p>\n<p>Entre las 18 y las 23, en el Monumento Nacional a la Bandera se realiz\u00f3 un  Festival Art\u00edstico con diversidad de expresiones (danzas, coro, bandas y grupos musicales) y en una pantalla gigante se pasaron videos iinformativos de la Marcha Mundial.<\/p>\n<p>La Marcha Mundial por la Paz y la No-Violencia arranc\u00f3 su recorrido central el pasado 2 de octubre en Nueva Zelanda y recorrer\u00e1 90 pa\u00edses exigiendo el desarme nuclear y el fin de las guerras. <\/p>\n","protected":false},"excerpt":{"rendered":"<p>En una marcha simb\u00f3lica por el centro de la ciudad argentina de Rosario, parte de la bandera m\u00e1s larga del mundo \u00abAlta en el cielo\u00bb recorri\u00f3 el centro de la ciudad para conmemorar el inicio de la Marcha Mundial por la Paz y la No-Violencia. Desde Plaza Pringles escolares y j\u00f3venes avanzaron hasta el Monumento Nacional a la Bandera, donde se arm\u00f3 el S\u00edmbolo de la No-Violencia. <\/p>\n","protected":false},"author":19,"featured_media":0,"comment_status":"closed","ping_status":"open","sticky":false,"template":"","format":"standard","meta":{"footnotes":""},"categories":[75,67],"tags":[],"class_list":["post-1578","post","type-post","status-publish","format-standard","hentry","category-cultura-es","category-sudamerica"],"yoast_head":"<!-- This site is optimized with the Yoast SEO plugin v27.1.1 - https:\/\/yoast.com\/product\/yoast-seo-wordpress\/ -->\n<title>Rosario: &quot;Alta en el Cielo&quot; recorre la ciudad para pedir por el desarme nuclear<\/title>\n<meta name=\"description\" content=\"En una marcha simb\u00f3lica por el centro de la ciudad argentina de Rosario, parte de la bandera m\u00e1s larga del mundo &quot;Alta en el cielo&quot; recorri\u00f3 el centro de la ciudad para conmemorar el inicio de la Marcha Mundial por la Paz y la No-Violencia. Desde Plaza Pringles escolares y j\u00f3venes avanzaron hasta el Monumento Nacional a la Bandera, donde se arm\u00f3 el S\u00edmbolo de la No-Violencia.\" \/>\n<meta name=\"robots\" content=\"index, follow, max-snippet:-1, max-image-preview:large, max-video-preview:-1\" \/>\n<link rel=\"canonical\" href=\"https:\/\/www.pressenza.com\/es\/2009\/10\/rosariox-xalta-en-el-cielox-recorre-la-ciudad-para-pedir-por-el-desarme-nuclear\/\" \/>\n<meta property=\"og:locale\" content=\"es_ES\" \/>\n<meta property=\"og:type\" content=\"article\" \/>\n<meta property=\"og:title\" content=\"Rosario: &quot;Alta en el Cielo&quot; recorre la ciudad para pedir por el desarme nuclear\" \/>\n<meta property=\"og:description\" content=\"En una marcha simb\u00f3lica por el centro de la ciudad argentina de Rosario, parte de la bandera m\u00e1s larga del mundo &quot;Alta en el cielo&quot; recorri\u00f3 el centro de la ciudad para conmemorar el inicio de la Marcha Mundial por la Paz y la No-Violencia. Desde Plaza Pringles escolares y j\u00f3venes avanzaron hasta el Monumento Nacional a la Bandera, donde se arm\u00f3 el S\u00edmbolo de la No-Violencia.\" \/>\n<meta property=\"og:url\" content=\"https:\/\/www.pressenza.com\/es\/2009\/10\/rosariox-xalta-en-el-cielox-recorre-la-ciudad-para-pedir-por-el-desarme-nuclear\/\" \/>\n<meta property=\"og:site_name\" content=\"Pressenza\" \/>\n<meta property=\"article:publisher\" content=\"https:\/\/www.facebook.com\/PressenzaItalia\" \/>\n<meta property=\"article:author\" content=\"https:\/\/www.facebook.com\/pressenza\" \/>\n<meta property=\"article:published_time\" content=\"2009-10-04T00:00:00+00:00\" \/>\n<meta property=\"article:modified_time\" content=\"2009-10-04T19:12:12+00:00\" \/>\n<meta name=\"author\" content=\"Pressenza IPA\" \/>\n<meta name=\"twitter:card\" content=\"summary_large_image\" \/>\n<meta name=\"twitter:creator\" content=\"@PressenzaIPA\" \/>\n<meta name=\"twitter:site\" content=\"@PressenzaIPA\" \/>\n<meta name=\"twitter:label1\" content=\"Escrito por\" \/>\n\t<meta name=\"twitter:data1\" content=\"Pressenza IPA\" \/>\n\t<meta name=\"twitter:label2\" content=\"Tiempo de lectura\" \/>\n\t<meta name=\"twitter:data2\" content=\"1 minuto\" \/>\n<script type=\"application\/ld+json\" class=\"yoast-schema-graph\">{\"@context\":\"https:\/\/schema.org\",\"@graph\":[{\"@type\":\"Article\",\"@id\":\"https:\/\/www.pressenza.com\/es\/2009\/10\/rosariox-xalta-en-el-cielox-recorre-la-ciudad-para-pedir-por-el-desarme-nuclear\/#article\",\"isPartOf\":{\"@id\":\"https:\/\/www.pressenza.com\/es\/2009\/10\/rosariox-xalta-en-el-cielox-recorre-la-ciudad-para-pedir-por-el-desarme-nuclear\/\"},\"author\":{\"name\":\"Pressenza IPA\",\"@id\":\"https:\/\/www.pressenza.com\/es\/#\/schema\/person\/010e5d02bcf40965427a1289a4cc8d75\"},\"headline\":\"Rosario: \u00abAlta en el Cielo\u00bb recorre la ciudad para pedir por el desarme nuclear\",\"datePublished\":\"2009-10-04T00:00:00+00:00\",\"dateModified\":\"2009-10-04T19:12:12+00:00\",\"mainEntityOfPage\":{\"@id\":\"https:\/\/www.pressenza.com\/es\/2009\/10\/rosariox-xalta-en-el-cielox-recorre-la-ciudad-para-pedir-por-el-desarme-nuclear\/\"},\"wordCount\":193,\"publisher\":{\"@id\":\"https:\/\/www.pressenza.com\/es\/#organization\"},\"articleSection\":[\"Cultura y Medios\",\"Sudam\u00e9rica\"],\"inLanguage\":\"es\"},{\"@type\":\"WebPage\",\"@id\":\"https:\/\/www.pressenza.com\/es\/2009\/10\/rosariox-xalta-en-el-cielox-recorre-la-ciudad-para-pedir-por-el-desarme-nuclear\/\",\"url\":\"https:\/\/www.pressenza.com\/es\/2009\/10\/rosariox-xalta-en-el-cielox-recorre-la-ciudad-para-pedir-por-el-desarme-nuclear\/\",\"name\":\"Rosario: \\\"Alta en el Cielo\\\" recorre la ciudad para pedir por el desarme nuclear\",\"isPartOf\":{\"@id\":\"https:\/\/www.pressenza.com\/es\/#website\"},\"datePublished\":\"2009-10-04T00:00:00+00:00\",\"dateModified\":\"2009-10-04T19:12:12+00:00\",\"description\":\"En una marcha simb\u00f3lica por el centro de la ciudad argentina de Rosario, parte de la bandera m\u00e1s larga del mundo \\\"Alta en el cielo\\\" recorri\u00f3 el centro de la ciudad para conmemorar el inicio de la Marcha Mundial por la Paz y la No-Violencia. Desde Plaza Pringles escolares y j\u00f3venes avanzaron hasta el Monumento Nacional a la Bandera, donde se arm\u00f3 el S\u00edmbolo de la No-Violencia.\",\"breadcrumb\":{\"@id\":\"https:\/\/www.pressenza.com\/es\/2009\/10\/rosariox-xalta-en-el-cielox-recorre-la-ciudad-para-pedir-por-el-desarme-nuclear\/#breadcrumb\"},\"inLanguage\":\"es\",\"potentialAction\":[{\"@type\":\"ReadAction\",\"target\":[\"https:\/\/www.pressenza.com\/es\/2009\/10\/rosariox-xalta-en-el-cielox-recorre-la-ciudad-para-pedir-por-el-desarme-nuclear\/\"]}]},{\"@type\":\"BreadcrumbList\",\"@id\":\"https:\/\/www.pressenza.com\/es\/2009\/10\/rosariox-xalta-en-el-cielox-recorre-la-ciudad-para-pedir-por-el-desarme-nuclear\/#breadcrumb\",\"itemListElement\":[{\"@type\":\"ListItem\",\"position\":1,\"name\":\"Accueil\",\"item\":\"https:\/\/www.pressenza.com\/es\/\"},{\"@type\":\"ListItem\",\"position\":2,\"name\":\"Rosario: \u00abAlta en el Cielo\u00bb recorre la ciudad para pedir por el desarme nuclear\"}]},{\"@type\":\"WebSite\",\"@id\":\"https:\/\/www.pressenza.com\/es\/#website\",\"url\":\"https:\/\/www.pressenza.com\/es\/\",\"name\":\"Pressenza\",\"description\":\"International Press Agency\",\"publisher\":{\"@id\":\"https:\/\/www.pressenza.com\/es\/#organization\"},\"potentialAction\":[{\"@type\":\"SearchAction\",\"target\":{\"@type\":\"EntryPoint\",\"urlTemplate\":\"https:\/\/www.pressenza.com\/es\/?s={search_term_string}\"},\"query-input\":{\"@type\":\"PropertyValueSpecification\",\"valueRequired\":true,\"valueName\":\"search_term_string\"}}],\"inLanguage\":\"es\"},{\"@type\":\"Organization\",\"@id\":\"https:\/\/www.pressenza.com\/es\/#organization\",\"name\":\"Pressenza\",\"url\":\"https:\/\/www.pressenza.com\/es\/\",\"logo\":{\"@type\":\"ImageObject\",\"inLanguage\":\"es\",\"@id\":\"https:\/\/www.pressenza.com\/es\/#\/schema\/logo\/image\/\",\"url\":\"https:\/\/www.pressenza.com\/wp-content\/uploads\/2022\/10\/pressenza_logo_200x200.jpg\",\"contentUrl\":\"https:\/\/www.pressenza.com\/wp-content\/uploads\/2022\/10\/pressenza_logo_200x200.jpg\",\"width\":200,\"height\":200,\"caption\":\"Pressenza\"},\"image\":{\"@id\":\"https:\/\/www.pressenza.com\/es\/#\/schema\/logo\/image\/\"},\"sameAs\":[\"https:\/\/www.facebook.com\/PressenzaItalia\",\"https:\/\/x.com\/PressenzaIPA\"]},{\"@type\":\"Person\",\"@id\":\"https:\/\/www.pressenza.com\/es\/#\/schema\/person\/010e5d02bcf40965427a1289a4cc8d75\",\"name\":\"Pressenza IPA\",\"description\":\"News from Pressenza IPA correspondents\",\"sameAs\":[\"https:\/\/www.facebook.com\/pressenza\",\"https:\/\/x.com\/PressenzaIPA\"],\"url\":\"https:\/\/www.pressenza.com\/es\/author\/pressenza-ipa\/\"}]}<\/script>\n<!-- \/ Yoast SEO plugin. -->","yoast_head_json":{"title":"Rosario: \"Alta en el Cielo\" recorre la ciudad para pedir por el desarme nuclear","description":"En una marcha simb\u00f3lica por el centro de la ciudad argentina de Rosario, parte de la bandera m\u00e1s larga del mundo \"Alta en el cielo\" recorri\u00f3 el centro de la ciudad para conmemorar el inicio de la Marcha Mundial por la Paz y la No-Violencia. Desde Plaza Pringles escolares y j\u00f3venes avanzaron hasta el Monumento Nacional a la Bandera, donde se arm\u00f3 el S\u00edmbolo de la No-Violencia.","robots":{"index":"index","follow":"follow","max-snippet":"max-snippet:-1","max-image-preview":"max-image-preview:large","max-video-preview":"max-video-preview:-1"},"canonical":"https:\/\/www.pressenza.com\/es\/2009\/10\/rosariox-xalta-en-el-cielox-recorre-la-ciudad-para-pedir-por-el-desarme-nuclear\/","og_locale":"es_ES","og_type":"article","og_title":"Rosario: \"Alta en el Cielo\" recorre la ciudad para pedir por el desarme nuclear","og_description":"En una marcha simb\u00f3lica por el centro de la ciudad argentina de Rosario, parte de la bandera m\u00e1s larga del mundo \"Alta en el cielo\" recorri\u00f3 el centro de la ciudad para conmemorar el inicio de la Marcha Mundial por la Paz y la No-Violencia. Desde Plaza Pringles escolares y j\u00f3venes avanzaron hasta el Monumento Nacional a la Bandera, donde se arm\u00f3 el S\u00edmbolo de la No-Violencia.","og_url":"https:\/\/www.pressenza.com\/es\/2009\/10\/rosariox-xalta-en-el-cielox-recorre-la-ciudad-para-pedir-por-el-desarme-nuclear\/","og_site_name":"Pressenza","article_publisher":"https:\/\/www.facebook.com\/PressenzaItalia","article_author":"https:\/\/www.facebook.com\/pressenza","article_published_time":"2009-10-04T00:00:00+00:00","article_modified_time":"2009-10-04T19:12:12+00:00","author":"Pressenza IPA","twitter_card":"summary_large_image","twitter_creator":"@PressenzaIPA","twitter_site":"@PressenzaIPA","twitter_misc":{"Escrito por":"Pressenza IPA","Tiempo de lectura":"1 minuto"},"schema":{"@context":"https:\/\/schema.org","@graph":[{"@type":"Article","@id":"https:\/\/www.pressenza.com\/es\/2009\/10\/rosariox-xalta-en-el-cielox-recorre-la-ciudad-para-pedir-por-el-desarme-nuclear\/#article","isPartOf":{"@id":"https:\/\/www.pressenza.com\/es\/2009\/10\/rosariox-xalta-en-el-cielox-recorre-la-ciudad-para-pedir-por-el-desarme-nuclear\/"},"author":{"name":"Pressenza IPA","@id":"https:\/\/www.pressenza.com\/es\/#\/schema\/person\/010e5d02bcf40965427a1289a4cc8d75"},"headline":"Rosario: \u00abAlta en el Cielo\u00bb recorre la ciudad para pedir por el desarme nuclear","datePublished":"2009-10-04T00:00:00+00:00","dateModified":"2009-10-04T19:12:12+00:00","mainEntityOfPage":{"@id":"https:\/\/www.pressenza.com\/es\/2009\/10\/rosariox-xalta-en-el-cielox-recorre-la-ciudad-para-pedir-por-el-desarme-nuclear\/"},"wordCount":193,"publisher":{"@id":"https:\/\/www.pressenza.com\/es\/#organization"},"articleSection":["Cultura y Medios","Sudam\u00e9rica"],"inLanguage":"es"},{"@type":"WebPage","@id":"https:\/\/www.pressenza.com\/es\/2009\/10\/rosariox-xalta-en-el-cielox-recorre-la-ciudad-para-pedir-por-el-desarme-nuclear\/","url":"https:\/\/www.pressenza.com\/es\/2009\/10\/rosariox-xalta-en-el-cielox-recorre-la-ciudad-para-pedir-por-el-desarme-nuclear\/","name":"Rosario: \"Alta en el Cielo\" recorre la ciudad para pedir por el desarme nuclear","isPartOf":{"@id":"https:\/\/www.pressenza.com\/es\/#website"},"datePublished":"2009-10-04T00:00:00+00:00","dateModified":"2009-10-04T19:12:12+00:00","description":"En una marcha simb\u00f3lica por el centro de la ciudad argentina de Rosario, parte de la bandera m\u00e1s larga del mundo \"Alta en el cielo\" recorri\u00f3 el centro de la ciudad para conmemorar el inicio de la Marcha Mundial por la Paz y la No-Violencia. Desde Plaza Pringles escolares y j\u00f3venes avanzaron hasta el Monumento Nacional a la Bandera, donde se arm\u00f3 el S\u00edmbolo de la No-Violencia.","breadcrumb":{"@id":"https:\/\/www.pressenza.com\/es\/2009\/10\/rosariox-xalta-en-el-cielox-recorre-la-ciudad-para-pedir-por-el-desarme-nuclear\/#breadcrumb"},"inLanguage":"es","potentialAction":[{"@type":"ReadAction","target":["https:\/\/www.pressenza.com\/es\/2009\/10\/rosariox-xalta-en-el-cielox-recorre-la-ciudad-para-pedir-por-el-desarme-nuclear\/"]}]},{"@type":"BreadcrumbList","@id":"https:\/\/www.pressenza.com\/es\/2009\/10\/rosariox-xalta-en-el-cielox-recorre-la-ciudad-para-pedir-por-el-desarme-nuclear\/#breadcrumb","itemListElement":[{"@type":"ListItem","position":1,"name":"Accueil","item":"https:\/\/www.pressenza.com\/es\/"},{"@type":"ListItem","position":2,"name":"Rosario: \u00abAlta en el Cielo\u00bb recorre la ciudad para pedir por el desarme nuclear"}]},{"@type":"WebSite","@id":"https:\/\/www.pressenza.com\/es\/#website","url":"https:\/\/www.pressenza.com\/es\/","name":"Pressenza","description":"International Press Agency","publisher":{"@id":"https:\/\/www.pressenza.com\/es\/#organization"},"potentialAction":[{"@type":"SearchAction","target":{"@type":"EntryPoint","urlTemplate":"https:\/\/www.pressenza.com\/es\/?s={search_term_string}"},"query-input":{"@type":"PropertyValueSpecification","valueRequired":true,"valueName":"search_term_string"}}],"inLanguage":"es"},{"@type":"Organization","@id":"https:\/\/www.pressenza.com\/es\/#organization","name":"Pressenza","url":"https:\/\/www.pressenza.com\/es\/","logo":{"@type":"ImageObject","inLanguage":"es","@id":"https:\/\/www.pressenza.com\/es\/#\/schema\/logo\/image\/","url":"https:\/\/www.pressenza.com\/wp-content\/uploads\/2022\/10\/pressenza_logo_200x200.jpg","contentUrl":"https:\/\/www.pressenza.com\/wp-content\/uploads\/2022\/10\/pressenza_logo_200x200.jpg","width":200,"height":200,"caption":"Pressenza"},"image":{"@id":"https:\/\/www.pressenza.com\/es\/#\/schema\/logo\/image\/"},"sameAs":["https:\/\/www.facebook.com\/PressenzaItalia","https:\/\/x.com\/PressenzaIPA"]},{"@type":"Person","@id":"https:\/\/www.pressenza.com\/es\/#\/schema\/person\/010e5d02bcf40965427a1289a4cc8d75","name":"Pressenza IPA","description":"News from Pressenza IPA correspondents","sameAs":["https:\/\/www.facebook.com\/pressenza","https:\/\/x.com\/PressenzaIPA"],"url":"https:\/\/www.pressenza.com\/es\/author\/pressenza-ipa\/"}]}},"place":"Rosario ","original_article_url":"","_links":{"self":[{"href":"https:\/\/www.pressenza.com\/es\/wp-json\/wp\/v2\/posts\/1578","targetHints":{"allow":["GET"]}}],"collection":[{"href":"https:\/\/www.pressenza.com\/es\/wp-json\/wp\/v2\/posts"}],"about":[{"href":"https:\/\/www.pressenza.com\/es\/wp-json\/wp\/v2\/types\/post"}],"author":[{"embeddable":true,"href":"https:\/\/www.pressenza.com\/es\/wp-json\/wp\/v2\/users\/19"}],"replies":[{"embeddable":true,"href":"https:\/\/www.pressenza.com\/es\/wp-json\/wp\/v2\/comments?post=1578"}],"version-history":[{"count":0,"href":"https:\/\/www.pressenza.com\/es\/wp-json\/wp\/v2\/posts\/1578\/revisions"}],"wp:attachment":[{"href":"https:\/\/www.pressenza.com\/es\/wp-json\/wp\/v2\/media?parent=1578"}],"wp:term":[{"taxonomy":"category","embeddable":true,"href":"https:\/\/www.pressenza.com\/es\/wp-json\/wp\/v2\/categories?post=1578"},{"taxonomy":"post_tag","embeddable":true,"href":"https:\/\/www.pressenza.com\/es\/wp-json\/wp\/v2\/tags?post=1578"}],"curies":[{"name":"wp","href":"https:\/\/api.w.org\/{rel}","templated":true}]}}