{"id":157723,"date":"2015-01-22T03:11:57","date_gmt":"2015-01-22T03:11:57","guid":{"rendered":"http:\/\/www.pressenza.com\/?p=157723"},"modified":"2015-07-21T21:43:12","modified_gmt":"2015-07-21T20:43:12","slug":"hagamosle-vacio-la-violencia","status":"publish","type":"post","link":"https:\/\/www.pressenza.com\/es\/2015\/01\/hagamosle-vacio-la-violencia\/","title":{"rendered":"Hag\u00e1mosle vac\u00edo a la violencia"},"content":{"rendered":"<p>\u00a1Cu\u00e1nta oscuridad! Estamos como atrapados en una telara\u00f1a que no podemos\u00a0romper, a riesgo de nuestra propia vida.<\/p>\n<p>Todo suma a la confusi\u00f3n, a la desorientaci\u00f3n, la manipulaci\u00f3n todo lo puede.<br \/>\nHoy compiten en igualdad de condiciones la mentira y la verdad, y entonces\u2026 todo da igual,\u00a0nadie cree en nadie y crece el abismo entre los seres humanos\u2026<\/p>\n<p>Mientras tanto los violentos incitan a la violencia, sacan r\u00e9dito de ella, la justifican, la ejercen directamente o usan a otros como instrumento de su intenci\u00f3n.<\/p>\n<p>Medran con la vida y con la muerte, con el enfrentamiento y la divisi\u00f3n.<\/p>\n<p>Envenenan las v\u00edsceras y la conciencia.<\/p>\n<p>Todas las diferencias se pueden encontrar en alg\u00fan punto. La \u00fanica l\u00ednea divisoria insalvable es entre Humanismo y Antihumanismo.<\/p>\n<p>No es \u201cnormal\u201d ni \u201cnatural\u201d responder a la violencia con violencia como se ha escuchado en los \u00faltimos tiempos por parte de alg\u00fan l\u00edder religioso.<\/p>\n<p>Responder a la violencia con violencia es, adem\u00e1s de ineficaz, abrir la puerta a nuevas violencias en una espiral creciente y sin salida.<\/p>\n<p>Hag\u00e1mosle vac\u00edo a la violencia de todos los signos: a la injusticia, a la desigualdad, a la hipocres\u00eda, a la necedad, a la mentira, a la difamaci\u00f3n, al maltrato, al atropello, al autoritarismo.<\/p>\n<p>Cada uno podr\u00e1 encontrar su camino, lo \u00fanico seguro es que no es desde la violencia.<\/p>\n<p>Cada uno elige su camino, \u00bfvos cu\u00e1l eleg\u00eds?<\/p>\n<p>Quien se hace eco de una canallada se convierte en un canalla. No les hagas el juego, no te dejes envenenar ni envenenes a tus hijos.<\/p>\n<p>Otra escala de valores es posible: \u00a1construy\u00e1mosla!<\/p>\n<p>Cultivemos la No violencia.<\/p>\n<p>Encontr\u00e9monos en la No violencia, construyamos referencias no violentas en cada uno de nosotros.<\/p>\n<p>Rechacemos el descorazonamiento abriendo el futuro, nuestro futuro \u00a0para la paz, la justicia y la igualdad.<\/p>\n","protected":false},"excerpt":{"rendered":"<p>\u00a1Cu\u00e1nta oscuridad! Estamos como atrapados en una telara\u00f1a que no podemos\u00a0romper, a riesgo de nuestra propia vida. Todo suma a la confusi\u00f3n, a la desorientaci\u00f3n, la manipulaci\u00f3n todo lo puede. Hoy compiten en igualdad de condiciones la mentira y la&hellip;<\/p>\n","protected":false},"author":414,"featured_media":157726,"comment_status":"closed","ping_status":"open","sticky":false,"template":"","format":"standard","meta":{"footnotes":""},"categories":[11389,1240,1242,161,67],"tags":[26,696,441,523,383,418,623],"class_list":["post-157723","post","type-post","status-publish","format-standard","has-post-thumbnail","hentry","category-contenido-original","category-humanismo-espiritualidad","category-noviolencia-tema","category-opiniones","category-sudamerica","tag-argentina","tag-democracia","tag-derechos-humanos","tag-medios-de-comunicacion","tag-noviolencia","tag-partido-humanista","tag-violencia"],"yoast_head":"<!-- This site is optimized with the Yoast SEO plugin v27.1.1 - https:\/\/yoast.com\/product\/yoast-seo-wordpress\/ -->\n<title>Hag\u00e1mosle vac\u00edo a la violencia<\/title>\n<meta name=\"description\" content=\"\u00a1Cu\u00e1nta oscuridad! Estamos como atrapados en una telara\u00f1a que no podemos\u00a0romper, a riesgo de nuestra propia vida. Todo suma a la confusi\u00f3n, a la\" \/>\n<meta name=\"robots\" content=\"index, follow, max-snippet:-1, max-image-preview:large, max-video-preview:-1\" \/>\n<link rel=\"canonical\" href=\"https:\/\/www.pressenza.com\/es\/2015\/01\/hagamosle-vacio-la-violencia\/\" \/>\n<meta property=\"og:locale\" content=\"es_ES\" \/>\n<meta property=\"og:type\" content=\"article\" \/>\n<meta property=\"og:title\" content=\"Hag\u00e1mosle vac\u00edo a la violencia\" \/>\n<meta property=\"og:description\" content=\"\u00a1Cu\u00e1nta oscuridad! Estamos como atrapados en una telara\u00f1a que no podemos\u00a0romper, a riesgo de nuestra propia vida. Todo suma a la confusi\u00f3n, a la\" \/>\n<meta property=\"og:url\" content=\"https:\/\/www.pressenza.com\/es\/2015\/01\/hagamosle-vacio-la-violencia\/\" \/>\n<meta property=\"og:site_name\" content=\"Pressenza\" \/>\n<meta property=\"article:publisher\" content=\"https:\/\/www.facebook.com\/PressenzaItalia\" \/>\n<meta property=\"article:published_time\" content=\"2015-01-22T03:11:57+00:00\" \/>\n<meta property=\"article:modified_time\" content=\"2015-07-21T20:43:12+00:00\" \/>\n<meta property=\"og:image\" content=\"https:\/\/www.pressenza.com\/wp-content\/uploads\/2015\/01\/HAGAMOSLEVACIOALAVIOLENCIA.png\" \/>\n\t<meta property=\"og:image:width\" content=\"800\" \/>\n\t<meta property=\"og:image:height\" content=\"800\" \/>\n\t<meta property=\"og:image:type\" content=\"image\/png\" \/>\n<meta name=\"author\" content=\"Lia Mendez\" \/>\n<meta name=\"twitter:card\" content=\"summary_large_image\" \/>\n<meta name=\"twitter:creator\" content=\"@PressenzaIPA\" \/>\n<meta name=\"twitter:site\" content=\"@PressenzaIPA\" \/>\n<meta name=\"twitter:label1\" content=\"Escrito por\" \/>\n\t<meta name=\"twitter:data1\" content=\"Lia Mendez\" \/>\n\t<meta name=\"twitter:label2\" content=\"Tiempo de lectura\" \/>\n\t<meta name=\"twitter:data2\" content=\"2 minutos\" \/>\n<script type=\"application\/ld+json\" class=\"yoast-schema-graph\">{\"@context\":\"https:\/\/schema.org\",\"@graph\":[{\"@type\":\"Article\",\"@id\":\"https:\/\/www.pressenza.com\/es\/2015\/01\/hagamosle-vacio-la-violencia\/#article\",\"isPartOf\":{\"@id\":\"https:\/\/www.pressenza.com\/es\/2015\/01\/hagamosle-vacio-la-violencia\/\"},\"author\":{\"name\":\"Lia Mendez\",\"@id\":\"https:\/\/www.pressenza.com\/es\/#\/schema\/person\/9fea5dbc82f452cbcedb26f1bf72748d\"},\"headline\":\"Hag\u00e1mosle vac\u00edo a la violencia\",\"datePublished\":\"2015-01-22T03:11:57+00:00\",\"dateModified\":\"2015-07-21T20:43:12+00:00\",\"mainEntityOfPage\":{\"@id\":\"https:\/\/www.pressenza.com\/es\/2015\/01\/hagamosle-vacio-la-violencia\/\"},\"wordCount\":325,\"publisher\":{\"@id\":\"https:\/\/www.pressenza.com\/es\/#organization\"},\"image\":{\"@id\":\"https:\/\/www.pressenza.com\/es\/2015\/01\/hagamosle-vacio-la-violencia\/#primaryimage\"},\"thumbnailUrl\":\"https:\/\/www.pressenza.com\/wp-content\/uploads\/2015\/01\/HAGAMOSLEVACIOALAVIOLENCIA.png\",\"keywords\":[\"Argentina\",\"Democracia\",\"Derechos humanos\",\"medios de comunicaci\u00f3n\",\"Noviolencia\",\"Partido Humanista\",\"Violencia\"],\"articleSection\":[\"Contenido Original\",\"Humanismo y Espiritualidad\",\"Noviolencia\",\"Opiniones\",\"Sudam\u00e9rica\"],\"inLanguage\":\"es\"},{\"@type\":\"WebPage\",\"@id\":\"https:\/\/www.pressenza.com\/es\/2015\/01\/hagamosle-vacio-la-violencia\/\",\"url\":\"https:\/\/www.pressenza.com\/es\/2015\/01\/hagamosle-vacio-la-violencia\/\",\"name\":\"Hag\u00e1mosle vac\u00edo a la violencia\",\"isPartOf\":{\"@id\":\"https:\/\/www.pressenza.com\/es\/#website\"},\"primaryImageOfPage\":{\"@id\":\"https:\/\/www.pressenza.com\/es\/2015\/01\/hagamosle-vacio-la-violencia\/#primaryimage\"},\"image\":{\"@id\":\"https:\/\/www.pressenza.com\/es\/2015\/01\/hagamosle-vacio-la-violencia\/#primaryimage\"},\"thumbnailUrl\":\"https:\/\/www.pressenza.com\/wp-content\/uploads\/2015\/01\/HAGAMOSLEVACIOALAVIOLENCIA.png\",\"datePublished\":\"2015-01-22T03:11:57+00:00\",\"dateModified\":\"2015-07-21T20:43:12+00:00\",\"description\":\"\u00a1Cu\u00e1nta oscuridad! Estamos como atrapados en una telara\u00f1a que no podemos\u00a0romper, a riesgo de nuestra propia vida. Todo suma a la confusi\u00f3n, a la\",\"breadcrumb\":{\"@id\":\"https:\/\/www.pressenza.com\/es\/2015\/01\/hagamosle-vacio-la-violencia\/#breadcrumb\"},\"inLanguage\":\"es\",\"potentialAction\":[{\"@type\":\"ReadAction\",\"target\":[\"https:\/\/www.pressenza.com\/es\/2015\/01\/hagamosle-vacio-la-violencia\/\"]}]},{\"@type\":\"ImageObject\",\"inLanguage\":\"es\",\"@id\":\"https:\/\/www.pressenza.com\/es\/2015\/01\/hagamosle-vacio-la-violencia\/#primaryimage\",\"url\":\"https:\/\/www.pressenza.com\/wp-content\/uploads\/2015\/01\/HAGAMOSLEVACIOALAVIOLENCIA.png\",\"contentUrl\":\"https:\/\/www.pressenza.com\/wp-content\/uploads\/2015\/01\/HAGAMOSLEVACIOALAVIOLENCIA.png\",\"width\":800,\"height\":800},{\"@type\":\"BreadcrumbList\",\"@id\":\"https:\/\/www.pressenza.com\/es\/2015\/01\/hagamosle-vacio-la-violencia\/#breadcrumb\",\"itemListElement\":[{\"@type\":\"ListItem\",\"position\":1,\"name\":\"Accueil\",\"item\":\"https:\/\/www.pressenza.com\/es\/\"},{\"@type\":\"ListItem\",\"position\":2,\"name\":\"Hag\u00e1mosle vac\u00edo a la violencia\"}]},{\"@type\":\"WebSite\",\"@id\":\"https:\/\/www.pressenza.com\/es\/#website\",\"url\":\"https:\/\/www.pressenza.com\/es\/\",\"name\":\"Pressenza\",\"description\":\"International Press Agency\",\"publisher\":{\"@id\":\"https:\/\/www.pressenza.com\/es\/#organization\"},\"potentialAction\":[{\"@type\":\"SearchAction\",\"target\":{\"@type\":\"EntryPoint\",\"urlTemplate\":\"https:\/\/www.pressenza.com\/es\/?s={search_term_string}\"},\"query-input\":{\"@type\":\"PropertyValueSpecification\",\"valueRequired\":true,\"valueName\":\"search_term_string\"}}],\"inLanguage\":\"es\"},{\"@type\":\"Organization\",\"@id\":\"https:\/\/www.pressenza.com\/es\/#organization\",\"name\":\"Pressenza\",\"url\":\"https:\/\/www.pressenza.com\/es\/\",\"logo\":{\"@type\":\"ImageObject\",\"inLanguage\":\"es\",\"@id\":\"https:\/\/www.pressenza.com\/es\/#\/schema\/logo\/image\/\",\"url\":\"https:\/\/www.pressenza.com\/wp-content\/uploads\/2022\/10\/pressenza_logo_200x200.jpg\",\"contentUrl\":\"https:\/\/www.pressenza.com\/wp-content\/uploads\/2022\/10\/pressenza_logo_200x200.jpg\",\"width\":200,\"height\":200,\"caption\":\"Pressenza\"},\"image\":{\"@id\":\"https:\/\/www.pressenza.com\/es\/#\/schema\/logo\/image\/\"},\"sameAs\":[\"https:\/\/www.facebook.com\/PressenzaItalia\",\"https:\/\/x.com\/PressenzaIPA\"]},{\"@type\":\"Person\",\"@id\":\"https:\/\/www.pressenza.com\/es\/#\/schema\/person\/9fea5dbc82f452cbcedb26f1bf72748d\",\"name\":\"Lia Mendez\",\"description\":\"Ex-Diputada de Capital Federal y ex-candidata a la Presidencia de la Rep\u00fablica por el Partido Humanista de Argentina.\",\"url\":\"https:\/\/www.pressenza.com\/es\/author\/lia-mendez\/\"}]}<\/script>\n<!-- \/ Yoast SEO plugin. -->","yoast_head_json":{"title":"Hag\u00e1mosle vac\u00edo a la violencia","description":"\u00a1Cu\u00e1nta oscuridad! Estamos como atrapados en una telara\u00f1a que no podemos\u00a0romper, a riesgo de nuestra propia vida. Todo suma a la confusi\u00f3n, a la","robots":{"index":"index","follow":"follow","max-snippet":"max-snippet:-1","max-image-preview":"max-image-preview:large","max-video-preview":"max-video-preview:-1"},"canonical":"https:\/\/www.pressenza.com\/es\/2015\/01\/hagamosle-vacio-la-violencia\/","og_locale":"es_ES","og_type":"article","og_title":"Hag\u00e1mosle vac\u00edo a la violencia","og_description":"\u00a1Cu\u00e1nta oscuridad! Estamos como atrapados en una telara\u00f1a que no podemos\u00a0romper, a riesgo de nuestra propia vida. Todo suma a la confusi\u00f3n, a la","og_url":"https:\/\/www.pressenza.com\/es\/2015\/01\/hagamosle-vacio-la-violencia\/","og_site_name":"Pressenza","article_publisher":"https:\/\/www.facebook.com\/PressenzaItalia","article_published_time":"2015-01-22T03:11:57+00:00","article_modified_time":"2015-07-21T20:43:12+00:00","og_image":[{"width":800,"height":800,"url":"https:\/\/www.pressenza.com\/wp-content\/uploads\/2015\/01\/HAGAMOSLEVACIOALAVIOLENCIA.png","type":"image\/png"}],"author":"Lia Mendez","twitter_card":"summary_large_image","twitter_creator":"@PressenzaIPA","twitter_site":"@PressenzaIPA","twitter_misc":{"Escrito por":"Lia Mendez","Tiempo de lectura":"2 minutos"},"schema":{"@context":"https:\/\/schema.org","@graph":[{"@type":"Article","@id":"https:\/\/www.pressenza.com\/es\/2015\/01\/hagamosle-vacio-la-violencia\/#article","isPartOf":{"@id":"https:\/\/www.pressenza.com\/es\/2015\/01\/hagamosle-vacio-la-violencia\/"},"author":{"name":"Lia Mendez","@id":"https:\/\/www.pressenza.com\/es\/#\/schema\/person\/9fea5dbc82f452cbcedb26f1bf72748d"},"headline":"Hag\u00e1mosle vac\u00edo a la violencia","datePublished":"2015-01-22T03:11:57+00:00","dateModified":"2015-07-21T20:43:12+00:00","mainEntityOfPage":{"@id":"https:\/\/www.pressenza.com\/es\/2015\/01\/hagamosle-vacio-la-violencia\/"},"wordCount":325,"publisher":{"@id":"https:\/\/www.pressenza.com\/es\/#organization"},"image":{"@id":"https:\/\/www.pressenza.com\/es\/2015\/01\/hagamosle-vacio-la-violencia\/#primaryimage"},"thumbnailUrl":"https:\/\/www.pressenza.com\/wp-content\/uploads\/2015\/01\/HAGAMOSLEVACIOALAVIOLENCIA.png","keywords":["Argentina","Democracia","Derechos humanos","medios de comunicaci\u00f3n","Noviolencia","Partido Humanista","Violencia"],"articleSection":["Contenido Original","Humanismo y Espiritualidad","Noviolencia","Opiniones","Sudam\u00e9rica"],"inLanguage":"es"},{"@type":"WebPage","@id":"https:\/\/www.pressenza.com\/es\/2015\/01\/hagamosle-vacio-la-violencia\/","url":"https:\/\/www.pressenza.com\/es\/2015\/01\/hagamosle-vacio-la-violencia\/","name":"Hag\u00e1mosle vac\u00edo a la violencia","isPartOf":{"@id":"https:\/\/www.pressenza.com\/es\/#website"},"primaryImageOfPage":{"@id":"https:\/\/www.pressenza.com\/es\/2015\/01\/hagamosle-vacio-la-violencia\/#primaryimage"},"image":{"@id":"https:\/\/www.pressenza.com\/es\/2015\/01\/hagamosle-vacio-la-violencia\/#primaryimage"},"thumbnailUrl":"https:\/\/www.pressenza.com\/wp-content\/uploads\/2015\/01\/HAGAMOSLEVACIOALAVIOLENCIA.png","datePublished":"2015-01-22T03:11:57+00:00","dateModified":"2015-07-21T20:43:12+00:00","description":"\u00a1Cu\u00e1nta oscuridad! Estamos como atrapados en una telara\u00f1a que no podemos\u00a0romper, a riesgo de nuestra propia vida. Todo suma a la confusi\u00f3n, a la","breadcrumb":{"@id":"https:\/\/www.pressenza.com\/es\/2015\/01\/hagamosle-vacio-la-violencia\/#breadcrumb"},"inLanguage":"es","potentialAction":[{"@type":"ReadAction","target":["https:\/\/www.pressenza.com\/es\/2015\/01\/hagamosle-vacio-la-violencia\/"]}]},{"@type":"ImageObject","inLanguage":"es","@id":"https:\/\/www.pressenza.com\/es\/2015\/01\/hagamosle-vacio-la-violencia\/#primaryimage","url":"https:\/\/www.pressenza.com\/wp-content\/uploads\/2015\/01\/HAGAMOSLEVACIOALAVIOLENCIA.png","contentUrl":"https:\/\/www.pressenza.com\/wp-content\/uploads\/2015\/01\/HAGAMOSLEVACIOALAVIOLENCIA.png","width":800,"height":800},{"@type":"BreadcrumbList","@id":"https:\/\/www.pressenza.com\/es\/2015\/01\/hagamosle-vacio-la-violencia\/#breadcrumb","itemListElement":[{"@type":"ListItem","position":1,"name":"Accueil","item":"https:\/\/www.pressenza.com\/es\/"},{"@type":"ListItem","position":2,"name":"Hag\u00e1mosle vac\u00edo a la violencia"}]},{"@type":"WebSite","@id":"https:\/\/www.pressenza.com\/es\/#website","url":"https:\/\/www.pressenza.com\/es\/","name":"Pressenza","description":"International Press Agency","publisher":{"@id":"https:\/\/www.pressenza.com\/es\/#organization"},"potentialAction":[{"@type":"SearchAction","target":{"@type":"EntryPoint","urlTemplate":"https:\/\/www.pressenza.com\/es\/?s={search_term_string}"},"query-input":{"@type":"PropertyValueSpecification","valueRequired":true,"valueName":"search_term_string"}}],"inLanguage":"es"},{"@type":"Organization","@id":"https:\/\/www.pressenza.com\/es\/#organization","name":"Pressenza","url":"https:\/\/www.pressenza.com\/es\/","logo":{"@type":"ImageObject","inLanguage":"es","@id":"https:\/\/www.pressenza.com\/es\/#\/schema\/logo\/image\/","url":"https:\/\/www.pressenza.com\/wp-content\/uploads\/2022\/10\/pressenza_logo_200x200.jpg","contentUrl":"https:\/\/www.pressenza.com\/wp-content\/uploads\/2022\/10\/pressenza_logo_200x200.jpg","width":200,"height":200,"caption":"Pressenza"},"image":{"@id":"https:\/\/www.pressenza.com\/es\/#\/schema\/logo\/image\/"},"sameAs":["https:\/\/www.facebook.com\/PressenzaItalia","https:\/\/x.com\/PressenzaIPA"]},{"@type":"Person","@id":"https:\/\/www.pressenza.com\/es\/#\/schema\/person\/9fea5dbc82f452cbcedb26f1bf72748d","name":"Lia Mendez","description":"Ex-Diputada de Capital Federal y ex-candidata a la Presidencia de la Rep\u00fablica por el Partido Humanista de Argentina.","url":"https:\/\/www.pressenza.com\/es\/author\/lia-mendez\/"}]}},"place":"","original_article_url":"","_links":{"self":[{"href":"https:\/\/www.pressenza.com\/es\/wp-json\/wp\/v2\/posts\/157723","targetHints":{"allow":["GET"]}}],"collection":[{"href":"https:\/\/www.pressenza.com\/es\/wp-json\/wp\/v2\/posts"}],"about":[{"href":"https:\/\/www.pressenza.com\/es\/wp-json\/wp\/v2\/types\/post"}],"author":[{"embeddable":true,"href":"https:\/\/www.pressenza.com\/es\/wp-json\/wp\/v2\/users\/414"}],"replies":[{"embeddable":true,"href":"https:\/\/www.pressenza.com\/es\/wp-json\/wp\/v2\/comments?post=157723"}],"version-history":[{"count":0,"href":"https:\/\/www.pressenza.com\/es\/wp-json\/wp\/v2\/posts\/157723\/revisions"}],"wp:featuredmedia":[{"embeddable":true,"href":"https:\/\/www.pressenza.com\/es\/wp-json\/wp\/v2\/media\/157726"}],"wp:attachment":[{"href":"https:\/\/www.pressenza.com\/es\/wp-json\/wp\/v2\/media?parent=157723"}],"wp:term":[{"taxonomy":"category","embeddable":true,"href":"https:\/\/www.pressenza.com\/es\/wp-json\/wp\/v2\/categories?post=157723"},{"taxonomy":"post_tag","embeddable":true,"href":"https:\/\/www.pressenza.com\/es\/wp-json\/wp\/v2\/tags?post=157723"}],"curies":[{"name":"wp","href":"https:\/\/api.w.org\/{rel}","templated":true}]}}