{"id":157212,"date":"2015-01-18T15:28:36","date_gmt":"2015-01-18T15:28:36","guid":{"rendered":"http:\/\/www.pressenza.com\/?p=157212"},"modified":"2015-01-18T15:39:03","modified_gmt":"2015-01-18T15:39:03","slug":"los-politicos-pueden-ser-piromanos-o-el-muro-que-contenga-la-xenofobia","status":"publish","type":"post","link":"https:\/\/www.pressenza.com\/es\/2015\/01\/los-politicos-pueden-ser-piromanos-o-el-muro-que-contenga-la-xenofobia\/","title":{"rendered":"\u2018\u2018Los pol\u00edticos pueden ser pir\u00f3manos o el muro que contenga la xenofobia\u201d"},"content":{"rendered":"<div class=\"subtitle bkn mce sk2\">\n<p><strong>Entrevista a Gorka Moreno, director de Ikuspegui<\/strong><\/p>\n<p><em>El director del Observatorio Vasco de Inmigraci\u00f3n-Ikuspegi, Gorka Moreno, reconoce que los niveles de integraci\u00f3n de la comunidad musulmana en Euskadi son inferiores respecto a otros colectivos inmigrantes, pero eso no les ha impedido \u00abllevar adelante sus ritos y creencias sin mayores problemas\u201d.<\/em><\/p>\n<p><em>Advierte de que el discurso del PP alav\u00e9s contra los magreb\u00edes es \u00abmuy arriesgado\u00bb y puede pasarle factura en las elecciones.<\/em><\/p>\n<p><strong><em>Por Laura Murillo Rubio para eldiarionorte.es<\/em><\/strong><\/p>\n<div id=\"edi-body\" class=\"mce-body mce no-sticky-adv-socios\">\n<p class=\"mce\">La batalla por la integraci\u00f3n no es la \u00fanica que habr\u00e1 de librar a partir de ahora la comunidad isl\u00e1mica en Europa. Los musulmanes afrontan la necesidad de demostrar que su religi\u00f3n no es responsable de los ataques yihadistas perpetrados en Francia. \u201cEso no es islam\u201d, recalcaba el director del centro sociocultural isl\u00e1mico en Euskadi. Sin embargo, tras el atentado al semanario sat\u00edrico Charlie Hebdo ya se produjeron los primeros casos de violencia contra mezquitas y locales musulmanes en el pa\u00eds galo. Gorka Moreno, director del Observatorio Vasco de Inmigraci\u00f3n-Ikuspegi, asegura que en Euskadi la comunidad musulmana ha llevado adelante sus ritos y creencias \u201csin mayores problemas\u201d y conf\u00eda en que siga siendo as\u00ed. No obstante, reconoce que es uno de los colectivos con menores \u00edndices de integraci\u00f3n y se\u00f1ala que actitudes como la del alcalde de Vitoria, quien acus\u00f3 a los magreb\u00edes de vivir de las ayudas sociales sin aportar datos, suponen \u201cun claro ejemplo de c\u00f3mo la clase pol\u00edtica puede servir para reducir los espacios de impunidad o para ampliarlos y dar, por decir as\u00ed, barra libre a prejuicios y actitudes negativas\u201d. \u201cTenemos que tener claro que la poblaci\u00f3n inmigrante ha venido y la inmensa mayor\u00eda lo ha hecho para quedarse. Por lo tanto, lo mejor es que establezcamos pol\u00edticas, informaci\u00f3n y medidas que fomenten la convivencia y la integraci\u00f3n\u201d, subraya<\/p>\n<p class=\"mce\"><strong class=\"mce\"> Tras el ataque a Charlie Hebdo, esa misma noche se produjeron casos de violencia contra mezquitas o locales de restauraci\u00f3n hind\u00faes. \u00bfLa islamofobia sacar\u00e1 partido de los atentados terroristas perpetrados en Francia la semana pasada?<\/strong><\/p>\n<p class=\"mce\">Es muy importante ver cu\u00e1l es el papel que adoptan los partidos pol\u00edticos. A d\u00eda de hoy es de congratularnos que aqu\u00ed, a nivel nacional y en el Pa\u00eds Vasco, no haya habido ning\u00fan partido, quitando alguna excepci\u00f3n, que haya querido utilizar el discurso islam\u00f3fobo como herramienta electoral. A diferencia de lo que se est\u00e1 dando en Europa , donde estamos viendo c\u00f3mo los partidos de ultraderecha est\u00e1n consiguiendo fuerza, incluso en las \u00faltimas semanas en Alemania que parec\u00eda que estaba vacunada contra este problema por su trayectoria hist\u00f3rica. Aqu\u00ed la potencialidad de que la islamofobia coja forma en la opini\u00f3n p\u00fablica y pueda convertirse en un debate o en un discurso que pueda entrar en la agenda pol\u00edtica yo creo que ser\u00e1 limitado.<\/p>\n<p class=\"mce\"><strong class=\"mce\"> La comunidad isl\u00e1mica en Euskadi ha condenado tajantemente los ataques yihadistas. Aun as\u00ed, \u00bfpuede verse afectada su situaci\u00f3n a partir de ahora? <\/strong><\/p>\n<p class=\"mce\">Una caracter\u00edstica muy marcada es que los colectivos africanos -magreb\u00ed y subsahariano- son generalmente los que muestran unos indicadores de integraci\u00f3n m\u00e1s bajos y a la vez son los que muestra unos indicadores m\u00e1s altos de credo musulm\u00e1n. Es una de las caracter\u00edsticas, pero no ha habido grandes problemas. En Euskadi tenemos mezquitas en diferentes ciudades, pueden llevar adelante sus ritos y creencias sin mayores problemas y espero que siga siendo as\u00ed en los pr\u00f3ximos meses y a\u00f1os.<\/p>\n<p class=\"mce\"><strong class=\"mce\"> Sabemos que quienes sufren a diario el yihadismo son los propios musulmanes, sin embargo Occidente no \u2018reacciona\u2019 hasta que el ataque cruza las fronteras\u2026<\/strong><\/p>\n<p class=\"mce\">Ah\u00ed entrar\u00edamos en un an\u00e1lisis pol\u00edtico. S\u00ed que es verdad que m\u00e1s all\u00e1 de la barbarie ocurrida, no podemos aislar lo que ha pasado de la geopol\u00edtica y de lo que est\u00e1 ocurriendo en Oriente y otros lugares. No voy a decir que Occidente ni muchos menos sea responsable porque no lo es, pero s\u00ed que es verdad que habr\u00eda que replantearse muchas veces qu\u00e9 apoyos en t\u00e9rminos geopol\u00edticos a nivel internacional se est\u00e1n dando a ciertos gobiernos para entender tambi\u00e9n las frustraciones y odios que se est\u00e1n creando en algunos lugares a d\u00eda de hoy.<\/p>\n<p class=\"mce\"><strong class=\"mce\"> \u00bfDebe corregir Europa su pol\u00edtica exterior en relaci\u00f3n al mundo \u00e1rabe?<\/strong><\/p>\n<p class=\"mce\">Seguramente tendr\u00e1 que tomar medidas porque es obvio que el terrorismo isl\u00e1mico est\u00e1 aqu\u00ed y no por gente que viene de fuera, que eso tambi\u00e9n es un elemento muy relevante. Respecto a Francia lo que estamos viendo es que es gente francesa, en la mayor\u00eda de los casos familias inmigrantes o familias con credos musulmanes, pero incluso en algunos casos no. Esto tambi\u00e9n nos tiene que hacer reflexionar en torno a qu\u00e9 pol\u00edticas de integraci\u00f3n con respecto a la inmigraci\u00f3n se han desarrollado y qu\u00e9 dificultades y debilidades est\u00e1n mostrando.<\/p>\n<p class=\"mce\"><strong class=\"mce\"> El a\u00f1o pasado el alcalde de Vitoria, Javier Maroto, busc\u00f3 el flanco m\u00e1s d\u00e9bil para aumentar una falsa creencia que ya abunda entre la poblaci\u00f3n. Acus\u00f3 a los magreb\u00edes de vivir de las ayudas p\u00fablicas sin aportar datos. \u00bfQu\u00e9 opina sobre el uso de la pol\u00edtica para fomentar la xenofobia?<\/strong><\/p>\n<p class=\"mce\">A m\u00ed me parece muy arriesgado. El caso de Vitoria est\u00e1 siendo un claro ejemplo de manual de c\u00f3mo la clase pol\u00edtica puede servir para reducir los espacios de impunidad o para ampliarlos y dar, por decir as\u00ed, barra libre o abrir la espita para que la poblaci\u00f3n se vea legitimada para que esas actitudes puedan pasar a comportamientos, que es el gran riesgo que tenemos. Nosotros siempre hemos comentado la relevancia que tiene la clase pol\u00edtica para azuzar estos prejuicios y estas actitudes negativas y c\u00f3mo la clase pol\u00edtica se puede convertir en un pir\u00f3mano o puede ser la que establezca muros de contenci\u00f3n hacia ciertas actitudes que podemos encontrar en la opini\u00f3n p\u00fablica.<\/p>\n<p class=\"mce\"><strong class=\"mce\"> \u00bfLe pasar\u00e1 factura a Maroto electoralmente?<\/strong><\/p>\n<p class=\"mce\">Es muy dif\u00edcil suponer si electoralmente ese discurso le pueda conllevar r\u00e9ditos o si al final tambi\u00e9n puede salirle el tipo por la culata. Lo que le puede suponer es la incapacidad de poder pactar con ning\u00fan otro partido y, por lo tanto, la incapacidad de poder gobernar. Entonces esa tambi\u00e9n va a ser una cuesti\u00f3n interesante de ver tras las elecciones por donde le sale al PP esta senda que ha comenzado, sobre todo el caso de Vitoria y de \u00c1lava.<\/p>\n<p class=\"mce\"><strong class=\"mce\"> \u00bfCree que el tratamiento de los medios de comunicaci\u00f3n presenta la inmigraci\u00f3n como una amenaza para el resto de la ciudadan\u00eda?<\/strong><\/p>\n<p class=\"mce\">Dependiendo de cu\u00e1l sea el medio se hace un acercamiento m\u00e1s profundo, m\u00e1s explicativo o m\u00e1s cr\u00edtico y en otras situaciones muchas veces se busca el titular f\u00e1cil, que atienda a ciertos estereotipos. L\u00f3gicamente preferir\u00edamos que ese primer acercamiento fuese mayoritario, pero somos conscientes de que algunos medios lamentablemente hacen el tratamiento que hacen de la inmigraci\u00f3n.<\/p>\n<p class=\"mce\"><strong class=\"mce\"> \u00bfComete el mismo error quien criminaliza que quien engloba la inmigraci\u00f3n bajo un enfoque marginal?<\/strong><\/p>\n<p class=\"mce\">Se est\u00e1n asociando cosas que no tienen que ver, con lo que se crea un popurr\u00ed en el que se fortalece un mensaje para la poblaci\u00f3n que me parece muy peligroso. Lo que tenemos que tener claro es que la poblaci\u00f3n inmigrante ha venido y la inmensa mayor\u00eda lo ha hecho para quedarse, por lo tanto, no es opci\u00f3n la de que se vayan a ir y, desde ese punto de vista, lo mejor es que establezcamos pol\u00edticas, informaci\u00f3n y medidas que fomenten la convivencia y la integraci\u00f3n.<\/p>\n<p class=\"mce\"><strong class=\"mce\"> Los ciudadanos tienen la percepci\u00f3n de que los inmigrantes llegan a trav\u00e9s de patera o mediante \u2018avalanchas\u2019 a la valla de Melilla, cuando en realidad esto no supone ni el 1% de llegadas a Espa\u00f1a\u2026<\/strong><\/p>\n<p class=\"mce\">Eso tambi\u00e9n lo fomentan los medios cuando tenemos d\u00eda s\u00ed y d\u00eda tambi\u00e9n en el peri\u00f3dico o televisi\u00f3n esas im\u00e1genes que son en muchos casos muy impactantes y no casuales. La inmensa mayor\u00eda de esas im\u00e1genes est\u00e1n filtradas o est\u00e1n ofrecidas por el Ministerio del Interior porque se quiere ofrecer a la opini\u00f3n p\u00fablica esa imagen de \u2018avalancha\u2019. La imagen es muy ilustrativa pero ya sabemos que esto es anecd\u00f3tico, que realmente la inmensa mayor\u00eda de la poblaci\u00f3n inmigrante en Espa\u00f1a ha venido a Barajas a trav\u00e9s de avi\u00f3n o en autob\u00fas entrando por la Junquera o por otros lugares lim\u00edtrofes. De hecho, la poblaci\u00f3n africana es minoritaria a nivel estatal y tambi\u00e9n vasco.<\/p>\n<\/div>\n<p>&nbsp;<\/p>\n<\/div>\n","protected":false},"excerpt":{"rendered":"<p>Entrevista a Gorka Moreno, director de Ikuspegui El director del Observatorio Vasco de Inmigraci\u00f3n-Ikuspegi, Gorka Moreno, reconoce que los niveles de integraci\u00f3n de la comunidad musulmana en Euskadi son inferiores respecto a otros colectivos inmigrantes, pero eso no les ha&hellip;<\/p>\n","protected":false},"author":94,"featured_media":0,"comment_status":"closed","ping_status":"open","sticky":false,"template":"","format":"standard","meta":{"footnotes":""},"categories":[1241,155,66,74],"tags":[336,696,441,1065,1398,451,2430,623],"class_list":["post-157212","post","type-post","status-publish","format-standard","hentry","category-diversidad","category-entrevistas","category-europa-es","category-politica-es","tag-cultura-2","tag-democracia","tag-derechos-humanos","tag-espana","tag-estado-espanol","tag-integracion","tag-islamismo","tag-violencia"],"yoast_head":"<!-- This site is optimized with the Yoast SEO plugin v27.1.1 - https:\/\/yoast.com\/product\/yoast-seo-wordpress\/ -->\n<title>\u2018\u2018Los pol\u00edticos pueden ser pir\u00f3manos o el muro que contenga la xenofobia\u201d<\/title>\n<meta name=\"description\" content=\"Entrevista a Gorka Moreno, director de Ikuspegui El director del Observatorio Vasco de Inmigraci\u00f3n-Ikuspegi, Gorka Moreno, reconoce que los niveles de\" \/>\n<meta name=\"robots\" content=\"index, follow, max-snippet:-1, max-image-preview:large, max-video-preview:-1\" \/>\n<link rel=\"canonical\" href=\"https:\/\/www.pressenza.com\/es\/2015\/01\/los-politicos-pueden-ser-piromanos-o-el-muro-que-contenga-la-xenofobia\/\" \/>\n<meta property=\"og:locale\" content=\"es_ES\" \/>\n<meta property=\"og:type\" content=\"article\" \/>\n<meta property=\"og:title\" content=\"\u2018\u2018Los pol\u00edticos pueden ser pir\u00f3manos o el muro que contenga la xenofobia\u201d\" \/>\n<meta property=\"og:description\" content=\"Entrevista a Gorka Moreno, director de Ikuspegui El director del Observatorio Vasco de Inmigraci\u00f3n-Ikuspegi, Gorka Moreno, reconoce que los niveles de\" \/>\n<meta property=\"og:url\" content=\"https:\/\/www.pressenza.com\/es\/2015\/01\/los-politicos-pueden-ser-piromanos-o-el-muro-que-contenga-la-xenofobia\/\" \/>\n<meta property=\"og:site_name\" content=\"Pressenza\" \/>\n<meta property=\"article:publisher\" content=\"https:\/\/www.facebook.com\/PressenzaItalia\" \/>\n<meta property=\"article:author\" content=\"https:\/\/www.facebook.com\/pressenza\" \/>\n<meta property=\"article:published_time\" content=\"2015-01-18T15:28:36+00:00\" \/>\n<meta property=\"article:modified_time\" content=\"2015-01-18T15:39:03+00:00\" \/>\n<meta name=\"author\" content=\"Redacci\u00f3n Madrid\" \/>\n<meta name=\"twitter:card\" content=\"summary_large_image\" \/>\n<meta name=\"twitter:creator\" content=\"@pressenza\" \/>\n<meta name=\"twitter:site\" content=\"@PressenzaIPA\" \/>\n<meta name=\"twitter:label1\" content=\"Escrito por\" \/>\n\t<meta name=\"twitter:data1\" content=\"Redacci\u00f3n Madrid\" \/>\n\t<meta name=\"twitter:label2\" content=\"Tiempo de lectura\" \/>\n\t<meta name=\"twitter:data2\" content=\"8 minutos\" \/>\n<script type=\"application\/ld+json\" class=\"yoast-schema-graph\">{\"@context\":\"https:\/\/schema.org\",\"@graph\":[{\"@type\":\"Article\",\"@id\":\"https:\/\/www.pressenza.com\/es\/2015\/01\/los-politicos-pueden-ser-piromanos-o-el-muro-que-contenga-la-xenofobia\/#article\",\"isPartOf\":{\"@id\":\"https:\/\/www.pressenza.com\/es\/2015\/01\/los-politicos-pueden-ser-piromanos-o-el-muro-que-contenga-la-xenofobia\/\"},\"author\":{\"name\":\"Redacci\u00f3n Madrid\",\"@id\":\"https:\/\/www.pressenza.com\/es\/#\/schema\/person\/828fc40eeca2ad7be3630e5a46adba94\"},\"headline\":\"\u2018\u2018Los pol\u00edticos pueden ser pir\u00f3manos o el muro que contenga la xenofobia\u201d\",\"datePublished\":\"2015-01-18T15:28:36+00:00\",\"dateModified\":\"2015-01-18T15:39:03+00:00\",\"mainEntityOfPage\":{\"@id\":\"https:\/\/www.pressenza.com\/es\/2015\/01\/los-politicos-pueden-ser-piromanos-o-el-muro-que-contenga-la-xenofobia\/\"},\"wordCount\":1517,\"publisher\":{\"@id\":\"https:\/\/www.pressenza.com\/es\/#organization\"},\"keywords\":[\"cultura\",\"Democracia\",\"Derechos humanos\",\"Espa\u00f1a\",\"Estado espa\u00f1ol\",\"Integraci\u00f3n\",\"islamismo\",\"Violencia\"],\"articleSection\":[\"Diversidad\",\"Entrevistas\",\"Europa\",\"Pol\u00edtica\"],\"inLanguage\":\"es\"},{\"@type\":\"WebPage\",\"@id\":\"https:\/\/www.pressenza.com\/es\/2015\/01\/los-politicos-pueden-ser-piromanos-o-el-muro-que-contenga-la-xenofobia\/\",\"url\":\"https:\/\/www.pressenza.com\/es\/2015\/01\/los-politicos-pueden-ser-piromanos-o-el-muro-que-contenga-la-xenofobia\/\",\"name\":\"\u2018\u2018Los pol\u00edticos pueden ser pir\u00f3manos o el muro que contenga la xenofobia\u201d\",\"isPartOf\":{\"@id\":\"https:\/\/www.pressenza.com\/es\/#website\"},\"datePublished\":\"2015-01-18T15:28:36+00:00\",\"dateModified\":\"2015-01-18T15:39:03+00:00\",\"description\":\"Entrevista a Gorka Moreno, director de Ikuspegui El director del Observatorio Vasco de Inmigraci\u00f3n-Ikuspegi, Gorka Moreno, reconoce que los niveles de\",\"breadcrumb\":{\"@id\":\"https:\/\/www.pressenza.com\/es\/2015\/01\/los-politicos-pueden-ser-piromanos-o-el-muro-que-contenga-la-xenofobia\/#breadcrumb\"},\"inLanguage\":\"es\",\"potentialAction\":[{\"@type\":\"ReadAction\",\"target\":[\"https:\/\/www.pressenza.com\/es\/2015\/01\/los-politicos-pueden-ser-piromanos-o-el-muro-que-contenga-la-xenofobia\/\"]}]},{\"@type\":\"BreadcrumbList\",\"@id\":\"https:\/\/www.pressenza.com\/es\/2015\/01\/los-politicos-pueden-ser-piromanos-o-el-muro-que-contenga-la-xenofobia\/#breadcrumb\",\"itemListElement\":[{\"@type\":\"ListItem\",\"position\":1,\"name\":\"Accueil\",\"item\":\"https:\/\/www.pressenza.com\/es\/\"},{\"@type\":\"ListItem\",\"position\":2,\"name\":\"\u2018\u2018Los pol\u00edticos pueden ser pir\u00f3manos o el muro que contenga la xenofobia\u201d\"}]},{\"@type\":\"WebSite\",\"@id\":\"https:\/\/www.pressenza.com\/es\/#website\",\"url\":\"https:\/\/www.pressenza.com\/es\/\",\"name\":\"Pressenza\",\"description\":\"International Press Agency\",\"publisher\":{\"@id\":\"https:\/\/www.pressenza.com\/es\/#organization\"},\"potentialAction\":[{\"@type\":\"SearchAction\",\"target\":{\"@type\":\"EntryPoint\",\"urlTemplate\":\"https:\/\/www.pressenza.com\/es\/?s={search_term_string}\"},\"query-input\":{\"@type\":\"PropertyValueSpecification\",\"valueRequired\":true,\"valueName\":\"search_term_string\"}}],\"inLanguage\":\"es\"},{\"@type\":\"Organization\",\"@id\":\"https:\/\/www.pressenza.com\/es\/#organization\",\"name\":\"Pressenza\",\"url\":\"https:\/\/www.pressenza.com\/es\/\",\"logo\":{\"@type\":\"ImageObject\",\"inLanguage\":\"es\",\"@id\":\"https:\/\/www.pressenza.com\/es\/#\/schema\/logo\/image\/\",\"url\":\"https:\/\/www.pressenza.com\/wp-content\/uploads\/2022\/10\/pressenza_logo_200x200.jpg\",\"contentUrl\":\"https:\/\/www.pressenza.com\/wp-content\/uploads\/2022\/10\/pressenza_logo_200x200.jpg\",\"width\":200,\"height\":200,\"caption\":\"Pressenza\"},\"image\":{\"@id\":\"https:\/\/www.pressenza.com\/es\/#\/schema\/logo\/image\/\"},\"sameAs\":[\"https:\/\/www.facebook.com\/PressenzaItalia\",\"https:\/\/x.com\/PressenzaIPA\"]},{\"@type\":\"Person\",\"@id\":\"https:\/\/www.pressenza.com\/es\/#\/schema\/person\/828fc40eeca2ad7be3630e5a46adba94\",\"name\":\"Redacci\u00f3n Madrid\",\"description\":\"News from the Pressenza Bureau in Madrid, Spain\",\"sameAs\":[\"https:\/\/www.facebook.com\/pressenza\",\"https:\/\/x.com\/pressenza\"],\"url\":\"https:\/\/www.pressenza.com\/es\/author\/redaccion-madrid\/\"}]}<\/script>\n<!-- \/ Yoast SEO plugin. -->","yoast_head_json":{"title":"\u2018\u2018Los pol\u00edticos pueden ser pir\u00f3manos o el muro que contenga la xenofobia\u201d","description":"Entrevista a Gorka Moreno, director de Ikuspegui El director del Observatorio Vasco de Inmigraci\u00f3n-Ikuspegi, Gorka Moreno, reconoce que los niveles de","robots":{"index":"index","follow":"follow","max-snippet":"max-snippet:-1","max-image-preview":"max-image-preview:large","max-video-preview":"max-video-preview:-1"},"canonical":"https:\/\/www.pressenza.com\/es\/2015\/01\/los-politicos-pueden-ser-piromanos-o-el-muro-que-contenga-la-xenofobia\/","og_locale":"es_ES","og_type":"article","og_title":"\u2018\u2018Los pol\u00edticos pueden ser pir\u00f3manos o el muro que contenga la xenofobia\u201d","og_description":"Entrevista a Gorka Moreno, director de Ikuspegui El director del Observatorio Vasco de Inmigraci\u00f3n-Ikuspegi, Gorka Moreno, reconoce que los niveles de","og_url":"https:\/\/www.pressenza.com\/es\/2015\/01\/los-politicos-pueden-ser-piromanos-o-el-muro-que-contenga-la-xenofobia\/","og_site_name":"Pressenza","article_publisher":"https:\/\/www.facebook.com\/PressenzaItalia","article_author":"https:\/\/www.facebook.com\/pressenza","article_published_time":"2015-01-18T15:28:36+00:00","article_modified_time":"2015-01-18T15:39:03+00:00","author":"Redacci\u00f3n Madrid","twitter_card":"summary_large_image","twitter_creator":"@pressenza","twitter_site":"@PressenzaIPA","twitter_misc":{"Escrito por":"Redacci\u00f3n Madrid","Tiempo de lectura":"8 minutos"},"schema":{"@context":"https:\/\/schema.org","@graph":[{"@type":"Article","@id":"https:\/\/www.pressenza.com\/es\/2015\/01\/los-politicos-pueden-ser-piromanos-o-el-muro-que-contenga-la-xenofobia\/#article","isPartOf":{"@id":"https:\/\/www.pressenza.com\/es\/2015\/01\/los-politicos-pueden-ser-piromanos-o-el-muro-que-contenga-la-xenofobia\/"},"author":{"name":"Redacci\u00f3n Madrid","@id":"https:\/\/www.pressenza.com\/es\/#\/schema\/person\/828fc40eeca2ad7be3630e5a46adba94"},"headline":"\u2018\u2018Los pol\u00edticos pueden ser pir\u00f3manos o el muro que contenga la xenofobia\u201d","datePublished":"2015-01-18T15:28:36+00:00","dateModified":"2015-01-18T15:39:03+00:00","mainEntityOfPage":{"@id":"https:\/\/www.pressenza.com\/es\/2015\/01\/los-politicos-pueden-ser-piromanos-o-el-muro-que-contenga-la-xenofobia\/"},"wordCount":1517,"publisher":{"@id":"https:\/\/www.pressenza.com\/es\/#organization"},"keywords":["cultura","Democracia","Derechos humanos","Espa\u00f1a","Estado espa\u00f1ol","Integraci\u00f3n","islamismo","Violencia"],"articleSection":["Diversidad","Entrevistas","Europa","Pol\u00edtica"],"inLanguage":"es"},{"@type":"WebPage","@id":"https:\/\/www.pressenza.com\/es\/2015\/01\/los-politicos-pueden-ser-piromanos-o-el-muro-que-contenga-la-xenofobia\/","url":"https:\/\/www.pressenza.com\/es\/2015\/01\/los-politicos-pueden-ser-piromanos-o-el-muro-que-contenga-la-xenofobia\/","name":"\u2018\u2018Los pol\u00edticos pueden ser pir\u00f3manos o el muro que contenga la xenofobia\u201d","isPartOf":{"@id":"https:\/\/www.pressenza.com\/es\/#website"},"datePublished":"2015-01-18T15:28:36+00:00","dateModified":"2015-01-18T15:39:03+00:00","description":"Entrevista a Gorka Moreno, director de Ikuspegui El director del Observatorio Vasco de Inmigraci\u00f3n-Ikuspegi, Gorka Moreno, reconoce que los niveles de","breadcrumb":{"@id":"https:\/\/www.pressenza.com\/es\/2015\/01\/los-politicos-pueden-ser-piromanos-o-el-muro-que-contenga-la-xenofobia\/#breadcrumb"},"inLanguage":"es","potentialAction":[{"@type":"ReadAction","target":["https:\/\/www.pressenza.com\/es\/2015\/01\/los-politicos-pueden-ser-piromanos-o-el-muro-que-contenga-la-xenofobia\/"]}]},{"@type":"BreadcrumbList","@id":"https:\/\/www.pressenza.com\/es\/2015\/01\/los-politicos-pueden-ser-piromanos-o-el-muro-que-contenga-la-xenofobia\/#breadcrumb","itemListElement":[{"@type":"ListItem","position":1,"name":"Accueil","item":"https:\/\/www.pressenza.com\/es\/"},{"@type":"ListItem","position":2,"name":"\u2018\u2018Los pol\u00edticos pueden ser pir\u00f3manos o el muro que contenga la xenofobia\u201d"}]},{"@type":"WebSite","@id":"https:\/\/www.pressenza.com\/es\/#website","url":"https:\/\/www.pressenza.com\/es\/","name":"Pressenza","description":"International Press Agency","publisher":{"@id":"https:\/\/www.pressenza.com\/es\/#organization"},"potentialAction":[{"@type":"SearchAction","target":{"@type":"EntryPoint","urlTemplate":"https:\/\/www.pressenza.com\/es\/?s={search_term_string}"},"query-input":{"@type":"PropertyValueSpecification","valueRequired":true,"valueName":"search_term_string"}}],"inLanguage":"es"},{"@type":"Organization","@id":"https:\/\/www.pressenza.com\/es\/#organization","name":"Pressenza","url":"https:\/\/www.pressenza.com\/es\/","logo":{"@type":"ImageObject","inLanguage":"es","@id":"https:\/\/www.pressenza.com\/es\/#\/schema\/logo\/image\/","url":"https:\/\/www.pressenza.com\/wp-content\/uploads\/2022\/10\/pressenza_logo_200x200.jpg","contentUrl":"https:\/\/www.pressenza.com\/wp-content\/uploads\/2022\/10\/pressenza_logo_200x200.jpg","width":200,"height":200,"caption":"Pressenza"},"image":{"@id":"https:\/\/www.pressenza.com\/es\/#\/schema\/logo\/image\/"},"sameAs":["https:\/\/www.facebook.com\/PressenzaItalia","https:\/\/x.com\/PressenzaIPA"]},{"@type":"Person","@id":"https:\/\/www.pressenza.com\/es\/#\/schema\/person\/828fc40eeca2ad7be3630e5a46adba94","name":"Redacci\u00f3n Madrid","description":"News from the Pressenza Bureau in Madrid, Spain","sameAs":["https:\/\/www.facebook.com\/pressenza","https:\/\/x.com\/pressenza"],"url":"https:\/\/www.pressenza.com\/es\/author\/redaccion-madrid\/"}]}},"place":"Euskadi","original_article_url":"http:\/\/www.eldiario.es\/norte\/euskadi\/puede-convertir-establezca-contencion-actitudes_0_345416399.html","_links":{"self":[{"href":"https:\/\/www.pressenza.com\/es\/wp-json\/wp\/v2\/posts\/157212","targetHints":{"allow":["GET"]}}],"collection":[{"href":"https:\/\/www.pressenza.com\/es\/wp-json\/wp\/v2\/posts"}],"about":[{"href":"https:\/\/www.pressenza.com\/es\/wp-json\/wp\/v2\/types\/post"}],"author":[{"embeddable":true,"href":"https:\/\/www.pressenza.com\/es\/wp-json\/wp\/v2\/users\/94"}],"replies":[{"embeddable":true,"href":"https:\/\/www.pressenza.com\/es\/wp-json\/wp\/v2\/comments?post=157212"}],"version-history":[{"count":0,"href":"https:\/\/www.pressenza.com\/es\/wp-json\/wp\/v2\/posts\/157212\/revisions"}],"wp:attachment":[{"href":"https:\/\/www.pressenza.com\/es\/wp-json\/wp\/v2\/media?parent=157212"}],"wp:term":[{"taxonomy":"category","embeddable":true,"href":"https:\/\/www.pressenza.com\/es\/wp-json\/wp\/v2\/categories?post=157212"},{"taxonomy":"post_tag","embeddable":true,"href":"https:\/\/www.pressenza.com\/es\/wp-json\/wp\/v2\/tags?post=157212"}],"curies":[{"name":"wp","href":"https:\/\/api.w.org\/{rel}","templated":true}]}}