{"id":157180,"date":"2015-01-18T02:52:34","date_gmt":"2015-01-18T02:52:34","guid":{"rendered":"http:\/\/www.pressenza.com\/?p=157180"},"modified":"2015-01-18T02:52:34","modified_gmt":"2015-01-18T02:52:34","slug":"el-fin-del-imperio","status":"publish","type":"post","link":"https:\/\/www.pressenza.com\/es\/2015\/01\/el-fin-del-imperio\/","title":{"rendered":"El fin del imperio"},"content":{"rendered":"<p style=\"text-align: justify;\"><em>Pressenza comparte la carta que Jic\u00e9 ha escrito tras los recientes atentados en Francia. El punto de vista del proceso se desarrolla en ella. Se trata de un art\u00edculo relevante, positivo y constructivo.<\/em><\/p>\n<p style=\"text-align: justify;\"><strong>Por: Jic\u00e9<\/strong><\/p>\n<p style=\"text-align: justify;\">Buenos d\u00edas a todos:<\/p>\n<p style=\"text-align: justify;\">Hoy en d\u00eda, m\u00e1s de 10,000 soldados franceses se encuentran en \u00aboperaciones internas\u00bb. Anteriormente eran 2000, aproximadamente. Este n\u00famero se ha vuelto m\u00e1s importante que el n\u00famero de soldados en \u00aboperaciones externas\u00bb (8,350).<\/p>\n<p style=\"text-align: justify;\">El proceso de repatriaci\u00f3n de las tropas que se viene realizando desde hace varios a\u00f1os en los EE.UU., y m\u00e1s a\u00fan luego de las repatriaciones de Iraq y Afganist\u00e1n (1). Tambi\u00e9n se est\u00e1 en este proceso en el Reino Unido y otros pa\u00edses europeos.<\/p>\n<p style=\"text-align: justify;\">El horrible atentado que hemos sufrido recientemente fue un gran shock para el mundo entero. Pero tambi\u00e9n ha sido, para los dirigentes, la oportunidad esperada para poner en marcha dicha pol\u00edtica de repatriaci\u00f3n de las tropas en Francia, para contrarrestar los futuros trastornos civiles, controlar a las multitudes, y crear una situaci\u00f3n en la que la poblaci\u00f3n se acostumbre a la presencia permanente del ej\u00e9rcito. Por supuesto que no llegar\u00e1n a controlar todo ello m\u00e1s que en apariencia y por un muy corto tiempo (en t\u00e9rminos de la historia), porque nadie puede, por m\u00e1s poderoso que sea, controlar la historia en marcha (es decir, la historia de la conciencia humana).<\/p>\n<p style=\"text-align: justify;\">La repatriaci\u00f3n de las tropas es un momento clave en el proceso de los imperios, cuando las fuerzas armadas son retiradas de la periferia para proteger el centro del poder. Todos los imperios han pasado por esta fase, pero ninguno ha podido controlar por mucho tiempo el proceso de desintegraci\u00f3n (\u00a1es imposible!), y ninguno se ha escapado del colapso (\u00faltima etapa de la desintegraci\u00f3n), ya que ello es parte del proceso de las civilizaciones de tipo imperial.<\/p>\n<p style=\"text-align: justify;\">Por m\u00e1s horrible que pueda ser la noticia, lo que yo quiero recordar no es la \u201cnoticia\u201d, sino los indicadores de una historia en movimiento; me refiero a \u00abver las noticias con perspectiva hist\u00f3rica\u201d. Este indicador del momento de proceso del imperio nos muestra claramente que el colapso del imperio ha entrado en una nueva fase y que los l\u00edderes lo saben (dado que est\u00e1n repatriando a sus tropas). Ahora se est\u00e1n preparando para protegerse del enemigo interno (los suyos, es decir el pueblo). Por lo tanto, van a pedir mayor seguridad, m\u00e1s servicios secretos, un ej\u00e9rcito m\u00e1s grande para protegerse a s\u00ed mismos, diciendo que as\u00ed est\u00e1n protegiendo a la gente. Y cada \u00abamenaza\u00bb real o sospechada (atentados, manifestaciones, riesgo de pandemia, desastres naturales, etc.) ser\u00e1 una nueva oportunidad para reforzar la seguridad del centro de poder (que se reducir\u00e1 m\u00e1s y m\u00e1s). Tenemos que prepararnos y no dejarnos desviar por sus reacciones ante el colapso, que ellos mismos han creado.<\/p>\n<p style=\"text-align: justify;\">No ten\u00eda intenci\u00f3n de ir a la manifestaci\u00f3n, ya que fue organizada por la misma gente que ahora bombardea a decenas de miles de personas y destruyen a sus conciudadanos en el nombre del dios dinero, pero igualmente fui, dici\u00e9ndome que ser\u00eda una buena oportunidad para tomar la temperatura social. Fui all\u00ed con una pancarta y el primer eslogan que se me vino a la mente. Durante la manifestaci\u00f3n, donde fui a ver cu\u00e1l era el estado de \u00e1nimo de la gente, me sorprend\u00ed al ver que muchas personas ped\u00edan que me detenga para fotografiar mi pancarta, o para ser fotografiadas a mi lado. Algunos incluso le dec\u00edan al fot\u00f3grafo que <em>\u00absobre todo, es la pancarta la que debe ser fotografiada\u00bb<\/em>. En esta pancarta estaba escrita la frase: <em>\u00abYo soy la Fraternidad\u00bb<\/em>.<\/p>\n<p style=\"text-align: justify;\">\u00a1S\u00ed, el mundo tiene sed de fraternidad! El mundo tiene sed de amor (para citar a Arthur Rimbaud). El mundo tiene sed de justicia, el mundo tiene sed de paz, el mundo tiene sed de humanidad, y es la noble tarea de todos los humanistas del mundo de calmar esta sed, de trabajar para que, por \u00faltimo, la conciencia humana se libere de sus cadenas.<\/p>\n<p style=\"text-align: justify;\">Jic\u00e9<\/p>\n<p style=\"text-align: justify;\">Notas:<\/p>\n<p style=\"text-align: justify;\">(1)\u00a0\u00a0\u00a0\u00a0\u00a0\u00a0\u00a0\u00a0\u00a0 (<a href=\"http:\/\/french.irib.ir\/analyses\/item\/267709-la-militarisation-de-l%27am%C3%A9rique,-par-bill-van-auken\">http:\/\/french.irib.ir\/analyses\/item\/267709-la-militarisation-de-l%27am%C3%A9rique,-par-bill-van-auken<\/a>)<\/p>\n","protected":false},"excerpt":{"rendered":"<p>Pressenza comparte la carta que Jic\u00e9 ha escrito tras los recientes atentados en Francia. El punto de vista del proceso se desarrolla en ella. Se trata de un art\u00edculo relevante, positivo y constructivo. Por: Jic\u00e9 Buenos d\u00edas a todos: Hoy&hellip;<\/p>\n","protected":false},"author":926,"featured_media":157181,"comment_status":"closed","ping_status":"open","sticky":false,"template":"","format":"standard","meta":{"footnotes":""},"categories":[66,1240,1242,161,74],"tags":[4730,15451,5388,15452,15453],"class_list":["post-157180","post","type-post","status-publish","format-standard","has-post-thumbnail","hentry","category-europa-es","category-humanismo-espiritualidad","category-noviolencia-tema","category-opiniones","category-politica-es","tag-atentado","tag-conciencia-humana","tag-control","tag-poblacion","tag-repatriacion-de-tropas"],"yoast_head":"<!-- This site is optimized with the Yoast SEO plugin v27.1.1 - https:\/\/yoast.com\/product\/yoast-seo-wordpress\/ -->\n<title>El fin del imperio<\/title>\n<meta name=\"description\" content=\"Pressenza comparte la carta que Jic\u00e9 ha escrito tras los recientes atentados en Francia. El punto de vista del proceso se desarrolla en ella. Se trata de\" \/>\n<meta name=\"robots\" content=\"index, follow, max-snippet:-1, max-image-preview:large, max-video-preview:-1\" \/>\n<link rel=\"canonical\" href=\"https:\/\/www.pressenza.com\/es\/2015\/01\/el-fin-del-imperio\/\" \/>\n<meta property=\"og:locale\" content=\"es_ES\" \/>\n<meta property=\"og:type\" content=\"article\" \/>\n<meta property=\"og:title\" content=\"El fin del imperio\" \/>\n<meta property=\"og:description\" content=\"Pressenza comparte la carta que Jic\u00e9 ha escrito tras los recientes atentados en Francia. El punto de vista del proceso se desarrolla en ella. Se trata de\" \/>\n<meta property=\"og:url\" content=\"https:\/\/www.pressenza.com\/es\/2015\/01\/el-fin-del-imperio\/\" \/>\n<meta property=\"og:site_name\" content=\"Pressenza\" \/>\n<meta property=\"article:publisher\" content=\"https:\/\/www.facebook.com\/PressenzaItalia\" \/>\n<meta property=\"article:published_time\" content=\"2015-01-18T02:52:34+00:00\" \/>\n<meta property=\"og:image\" content=\"https:\/\/www.pressenza.com\/wp-content\/uploads\/2015\/01\/la-fin-de-lempire1.jpg\" \/>\n\t<meta property=\"og:image:width\" content=\"1280\" \/>\n\t<meta property=\"og:image:height\" content=\"800\" \/>\n\t<meta property=\"og:image:type\" content=\"image\/jpeg\" \/>\n<meta name=\"author\" content=\"R\u00e9daction France\" \/>\n<meta name=\"twitter:card\" content=\"summary_large_image\" \/>\n<meta name=\"twitter:creator\" content=\"@PressenzaIPA\" \/>\n<meta name=\"twitter:site\" content=\"@PressenzaIPA\" \/>\n<meta name=\"twitter:label1\" content=\"Escrito por\" \/>\n\t<meta name=\"twitter:data1\" content=\"R\u00e9daction France\" \/>\n\t<meta name=\"twitter:label2\" content=\"Tiempo de lectura\" \/>\n\t<meta name=\"twitter:data2\" content=\"4 minutos\" \/>\n<script type=\"application\/ld+json\" class=\"yoast-schema-graph\">{\"@context\":\"https:\/\/schema.org\",\"@graph\":[{\"@type\":\"Article\",\"@id\":\"https:\/\/www.pressenza.com\/es\/2015\/01\/el-fin-del-imperio\/#article\",\"isPartOf\":{\"@id\":\"https:\/\/www.pressenza.com\/es\/2015\/01\/el-fin-del-imperio\/\"},\"author\":{\"name\":\"R\u00e9daction France\",\"@id\":\"https:\/\/www.pressenza.com\/es\/#\/schema\/person\/3c9fe6670cc2cffbd37562f87b98e869\"},\"headline\":\"El fin del imperio\",\"datePublished\":\"2015-01-18T02:52:34+00:00\",\"mainEntityOfPage\":{\"@id\":\"https:\/\/www.pressenza.com\/es\/2015\/01\/el-fin-del-imperio\/\"},\"wordCount\":725,\"publisher\":{\"@id\":\"https:\/\/www.pressenza.com\/es\/#organization\"},\"image\":{\"@id\":\"https:\/\/www.pressenza.com\/es\/2015\/01\/el-fin-del-imperio\/#primaryimage\"},\"thumbnailUrl\":\"https:\/\/www.pressenza.com\/wp-content\/uploads\/2015\/01\/la-fin-de-lempire1.jpg\",\"keywords\":[\"atentado\",\"conciencia humana\",\"control\",\"poblaci\u00f3n\",\"repatriaci\u00f3n de tropas\"],\"articleSection\":[\"Europa\",\"Humanismo y Espiritualidad\",\"Noviolencia\",\"Opiniones\",\"Pol\u00edtica\"],\"inLanguage\":\"es\"},{\"@type\":\"WebPage\",\"@id\":\"https:\/\/www.pressenza.com\/es\/2015\/01\/el-fin-del-imperio\/\",\"url\":\"https:\/\/www.pressenza.com\/es\/2015\/01\/el-fin-del-imperio\/\",\"name\":\"El fin del imperio\",\"isPartOf\":{\"@id\":\"https:\/\/www.pressenza.com\/es\/#website\"},\"primaryImageOfPage\":{\"@id\":\"https:\/\/www.pressenza.com\/es\/2015\/01\/el-fin-del-imperio\/#primaryimage\"},\"image\":{\"@id\":\"https:\/\/www.pressenza.com\/es\/2015\/01\/el-fin-del-imperio\/#primaryimage\"},\"thumbnailUrl\":\"https:\/\/www.pressenza.com\/wp-content\/uploads\/2015\/01\/la-fin-de-lempire1.jpg\",\"datePublished\":\"2015-01-18T02:52:34+00:00\",\"description\":\"Pressenza comparte la carta que Jic\u00e9 ha escrito tras los recientes atentados en Francia. El punto de vista del proceso se desarrolla en ella. Se trata de\",\"breadcrumb\":{\"@id\":\"https:\/\/www.pressenza.com\/es\/2015\/01\/el-fin-del-imperio\/#breadcrumb\"},\"inLanguage\":\"es\",\"potentialAction\":[{\"@type\":\"ReadAction\",\"target\":[\"https:\/\/www.pressenza.com\/es\/2015\/01\/el-fin-del-imperio\/\"]}]},{\"@type\":\"ImageObject\",\"inLanguage\":\"es\",\"@id\":\"https:\/\/www.pressenza.com\/es\/2015\/01\/el-fin-del-imperio\/#primaryimage\",\"url\":\"https:\/\/www.pressenza.com\/wp-content\/uploads\/2015\/01\/la-fin-de-lempire1.jpg\",\"contentUrl\":\"https:\/\/www.pressenza.com\/wp-content\/uploads\/2015\/01\/la-fin-de-lempire1.jpg\",\"width\":1280,\"height\":800},{\"@type\":\"BreadcrumbList\",\"@id\":\"https:\/\/www.pressenza.com\/es\/2015\/01\/el-fin-del-imperio\/#breadcrumb\",\"itemListElement\":[{\"@type\":\"ListItem\",\"position\":1,\"name\":\"Accueil\",\"item\":\"https:\/\/www.pressenza.com\/es\/\"},{\"@type\":\"ListItem\",\"position\":2,\"name\":\"El fin del imperio\"}]},{\"@type\":\"WebSite\",\"@id\":\"https:\/\/www.pressenza.com\/es\/#website\",\"url\":\"https:\/\/www.pressenza.com\/es\/\",\"name\":\"Pressenza\",\"description\":\"International Press Agency\",\"publisher\":{\"@id\":\"https:\/\/www.pressenza.com\/es\/#organization\"},\"potentialAction\":[{\"@type\":\"SearchAction\",\"target\":{\"@type\":\"EntryPoint\",\"urlTemplate\":\"https:\/\/www.pressenza.com\/es\/?s={search_term_string}\"},\"query-input\":{\"@type\":\"PropertyValueSpecification\",\"valueRequired\":true,\"valueName\":\"search_term_string\"}}],\"inLanguage\":\"es\"},{\"@type\":\"Organization\",\"@id\":\"https:\/\/www.pressenza.com\/es\/#organization\",\"name\":\"Pressenza\",\"url\":\"https:\/\/www.pressenza.com\/es\/\",\"logo\":{\"@type\":\"ImageObject\",\"inLanguage\":\"es\",\"@id\":\"https:\/\/www.pressenza.com\/es\/#\/schema\/logo\/image\/\",\"url\":\"https:\/\/www.pressenza.com\/wp-content\/uploads\/2022\/10\/pressenza_logo_200x200.jpg\",\"contentUrl\":\"https:\/\/www.pressenza.com\/wp-content\/uploads\/2022\/10\/pressenza_logo_200x200.jpg\",\"width\":200,\"height\":200,\"caption\":\"Pressenza\"},\"image\":{\"@id\":\"https:\/\/www.pressenza.com\/es\/#\/schema\/logo\/image\/\"},\"sameAs\":[\"https:\/\/www.facebook.com\/PressenzaItalia\",\"https:\/\/x.com\/PressenzaIPA\"]},{\"@type\":\"Person\",\"@id\":\"https:\/\/www.pressenza.com\/es\/#\/schema\/person\/3c9fe6670cc2cffbd37562f87b98e869\",\"name\":\"R\u00e9daction France\",\"description\":\"News published by the Pressenza bureau in France\",\"sameAs\":[\"http:\/\/www.pressenza.com\/fr\"],\"url\":\"https:\/\/www.pressenza.com\/es\/author\/redactionfrance\/\"}]}<\/script>\n<!-- \/ Yoast SEO plugin. -->","yoast_head_json":{"title":"El fin del imperio","description":"Pressenza comparte la carta que Jic\u00e9 ha escrito tras los recientes atentados en Francia. El punto de vista del proceso se desarrolla en ella. Se trata de","robots":{"index":"index","follow":"follow","max-snippet":"max-snippet:-1","max-image-preview":"max-image-preview:large","max-video-preview":"max-video-preview:-1"},"canonical":"https:\/\/www.pressenza.com\/es\/2015\/01\/el-fin-del-imperio\/","og_locale":"es_ES","og_type":"article","og_title":"El fin del imperio","og_description":"Pressenza comparte la carta que Jic\u00e9 ha escrito tras los recientes atentados en Francia. El punto de vista del proceso se desarrolla en ella. Se trata de","og_url":"https:\/\/www.pressenza.com\/es\/2015\/01\/el-fin-del-imperio\/","og_site_name":"Pressenza","article_publisher":"https:\/\/www.facebook.com\/PressenzaItalia","article_published_time":"2015-01-18T02:52:34+00:00","og_image":[{"width":1280,"height":800,"url":"https:\/\/www.pressenza.com\/wp-content\/uploads\/2015\/01\/la-fin-de-lempire1.jpg","type":"image\/jpeg"}],"author":"R\u00e9daction France","twitter_card":"summary_large_image","twitter_creator":"@PressenzaIPA","twitter_site":"@PressenzaIPA","twitter_misc":{"Escrito por":"R\u00e9daction France","Tiempo de lectura":"4 minutos"},"schema":{"@context":"https:\/\/schema.org","@graph":[{"@type":"Article","@id":"https:\/\/www.pressenza.com\/es\/2015\/01\/el-fin-del-imperio\/#article","isPartOf":{"@id":"https:\/\/www.pressenza.com\/es\/2015\/01\/el-fin-del-imperio\/"},"author":{"name":"R\u00e9daction France","@id":"https:\/\/www.pressenza.com\/es\/#\/schema\/person\/3c9fe6670cc2cffbd37562f87b98e869"},"headline":"El fin del imperio","datePublished":"2015-01-18T02:52:34+00:00","mainEntityOfPage":{"@id":"https:\/\/www.pressenza.com\/es\/2015\/01\/el-fin-del-imperio\/"},"wordCount":725,"publisher":{"@id":"https:\/\/www.pressenza.com\/es\/#organization"},"image":{"@id":"https:\/\/www.pressenza.com\/es\/2015\/01\/el-fin-del-imperio\/#primaryimage"},"thumbnailUrl":"https:\/\/www.pressenza.com\/wp-content\/uploads\/2015\/01\/la-fin-de-lempire1.jpg","keywords":["atentado","conciencia humana","control","poblaci\u00f3n","repatriaci\u00f3n de tropas"],"articleSection":["Europa","Humanismo y Espiritualidad","Noviolencia","Opiniones","Pol\u00edtica"],"inLanguage":"es"},{"@type":"WebPage","@id":"https:\/\/www.pressenza.com\/es\/2015\/01\/el-fin-del-imperio\/","url":"https:\/\/www.pressenza.com\/es\/2015\/01\/el-fin-del-imperio\/","name":"El fin del imperio","isPartOf":{"@id":"https:\/\/www.pressenza.com\/es\/#website"},"primaryImageOfPage":{"@id":"https:\/\/www.pressenza.com\/es\/2015\/01\/el-fin-del-imperio\/#primaryimage"},"image":{"@id":"https:\/\/www.pressenza.com\/es\/2015\/01\/el-fin-del-imperio\/#primaryimage"},"thumbnailUrl":"https:\/\/www.pressenza.com\/wp-content\/uploads\/2015\/01\/la-fin-de-lempire1.jpg","datePublished":"2015-01-18T02:52:34+00:00","description":"Pressenza comparte la carta que Jic\u00e9 ha escrito tras los recientes atentados en Francia. El punto de vista del proceso se desarrolla en ella. Se trata de","breadcrumb":{"@id":"https:\/\/www.pressenza.com\/es\/2015\/01\/el-fin-del-imperio\/#breadcrumb"},"inLanguage":"es","potentialAction":[{"@type":"ReadAction","target":["https:\/\/www.pressenza.com\/es\/2015\/01\/el-fin-del-imperio\/"]}]},{"@type":"ImageObject","inLanguage":"es","@id":"https:\/\/www.pressenza.com\/es\/2015\/01\/el-fin-del-imperio\/#primaryimage","url":"https:\/\/www.pressenza.com\/wp-content\/uploads\/2015\/01\/la-fin-de-lempire1.jpg","contentUrl":"https:\/\/www.pressenza.com\/wp-content\/uploads\/2015\/01\/la-fin-de-lempire1.jpg","width":1280,"height":800},{"@type":"BreadcrumbList","@id":"https:\/\/www.pressenza.com\/es\/2015\/01\/el-fin-del-imperio\/#breadcrumb","itemListElement":[{"@type":"ListItem","position":1,"name":"Accueil","item":"https:\/\/www.pressenza.com\/es\/"},{"@type":"ListItem","position":2,"name":"El fin del imperio"}]},{"@type":"WebSite","@id":"https:\/\/www.pressenza.com\/es\/#website","url":"https:\/\/www.pressenza.com\/es\/","name":"Pressenza","description":"International Press Agency","publisher":{"@id":"https:\/\/www.pressenza.com\/es\/#organization"},"potentialAction":[{"@type":"SearchAction","target":{"@type":"EntryPoint","urlTemplate":"https:\/\/www.pressenza.com\/es\/?s={search_term_string}"},"query-input":{"@type":"PropertyValueSpecification","valueRequired":true,"valueName":"search_term_string"}}],"inLanguage":"es"},{"@type":"Organization","@id":"https:\/\/www.pressenza.com\/es\/#organization","name":"Pressenza","url":"https:\/\/www.pressenza.com\/es\/","logo":{"@type":"ImageObject","inLanguage":"es","@id":"https:\/\/www.pressenza.com\/es\/#\/schema\/logo\/image\/","url":"https:\/\/www.pressenza.com\/wp-content\/uploads\/2022\/10\/pressenza_logo_200x200.jpg","contentUrl":"https:\/\/www.pressenza.com\/wp-content\/uploads\/2022\/10\/pressenza_logo_200x200.jpg","width":200,"height":200,"caption":"Pressenza"},"image":{"@id":"https:\/\/www.pressenza.com\/es\/#\/schema\/logo\/image\/"},"sameAs":["https:\/\/www.facebook.com\/PressenzaItalia","https:\/\/x.com\/PressenzaIPA"]},{"@type":"Person","@id":"https:\/\/www.pressenza.com\/es\/#\/schema\/person\/3c9fe6670cc2cffbd37562f87b98e869","name":"R\u00e9daction France","description":"News published by the Pressenza bureau in France","sameAs":["http:\/\/www.pressenza.com\/fr"],"url":"https:\/\/www.pressenza.com\/es\/author\/redactionfrance\/"}]}},"place":"","original_article_url":"","_links":{"self":[{"href":"https:\/\/www.pressenza.com\/es\/wp-json\/wp\/v2\/posts\/157180","targetHints":{"allow":["GET"]}}],"collection":[{"href":"https:\/\/www.pressenza.com\/es\/wp-json\/wp\/v2\/posts"}],"about":[{"href":"https:\/\/www.pressenza.com\/es\/wp-json\/wp\/v2\/types\/post"}],"author":[{"embeddable":true,"href":"https:\/\/www.pressenza.com\/es\/wp-json\/wp\/v2\/users\/926"}],"replies":[{"embeddable":true,"href":"https:\/\/www.pressenza.com\/es\/wp-json\/wp\/v2\/comments?post=157180"}],"version-history":[{"count":0,"href":"https:\/\/www.pressenza.com\/es\/wp-json\/wp\/v2\/posts\/157180\/revisions"}],"wp:featuredmedia":[{"embeddable":true,"href":"https:\/\/www.pressenza.com\/es\/wp-json\/wp\/v2\/media\/157181"}],"wp:attachment":[{"href":"https:\/\/www.pressenza.com\/es\/wp-json\/wp\/v2\/media?parent=157180"}],"wp:term":[{"taxonomy":"category","embeddable":true,"href":"https:\/\/www.pressenza.com\/es\/wp-json\/wp\/v2\/categories?post=157180"},{"taxonomy":"post_tag","embeddable":true,"href":"https:\/\/www.pressenza.com\/es\/wp-json\/wp\/v2\/tags?post=157180"}],"curies":[{"name":"wp","href":"https:\/\/api.w.org\/{rel}","templated":true}]}}