{"id":156975,"date":"2015-01-16T20:32:23","date_gmt":"2015-01-16T20:32:23","guid":{"rendered":"http:\/\/www.pressenza.com\/?p=156975"},"modified":"2015-01-16T20:32:23","modified_gmt":"2015-01-16T20:32:23","slug":"cronica-de-una-satanizacion-anunciada","status":"publish","type":"post","link":"https:\/\/www.pressenza.com\/es\/2015\/01\/cronica-de-una-satanizacion-anunciada\/","title":{"rendered":"Cr\u00f3nica de una satanizaci\u00f3n anunciada"},"content":{"rendered":"<p style=\"text-align: justify;\">Una nueva jornada de lucha social vivi\u00f3 Lima, la capital de Per\u00fa, este jueves 15 de enero a las 4 de la tarde en la hist\u00f3rica Plaza Dos de Mayo. Miles de manifestantes se pronunciaron en contra de la Ley 30288, denominada \u201cLey Pulp\u00edn\u201d, con la que se pretende establecer un nuevo r\u00e9gimen laboral juvenil recortando derechos laborales. La jornada, pese a su car\u00e1cter pac\u00edfico, termin\u00f3 nuevamente en enfrentamientos con la polic\u00eda nacional.<\/p>\n<p style=\"text-align: justify;\"><strong>Plaza Dos de Mayo, 16:30 horas:<\/strong> Pese a la ingente contrapropaganda del gobierno y de los medios de comunicaci\u00f3n, satanizando a los grupos organizadores, y a pesar de los divisionismos entre los mismos j\u00f3venes, llegan a la Plaza cientos de manifestantes de diversos grupos sindicales, gremiales, estudiantiles, de mujeres, etc. Todos muestran banderas, volantes, pancartas, y con altavoz en mano resuenan sus consignas: \u201c\u00a1Aqu\u00ed est\u00e1n, estos son\u2026 los que siempre luchar\u00e1n\u2026!\u201d<\/p>\n<p style=\"text-align: justify;\"><a href=\"http:\/\/www.pressenza.com\/wp-content\/uploads\/2015\/01\/IMG_20150115_173806080_HDR.jpg\"><img loading=\"lazy\" decoding=\"async\" class=\"alignnone size-medium wp-image-156980\" src=\"http:\/\/www.pressenza.com\/wp-content\/uploads\/2015\/01\/IMG_20150115_173806080_HDR-300x168.jpg\" alt=\"IMG_20150115_173806080_HDR\" width=\"300\" height=\"168\" srcset=\"https:\/\/www.pressenza.com\/wp-content\/uploads\/2015\/01\/IMG_20150115_173806080_HDR-300x168.jpg 300w, https:\/\/www.pressenza.com\/wp-content\/uploads\/2015\/01\/IMG_20150115_173806080_HDR-600x336.jpg 600w, https:\/\/www.pressenza.com\/wp-content\/uploads\/2015\/01\/IMG_20150115_173806080_HDR.jpg 800w\" sizes=\"auto, (max-width: 300px) 100vw, 300px\" \/><\/a><\/p>\n<p style=\"text-align: justify;\"><strong>17:30 horas:<\/strong> La Plaza Dos de Mayo se desborda. La han llenado miembros de la Central Unitaria de Trabajadores (CUT Per\u00fa), Confederaci\u00f3n General de Trabajadores del Per\u00fa (CGTP),\u00a0\u00a0 Confederaci\u00f3n Intersectorial de Trabajadores Estatales (CITE), estudiantes de la Universidad Federico Villarreal, Universidad Nacional Mayor de San Marcos, Escuela Nacional Superior Aut\u00f3noma de Bellas Artes del Per\u00fa, Centro de Estudios Humanistas \u201cNueva Civilizaci\u00f3n\u201d, entre otros. Se inicia la marcha hacia el Congreso de la Rep\u00fablica.<\/p>\n<p style=\"text-align: justify;\"><strong>18:00 horas:<\/strong> El mar de gente que llega a cerca de cinco mil, se desplaza por la c\u00e9ntrica Avenida Nicol\u00e1s de Pi\u00e9rola. De manera pac\u00edfica, se mezclan j\u00f3venes y adultos con carteles en mano, bombos y platillos, banderas de todos los colores, todas las razas y todas las edades. Numerosos efectivos policiales, acordonan con sus cuerpos la marcha, ataviados con escudos, equipos anti motines y m\u00e1scaras antig\u00e1s. A lo lejos se aprecian rejas m\u00f3viles que impiden cualquier intento de transitar por otras calles o avenidas. Estamos conscientes de que transitamos por un solo corredor y una sola salida.<\/p>\n<p style=\"text-align: justify;\"><a href=\"http:\/\/www.pressenza.com\/wp-content\/uploads\/2015\/01\/IMG_20150115_173955969.jpg\"><img loading=\"lazy\" decoding=\"async\" class=\"alignnone size-medium wp-image-156982\" src=\"http:\/\/www.pressenza.com\/wp-content\/uploads\/2015\/01\/IMG_20150115_173955969-300x168.jpg\" alt=\"IMG_20150115_173955969\" width=\"300\" height=\"168\" srcset=\"https:\/\/www.pressenza.com\/wp-content\/uploads\/2015\/01\/IMG_20150115_173955969-300x168.jpg 300w, https:\/\/www.pressenza.com\/wp-content\/uploads\/2015\/01\/IMG_20150115_173955969-600x336.jpg 600w, https:\/\/www.pressenza.com\/wp-content\/uploads\/2015\/01\/IMG_20150115_173955969.jpg 800w\" sizes=\"auto, (max-width: 300px) 100vw, 300px\" \/><\/a><\/p>\n<p style=\"text-align: justify;\"><strong>19:00 horas:<\/strong> Los manifestantes llegan a la Plaza San Mart\u00edn. Otro mar de gente nos espera aplaudiendo y gritando: \u201cAbajo la Ley Pulp\u00edn\u201d, \u201cSomos cholos, pero no baratos\u201d, \u00a0\u201cPor una sindicalizaci\u00f3n juvenil\u201d. La marcha se pone candente. El mar de gente rodea la plaza por el lado derecho, pasando por otro cord\u00f3n policial armado hasta los dientes. Por un momento, la plaza se llena, pudiendo apreciarse grupos gremiales y juveniles unidos en su lucha por impedir que se reduzcan derechos fundamentales como las vacaciones, compensaci\u00f3n por tiempo de servicios, utilidades\u2026 Es la cuarta jornada y el \u00e1nimo no ha disminuido un \u00e1pice, por el contrario, se han sumado gremios sindicales a la lucha juvenil.<\/p>\n<p style=\"text-align: justify;\"><a href=\"http:\/\/www.pressenza.com\/wp-content\/uploads\/2015\/01\/IMG_20150115_174158154.jpg\"><img loading=\"lazy\" decoding=\"async\" class=\"alignnone size-medium wp-image-156983\" src=\"http:\/\/www.pressenza.com\/wp-content\/uploads\/2015\/01\/IMG_20150115_174158154-300x168.jpg\" alt=\"IMG_20150115_174158154\" width=\"300\" height=\"168\" srcset=\"https:\/\/www.pressenza.com\/wp-content\/uploads\/2015\/01\/IMG_20150115_174158154-300x168.jpg 300w, https:\/\/www.pressenza.com\/wp-content\/uploads\/2015\/01\/IMG_20150115_174158154-600x336.jpg 600w, https:\/\/www.pressenza.com\/wp-content\/uploads\/2015\/01\/IMG_20150115_174158154.jpg 800w\" sizes=\"auto, (max-width: 300px) 100vw, 300px\" \/><\/a><\/p>\n<p style=\"text-align: justify;\"><strong>19:30 horas:<\/strong> El primer grupo de manifestantes transita por la Avenida Nicol\u00e1s de Pi\u00e9rola en direcci\u00f3n al Parque Universitario. Le siguen los manifestantes de la CUT, Bellas Artes y otros. Los bombos y platillos siguen animando la jornada. Los altavoces alcanzan su cl\u00edmax con la frase \u201cUn pueblo indiferente, es un pueblo sirviente\u201d &#8211; en clara alusi\u00f3n a los involuntarios espectadores que a esa hora salen de trabajar &#8211; \u201cVamos pueblo carajo, el pueblo no se rinde carajo\u201d\u2026 De pronto, cunde la confusi\u00f3n. Bombas lacrim\u00f3genas caen por doquier, hay que taparse el rostro y reponerse de la sorpresa. <strong>\u00bfEn qu\u00e9 momento se perdi\u00f3 el sentido no-violento de la jornada?<\/strong> Ya no hay tiempo, solo hay que correr.<\/p>\n<p style=\"text-align: justify;\"><strong>19:45 horas:<\/strong> \u00bfQui\u00e9n tir\u00f3 la primera piedra? Los medios de comunicaci\u00f3n inmediatamente informan que \u201cun grupo de desadaptados salieron con pintura y agredieron a los polic\u00edas, quienes en un af\u00e1n de defenderse, tiraron bombas lacrim\u00f3genas a los manifestantes\u201d. Otros se\u00f1alan el primer ataque por parte de los polic\u00edas. El resultado estaba anunciado: los manifestantes son repelidos, arrinconados, obligados a salir por los Jirones Az\u00e1ngaro, Lampa, Carabaya. Nadie podr\u00e1 desplazarse por la avenida Abancay y, menos a\u00fan, dirigirse a la sede del Congreso de la Rep\u00fablica. Un mal sabor queda en los manifestantes una vez m\u00e1s, el sabor a derrota, mientras la polic\u00eda se lleva una veintena de detenidos.<\/p>\n<p style=\"text-align: justify;\"><strong>22:00 horas:<\/strong> Los medios de comunicaci\u00f3n difunden escenas violentas. Manifestantes y polic\u00edas otra vez enfrentados: sangre, bombas, golpes, palos, gritos, correteos, persecuciones, detenciones. La pregunta queda en el aire: <strong>\u00bfPor qu\u00e9 el gobierno peruano se empecina en dar una ley antipopular que hoy alcanza el 61% de desaprobaci\u00f3n?<\/strong><\/p>\n<p style=\"text-align: justify;\">En su cuarta jornada, la manifestaci\u00f3n congreg\u00f3 a m\u00e1s de cinco mil personas en contra de la Ley 30288, Ley Pulp\u00edn. Los grupos juveniles reclaman la derogatoria de la norma y un debate amplio de parte del Congreso por una nueva ley laboral. \u00c9ste se realizar\u00e1 el 28 de enero pr\u00f3ximo.<\/p>\n<p style=\"text-align: justify;\">Seg\u00fan se prev\u00e9, habr\u00e1 nuevas jornadas de protestas as\u00ed como nuevas contrapropagandas por parte del gobierno central. \u00bfDi\u00e1logo de sordos? Es evidente que la coyuntura pone en el tapete un tema de fondo: <strong>el fracaso del sistema econ\u00f3mico que no responde al factor social, al cual se debe llegar no con imposiciones, sino mediante el di\u00e1logo y formas no-violentas, por el bien de todos.<\/strong><\/p>\n","protected":false},"excerpt":{"rendered":"<p>Una nueva jornada de lucha social vivi\u00f3 Lima, la capital de Per\u00fa, este jueves 15 de enero a las 4 de la tarde en la hist\u00f3rica Plaza Dos de Mayo. Miles de manifestantes se pronunciaron en contra de la Ley&hellip;<\/p>\n","protected":false},"author":831,"featured_media":156978,"comment_status":"closed","ping_status":"open","sticky":false,"template":"","format":"standard","meta":{"footnotes":""},"categories":[11389,79,1241,1242,74,67],"tags":[7625,1274,7207,383,1560],"class_list":["post-156975","post","type-post","status-publish","format-standard","has-post-thumbnail","hentry","category-contenido-original","category-derechos-humanos","category-diversidad","category-noviolencia-tema","category-politica-es","category-sudamerica","tag-derechos-laborales","tag-jovenes","tag-lima","tag-noviolencia","tag-peru"],"yoast_head":"<!-- This site is optimized with the Yoast SEO plugin v27.1.1 - https:\/\/yoast.com\/product\/yoast-seo-wordpress\/ -->\n<title>Cr\u00f3nica de una satanizaci\u00f3n anunciada<\/title>\n<meta name=\"description\" content=\"Una nueva jornada de lucha social vivi\u00f3 Lima, la capital de Per\u00fa, este jueves 15 de enero a las 4 de la tarde en la hist\u00f3rica Plaza Dos de Mayo. Miles de\" \/>\n<meta name=\"robots\" content=\"index, follow, max-snippet:-1, max-image-preview:large, max-video-preview:-1\" \/>\n<link rel=\"canonical\" href=\"https:\/\/www.pressenza.com\/es\/2015\/01\/cronica-de-una-satanizacion-anunciada\/\" \/>\n<meta property=\"og:locale\" content=\"es_ES\" \/>\n<meta property=\"og:type\" content=\"article\" \/>\n<meta property=\"og:title\" content=\"Cr\u00f3nica de una satanizaci\u00f3n anunciada\" \/>\n<meta property=\"og:description\" content=\"Una nueva jornada de lucha social vivi\u00f3 Lima, la capital de Per\u00fa, este jueves 15 de enero a las 4 de la tarde en la hist\u00f3rica Plaza Dos de Mayo. Miles de\" \/>\n<meta property=\"og:url\" content=\"https:\/\/www.pressenza.com\/es\/2015\/01\/cronica-de-una-satanizacion-anunciada\/\" \/>\n<meta property=\"og:site_name\" content=\"Pressenza\" \/>\n<meta property=\"article:publisher\" content=\"https:\/\/www.facebook.com\/PressenzaItalia\" \/>\n<meta property=\"article:published_time\" content=\"2015-01-16T20:32:23+00:00\" \/>\n<meta property=\"og:image\" content=\"https:\/\/www.pressenza.com\/wp-content\/uploads\/2015\/01\/IMG_20150115_170143315_HDR.jpg\" \/>\n\t<meta property=\"og:image:width\" content=\"800\" \/>\n\t<meta property=\"og:image:height\" content=\"449\" \/>\n\t<meta property=\"og:image:type\" content=\"image\/jpeg\" \/>\n<meta name=\"author\" content=\"Redacci\u00f3n Per\u00fa\" \/>\n<meta name=\"twitter:card\" content=\"summary_large_image\" \/>\n<meta name=\"twitter:creator\" content=\"@PressenzaIPA\" \/>\n<meta name=\"twitter:site\" content=\"@PressenzaIPA\" \/>\n<meta name=\"twitter:label1\" content=\"Escrito por\" \/>\n\t<meta name=\"twitter:data1\" content=\"Redacci\u00f3n Per\u00fa\" \/>\n\t<meta name=\"twitter:label2\" content=\"Tiempo de lectura\" \/>\n\t<meta name=\"twitter:data2\" content=\"4 minutos\" \/>\n<script type=\"application\/ld+json\" class=\"yoast-schema-graph\">{\"@context\":\"https:\/\/schema.org\",\"@graph\":[{\"@type\":\"Article\",\"@id\":\"https:\/\/www.pressenza.com\/es\/2015\/01\/cronica-de-una-satanizacion-anunciada\/#article\",\"isPartOf\":{\"@id\":\"https:\/\/www.pressenza.com\/es\/2015\/01\/cronica-de-una-satanizacion-anunciada\/\"},\"author\":{\"name\":\"Redacci\u00f3n Per\u00fa\",\"@id\":\"https:\/\/www.pressenza.com\/es\/#\/schema\/person\/e86c29a41185b85084a478822f5de81b\"},\"headline\":\"Cr\u00f3nica de una satanizaci\u00f3n anunciada\",\"datePublished\":\"2015-01-16T20:32:23+00:00\",\"mainEntityOfPage\":{\"@id\":\"https:\/\/www.pressenza.com\/es\/2015\/01\/cronica-de-una-satanizacion-anunciada\/\"},\"wordCount\":869,\"publisher\":{\"@id\":\"https:\/\/www.pressenza.com\/es\/#organization\"},\"image\":{\"@id\":\"https:\/\/www.pressenza.com\/es\/2015\/01\/cronica-de-una-satanizacion-anunciada\/#primaryimage\"},\"thumbnailUrl\":\"https:\/\/www.pressenza.com\/wp-content\/uploads\/2015\/01\/IMG_20150115_170143315_HDR.jpg\",\"keywords\":[\"Derechos laborales\",\"j\u00f3venes\",\"Lima\",\"Noviolencia\",\"Per\u00fa\"],\"articleSection\":[\"Contenido Original\",\"Derechos Humanos\",\"Diversidad\",\"Noviolencia\",\"Pol\u00edtica\",\"Sudam\u00e9rica\"],\"inLanguage\":\"es\"},{\"@type\":\"WebPage\",\"@id\":\"https:\/\/www.pressenza.com\/es\/2015\/01\/cronica-de-una-satanizacion-anunciada\/\",\"url\":\"https:\/\/www.pressenza.com\/es\/2015\/01\/cronica-de-una-satanizacion-anunciada\/\",\"name\":\"Cr\u00f3nica de una satanizaci\u00f3n anunciada\",\"isPartOf\":{\"@id\":\"https:\/\/www.pressenza.com\/es\/#website\"},\"primaryImageOfPage\":{\"@id\":\"https:\/\/www.pressenza.com\/es\/2015\/01\/cronica-de-una-satanizacion-anunciada\/#primaryimage\"},\"image\":{\"@id\":\"https:\/\/www.pressenza.com\/es\/2015\/01\/cronica-de-una-satanizacion-anunciada\/#primaryimage\"},\"thumbnailUrl\":\"https:\/\/www.pressenza.com\/wp-content\/uploads\/2015\/01\/IMG_20150115_170143315_HDR.jpg\",\"datePublished\":\"2015-01-16T20:32:23+00:00\",\"description\":\"Una nueva jornada de lucha social vivi\u00f3 Lima, la capital de Per\u00fa, este jueves 15 de enero a las 4 de la tarde en la hist\u00f3rica Plaza Dos de Mayo. Miles de\",\"breadcrumb\":{\"@id\":\"https:\/\/www.pressenza.com\/es\/2015\/01\/cronica-de-una-satanizacion-anunciada\/#breadcrumb\"},\"inLanguage\":\"es\",\"potentialAction\":[{\"@type\":\"ReadAction\",\"target\":[\"https:\/\/www.pressenza.com\/es\/2015\/01\/cronica-de-una-satanizacion-anunciada\/\"]}]},{\"@type\":\"ImageObject\",\"inLanguage\":\"es\",\"@id\":\"https:\/\/www.pressenza.com\/es\/2015\/01\/cronica-de-una-satanizacion-anunciada\/#primaryimage\",\"url\":\"https:\/\/www.pressenza.com\/wp-content\/uploads\/2015\/01\/IMG_20150115_170143315_HDR.jpg\",\"contentUrl\":\"https:\/\/www.pressenza.com\/wp-content\/uploads\/2015\/01\/IMG_20150115_170143315_HDR.jpg\",\"width\":800,\"height\":449},{\"@type\":\"BreadcrumbList\",\"@id\":\"https:\/\/www.pressenza.com\/es\/2015\/01\/cronica-de-una-satanizacion-anunciada\/#breadcrumb\",\"itemListElement\":[{\"@type\":\"ListItem\",\"position\":1,\"name\":\"Accueil\",\"item\":\"https:\/\/www.pressenza.com\/es\/\"},{\"@type\":\"ListItem\",\"position\":2,\"name\":\"Cr\u00f3nica de una satanizaci\u00f3n anunciada\"}]},{\"@type\":\"WebSite\",\"@id\":\"https:\/\/www.pressenza.com\/es\/#website\",\"url\":\"https:\/\/www.pressenza.com\/es\/\",\"name\":\"Pressenza\",\"description\":\"International Press Agency\",\"publisher\":{\"@id\":\"https:\/\/www.pressenza.com\/es\/#organization\"},\"potentialAction\":[{\"@type\":\"SearchAction\",\"target\":{\"@type\":\"EntryPoint\",\"urlTemplate\":\"https:\/\/www.pressenza.com\/es\/?s={search_term_string}\"},\"query-input\":{\"@type\":\"PropertyValueSpecification\",\"valueRequired\":true,\"valueName\":\"search_term_string\"}}],\"inLanguage\":\"es\"},{\"@type\":\"Organization\",\"@id\":\"https:\/\/www.pressenza.com\/es\/#organization\",\"name\":\"Pressenza\",\"url\":\"https:\/\/www.pressenza.com\/es\/\",\"logo\":{\"@type\":\"ImageObject\",\"inLanguage\":\"es\",\"@id\":\"https:\/\/www.pressenza.com\/es\/#\/schema\/logo\/image\/\",\"url\":\"https:\/\/www.pressenza.com\/wp-content\/uploads\/2022\/10\/pressenza_logo_200x200.jpg\",\"contentUrl\":\"https:\/\/www.pressenza.com\/wp-content\/uploads\/2022\/10\/pressenza_logo_200x200.jpg\",\"width\":200,\"height\":200,\"caption\":\"Pressenza\"},\"image\":{\"@id\":\"https:\/\/www.pressenza.com\/es\/#\/schema\/logo\/image\/\"},\"sameAs\":[\"https:\/\/www.facebook.com\/PressenzaItalia\",\"https:\/\/x.com\/PressenzaIPA\"]},{\"@type\":\"Person\",\"@id\":\"https:\/\/www.pressenza.com\/es\/#\/schema\/person\/e86c29a41185b85084a478822f5de81b\",\"name\":\"Redacci\u00f3n Per\u00fa\",\"description\":\"News published by the Pressenza bureau in Peru\",\"url\":\"https:\/\/www.pressenza.com\/es\/author\/redaccion-peru\/\"}]}<\/script>\n<!-- \/ Yoast SEO plugin. -->","yoast_head_json":{"title":"Cr\u00f3nica de una satanizaci\u00f3n anunciada","description":"Una nueva jornada de lucha social vivi\u00f3 Lima, la capital de Per\u00fa, este jueves 15 de enero a las 4 de la tarde en la hist\u00f3rica Plaza Dos de Mayo. Miles de","robots":{"index":"index","follow":"follow","max-snippet":"max-snippet:-1","max-image-preview":"max-image-preview:large","max-video-preview":"max-video-preview:-1"},"canonical":"https:\/\/www.pressenza.com\/es\/2015\/01\/cronica-de-una-satanizacion-anunciada\/","og_locale":"es_ES","og_type":"article","og_title":"Cr\u00f3nica de una satanizaci\u00f3n anunciada","og_description":"Una nueva jornada de lucha social vivi\u00f3 Lima, la capital de Per\u00fa, este jueves 15 de enero a las 4 de la tarde en la hist\u00f3rica Plaza Dos de Mayo. Miles de","og_url":"https:\/\/www.pressenza.com\/es\/2015\/01\/cronica-de-una-satanizacion-anunciada\/","og_site_name":"Pressenza","article_publisher":"https:\/\/www.facebook.com\/PressenzaItalia","article_published_time":"2015-01-16T20:32:23+00:00","og_image":[{"width":800,"height":449,"url":"https:\/\/www.pressenza.com\/wp-content\/uploads\/2015\/01\/IMG_20150115_170143315_HDR.jpg","type":"image\/jpeg"}],"author":"Redacci\u00f3n Per\u00fa","twitter_card":"summary_large_image","twitter_creator":"@PressenzaIPA","twitter_site":"@PressenzaIPA","twitter_misc":{"Escrito por":"Redacci\u00f3n Per\u00fa","Tiempo de lectura":"4 minutos"},"schema":{"@context":"https:\/\/schema.org","@graph":[{"@type":"Article","@id":"https:\/\/www.pressenza.com\/es\/2015\/01\/cronica-de-una-satanizacion-anunciada\/#article","isPartOf":{"@id":"https:\/\/www.pressenza.com\/es\/2015\/01\/cronica-de-una-satanizacion-anunciada\/"},"author":{"name":"Redacci\u00f3n Per\u00fa","@id":"https:\/\/www.pressenza.com\/es\/#\/schema\/person\/e86c29a41185b85084a478822f5de81b"},"headline":"Cr\u00f3nica de una satanizaci\u00f3n anunciada","datePublished":"2015-01-16T20:32:23+00:00","mainEntityOfPage":{"@id":"https:\/\/www.pressenza.com\/es\/2015\/01\/cronica-de-una-satanizacion-anunciada\/"},"wordCount":869,"publisher":{"@id":"https:\/\/www.pressenza.com\/es\/#organization"},"image":{"@id":"https:\/\/www.pressenza.com\/es\/2015\/01\/cronica-de-una-satanizacion-anunciada\/#primaryimage"},"thumbnailUrl":"https:\/\/www.pressenza.com\/wp-content\/uploads\/2015\/01\/IMG_20150115_170143315_HDR.jpg","keywords":["Derechos laborales","j\u00f3venes","Lima","Noviolencia","Per\u00fa"],"articleSection":["Contenido Original","Derechos Humanos","Diversidad","Noviolencia","Pol\u00edtica","Sudam\u00e9rica"],"inLanguage":"es"},{"@type":"WebPage","@id":"https:\/\/www.pressenza.com\/es\/2015\/01\/cronica-de-una-satanizacion-anunciada\/","url":"https:\/\/www.pressenza.com\/es\/2015\/01\/cronica-de-una-satanizacion-anunciada\/","name":"Cr\u00f3nica de una satanizaci\u00f3n anunciada","isPartOf":{"@id":"https:\/\/www.pressenza.com\/es\/#website"},"primaryImageOfPage":{"@id":"https:\/\/www.pressenza.com\/es\/2015\/01\/cronica-de-una-satanizacion-anunciada\/#primaryimage"},"image":{"@id":"https:\/\/www.pressenza.com\/es\/2015\/01\/cronica-de-una-satanizacion-anunciada\/#primaryimage"},"thumbnailUrl":"https:\/\/www.pressenza.com\/wp-content\/uploads\/2015\/01\/IMG_20150115_170143315_HDR.jpg","datePublished":"2015-01-16T20:32:23+00:00","description":"Una nueva jornada de lucha social vivi\u00f3 Lima, la capital de Per\u00fa, este jueves 15 de enero a las 4 de la tarde en la hist\u00f3rica Plaza Dos de Mayo. Miles de","breadcrumb":{"@id":"https:\/\/www.pressenza.com\/es\/2015\/01\/cronica-de-una-satanizacion-anunciada\/#breadcrumb"},"inLanguage":"es","potentialAction":[{"@type":"ReadAction","target":["https:\/\/www.pressenza.com\/es\/2015\/01\/cronica-de-una-satanizacion-anunciada\/"]}]},{"@type":"ImageObject","inLanguage":"es","@id":"https:\/\/www.pressenza.com\/es\/2015\/01\/cronica-de-una-satanizacion-anunciada\/#primaryimage","url":"https:\/\/www.pressenza.com\/wp-content\/uploads\/2015\/01\/IMG_20150115_170143315_HDR.jpg","contentUrl":"https:\/\/www.pressenza.com\/wp-content\/uploads\/2015\/01\/IMG_20150115_170143315_HDR.jpg","width":800,"height":449},{"@type":"BreadcrumbList","@id":"https:\/\/www.pressenza.com\/es\/2015\/01\/cronica-de-una-satanizacion-anunciada\/#breadcrumb","itemListElement":[{"@type":"ListItem","position":1,"name":"Accueil","item":"https:\/\/www.pressenza.com\/es\/"},{"@type":"ListItem","position":2,"name":"Cr\u00f3nica de una satanizaci\u00f3n anunciada"}]},{"@type":"WebSite","@id":"https:\/\/www.pressenza.com\/es\/#website","url":"https:\/\/www.pressenza.com\/es\/","name":"Pressenza","description":"International Press Agency","publisher":{"@id":"https:\/\/www.pressenza.com\/es\/#organization"},"potentialAction":[{"@type":"SearchAction","target":{"@type":"EntryPoint","urlTemplate":"https:\/\/www.pressenza.com\/es\/?s={search_term_string}"},"query-input":{"@type":"PropertyValueSpecification","valueRequired":true,"valueName":"search_term_string"}}],"inLanguage":"es"},{"@type":"Organization","@id":"https:\/\/www.pressenza.com\/es\/#organization","name":"Pressenza","url":"https:\/\/www.pressenza.com\/es\/","logo":{"@type":"ImageObject","inLanguage":"es","@id":"https:\/\/www.pressenza.com\/es\/#\/schema\/logo\/image\/","url":"https:\/\/www.pressenza.com\/wp-content\/uploads\/2022\/10\/pressenza_logo_200x200.jpg","contentUrl":"https:\/\/www.pressenza.com\/wp-content\/uploads\/2022\/10\/pressenza_logo_200x200.jpg","width":200,"height":200,"caption":"Pressenza"},"image":{"@id":"https:\/\/www.pressenza.com\/es\/#\/schema\/logo\/image\/"},"sameAs":["https:\/\/www.facebook.com\/PressenzaItalia","https:\/\/x.com\/PressenzaIPA"]},{"@type":"Person","@id":"https:\/\/www.pressenza.com\/es\/#\/schema\/person\/e86c29a41185b85084a478822f5de81b","name":"Redacci\u00f3n Per\u00fa","description":"News published by the Pressenza bureau in Peru","url":"https:\/\/www.pressenza.com\/es\/author\/redaccion-peru\/"}]}},"place":"","original_article_url":"","_links":{"self":[{"href":"https:\/\/www.pressenza.com\/es\/wp-json\/wp\/v2\/posts\/156975","targetHints":{"allow":["GET"]}}],"collection":[{"href":"https:\/\/www.pressenza.com\/es\/wp-json\/wp\/v2\/posts"}],"about":[{"href":"https:\/\/www.pressenza.com\/es\/wp-json\/wp\/v2\/types\/post"}],"author":[{"embeddable":true,"href":"https:\/\/www.pressenza.com\/es\/wp-json\/wp\/v2\/users\/831"}],"replies":[{"embeddable":true,"href":"https:\/\/www.pressenza.com\/es\/wp-json\/wp\/v2\/comments?post=156975"}],"version-history":[{"count":0,"href":"https:\/\/www.pressenza.com\/es\/wp-json\/wp\/v2\/posts\/156975\/revisions"}],"wp:featuredmedia":[{"embeddable":true,"href":"https:\/\/www.pressenza.com\/es\/wp-json\/wp\/v2\/media\/156978"}],"wp:attachment":[{"href":"https:\/\/www.pressenza.com\/es\/wp-json\/wp\/v2\/media?parent=156975"}],"wp:term":[{"taxonomy":"category","embeddable":true,"href":"https:\/\/www.pressenza.com\/es\/wp-json\/wp\/v2\/categories?post=156975"},{"taxonomy":"post_tag","embeddable":true,"href":"https:\/\/www.pressenza.com\/es\/wp-json\/wp\/v2\/tags?post=156975"}],"curies":[{"name":"wp","href":"https:\/\/api.w.org\/{rel}","templated":true}]}}