{"id":1568090,"date":"2022-04-21T17:26:17","date_gmt":"2022-04-21T16:26:17","guid":{"rendered":"https:\/\/www.pressenza.com\/?p=1568090"},"modified":"2022-04-22T12:58:46","modified_gmt":"2022-04-22T11:58:46","slug":"un-nuevo-faro-para-alumbrar-el-camino-de-santiago","status":"publish","type":"post","link":"https:\/\/www.pressenza.com\/es\/2022\/04\/un-nuevo-faro-para-alumbrar-el-camino-de-santiago\/","title":{"rendered":"Un nuevo faro para alumbrar el Camino de Santiago"},"content":{"rendered":"<p>Un nuevo faro comenzar\u00e1 en breve a alumbrar el Camino de Santiago.<\/p>\n<p>Un faro que ya ilumina el coraz\u00f3n de sus promotores.<\/p>\n<p>El proyecto, lanzado por la <strong>Asociaci\u00f3n Peregrinos del Camino \u201cEl Mensaje de Silo\u201d<\/strong>, ha tocado tierra con la compra de los terrenos en los que estar\u00e1 ubicada la <a href=\"https:\/\/salacompostela.org\" target=\"_blank\" rel=\"noopener\">Sala Compostela<\/a>.<\/p>\n<p>Efectivamente, el 12 de abril pasado, se procedi\u00f3 a la firma ante notario de la compra del terreno donde se erigir\u00e1 la Sala Compostela.<\/p>\n<p><img loading=\"lazy\" decoding=\"async\" class=\"aligncenter wp-image-1568171 size-large\" src=\"https:\/\/www.pressenza.com\/wp-content\/uploads\/2022\/04\/Entrega-llaves-960x540-1-820x461.jpg\" alt=\"\" width=\"820\" height=\"461\" srcset=\"https:\/\/www.pressenza.com\/wp-content\/uploads\/2022\/04\/Entrega-llaves-960x540-1-820x461.jpg 820w, https:\/\/www.pressenza.com\/wp-content\/uploads\/2022\/04\/Entrega-llaves-960x540-1-300x169.jpg 300w, https:\/\/www.pressenza.com\/wp-content\/uploads\/2022\/04\/Entrega-llaves-960x540-1.jpg 960w\" sizes=\"auto, (max-width: 820px) 100vw, 820px\" \/><\/p>\n<p>El terreno est\u00e1 localizado en la calle Vilaseira, 4, localidad de Negreira, A Coru\u00f1a.<\/p>\n<p style=\"text-align: center;\"><iframe loading=\"lazy\" style=\"border: 0;\" src=\"https:\/\/www.google.com\/maps\/embed?pb=!1m14!1m8!1m3!1d2867.422512342206!2d-8.849656098117073!3d42.943214508325624!3m2!1i1024!2i768!4f13.1!3m3!1m2!1s0xd2edd9b5abe2b77%3A0x3e7326afad10a44a!2zNDLCsDU2JzM1LjciTiA4wrA1MCc1My4wIlc!5e1!3m2!1ses!2ses!4v1650627106548!5m2!1ses!2ses\" width=\"600\" height=\"450\" allowfullscreen=\"allowfullscreen\"><\/iframe><\/p>\n<p style=\"text-align: center;\"><a href=\"https:\/\/goo.gl\/maps\/DZMkUMgmYqsu5fuL9\">https:\/\/goo.gl\/maps\/DZMkUMgmYqsu5fuL9<\/a><\/p>\n<p style=\"text-align: right;\"><iframe loading=\"lazy\" style=\"border: none; overflow: hidden;\" src=\"https:\/\/www.facebook.com\/plugins\/post.php?href=https%3A%2F%2Fwww.facebook.com%2Fpermalink.php%3Fstory_fbid%3D518587253312019%26id%3D104186388085443&amp;show_text=true&amp;width=820\" width=\"820\" height=\"820\" frameborder=\"0\" scrolling=\"no\" allowfullscreen=\"allowfullscreen\"><\/iframe><\/p>\n<p>As\u00ed definen los promotores del proyecto su inter\u00e9s:<\/p>\n<p><em>\u201cPor mas de cuatro mil a\u00f1os se viene peregrinando desde los m\u00e1s rec\u00f3nditos lugares de Europa a Santiago de Compostela. \u201cCompostela\u201d: Campo de Estrellas, donde cayeron las estrellas, a donde cada a\u00f1o llegan 300.000 caminantes ahora desde todas las regiones del planeta.<\/em><\/p>\n<p><em>En una de las ramas de este camino queremos materializar nuestra Sala de El Mensaje de Silo. Un lugar de inspiraci\u00f3n, de reparaci\u00f3n, de amistad y de alegr\u00eda para los peregrinos; un lugar de irradiaci\u00f3n de un nuevo esp\u00edritu\u201d<\/em>.<\/p>\n<p>Tras la firma y al d\u00eda siguiente, en el lugar en el que se levantar\u00e1 la Sala, se realiz\u00f3 una ceremonia de quema de Pedidos y en un ambiente alegre y festivo, se compartieron comida, buena conversaci\u00f3n y buenos sentimientos.<\/p>\n<p style=\"text-align: center;\"><iframe loading=\"lazy\" title=\"YouTube video player\" src=\"https:\/\/www.youtube.com\/embed\/tVrYJ-tB4ww\" width=\"560\" height=\"315\" frameborder=\"0\" allowfullscreen=\"allowfullscreen\"><\/iframe><\/p>\n<p>Este es el luminoso futuro que auguran los promotores:<\/p>\n<p><em>\u201cAhora entramos en la siguiente fase.<\/em><\/p>\n<p><em>Por un lado, preparar la casa para poder habitarla y que se pueda utilizar durante la construcci\u00f3n de la Sala. <\/em><\/p>\n<p><em>Por otro lado, preparar los papeles para solicitar en el Ayuntamiento la licencia de obras. Este tr\u00e1mite demorar\u00e1 entre dos y tres meses. Es un tr\u00e1mite menor dado que ya tenemos la aprobaci\u00f3n del Departamento de Patrimonio de la Regi\u00f3n. <\/em><\/p>\n<p><em>Simult\u00e1neamente, a esta tramitaci\u00f3n, lanzaremos la segunda colecta econ\u00f3mica para recaudar el dinero para la construcci\u00f3n de la Sala.\u201d<\/em><\/p>\n<p><em>\u201cNuestra imagen es iniciar la construcci\u00f3n de nuestra Sala a finales de verano (agosto\/septiembre), con la imagen de inaugurar el pr\u00f3ximo a\u00f1o.\u201d<\/em><\/p>\n<p><em>\u00a0\u201cEste Faro de Luz en tiempos de crisis, tiene un potencial de irradiaci\u00f3n muy grande. Sobre 50.000 peregrinos (algunas fuentes hablan de 90.000) pasar\u00e1n por delante de nuestra Sala. <\/em><\/p>\n<p><em>Pero adem\u00e1s en los caminos que llegan a Santiago (el camino franc\u00e9s, el camino portugu\u00e9s y el camino ingl\u00e9s) queremos poner nuestras se\u00f1ales en diferentes idiomas para que los peregrinos en b\u00fasqueda, los que llevan el fracaso en el coraz\u00f3n, contin\u00faen el camino hasta nuestra Sala.<\/em><\/p>\n<p><em>Estamos hablando de que unos 500.000 peregrinos ver\u00e1n nuestras se\u00f1ales cada a\u00f1o.\u201d<\/em><\/p>\n<p>Nos sumamos a estos buenos deseos para que este nuevo faro sea construido a la mayor brevedad y pueda iluminar, mas pronto que tarde, el coraz\u00f3n de tantos peregrinos\u00a0 que buscan el nacimiento de la nueva espiritualidad.<\/p>\n","protected":false},"excerpt":{"rendered":"<p>Un nuevo faro comenzar\u00e1 en breve a alumbrar el Camino de Santiago. Un faro que ya ilumina el coraz\u00f3n de sus promotores. El proyecto, lanzado por la Asociaci\u00f3n Peregrinos del Camino \u201cEl Mensaje de Silo\u201d, ha tocado tierra con la&hellip;<\/p>\n","protected":false},"author":1619,"featured_media":1568101,"comment_status":"closed","ping_status":"closed","sticky":false,"template":"","format":"standard","meta":{"footnotes":""},"categories":[1240],"tags":[101326,27358,101325],"class_list":["post-1568090","post","type-post","status-publish","format-standard","has-post-thumbnail","hentry","category-humanismo-espiritualidad","tag-camino-de-santiago","tag-mensaje-de-silo","tag-sala-compostela"],"yoast_head":"<!-- This site is optimized with the Yoast SEO plugin v27.1.1 - https:\/\/yoast.com\/product\/yoast-seo-wordpress\/ -->\n<title>Un nuevo faro para alumbrar el Camino de Santiago<\/title>\n<meta name=\"description\" content=\"Un nuevo faro para alumbrar el Camino de Santiago. Un nuevo faro comenzar\u00e1 en breve a alumbrar el Camino de Santiago.\" \/>\n<meta name=\"robots\" content=\"index, follow, max-snippet:-1, max-image-preview:large, max-video-preview:-1\" \/>\n<link rel=\"canonical\" href=\"https:\/\/www.pressenza.com\/es\/2022\/04\/un-nuevo-faro-para-alumbrar-el-camino-de-santiago\/\" \/>\n<meta property=\"og:locale\" content=\"es_ES\" \/>\n<meta property=\"og:type\" content=\"article\" \/>\n<meta property=\"og:title\" content=\"Un nuevo faro para alumbrar el Camino de Santiago\" \/>\n<meta property=\"og:description\" content=\"Un nuevo faro para alumbrar el Camino de Santiago. Un nuevo faro comenzar\u00e1 en breve a alumbrar el Camino de Santiago.\" \/>\n<meta property=\"og:url\" content=\"https:\/\/www.pressenza.com\/es\/2022\/04\/un-nuevo-faro-para-alumbrar-el-camino-de-santiago\/\" \/>\n<meta property=\"og:site_name\" content=\"Pressenza\" \/>\n<meta property=\"article:publisher\" content=\"https:\/\/www.facebook.com\/PressenzaItalia\" \/>\n<meta property=\"article:published_time\" content=\"2022-04-21T16:26:17+00:00\" \/>\n<meta property=\"article:modified_time\" content=\"2022-04-22T11:58:46+00:00\" \/>\n<meta property=\"og:image\" content=\"https:\/\/www.pressenza.com\/wp-content\/uploads\/2022\/04\/Sala-Compostela_20220421.jpg\" \/>\n\t<meta property=\"og:image:width\" content=\"720\" \/>\n\t<meta property=\"og:image:height\" content=\"405\" \/>\n\t<meta property=\"og:image:type\" content=\"image\/jpeg\" \/>\n<meta name=\"author\" content=\"Antonio Gancedo\" \/>\n<meta name=\"twitter:card\" content=\"summary_large_image\" \/>\n<meta name=\"twitter:creator\" content=\"@PressenzaIPA\" \/>\n<meta name=\"twitter:site\" content=\"@PressenzaIPA\" \/>\n<meta name=\"twitter:label1\" content=\"Escrito por\" \/>\n\t<meta name=\"twitter:data1\" content=\"Antonio Gancedo\" \/>\n\t<meta name=\"twitter:label2\" content=\"Tiempo de lectura\" \/>\n\t<meta name=\"twitter:data2\" content=\"3 minutos\" \/>\n<script type=\"application\/ld+json\" class=\"yoast-schema-graph\">{\"@context\":\"https:\/\/schema.org\",\"@graph\":[{\"@type\":\"Article\",\"@id\":\"https:\/\/www.pressenza.com\/es\/2022\/04\/un-nuevo-faro-para-alumbrar-el-camino-de-santiago\/#article\",\"isPartOf\":{\"@id\":\"https:\/\/www.pressenza.com\/es\/2022\/04\/un-nuevo-faro-para-alumbrar-el-camino-de-santiago\/\"},\"author\":{\"name\":\"Antonio Gancedo\",\"@id\":\"https:\/\/www.pressenza.com\/es\/#\/schema\/person\/0889c8e06f27db8f8ee7faaf15aa3439\"},\"headline\":\"Un nuevo faro para alumbrar el Camino de Santiago\",\"datePublished\":\"2022-04-21T16:26:17+00:00\",\"dateModified\":\"2022-04-22T11:58:46+00:00\",\"mainEntityOfPage\":{\"@id\":\"https:\/\/www.pressenza.com\/es\/2022\/04\/un-nuevo-faro-para-alumbrar-el-camino-de-santiago\/\"},\"wordCount\":510,\"publisher\":{\"@id\":\"https:\/\/www.pressenza.com\/es\/#organization\"},\"image\":{\"@id\":\"https:\/\/www.pressenza.com\/es\/2022\/04\/un-nuevo-faro-para-alumbrar-el-camino-de-santiago\/#primaryimage\"},\"thumbnailUrl\":\"https:\/\/www.pressenza.com\/wp-content\/uploads\/2022\/04\/Sala-Compostela_20220421.jpg\",\"keywords\":[\"Camino de Santiago\",\"Mensaje de Silo\",\"Sala Compostela\"],\"articleSection\":[\"Humanismo y Espiritualidad\"],\"inLanguage\":\"es\"},{\"@type\":\"WebPage\",\"@id\":\"https:\/\/www.pressenza.com\/es\/2022\/04\/un-nuevo-faro-para-alumbrar-el-camino-de-santiago\/\",\"url\":\"https:\/\/www.pressenza.com\/es\/2022\/04\/un-nuevo-faro-para-alumbrar-el-camino-de-santiago\/\",\"name\":\"Un nuevo faro para alumbrar el Camino de Santiago\",\"isPartOf\":{\"@id\":\"https:\/\/www.pressenza.com\/es\/#website\"},\"primaryImageOfPage\":{\"@id\":\"https:\/\/www.pressenza.com\/es\/2022\/04\/un-nuevo-faro-para-alumbrar-el-camino-de-santiago\/#primaryimage\"},\"image\":{\"@id\":\"https:\/\/www.pressenza.com\/es\/2022\/04\/un-nuevo-faro-para-alumbrar-el-camino-de-santiago\/#primaryimage\"},\"thumbnailUrl\":\"https:\/\/www.pressenza.com\/wp-content\/uploads\/2022\/04\/Sala-Compostela_20220421.jpg\",\"datePublished\":\"2022-04-21T16:26:17+00:00\",\"dateModified\":\"2022-04-22T11:58:46+00:00\",\"description\":\"Un nuevo faro para alumbrar el Camino de Santiago. Un nuevo faro comenzar\u00e1 en breve a alumbrar el Camino de Santiago.\",\"breadcrumb\":{\"@id\":\"https:\/\/www.pressenza.com\/es\/2022\/04\/un-nuevo-faro-para-alumbrar-el-camino-de-santiago\/#breadcrumb\"},\"inLanguage\":\"es\",\"potentialAction\":[{\"@type\":\"ReadAction\",\"target\":[\"https:\/\/www.pressenza.com\/es\/2022\/04\/un-nuevo-faro-para-alumbrar-el-camino-de-santiago\/\"]}]},{\"@type\":\"ImageObject\",\"inLanguage\":\"es\",\"@id\":\"https:\/\/www.pressenza.com\/es\/2022\/04\/un-nuevo-faro-para-alumbrar-el-camino-de-santiago\/#primaryimage\",\"url\":\"https:\/\/www.pressenza.com\/wp-content\/uploads\/2022\/04\/Sala-Compostela_20220421.jpg\",\"contentUrl\":\"https:\/\/www.pressenza.com\/wp-content\/uploads\/2022\/04\/Sala-Compostela_20220421.jpg\",\"width\":720,\"height\":405,\"caption\":\"Un nuevo faro para alumbrar el Camino de Santiago\"},{\"@type\":\"BreadcrumbList\",\"@id\":\"https:\/\/www.pressenza.com\/es\/2022\/04\/un-nuevo-faro-para-alumbrar-el-camino-de-santiago\/#breadcrumb\",\"itemListElement\":[{\"@type\":\"ListItem\",\"position\":1,\"name\":\"Accueil\",\"item\":\"https:\/\/www.pressenza.com\/es\/\"},{\"@type\":\"ListItem\",\"position\":2,\"name\":\"Un nuevo faro para alumbrar el Camino de Santiago\"}]},{\"@type\":\"WebSite\",\"@id\":\"https:\/\/www.pressenza.com\/es\/#website\",\"url\":\"https:\/\/www.pressenza.com\/es\/\",\"name\":\"Pressenza\",\"description\":\"International Press Agency\",\"publisher\":{\"@id\":\"https:\/\/www.pressenza.com\/es\/#organization\"},\"potentialAction\":[{\"@type\":\"SearchAction\",\"target\":{\"@type\":\"EntryPoint\",\"urlTemplate\":\"https:\/\/www.pressenza.com\/es\/?s={search_term_string}\"},\"query-input\":{\"@type\":\"PropertyValueSpecification\",\"valueRequired\":true,\"valueName\":\"search_term_string\"}}],\"inLanguage\":\"es\"},{\"@type\":\"Organization\",\"@id\":\"https:\/\/www.pressenza.com\/es\/#organization\",\"name\":\"Pressenza\",\"url\":\"https:\/\/www.pressenza.com\/es\/\",\"logo\":{\"@type\":\"ImageObject\",\"inLanguage\":\"es\",\"@id\":\"https:\/\/www.pressenza.com\/es\/#\/schema\/logo\/image\/\",\"url\":\"https:\/\/www.pressenza.com\/wp-content\/uploads\/2022\/10\/pressenza_logo_200x200.jpg\",\"contentUrl\":\"https:\/\/www.pressenza.com\/wp-content\/uploads\/2022\/10\/pressenza_logo_200x200.jpg\",\"width\":200,\"height\":200,\"caption\":\"Pressenza\"},\"image\":{\"@id\":\"https:\/\/www.pressenza.com\/es\/#\/schema\/logo\/image\/\"},\"sameAs\":[\"https:\/\/www.facebook.com\/PressenzaItalia\",\"https:\/\/x.com\/PressenzaIPA\"]},{\"@type\":\"Person\",\"@id\":\"https:\/\/www.pressenza.com\/es\/#\/schema\/person\/0889c8e06f27db8f8ee7faaf15aa3439\",\"name\":\"Antonio Gancedo\",\"description\":\"Redactor de Pressenza. Redactor de theworldmarch.org. Militante Humanista.\",\"url\":\"https:\/\/www.pressenza.com\/es\/author\/antonio-gancedo\/\"}]}<\/script>\n<!-- \/ Yoast SEO plugin. -->","yoast_head_json":{"title":"Un nuevo faro para alumbrar el Camino de Santiago","description":"Un nuevo faro para alumbrar el Camino de Santiago. Un nuevo faro comenzar\u00e1 en breve a alumbrar el Camino de Santiago.","robots":{"index":"index","follow":"follow","max-snippet":"max-snippet:-1","max-image-preview":"max-image-preview:large","max-video-preview":"max-video-preview:-1"},"canonical":"https:\/\/www.pressenza.com\/es\/2022\/04\/un-nuevo-faro-para-alumbrar-el-camino-de-santiago\/","og_locale":"es_ES","og_type":"article","og_title":"Un nuevo faro para alumbrar el Camino de Santiago","og_description":"Un nuevo faro para alumbrar el Camino de Santiago. Un nuevo faro comenzar\u00e1 en breve a alumbrar el Camino de Santiago.","og_url":"https:\/\/www.pressenza.com\/es\/2022\/04\/un-nuevo-faro-para-alumbrar-el-camino-de-santiago\/","og_site_name":"Pressenza","article_publisher":"https:\/\/www.facebook.com\/PressenzaItalia","article_published_time":"2022-04-21T16:26:17+00:00","article_modified_time":"2022-04-22T11:58:46+00:00","og_image":[{"width":720,"height":405,"url":"https:\/\/www.pressenza.com\/wp-content\/uploads\/2022\/04\/Sala-Compostela_20220421.jpg","type":"image\/jpeg"}],"author":"Antonio Gancedo","twitter_card":"summary_large_image","twitter_creator":"@PressenzaIPA","twitter_site":"@PressenzaIPA","twitter_misc":{"Escrito por":"Antonio Gancedo","Tiempo de lectura":"3 minutos"},"schema":{"@context":"https:\/\/schema.org","@graph":[{"@type":"Article","@id":"https:\/\/www.pressenza.com\/es\/2022\/04\/un-nuevo-faro-para-alumbrar-el-camino-de-santiago\/#article","isPartOf":{"@id":"https:\/\/www.pressenza.com\/es\/2022\/04\/un-nuevo-faro-para-alumbrar-el-camino-de-santiago\/"},"author":{"name":"Antonio Gancedo","@id":"https:\/\/www.pressenza.com\/es\/#\/schema\/person\/0889c8e06f27db8f8ee7faaf15aa3439"},"headline":"Un nuevo faro para alumbrar el Camino de Santiago","datePublished":"2022-04-21T16:26:17+00:00","dateModified":"2022-04-22T11:58:46+00:00","mainEntityOfPage":{"@id":"https:\/\/www.pressenza.com\/es\/2022\/04\/un-nuevo-faro-para-alumbrar-el-camino-de-santiago\/"},"wordCount":510,"publisher":{"@id":"https:\/\/www.pressenza.com\/es\/#organization"},"image":{"@id":"https:\/\/www.pressenza.com\/es\/2022\/04\/un-nuevo-faro-para-alumbrar-el-camino-de-santiago\/#primaryimage"},"thumbnailUrl":"https:\/\/www.pressenza.com\/wp-content\/uploads\/2022\/04\/Sala-Compostela_20220421.jpg","keywords":["Camino de Santiago","Mensaje de Silo","Sala Compostela"],"articleSection":["Humanismo y Espiritualidad"],"inLanguage":"es"},{"@type":"WebPage","@id":"https:\/\/www.pressenza.com\/es\/2022\/04\/un-nuevo-faro-para-alumbrar-el-camino-de-santiago\/","url":"https:\/\/www.pressenza.com\/es\/2022\/04\/un-nuevo-faro-para-alumbrar-el-camino-de-santiago\/","name":"Un nuevo faro para alumbrar el Camino de Santiago","isPartOf":{"@id":"https:\/\/www.pressenza.com\/es\/#website"},"primaryImageOfPage":{"@id":"https:\/\/www.pressenza.com\/es\/2022\/04\/un-nuevo-faro-para-alumbrar-el-camino-de-santiago\/#primaryimage"},"image":{"@id":"https:\/\/www.pressenza.com\/es\/2022\/04\/un-nuevo-faro-para-alumbrar-el-camino-de-santiago\/#primaryimage"},"thumbnailUrl":"https:\/\/www.pressenza.com\/wp-content\/uploads\/2022\/04\/Sala-Compostela_20220421.jpg","datePublished":"2022-04-21T16:26:17+00:00","dateModified":"2022-04-22T11:58:46+00:00","description":"Un nuevo faro para alumbrar el Camino de Santiago. Un nuevo faro comenzar\u00e1 en breve a alumbrar el Camino de Santiago.","breadcrumb":{"@id":"https:\/\/www.pressenza.com\/es\/2022\/04\/un-nuevo-faro-para-alumbrar-el-camino-de-santiago\/#breadcrumb"},"inLanguage":"es","potentialAction":[{"@type":"ReadAction","target":["https:\/\/www.pressenza.com\/es\/2022\/04\/un-nuevo-faro-para-alumbrar-el-camino-de-santiago\/"]}]},{"@type":"ImageObject","inLanguage":"es","@id":"https:\/\/www.pressenza.com\/es\/2022\/04\/un-nuevo-faro-para-alumbrar-el-camino-de-santiago\/#primaryimage","url":"https:\/\/www.pressenza.com\/wp-content\/uploads\/2022\/04\/Sala-Compostela_20220421.jpg","contentUrl":"https:\/\/www.pressenza.com\/wp-content\/uploads\/2022\/04\/Sala-Compostela_20220421.jpg","width":720,"height":405,"caption":"Un nuevo faro para alumbrar el Camino de Santiago"},{"@type":"BreadcrumbList","@id":"https:\/\/www.pressenza.com\/es\/2022\/04\/un-nuevo-faro-para-alumbrar-el-camino-de-santiago\/#breadcrumb","itemListElement":[{"@type":"ListItem","position":1,"name":"Accueil","item":"https:\/\/www.pressenza.com\/es\/"},{"@type":"ListItem","position":2,"name":"Un nuevo faro para alumbrar el Camino de Santiago"}]},{"@type":"WebSite","@id":"https:\/\/www.pressenza.com\/es\/#website","url":"https:\/\/www.pressenza.com\/es\/","name":"Pressenza","description":"International Press Agency","publisher":{"@id":"https:\/\/www.pressenza.com\/es\/#organization"},"potentialAction":[{"@type":"SearchAction","target":{"@type":"EntryPoint","urlTemplate":"https:\/\/www.pressenza.com\/es\/?s={search_term_string}"},"query-input":{"@type":"PropertyValueSpecification","valueRequired":true,"valueName":"search_term_string"}}],"inLanguage":"es"},{"@type":"Organization","@id":"https:\/\/www.pressenza.com\/es\/#organization","name":"Pressenza","url":"https:\/\/www.pressenza.com\/es\/","logo":{"@type":"ImageObject","inLanguage":"es","@id":"https:\/\/www.pressenza.com\/es\/#\/schema\/logo\/image\/","url":"https:\/\/www.pressenza.com\/wp-content\/uploads\/2022\/10\/pressenza_logo_200x200.jpg","contentUrl":"https:\/\/www.pressenza.com\/wp-content\/uploads\/2022\/10\/pressenza_logo_200x200.jpg","width":200,"height":200,"caption":"Pressenza"},"image":{"@id":"https:\/\/www.pressenza.com\/es\/#\/schema\/logo\/image\/"},"sameAs":["https:\/\/www.facebook.com\/PressenzaItalia","https:\/\/x.com\/PressenzaIPA"]},{"@type":"Person","@id":"https:\/\/www.pressenza.com\/es\/#\/schema\/person\/0889c8e06f27db8f8ee7faaf15aa3439","name":"Antonio Gancedo","description":"Redactor de Pressenza. Redactor de theworldmarch.org. Militante Humanista.","url":"https:\/\/www.pressenza.com\/es\/author\/antonio-gancedo\/"}]}},"place":"","original_article_url":"","_links":{"self":[{"href":"https:\/\/www.pressenza.com\/es\/wp-json\/wp\/v2\/posts\/1568090","targetHints":{"allow":["GET"]}}],"collection":[{"href":"https:\/\/www.pressenza.com\/es\/wp-json\/wp\/v2\/posts"}],"about":[{"href":"https:\/\/www.pressenza.com\/es\/wp-json\/wp\/v2\/types\/post"}],"author":[{"embeddable":true,"href":"https:\/\/www.pressenza.com\/es\/wp-json\/wp\/v2\/users\/1619"}],"replies":[{"embeddable":true,"href":"https:\/\/www.pressenza.com\/es\/wp-json\/wp\/v2\/comments?post=1568090"}],"version-history":[{"count":0,"href":"https:\/\/www.pressenza.com\/es\/wp-json\/wp\/v2\/posts\/1568090\/revisions"}],"wp:featuredmedia":[{"embeddable":true,"href":"https:\/\/www.pressenza.com\/es\/wp-json\/wp\/v2\/media\/1568101"}],"wp:attachment":[{"href":"https:\/\/www.pressenza.com\/es\/wp-json\/wp\/v2\/media?parent=1568090"}],"wp:term":[{"taxonomy":"category","embeddable":true,"href":"https:\/\/www.pressenza.com\/es\/wp-json\/wp\/v2\/categories?post=1568090"},{"taxonomy":"post_tag","embeddable":true,"href":"https:\/\/www.pressenza.com\/es\/wp-json\/wp\/v2\/tags?post=1568090"}],"curies":[{"name":"wp","href":"https:\/\/api.w.org\/{rel}","templated":true}]}}