{"id":1567579,"date":"2022-04-20T18:31:34","date_gmt":"2022-04-20T17:31:34","guid":{"rendered":"https:\/\/www.pressenza.com\/?p=1567579"},"modified":"2022-04-20T18:31:34","modified_gmt":"2022-04-20T17:31:34","slug":"estallido-social-revuelta-y-revolucion","status":"publish","type":"post","link":"https:\/\/www.pressenza.com\/es\/2022\/04\/estallido-social-revuelta-y-revolucion\/","title":{"rendered":"Estallido social, revuelta y revoluci\u00f3n"},"content":{"rendered":"<p>Lo que tuvimos los chilenos en octubre del 2018 fue un gran estallido social. Una manifestaci\u00f3n amplia y nacional de agudo descontento que se expres\u00f3 en ciudades, avenidas y hasta pueblos de todo el pa\u00eds. Un malestar que no dud\u00f3 en destruir templos, edificios patrimoniales y monumentos emblem\u00e1ticos, y que solo se detuvo por la crisis sanitaria provocada por la pandemia del coronavirus y sus miles de fallecidos. Las polic\u00edas y las Fuerzas Armadas no fueron capaces de retener la movilizaci\u00f3n del pueblo a no ser que hubieran emprendido la m\u00e1s brutal represi\u00f3n de nuestra historia.<\/p>\n<p>Revuelta es lo que tenemos ahora despu\u00e9s de la elecci\u00f3n de Gabriel Boric como presidente de la Rep\u00fablica. Un candidato que efectivamente no tuvo m\u00e1s de un 25 por ciento de apoyo electoral, salvo en la segunda vuelta donde muchos de sus adversarios se vieron pr\u00e1cticamente forzados a votar por el que estimaron mal menor. De all\u00ed que la actual administraci\u00f3n carezca de \u00e9pica y de un claro y consensuado proyecto pol\u00edtico. Para ser elegido, el candidato tuvo que transigir en demas\u00eda, dejar de lado los encendidos prop\u00f3sitos de su referente partidario y, finalmente, avenirse a gobernar con sectores y figuras de quienes apenas unos meses antes abominaba. Su mismo referente pol\u00edtico est\u00e1 integrado por decenas de distintas denominaciones que, suponemos, tienen ideas y prop\u00f3sitos que de alguna forma difieren. Ni qu\u00e9 decir la distancia que \u00e9l y otros colaboradores tienen con el propio Partido Comunista y con los socialistas, hasta hace poco tildados de socialdem\u00f3cratas.<\/p>\n<p>Por esto y por muchas otras condiciones es que hoy estamos viviendo una revuelta, una conmoci\u00f3n que ofrece profundas diferencias entre quienes gobiernan, se sit\u00faan en la oposici\u00f3n o esperan con incertidumbre lo que pueda acontecer. El primer c\u00edrculo de colaboradores de Boric aparece todav\u00eda ideol\u00f3gicamente monol\u00edtico, pero es indiscutible que ya presenta tensiones entre sus principales figuras, especialmente entre las ministras. M\u00e1s all\u00e1 de ellos o ellas, gravita much\u00edsimo la figura del ministro de Hacienda, un socialista renovado o moderado muy cuestionado y al que se le imputa ser el ariete del gran empresariado, la derecha y el modelo neoliberal al interior del Ejecutivo. Alguien en quien no se conf\u00eda que vaya a soportar tanto a esa pl\u00e9yade de chiquillos que rondan por La Moneda, que se niegan a ponerse corbata y andan con las manos en los bolsillos del pantal\u00f3n hasta en las ceremonias m\u00e1s distinguidas o consideradas republicanas. Hay quienes aseguran que Mario Marcel ya est\u00e1 arrepentido de haber dejado la presidencia del Banco Central, acaso el puesto m\u00e1s seguro y bien remunerado del Estado. Especialmente despu\u00e9s del bochornoso resultado en la C\u00e1mara de Diputados respecto a su proyecto de retiro acotado.<\/p>\n<p>Tambi\u00e9n en los partidos tradicionales la situaci\u00f3n est\u00e1 muy revuelta: en las ex colectividades de la Concertaci\u00f3n reina la dispersi\u00f3n y se expresan disonancias severas entre sus parlamentarios y miembros de la Convenci\u00f3n Constituyente. Los hay todav\u00eda algunos que siguen confiados en la posibilidad de arribar a una nueva Constituci\u00f3n y tambi\u00e9n quienes se llaman ahora sin rubor \u201camarillos\u201d que claramente se inclinan por decirle NO a la propuesta de una nueva Carta Magna. De all\u00ed que nadie cree a esta altura que tendremos una nueva Constituci\u00f3n con el apoyo de m\u00e1s de un sesenta por ciento de los votos, lo que sin duda consolidar\u00e1 la divisi\u00f3n del pa\u00eds y abonar\u00e1 la revuelta en que ya nos encontramos.<\/p>\n<p>Lo curioso es que entre la derecha reina tambi\u00e9n la divisi\u00f3n y nada indica que podr\u00e1 surgir de esa montonera de referentes alg\u00fan liderazgo com\u00fan. La dispersi\u00f3n es pat\u00e9tica y es muy posible, si Boric se lo propusiera, que varios de sus caudillos a la hora de alcanzar algunos cargos p\u00fablicos terminen por sumarse al gobierno en prevenci\u00f3n siempre \u201cde un mal mayor\u201d. Acord\u00e9monos que en el pasado hasta tuvimos derechistas allendistas y en el propio mandato de Ricardo Lagos hubo muchos de ellos que ciertamente creyeron que su gesti\u00f3n dio origen al mejor gobierno de derecha. Con los retoques, incluso, que \u00e9ste le hizo a la Constituci\u00f3n pinochetista de 1980 para simularla como propia.<\/p>\n<p>No hay duda que en el norte y en la llamada zona macro sur la revuelta est\u00e1 campeando, con los centenares de inmigrantes que todos los d\u00edas penetran por las fronteras y que son vapuleados y agredidos por los chilenos residentes. En tanto, en toda la Araucan\u00eda (Wallpamu para la ministra del Interior) todos los d\u00edas se suceden nuevos atentados incendiarios, barricadas y un sin n\u00famero de actos de violencia. Al tiempo que los l\u00edderes mapuches declaran que el actual gobierno sigue siendo un interlocutor no v\u00e1lido.<\/p>\n<p>Dejemos de lado, esta vez, la vor\u00e1gine que manifiesta la tarea constituyente. Sus loables conclusiones y acuerdos en medio de la borrasca de propuestas sin sentido com\u00fan y esfuerzo alguno por encontrar consenso. Los ejemplos sobran y quedan de manifiesto cotidianamente.<\/p>\n<p>Lo peor es que la situaci\u00f3n econ\u00f3mica del pa\u00eds tampoco es promisoria, seg\u00fan advierten los expertos de derecha, centro e izquierda. La aguda inflaci\u00f3n afecta a los productos m\u00e1s esenciales y ya hay muchos que dicen padecer hambre, por su precariedad salarial y desempleo. Se pretexta la guerra ruso ucraniana, pero muchos saben que la situaci\u00f3n del agro tambi\u00e9n empeora, a lo que se suma la terrible sequ\u00eda, el encarecimiento de los insumos y la falta de planificaci\u00f3n para distribuir los productos y exportarlos. \u00bfResistir\u00e1 Chile nuevas alzas del pan, de los combustibles, de la fat\u00eddica UF y el encarecimiento del cr\u00e9dito? \u00bfNo abundar\u00e1 todo esto, y muy r\u00e1pidamente, en malestar y m\u00e1s protestas?<\/p>\n<p>\u00bfTendremos una nueva pandemia u otro cataclismo que evite o postergue un estallido todav\u00eda m\u00e1s agudo y que convenza a algunos de que la pol\u00edtica debe dejar de hacerle m\u00e1s retoques al modelo vigente, como soportar brechas todav\u00eda m\u00e1s pronunciadas entre pobres y ricos? \u00bfAs\u00ed como acostumbrarnos a la delincuencia que campea ya en todo Chile?<\/p>\n<p>M\u00e1s temprano que tarde, \u00bfNo quedaremos inmersos en una revoluci\u00f3n que haga trizas nuestro \u201corden institucional\u201d, levante un liderazgo y una \u00e9pica aut\u00e9ntica? \u00bfUn cambio por fin dr\u00e1stico y revolucionario en cuanto m\u00e9todos y prop\u00f3sitos?<\/p>\n","protected":false},"excerpt":{"rendered":"<p>Lo que tuvimos los chilenos en octubre del 2018 fue un gran estallido social. Una manifestaci\u00f3n amplia y nacional de agudo descontento que se expres\u00f3 en ciudades, avenidas y hasta pueblos de todo el pa\u00eds. Un malestar que no dud\u00f3&hellip;<\/p>\n","protected":false},"author":1739,"featured_media":1567580,"comment_status":"closed","ping_status":"closed","sticky":false,"template":"","format":"standard","meta":{"footnotes":""},"categories":[149,161,74,67],"tags":[29,77220],"class_list":["post-1567579","post","type-post","status-publish","format-standard","has-post-thumbnail","hentry","category-comunicados-de-prensa","category-opiniones","category-politica-es","category-sudamerica","tag-chile","tag-despertar-social"],"yoast_head":"<!-- This site is optimized with the Yoast SEO plugin v27.1.1 - https:\/\/yoast.com\/product\/yoast-seo-wordpress\/ -->\n<title>Estallido social, revuelta y revoluci\u00f3n<\/title>\n<meta name=\"description\" content=\"Lo que tuvimos los chilenos en octubre del 2018 fue un gran estallido social. Una manifestaci\u00f3n amplia y nacional de agudo descontento que se expres\u00f3 en\" \/>\n<meta name=\"robots\" content=\"index, follow, max-snippet:-1, max-image-preview:large, max-video-preview:-1\" \/>\n<link rel=\"canonical\" href=\"https:\/\/www.pressenza.com\/es\/2022\/04\/estallido-social-revuelta-y-revolucion\/\" \/>\n<meta property=\"og:locale\" content=\"es_ES\" \/>\n<meta property=\"og:type\" content=\"article\" \/>\n<meta property=\"og:title\" content=\"Estallido social, revuelta y revoluci\u00f3n\" \/>\n<meta property=\"og:description\" content=\"Lo que tuvimos los chilenos en octubre del 2018 fue un gran estallido social. Una manifestaci\u00f3n amplia y nacional de agudo descontento que se expres\u00f3 en\" \/>\n<meta property=\"og:url\" content=\"https:\/\/www.pressenza.com\/es\/2022\/04\/estallido-social-revuelta-y-revolucion\/\" \/>\n<meta property=\"og:site_name\" content=\"Pressenza\" \/>\n<meta property=\"article:publisher\" content=\"https:\/\/www.facebook.com\/PressenzaItalia\" \/>\n<meta property=\"article:published_time\" content=\"2022-04-20T17:31:34+00:00\" \/>\n<meta property=\"og:image\" content=\"https:\/\/www.pressenza.com\/wp-content\/uploads\/2022\/04\/chile-protestas-768x451-1.jpg\" \/>\n\t<meta property=\"og:image:width\" content=\"768\" \/>\n\t<meta property=\"og:image:height\" content=\"451\" \/>\n\t<meta property=\"og:image:type\" content=\"image\/jpeg\" \/>\n<meta name=\"author\" content=\"Juan Pablo C\u00e1rdenas\" \/>\n<meta name=\"twitter:card\" content=\"summary_large_image\" \/>\n<meta name=\"twitter:creator\" content=\"@PressenzaIPA\" \/>\n<meta name=\"twitter:site\" content=\"@PressenzaIPA\" \/>\n<meta name=\"twitter:label1\" content=\"Escrito por\" \/>\n\t<meta name=\"twitter:data1\" content=\"Juan Pablo C\u00e1rdenas\" \/>\n\t<meta name=\"twitter:label2\" content=\"Tiempo de lectura\" \/>\n\t<meta name=\"twitter:data2\" content=\"5 minutos\" \/>\n<script type=\"application\/ld+json\" class=\"yoast-schema-graph\">{\"@context\":\"https:\/\/schema.org\",\"@graph\":[{\"@type\":\"Article\",\"@id\":\"https:\/\/www.pressenza.com\/es\/2022\/04\/estallido-social-revuelta-y-revolucion\/#article\",\"isPartOf\":{\"@id\":\"https:\/\/www.pressenza.com\/es\/2022\/04\/estallido-social-revuelta-y-revolucion\/\"},\"author\":{\"name\":\"Juan Pablo C\u00e1rdenas\",\"@id\":\"https:\/\/www.pressenza.com\/es\/#\/schema\/person\/d72a7c8c014dcbfa2ef9e9976103ea0d\"},\"headline\":\"Estallido social, revuelta y revoluci\u00f3n\",\"datePublished\":\"2022-04-20T17:31:34+00:00\",\"mainEntityOfPage\":{\"@id\":\"https:\/\/www.pressenza.com\/es\/2022\/04\/estallido-social-revuelta-y-revolucion\/\"},\"wordCount\":1108,\"publisher\":{\"@id\":\"https:\/\/www.pressenza.com\/es\/#organization\"},\"image\":{\"@id\":\"https:\/\/www.pressenza.com\/es\/2022\/04\/estallido-social-revuelta-y-revolucion\/#primaryimage\"},\"thumbnailUrl\":\"https:\/\/www.pressenza.com\/wp-content\/uploads\/2022\/04\/chile-protestas-768x451-1.jpg\",\"keywords\":[\"Chile\",\"despertar social\"],\"articleSection\":[\"Comunicados de Prensa\",\"Opiniones\",\"Pol\u00edtica\",\"Sudam\u00e9rica\"],\"inLanguage\":\"es\"},{\"@type\":\"WebPage\",\"@id\":\"https:\/\/www.pressenza.com\/es\/2022\/04\/estallido-social-revuelta-y-revolucion\/\",\"url\":\"https:\/\/www.pressenza.com\/es\/2022\/04\/estallido-social-revuelta-y-revolucion\/\",\"name\":\"Estallido social, revuelta y revoluci\u00f3n\",\"isPartOf\":{\"@id\":\"https:\/\/www.pressenza.com\/es\/#website\"},\"primaryImageOfPage\":{\"@id\":\"https:\/\/www.pressenza.com\/es\/2022\/04\/estallido-social-revuelta-y-revolucion\/#primaryimage\"},\"image\":{\"@id\":\"https:\/\/www.pressenza.com\/es\/2022\/04\/estallido-social-revuelta-y-revolucion\/#primaryimage\"},\"thumbnailUrl\":\"https:\/\/www.pressenza.com\/wp-content\/uploads\/2022\/04\/chile-protestas-768x451-1.jpg\",\"datePublished\":\"2022-04-20T17:31:34+00:00\",\"description\":\"Lo que tuvimos los chilenos en octubre del 2018 fue un gran estallido social. Una manifestaci\u00f3n amplia y nacional de agudo descontento que se expres\u00f3 en\",\"breadcrumb\":{\"@id\":\"https:\/\/www.pressenza.com\/es\/2022\/04\/estallido-social-revuelta-y-revolucion\/#breadcrumb\"},\"inLanguage\":\"es\",\"potentialAction\":[{\"@type\":\"ReadAction\",\"target\":[\"https:\/\/www.pressenza.com\/es\/2022\/04\/estallido-social-revuelta-y-revolucion\/\"]}]},{\"@type\":\"ImageObject\",\"inLanguage\":\"es\",\"@id\":\"https:\/\/www.pressenza.com\/es\/2022\/04\/estallido-social-revuelta-y-revolucion\/#primaryimage\",\"url\":\"https:\/\/www.pressenza.com\/wp-content\/uploads\/2022\/04\/chile-protestas-768x451-1.jpg\",\"contentUrl\":\"https:\/\/www.pressenza.com\/wp-content\/uploads\/2022\/04\/chile-protestas-768x451-1.jpg\",\"width\":768,\"height\":451,\"caption\":\"http:\/\/juanpablocardenas.cl\/\"},{\"@type\":\"BreadcrumbList\",\"@id\":\"https:\/\/www.pressenza.com\/es\/2022\/04\/estallido-social-revuelta-y-revolucion\/#breadcrumb\",\"itemListElement\":[{\"@type\":\"ListItem\",\"position\":1,\"name\":\"Accueil\",\"item\":\"https:\/\/www.pressenza.com\/es\/\"},{\"@type\":\"ListItem\",\"position\":2,\"name\":\"Estallido social, revuelta y revoluci\u00f3n\"}]},{\"@type\":\"WebSite\",\"@id\":\"https:\/\/www.pressenza.com\/es\/#website\",\"url\":\"https:\/\/www.pressenza.com\/es\/\",\"name\":\"Pressenza\",\"description\":\"International Press Agency\",\"publisher\":{\"@id\":\"https:\/\/www.pressenza.com\/es\/#organization\"},\"potentialAction\":[{\"@type\":\"SearchAction\",\"target\":{\"@type\":\"EntryPoint\",\"urlTemplate\":\"https:\/\/www.pressenza.com\/es\/?s={search_term_string}\"},\"query-input\":{\"@type\":\"PropertyValueSpecification\",\"valueRequired\":true,\"valueName\":\"search_term_string\"}}],\"inLanguage\":\"es\"},{\"@type\":\"Organization\",\"@id\":\"https:\/\/www.pressenza.com\/es\/#organization\",\"name\":\"Pressenza\",\"url\":\"https:\/\/www.pressenza.com\/es\/\",\"logo\":{\"@type\":\"ImageObject\",\"inLanguage\":\"es\",\"@id\":\"https:\/\/www.pressenza.com\/es\/#\/schema\/logo\/image\/\",\"url\":\"https:\/\/www.pressenza.com\/wp-content\/uploads\/2022\/10\/pressenza_logo_200x200.jpg\",\"contentUrl\":\"https:\/\/www.pressenza.com\/wp-content\/uploads\/2022\/10\/pressenza_logo_200x200.jpg\",\"width\":200,\"height\":200,\"caption\":\"Pressenza\"},\"image\":{\"@id\":\"https:\/\/www.pressenza.com\/es\/#\/schema\/logo\/image\/\"},\"sameAs\":[\"https:\/\/www.facebook.com\/PressenzaItalia\",\"https:\/\/x.com\/PressenzaIPA\"]},{\"@type\":\"Person\",\"@id\":\"https:\/\/www.pressenza.com\/es\/#\/schema\/person\/d72a7c8c014dcbfa2ef9e9976103ea0d\",\"name\":\"Juan Pablo C\u00e1rdenas\",\"description\":\"Juan Pablo C\u00e1rdenas Squella es un periodista y profesor universitario de vasta trayectoria. En el 2005 recibi\u00f3 en premio nacional de Periodismo y, antes, la Pluma de Oro de la Libertad, otorgada por la Federaci\u00f3n Mundial de la Prensa. Tambi\u00e9n obtuvo el Premio Latinoamericano de Periodismo, la Houten Camara de Holanda (1989) entre otras m\u00faltiples distinciones nacionales y extranjeras. Forma parte de los sesenta periodistas del mundo considerados H\u00e9roes de la Libertad de Expresi\u00f3n, reconocimiento hecho por la Federaci\u00f3n Internacional de Periodistas. Ha sido director y columnista de las revistas Debate Universitario, An\u00e1lisis y Los Tiempos, as\u00ed como del diario electr\u00f3nico primeral\u00ednea.cl. Tambi\u00e9n fue por m\u00e1s 18 a\u00f1os director de la Radio Universidad de Chile y de su diario digital. Se ha desempe\u00f1ado como profesor de varias escuelas de periodismo de Santiago y Valpara\u00edso y en la Universidad de Chile alcanz\u00f3 el grado de profesor titular y senador universitario.\",\"url\":\"https:\/\/www.pressenza.com\/es\/author\/juan-pablo-cardenas\/\"}]}<\/script>\n<!-- \/ Yoast SEO plugin. -->","yoast_head_json":{"title":"Estallido social, revuelta y revoluci\u00f3n","description":"Lo que tuvimos los chilenos en octubre del 2018 fue un gran estallido social. Una manifestaci\u00f3n amplia y nacional de agudo descontento que se expres\u00f3 en","robots":{"index":"index","follow":"follow","max-snippet":"max-snippet:-1","max-image-preview":"max-image-preview:large","max-video-preview":"max-video-preview:-1"},"canonical":"https:\/\/www.pressenza.com\/es\/2022\/04\/estallido-social-revuelta-y-revolucion\/","og_locale":"es_ES","og_type":"article","og_title":"Estallido social, revuelta y revoluci\u00f3n","og_description":"Lo que tuvimos los chilenos en octubre del 2018 fue un gran estallido social. Una manifestaci\u00f3n amplia y nacional de agudo descontento que se expres\u00f3 en","og_url":"https:\/\/www.pressenza.com\/es\/2022\/04\/estallido-social-revuelta-y-revolucion\/","og_site_name":"Pressenza","article_publisher":"https:\/\/www.facebook.com\/PressenzaItalia","article_published_time":"2022-04-20T17:31:34+00:00","og_image":[{"width":768,"height":451,"url":"https:\/\/www.pressenza.com\/wp-content\/uploads\/2022\/04\/chile-protestas-768x451-1.jpg","type":"image\/jpeg"}],"author":"Juan Pablo C\u00e1rdenas","twitter_card":"summary_large_image","twitter_creator":"@PressenzaIPA","twitter_site":"@PressenzaIPA","twitter_misc":{"Escrito por":"Juan Pablo C\u00e1rdenas","Tiempo de lectura":"5 minutos"},"schema":{"@context":"https:\/\/schema.org","@graph":[{"@type":"Article","@id":"https:\/\/www.pressenza.com\/es\/2022\/04\/estallido-social-revuelta-y-revolucion\/#article","isPartOf":{"@id":"https:\/\/www.pressenza.com\/es\/2022\/04\/estallido-social-revuelta-y-revolucion\/"},"author":{"name":"Juan Pablo C\u00e1rdenas","@id":"https:\/\/www.pressenza.com\/es\/#\/schema\/person\/d72a7c8c014dcbfa2ef9e9976103ea0d"},"headline":"Estallido social, revuelta y revoluci\u00f3n","datePublished":"2022-04-20T17:31:34+00:00","mainEntityOfPage":{"@id":"https:\/\/www.pressenza.com\/es\/2022\/04\/estallido-social-revuelta-y-revolucion\/"},"wordCount":1108,"publisher":{"@id":"https:\/\/www.pressenza.com\/es\/#organization"},"image":{"@id":"https:\/\/www.pressenza.com\/es\/2022\/04\/estallido-social-revuelta-y-revolucion\/#primaryimage"},"thumbnailUrl":"https:\/\/www.pressenza.com\/wp-content\/uploads\/2022\/04\/chile-protestas-768x451-1.jpg","keywords":["Chile","despertar social"],"articleSection":["Comunicados de Prensa","Opiniones","Pol\u00edtica","Sudam\u00e9rica"],"inLanguage":"es"},{"@type":"WebPage","@id":"https:\/\/www.pressenza.com\/es\/2022\/04\/estallido-social-revuelta-y-revolucion\/","url":"https:\/\/www.pressenza.com\/es\/2022\/04\/estallido-social-revuelta-y-revolucion\/","name":"Estallido social, revuelta y revoluci\u00f3n","isPartOf":{"@id":"https:\/\/www.pressenza.com\/es\/#website"},"primaryImageOfPage":{"@id":"https:\/\/www.pressenza.com\/es\/2022\/04\/estallido-social-revuelta-y-revolucion\/#primaryimage"},"image":{"@id":"https:\/\/www.pressenza.com\/es\/2022\/04\/estallido-social-revuelta-y-revolucion\/#primaryimage"},"thumbnailUrl":"https:\/\/www.pressenza.com\/wp-content\/uploads\/2022\/04\/chile-protestas-768x451-1.jpg","datePublished":"2022-04-20T17:31:34+00:00","description":"Lo que tuvimos los chilenos en octubre del 2018 fue un gran estallido social. Una manifestaci\u00f3n amplia y nacional de agudo descontento que se expres\u00f3 en","breadcrumb":{"@id":"https:\/\/www.pressenza.com\/es\/2022\/04\/estallido-social-revuelta-y-revolucion\/#breadcrumb"},"inLanguage":"es","potentialAction":[{"@type":"ReadAction","target":["https:\/\/www.pressenza.com\/es\/2022\/04\/estallido-social-revuelta-y-revolucion\/"]}]},{"@type":"ImageObject","inLanguage":"es","@id":"https:\/\/www.pressenza.com\/es\/2022\/04\/estallido-social-revuelta-y-revolucion\/#primaryimage","url":"https:\/\/www.pressenza.com\/wp-content\/uploads\/2022\/04\/chile-protestas-768x451-1.jpg","contentUrl":"https:\/\/www.pressenza.com\/wp-content\/uploads\/2022\/04\/chile-protestas-768x451-1.jpg","width":768,"height":451,"caption":"http:\/\/juanpablocardenas.cl\/"},{"@type":"BreadcrumbList","@id":"https:\/\/www.pressenza.com\/es\/2022\/04\/estallido-social-revuelta-y-revolucion\/#breadcrumb","itemListElement":[{"@type":"ListItem","position":1,"name":"Accueil","item":"https:\/\/www.pressenza.com\/es\/"},{"@type":"ListItem","position":2,"name":"Estallido social, revuelta y revoluci\u00f3n"}]},{"@type":"WebSite","@id":"https:\/\/www.pressenza.com\/es\/#website","url":"https:\/\/www.pressenza.com\/es\/","name":"Pressenza","description":"International Press Agency","publisher":{"@id":"https:\/\/www.pressenza.com\/es\/#organization"},"potentialAction":[{"@type":"SearchAction","target":{"@type":"EntryPoint","urlTemplate":"https:\/\/www.pressenza.com\/es\/?s={search_term_string}"},"query-input":{"@type":"PropertyValueSpecification","valueRequired":true,"valueName":"search_term_string"}}],"inLanguage":"es"},{"@type":"Organization","@id":"https:\/\/www.pressenza.com\/es\/#organization","name":"Pressenza","url":"https:\/\/www.pressenza.com\/es\/","logo":{"@type":"ImageObject","inLanguage":"es","@id":"https:\/\/www.pressenza.com\/es\/#\/schema\/logo\/image\/","url":"https:\/\/www.pressenza.com\/wp-content\/uploads\/2022\/10\/pressenza_logo_200x200.jpg","contentUrl":"https:\/\/www.pressenza.com\/wp-content\/uploads\/2022\/10\/pressenza_logo_200x200.jpg","width":200,"height":200,"caption":"Pressenza"},"image":{"@id":"https:\/\/www.pressenza.com\/es\/#\/schema\/logo\/image\/"},"sameAs":["https:\/\/www.facebook.com\/PressenzaItalia","https:\/\/x.com\/PressenzaIPA"]},{"@type":"Person","@id":"https:\/\/www.pressenza.com\/es\/#\/schema\/person\/d72a7c8c014dcbfa2ef9e9976103ea0d","name":"Juan Pablo C\u00e1rdenas","description":"Juan Pablo C\u00e1rdenas Squella es un periodista y profesor universitario de vasta trayectoria. En el 2005 recibi\u00f3 en premio nacional de Periodismo y, antes, la Pluma de Oro de la Libertad, otorgada por la Federaci\u00f3n Mundial de la Prensa. Tambi\u00e9n obtuvo el Premio Latinoamericano de Periodismo, la Houten Camara de Holanda (1989) entre otras m\u00faltiples distinciones nacionales y extranjeras. Forma parte de los sesenta periodistas del mundo considerados H\u00e9roes de la Libertad de Expresi\u00f3n, reconocimiento hecho por la Federaci\u00f3n Internacional de Periodistas. Ha sido director y columnista de las revistas Debate Universitario, An\u00e1lisis y Los Tiempos, as\u00ed como del diario electr\u00f3nico primeral\u00ednea.cl. Tambi\u00e9n fue por m\u00e1s 18 a\u00f1os director de la Radio Universidad de Chile y de su diario digital. Se ha desempe\u00f1ado como profesor de varias escuelas de periodismo de Santiago y Valpara\u00edso y en la Universidad de Chile alcanz\u00f3 el grado de profesor titular y senador universitario.","url":"https:\/\/www.pressenza.com\/es\/author\/juan-pablo-cardenas\/"}]}},"place":"Santiago de Chile","original_article_url":"","_links":{"self":[{"href":"https:\/\/www.pressenza.com\/es\/wp-json\/wp\/v2\/posts\/1567579","targetHints":{"allow":["GET"]}}],"collection":[{"href":"https:\/\/www.pressenza.com\/es\/wp-json\/wp\/v2\/posts"}],"about":[{"href":"https:\/\/www.pressenza.com\/es\/wp-json\/wp\/v2\/types\/post"}],"author":[{"embeddable":true,"href":"https:\/\/www.pressenza.com\/es\/wp-json\/wp\/v2\/users\/1739"}],"replies":[{"embeddable":true,"href":"https:\/\/www.pressenza.com\/es\/wp-json\/wp\/v2\/comments?post=1567579"}],"version-history":[{"count":0,"href":"https:\/\/www.pressenza.com\/es\/wp-json\/wp\/v2\/posts\/1567579\/revisions"}],"wp:featuredmedia":[{"embeddable":true,"href":"https:\/\/www.pressenza.com\/es\/wp-json\/wp\/v2\/media\/1567580"}],"wp:attachment":[{"href":"https:\/\/www.pressenza.com\/es\/wp-json\/wp\/v2\/media?parent=1567579"}],"wp:term":[{"taxonomy":"category","embeddable":true,"href":"https:\/\/www.pressenza.com\/es\/wp-json\/wp\/v2\/categories?post=1567579"},{"taxonomy":"post_tag","embeddable":true,"href":"https:\/\/www.pressenza.com\/es\/wp-json\/wp\/v2\/tags?post=1567579"}],"curies":[{"name":"wp","href":"https:\/\/api.w.org\/{rel}","templated":true}]}}