{"id":156553,"date":"2015-01-13T15:46:38","date_gmt":"2015-01-13T15:46:38","guid":{"rendered":"http:\/\/www.pressenza.com\/?p=156553"},"modified":"2015-07-21T22:01:17","modified_gmt":"2015-07-21T21:01:17","slug":"54-actos-islamofobos-en-francia-tras-ataque-charlie-hebdo","status":"publish","type":"post","link":"https:\/\/www.pressenza.com\/es\/2015\/01\/54-actos-islamofobos-en-francia-tras-ataque-charlie-hebdo\/","title":{"rendered":"54 actos islam\u00f3fobos en Francia tras ataque a Charlie Hebdo"},"content":{"rendered":"<p>Cincuenta y cuatro actos de islamofobia han sido registrados en Francia desde el ataque al semanario sat\u00edrico \u201cCharlie Hebdo\u201d, indic\u00f3 Abdellah Zekri, presidente del Observatorio Contra la Islamofobia.<\/p>\n<p>\u201cEsta cifra no incluye los ataques registrados en Par\u00eds, todav\u00eda no contabilizados\u201d, agreg\u00f3 Zekri a los medios franceses.<\/p>\n<p>21 mezquitas han sido atacadas con armas de fuego, o granadas de entrenamiento, y 33 amenazas (principalmente insultos)\u201d, a\u00f1adi\u00f3 Zekri.<\/p>\n<p>\u00abEstoy escandalizado por este aumento de la islamofobia cuando el pasado domingo desfilamos con calma y serenidad, unos al lado de otros, en la diversidad de los manifestantes, y claramente, condenamos el terrorismo\u00bb, indic\u00f3 el presidente del observatorio.<\/p>\n<p>\u201cEstas cifras superan todas las previsiones. Los \u00faltimos datos disponibles, basados en denuncias efectivas registradas por la polic\u00eda o la gendarmer\u00eda, alcanzan 110 actos de islamofobia en los primeros meses del a\u00f1o 2014.\u201d, finaliz\u00f3 Zekri.<\/p>\n","protected":false},"excerpt":{"rendered":"<p>Cincuenta y cuatro actos de islamofobia han sido registrados en Francia desde el ataque al semanario sat\u00edrico \u201cCharlie Hebdo\u201d, indic\u00f3 Abdellah Zekri, presidente del Observatorio Contra la Islamofobia. \u201cEsta cifra no incluye los ataques registrados en Par\u00eds, todav\u00eda no contabilizados\u201d,&hellip;<\/p>\n","protected":false},"author":521,"featured_media":156554,"comment_status":"closed","ping_status":"open","sticky":false,"template":"","format":"standard","meta":{"footnotes":""},"categories":[75,79,66],"tags":[15320,441,15340,526,623,3111],"class_list":["post-156553","post","type-post","status-publish","format-standard","has-post-thumbnail","hentry","category-cultura-es","category-derechos-humanos","category-europa-es","tag-charlie-hebdo-es","tag-derechos-humanos","tag-islamofobia-es","tag-manifestacion","tag-violencia","tag-violencia-religiosa"],"yoast_head":"<!-- This site is optimized with the Yoast SEO plugin v27.1.1 - https:\/\/yoast.com\/product\/yoast-seo-wordpress\/ -->\n<title>54 actos islam\u00f3fobos en Francia tras ataque a Charlie Hebdo<\/title>\n<meta name=\"description\" content=\"Cincuenta y cuatro actos de islamofobia han sido registrados en Francia desde el ataque al semanario sat\u00edrico \u201cCharlie Hebdo\u201d, indic\u00f3 Abdellah Zekri,\" \/>\n<meta name=\"robots\" content=\"index, follow, max-snippet:-1, max-image-preview:large, max-video-preview:-1\" \/>\n<link rel=\"canonical\" href=\"https:\/\/www.pressenza.com\/es\/2015\/01\/54-actos-islamofobos-en-francia-tras-ataque-charlie-hebdo\/\" \/>\n<meta property=\"og:locale\" content=\"es_ES\" \/>\n<meta property=\"og:type\" content=\"article\" \/>\n<meta property=\"og:title\" content=\"54 actos islam\u00f3fobos en Francia tras ataque a Charlie Hebdo\" \/>\n<meta property=\"og:description\" content=\"Cincuenta y cuatro actos de islamofobia han sido registrados en Francia desde el ataque al semanario sat\u00edrico \u201cCharlie Hebdo\u201d, indic\u00f3 Abdellah Zekri,\" \/>\n<meta property=\"og:url\" content=\"https:\/\/www.pressenza.com\/es\/2015\/01\/54-actos-islamofobos-en-francia-tras-ataque-charlie-hebdo\/\" \/>\n<meta property=\"og:site_name\" content=\"Pressenza\" \/>\n<meta property=\"article:publisher\" content=\"https:\/\/www.facebook.com\/PressenzaItalia\" \/>\n<meta property=\"article:published_time\" content=\"2015-01-13T15:46:38+00:00\" \/>\n<meta property=\"article:modified_time\" content=\"2015-07-21T21:01:17+00:00\" \/>\n<meta property=\"og:image\" content=\"https:\/\/www.pressenza.com\/wp-content\/uploads\/2015\/01\/10742_70619701748.jpg\" \/>\n\t<meta property=\"og:image:width\" content=\"344\" \/>\n\t<meta property=\"og:image:height\" content=\"228\" \/>\n\t<meta property=\"og:image:type\" content=\"image\/jpeg\" \/>\n<meta name=\"author\" content=\"Agencia Isl\u00e1mica de Noticias AIN\" \/>\n<meta name=\"twitter:card\" content=\"summary_large_image\" \/>\n<meta name=\"twitter:creator\" content=\"@PressenzaIPA\" \/>\n<meta name=\"twitter:site\" content=\"@PressenzaIPA\" \/>\n<meta name=\"twitter:label1\" content=\"Escrito por\" \/>\n\t<meta name=\"twitter:data1\" content=\"Agencia Isl\u00e1mica de Noticias AIN\" \/>\n\t<meta name=\"twitter:label2\" content=\"Tiempo de lectura\" \/>\n\t<meta name=\"twitter:data2\" content=\"1 minuto\" \/>\n<script type=\"application\/ld+json\" class=\"yoast-schema-graph\">{\"@context\":\"https:\/\/schema.org\",\"@graph\":[{\"@type\":\"Article\",\"@id\":\"https:\/\/www.pressenza.com\/es\/2015\/01\/54-actos-islamofobos-en-francia-tras-ataque-charlie-hebdo\/#article\",\"isPartOf\":{\"@id\":\"https:\/\/www.pressenza.com\/es\/2015\/01\/54-actos-islamofobos-en-francia-tras-ataque-charlie-hebdo\/\"},\"author\":{\"name\":\"Agencia Isl\u00e1mica de Noticias AIN\",\"@id\":\"https:\/\/www.pressenza.com\/es\/#\/schema\/person\/b8087a9cc5d0ddddea28146bdac21c70\"},\"headline\":\"54 actos islam\u00f3fobos en Francia tras ataque a Charlie Hebdo\",\"datePublished\":\"2015-01-13T15:46:38+00:00\",\"dateModified\":\"2015-07-21T21:01:17+00:00\",\"mainEntityOfPage\":{\"@id\":\"https:\/\/www.pressenza.com\/es\/2015\/01\/54-actos-islamofobos-en-francia-tras-ataque-charlie-hebdo\/\"},\"wordCount\":152,\"publisher\":{\"@id\":\"https:\/\/www.pressenza.com\/es\/#organization\"},\"image\":{\"@id\":\"https:\/\/www.pressenza.com\/es\/2015\/01\/54-actos-islamofobos-en-francia-tras-ataque-charlie-hebdo\/#primaryimage\"},\"thumbnailUrl\":\"https:\/\/www.pressenza.com\/wp-content\/uploads\/2015\/01\/10742_70619701748.jpg\",\"keywords\":[\"Charlie Hebdo\",\"Derechos humanos\",\"islamofobia\",\"manifestaci\u00f3n\",\"Violencia\",\"Violencia religiosa\"],\"articleSection\":[\"Cultura y Medios\",\"Derechos Humanos\",\"Europa\"],\"inLanguage\":\"es\"},{\"@type\":\"WebPage\",\"@id\":\"https:\/\/www.pressenza.com\/es\/2015\/01\/54-actos-islamofobos-en-francia-tras-ataque-charlie-hebdo\/\",\"url\":\"https:\/\/www.pressenza.com\/es\/2015\/01\/54-actos-islamofobos-en-francia-tras-ataque-charlie-hebdo\/\",\"name\":\"54 actos islam\u00f3fobos en Francia tras ataque a Charlie Hebdo\",\"isPartOf\":{\"@id\":\"https:\/\/www.pressenza.com\/es\/#website\"},\"primaryImageOfPage\":{\"@id\":\"https:\/\/www.pressenza.com\/es\/2015\/01\/54-actos-islamofobos-en-francia-tras-ataque-charlie-hebdo\/#primaryimage\"},\"image\":{\"@id\":\"https:\/\/www.pressenza.com\/es\/2015\/01\/54-actos-islamofobos-en-francia-tras-ataque-charlie-hebdo\/#primaryimage\"},\"thumbnailUrl\":\"https:\/\/www.pressenza.com\/wp-content\/uploads\/2015\/01\/10742_70619701748.jpg\",\"datePublished\":\"2015-01-13T15:46:38+00:00\",\"dateModified\":\"2015-07-21T21:01:17+00:00\",\"description\":\"Cincuenta y cuatro actos de islamofobia han sido registrados en Francia desde el ataque al semanario sat\u00edrico \u201cCharlie Hebdo\u201d, indic\u00f3 Abdellah Zekri,\",\"breadcrumb\":{\"@id\":\"https:\/\/www.pressenza.com\/es\/2015\/01\/54-actos-islamofobos-en-francia-tras-ataque-charlie-hebdo\/#breadcrumb\"},\"inLanguage\":\"es\",\"potentialAction\":[{\"@type\":\"ReadAction\",\"target\":[\"https:\/\/www.pressenza.com\/es\/2015\/01\/54-actos-islamofobos-en-francia-tras-ataque-charlie-hebdo\/\"]}]},{\"@type\":\"ImageObject\",\"inLanguage\":\"es\",\"@id\":\"https:\/\/www.pressenza.com\/es\/2015\/01\/54-actos-islamofobos-en-francia-tras-ataque-charlie-hebdo\/#primaryimage\",\"url\":\"https:\/\/www.pressenza.com\/wp-content\/uploads\/2015\/01\/10742_70619701748.jpg\",\"contentUrl\":\"https:\/\/www.pressenza.com\/wp-content\/uploads\/2015\/01\/10742_70619701748.jpg\",\"width\":344,\"height\":228},{\"@type\":\"BreadcrumbList\",\"@id\":\"https:\/\/www.pressenza.com\/es\/2015\/01\/54-actos-islamofobos-en-francia-tras-ataque-charlie-hebdo\/#breadcrumb\",\"itemListElement\":[{\"@type\":\"ListItem\",\"position\":1,\"name\":\"Accueil\",\"item\":\"https:\/\/www.pressenza.com\/es\/\"},{\"@type\":\"ListItem\",\"position\":2,\"name\":\"54 actos islam\u00f3fobos en Francia tras ataque a Charlie Hebdo\"}]},{\"@type\":\"WebSite\",\"@id\":\"https:\/\/www.pressenza.com\/es\/#website\",\"url\":\"https:\/\/www.pressenza.com\/es\/\",\"name\":\"Pressenza\",\"description\":\"International Press Agency\",\"publisher\":{\"@id\":\"https:\/\/www.pressenza.com\/es\/#organization\"},\"potentialAction\":[{\"@type\":\"SearchAction\",\"target\":{\"@type\":\"EntryPoint\",\"urlTemplate\":\"https:\/\/www.pressenza.com\/es\/?s={search_term_string}\"},\"query-input\":{\"@type\":\"PropertyValueSpecification\",\"valueRequired\":true,\"valueName\":\"search_term_string\"}}],\"inLanguage\":\"es\"},{\"@type\":\"Organization\",\"@id\":\"https:\/\/www.pressenza.com\/es\/#organization\",\"name\":\"Pressenza\",\"url\":\"https:\/\/www.pressenza.com\/es\/\",\"logo\":{\"@type\":\"ImageObject\",\"inLanguage\":\"es\",\"@id\":\"https:\/\/www.pressenza.com\/es\/#\/schema\/logo\/image\/\",\"url\":\"https:\/\/www.pressenza.com\/wp-content\/uploads\/2022\/10\/pressenza_logo_200x200.jpg\",\"contentUrl\":\"https:\/\/www.pressenza.com\/wp-content\/uploads\/2022\/10\/pressenza_logo_200x200.jpg\",\"width\":200,\"height\":200,\"caption\":\"Pressenza\"},\"image\":{\"@id\":\"https:\/\/www.pressenza.com\/es\/#\/schema\/logo\/image\/\"},\"sameAs\":[\"https:\/\/www.facebook.com\/PressenzaItalia\",\"https:\/\/x.com\/PressenzaIPA\"]},{\"@type\":\"Person\",\"@id\":\"https:\/\/www.pressenza.com\/es\/#\/schema\/person\/b8087a9cc5d0ddddea28146bdac21c70\",\"name\":\"Agencia Isl\u00e1mica de Noticias AIN\",\"description\":\"Con la idea de sumar una mirada m\u00e1s al gran universo de los medios de comunicaci\u00f3n y la tecnolog\u00eda creamos la Agencia Isl\u00e1mica de Noticias (AIN). Somos un grupo de profesionales, musulmanes y no musulmanes, que nos propusimos acercarles informaci\u00f3n a todas aquellas personas, no s\u00f3lo de Argentina sino tambi\u00e9n del resto del mundo, que est\u00e9n interesadas en los acontecimientos relacionados con el Mundo Isl\u00e1mico que suceden a diario en cualquier regi\u00f3n del planeta. www.ain.com.ar\",\"url\":\"https:\/\/www.pressenza.com\/es\/author\/agencia-islamica-de-noticias-ain\/\"}]}<\/script>\n<!-- \/ Yoast SEO plugin. -->","yoast_head_json":{"title":"54 actos islam\u00f3fobos en Francia tras ataque a Charlie Hebdo","description":"Cincuenta y cuatro actos de islamofobia han sido registrados en Francia desde el ataque al semanario sat\u00edrico \u201cCharlie Hebdo\u201d, indic\u00f3 Abdellah Zekri,","robots":{"index":"index","follow":"follow","max-snippet":"max-snippet:-1","max-image-preview":"max-image-preview:large","max-video-preview":"max-video-preview:-1"},"canonical":"https:\/\/www.pressenza.com\/es\/2015\/01\/54-actos-islamofobos-en-francia-tras-ataque-charlie-hebdo\/","og_locale":"es_ES","og_type":"article","og_title":"54 actos islam\u00f3fobos en Francia tras ataque a Charlie Hebdo","og_description":"Cincuenta y cuatro actos de islamofobia han sido registrados en Francia desde el ataque al semanario sat\u00edrico \u201cCharlie Hebdo\u201d, indic\u00f3 Abdellah Zekri,","og_url":"https:\/\/www.pressenza.com\/es\/2015\/01\/54-actos-islamofobos-en-francia-tras-ataque-charlie-hebdo\/","og_site_name":"Pressenza","article_publisher":"https:\/\/www.facebook.com\/PressenzaItalia","article_published_time":"2015-01-13T15:46:38+00:00","article_modified_time":"2015-07-21T21:01:17+00:00","og_image":[{"width":344,"height":228,"url":"https:\/\/www.pressenza.com\/wp-content\/uploads\/2015\/01\/10742_70619701748.jpg","type":"image\/jpeg"}],"author":"Agencia Isl\u00e1mica de Noticias AIN","twitter_card":"summary_large_image","twitter_creator":"@PressenzaIPA","twitter_site":"@PressenzaIPA","twitter_misc":{"Escrito por":"Agencia Isl\u00e1mica de Noticias AIN","Tiempo de lectura":"1 minuto"},"schema":{"@context":"https:\/\/schema.org","@graph":[{"@type":"Article","@id":"https:\/\/www.pressenza.com\/es\/2015\/01\/54-actos-islamofobos-en-francia-tras-ataque-charlie-hebdo\/#article","isPartOf":{"@id":"https:\/\/www.pressenza.com\/es\/2015\/01\/54-actos-islamofobos-en-francia-tras-ataque-charlie-hebdo\/"},"author":{"name":"Agencia Isl\u00e1mica de Noticias AIN","@id":"https:\/\/www.pressenza.com\/es\/#\/schema\/person\/b8087a9cc5d0ddddea28146bdac21c70"},"headline":"54 actos islam\u00f3fobos en Francia tras ataque a Charlie Hebdo","datePublished":"2015-01-13T15:46:38+00:00","dateModified":"2015-07-21T21:01:17+00:00","mainEntityOfPage":{"@id":"https:\/\/www.pressenza.com\/es\/2015\/01\/54-actos-islamofobos-en-francia-tras-ataque-charlie-hebdo\/"},"wordCount":152,"publisher":{"@id":"https:\/\/www.pressenza.com\/es\/#organization"},"image":{"@id":"https:\/\/www.pressenza.com\/es\/2015\/01\/54-actos-islamofobos-en-francia-tras-ataque-charlie-hebdo\/#primaryimage"},"thumbnailUrl":"https:\/\/www.pressenza.com\/wp-content\/uploads\/2015\/01\/10742_70619701748.jpg","keywords":["Charlie Hebdo","Derechos humanos","islamofobia","manifestaci\u00f3n","Violencia","Violencia religiosa"],"articleSection":["Cultura y Medios","Derechos Humanos","Europa"],"inLanguage":"es"},{"@type":"WebPage","@id":"https:\/\/www.pressenza.com\/es\/2015\/01\/54-actos-islamofobos-en-francia-tras-ataque-charlie-hebdo\/","url":"https:\/\/www.pressenza.com\/es\/2015\/01\/54-actos-islamofobos-en-francia-tras-ataque-charlie-hebdo\/","name":"54 actos islam\u00f3fobos en Francia tras ataque a Charlie Hebdo","isPartOf":{"@id":"https:\/\/www.pressenza.com\/es\/#website"},"primaryImageOfPage":{"@id":"https:\/\/www.pressenza.com\/es\/2015\/01\/54-actos-islamofobos-en-francia-tras-ataque-charlie-hebdo\/#primaryimage"},"image":{"@id":"https:\/\/www.pressenza.com\/es\/2015\/01\/54-actos-islamofobos-en-francia-tras-ataque-charlie-hebdo\/#primaryimage"},"thumbnailUrl":"https:\/\/www.pressenza.com\/wp-content\/uploads\/2015\/01\/10742_70619701748.jpg","datePublished":"2015-01-13T15:46:38+00:00","dateModified":"2015-07-21T21:01:17+00:00","description":"Cincuenta y cuatro actos de islamofobia han sido registrados en Francia desde el ataque al semanario sat\u00edrico \u201cCharlie Hebdo\u201d, indic\u00f3 Abdellah Zekri,","breadcrumb":{"@id":"https:\/\/www.pressenza.com\/es\/2015\/01\/54-actos-islamofobos-en-francia-tras-ataque-charlie-hebdo\/#breadcrumb"},"inLanguage":"es","potentialAction":[{"@type":"ReadAction","target":["https:\/\/www.pressenza.com\/es\/2015\/01\/54-actos-islamofobos-en-francia-tras-ataque-charlie-hebdo\/"]}]},{"@type":"ImageObject","inLanguage":"es","@id":"https:\/\/www.pressenza.com\/es\/2015\/01\/54-actos-islamofobos-en-francia-tras-ataque-charlie-hebdo\/#primaryimage","url":"https:\/\/www.pressenza.com\/wp-content\/uploads\/2015\/01\/10742_70619701748.jpg","contentUrl":"https:\/\/www.pressenza.com\/wp-content\/uploads\/2015\/01\/10742_70619701748.jpg","width":344,"height":228},{"@type":"BreadcrumbList","@id":"https:\/\/www.pressenza.com\/es\/2015\/01\/54-actos-islamofobos-en-francia-tras-ataque-charlie-hebdo\/#breadcrumb","itemListElement":[{"@type":"ListItem","position":1,"name":"Accueil","item":"https:\/\/www.pressenza.com\/es\/"},{"@type":"ListItem","position":2,"name":"54 actos islam\u00f3fobos en Francia tras ataque a Charlie Hebdo"}]},{"@type":"WebSite","@id":"https:\/\/www.pressenza.com\/es\/#website","url":"https:\/\/www.pressenza.com\/es\/","name":"Pressenza","description":"International Press Agency","publisher":{"@id":"https:\/\/www.pressenza.com\/es\/#organization"},"potentialAction":[{"@type":"SearchAction","target":{"@type":"EntryPoint","urlTemplate":"https:\/\/www.pressenza.com\/es\/?s={search_term_string}"},"query-input":{"@type":"PropertyValueSpecification","valueRequired":true,"valueName":"search_term_string"}}],"inLanguage":"es"},{"@type":"Organization","@id":"https:\/\/www.pressenza.com\/es\/#organization","name":"Pressenza","url":"https:\/\/www.pressenza.com\/es\/","logo":{"@type":"ImageObject","inLanguage":"es","@id":"https:\/\/www.pressenza.com\/es\/#\/schema\/logo\/image\/","url":"https:\/\/www.pressenza.com\/wp-content\/uploads\/2022\/10\/pressenza_logo_200x200.jpg","contentUrl":"https:\/\/www.pressenza.com\/wp-content\/uploads\/2022\/10\/pressenza_logo_200x200.jpg","width":200,"height":200,"caption":"Pressenza"},"image":{"@id":"https:\/\/www.pressenza.com\/es\/#\/schema\/logo\/image\/"},"sameAs":["https:\/\/www.facebook.com\/PressenzaItalia","https:\/\/x.com\/PressenzaIPA"]},{"@type":"Person","@id":"https:\/\/www.pressenza.com\/es\/#\/schema\/person\/b8087a9cc5d0ddddea28146bdac21c70","name":"Agencia Isl\u00e1mica de Noticias AIN","description":"Con la idea de sumar una mirada m\u00e1s al gran universo de los medios de comunicaci\u00f3n y la tecnolog\u00eda creamos la Agencia Isl\u00e1mica de Noticias (AIN). Somos un grupo de profesionales, musulmanes y no musulmanes, que nos propusimos acercarles informaci\u00f3n a todas aquellas personas, no s\u00f3lo de Argentina sino tambi\u00e9n del resto del mundo, que est\u00e9n interesadas en los acontecimientos relacionados con el Mundo Isl\u00e1mico que suceden a diario en cualquier regi\u00f3n del planeta. www.ain.com.ar","url":"https:\/\/www.pressenza.com\/es\/author\/agencia-islamica-de-noticias-ain\/"}]}},"place":"Par\u00eds","original_article_url":"","_links":{"self":[{"href":"https:\/\/www.pressenza.com\/es\/wp-json\/wp\/v2\/posts\/156553","targetHints":{"allow":["GET"]}}],"collection":[{"href":"https:\/\/www.pressenza.com\/es\/wp-json\/wp\/v2\/posts"}],"about":[{"href":"https:\/\/www.pressenza.com\/es\/wp-json\/wp\/v2\/types\/post"}],"author":[{"embeddable":true,"href":"https:\/\/www.pressenza.com\/es\/wp-json\/wp\/v2\/users\/521"}],"replies":[{"embeddable":true,"href":"https:\/\/www.pressenza.com\/es\/wp-json\/wp\/v2\/comments?post=156553"}],"version-history":[{"count":0,"href":"https:\/\/www.pressenza.com\/es\/wp-json\/wp\/v2\/posts\/156553\/revisions"}],"wp:featuredmedia":[{"embeddable":true,"href":"https:\/\/www.pressenza.com\/es\/wp-json\/wp\/v2\/media\/156554"}],"wp:attachment":[{"href":"https:\/\/www.pressenza.com\/es\/wp-json\/wp\/v2\/media?parent=156553"}],"wp:term":[{"taxonomy":"category","embeddable":true,"href":"https:\/\/www.pressenza.com\/es\/wp-json\/wp\/v2\/categories?post=156553"},{"taxonomy":"post_tag","embeddable":true,"href":"https:\/\/www.pressenza.com\/es\/wp-json\/wp\/v2\/tags?post=156553"}],"curies":[{"name":"wp","href":"https:\/\/api.w.org\/{rel}","templated":true}]}}