{"id":1564067,"date":"2022-04-13T23:47:43","date_gmt":"2022-04-13T22:47:43","guid":{"rendered":"https:\/\/www.pressenza.com\/?p=1564067"},"modified":"2022-04-13T23:49:48","modified_gmt":"2022-04-13T22:49:48","slug":"la-sombra-del-palo-de-achiote","status":"publish","type":"post","link":"https:\/\/www.pressenza.com\/es\/2022\/04\/la-sombra-del-palo-de-achiote\/","title":{"rendered":"La sombra del palo de achiote"},"content":{"rendered":"<p><span style=\"vertical-align: inherit;\"><span style=\"vertical-align: inherit;\">A los 7 a\u00f1os C\u00e1ndido emigr\u00f3 a la capital con cinco primos m\u00e1s, un t\u00edo se los llev\u00f3 para que empezaran a trabajar y ayudaran en los gastos de la casa, en las madrugadas lo ayudan con su venta de jugos de naranja, atol y panes con frijoles que ponen cerca de la pasarela de la avenida Bol\u00edvar; <\/span><span style=\"vertical-align: inherit;\">durante el d\u00eda trabajan en un lava carros y en las noches le ayudan con la venta de elotes y g\u00fcisquiles cocidos que venden en canastos cerca de la pasarela del Aguilar Batres y el perif\u00e9rico, para aprovechar cuando salen los alumnos de la Universidad de San Carlos. <\/span><span style=\"vertical-align: inherit;\">Originario de Nahual\u00e1, Solol\u00e1, Guatemala, C\u00e1ndido aprende a encerar carros a mano a la velocidad en la que se le va olvidando el kaqchikel, su idioma materno. <\/span><span style=\"vertical-align: inherit;\">Regresan al pueblo s\u00f3lo para Navidad y dos d\u00edas para la feria patronal, <\/span><span style=\"vertical-align: inherit;\">viven en una champa hecha de lepas y pedazos de l\u00e1mina en un terreno que su t\u00edo invadi\u00f3 cuando crearon reci\u00e9n en Ciudad Peronia, una periferia cercana a Villa Nueva ya Ciudad San Crist\u00f3bal a donde tambi\u00e9n fueron a invadir cientos de familias que huyeron de sus pueblos en occidente a finales de los a\u00f1os del genocidio. <\/span><span style=\"vertical-align: inherit;\">C\u00e1ndido tiene 4 hermanas menores, su pap\u00e1 trabaja en los sembradillos de Zunil, llega a la casa una vez al mes y su mam\u00e1 hace chuchitos para vender todas las tardes.<\/span><\/span><\/p>\n<p><span style=\"vertical-align: inherit;\"><span style=\"vertical-align: inherit;\">En Peronia, C\u00e1ndido ha conocido gente de todas partes de occidente, s\u00f3lo en su cuadra puede contar unas 20 familias de pueblos distintos que hablan otros idiomas apararte del espa\u00f1ol, con los a\u00f1os se ha enterado que la mayor\u00eda tienen familiares desaparecidos y masacrados por el ej\u00e9rcito , a otras les quemaron sus cosechas y sus casas entonces buscaron refugio en la capital y ah\u00ed se enteraron del nuevo proyecto habitacional del presidente Vinicio Cerezo, invadieron en Ciudad Peronia y encontraron un nuevo hogar donde han podido comenzar de nuevo al que les ha tocado defender de los antimotines en varias ocasiones, porque llegan en cuadrillas a quemarles sus covachas ya tratar de sacarlos, pero sus deseos de quedarse han sido m\u00e1s fuertes y han resistido una y otra vez,a su t\u00edo la polic\u00eda ya le deshizo la covacha tres veces pero \u00e9l dice que si se la deshacen cien veces \u00e9l la levanta mil m\u00e1s pero que no lo sacar\u00e1n de su hogar.<\/span><\/span><\/p>\n<p><span style=\"vertical-align: inherit;\"><span style=\"vertical-align: inherit;\">Al poco tiempo de estar ah\u00ed hicieron un destacamento militar entre la aldea La Selva y El Calvario justo al pie de las monta\u00f1as y las familias aterrorizadas comenzaron a ver el desfile de camiones llenos de soldados que pasaron por el bulevar principal, en escuadrones los soldados caminan por las calles cuando bajan a la colonia a comprar comida y sus cosas de limpieza personal viaje que muchos aprovechan para emborracharse sus tragos en las cantinas.<\/span><\/span><\/p>\n<p><span style=\"vertical-align: inherit;\"><span style=\"vertical-align: inherit;\">Las familias capitalinas y de oriente que no han vivido la crueldad del genocidio y la Tierra Arrasada los ven sin ning\u00fan temor pero las familias ind\u00edgenas de occidente que viven en las cercan\u00edas del mercado, El Asentamiento y de La Surtidora entran en p\u00e1nico y no se atreven a salir de sus casas por el miedo porque saben de lo que es capaz el ej\u00e9rcito; <\/span><span style=\"vertical-align: inherit;\">sin embargo los soldados rasos que son j\u00f3venes, casi ni\u00f1os, ind\u00edgenas tambi\u00e9n del occidente a quienes han obligado a realizar el servicio militar no pasan de comprar sus cosas, tomarse unos tragos y regresar al destacamento militar. <\/span><span style=\"vertical-align: inherit;\">Pero una noche los despierta el estruendo de varias ametralladoras, al d\u00eda siguiente se enteran de la noticia; <\/span><span style=\"vertical-align: inherit;\">unos soldados ebrios a los que les entraron la noche buscando cerveza lograron llegar al Asentamiento y tocaron la puerta de una tienda en la madrugada, <\/span><span style=\"vertical-align: inherit;\">mientras gritaban que les vendieran cerveza, la familia dorm\u00eda, se levant\u00f3 el pap\u00e1 a ver qui\u00e9n somataba la puerta de esa forma y se encontr\u00f3 con soldados armados y borrachos a quienes les dijo que no les pod\u00eda vender porque era muy tarde y que la tienda estaba cerrado, a todo esto ya hab\u00eda llegado la esposa y los hijos y les suplicaban que se ocurriera, pero los soldados insistieron en la cerveza y totalmente fuera de control les dispararon masacr\u00e1ndolos ah\u00ed mismo. <\/span><span style=\"vertical-align: inherit;\">Otros que cuentan s\u00ed les vendieron cerveza por el temor, pero ellos quer\u00edan m\u00e1s y cuando les dijeron que no los masacraron; <\/span><span style=\"vertical-align: inherit;\">lo que se convirti\u00f3 en noticia nacional porque una vez m\u00e1s en tiempos de democracia unos soldados masacraban a una familia ind\u00edgena.<\/span><\/span><\/p>\n<p><span style=\"vertical-align: inherit;\"><span style=\"vertical-align: inherit;\">Cruzan por el lado del r\u00edo Bravo es el 24 de diciembre de 1993, no les cuesta cruzar M\u00e9xico, se transportaron en autob\u00fas, el pa\u00eds sigue siendo lugar de refugio de millas de familias ind\u00edgenas que hicieron asentamientos en Chiapas y alrededores, cuando huyeron huyendo del genocidio. <\/span><span style=\"vertical-align: inherit;\">A su t\u00edo le da posada en California un amigo que sali\u00f3 con toda su familia desde El Ixc\u00e1n, Quich\u00e9 en 1989, les cont\u00f3 su t\u00edo que a su amigo le masacraron a sus pap\u00e1s, t\u00edos, abuelos, primos, 34 miembros de su familia en total en todo Quich\u00e9.<\/span><\/span><br \/>\n<span style=\"vertical-align: inherit;\"><span style=\"vertical-align: inherit;\">C\u00e1ndido lleva 29 a\u00f1os trabajando en los vi\u00f1eros en California, sus primos en los campos de cultivo de verduras de los alrededores y su t\u00edo vive en Colorado donde hay una comunidad de Nahual\u00e1 con la que han comprado entre todos un pedazo de tierra que les sirve como parcela para sembrar en verano; <\/span><span style=\"vertical-align: inherit;\">tienen loroco y chipil\u00edn adem\u00e1s de la milpa, el maicillo y las enredaderas de ayote, trabaja con su esposa limpiando oficinas. <\/span><span style=\"vertical-align: inherit;\">Cada a\u00f1o recodan fondos \u00fatiles, escolares, camiones llenos de cajas de ropa, zapatos y medicina para los pobladores de Nahual\u00e1.<\/span><\/span><\/p>\n<p><span style=\"vertical-align: inherit;\"><span style=\"vertical-align: inherit;\">C\u00e1ndido se hizo con una joven de Totonicap\u00e1n que conoci\u00f3 trabajando en los vi\u00f1edos, tienen 4 hijos, todos los estadounidenses que tambi\u00e9n trabajaron en los vi\u00f1eros media jornada mientras estudiaban, todos se graduaron de la Universidad de California y todos hablan el idioma materno que es el kaqchiquel , idioma que C\u00e1ndido aprendi\u00f3 de nuevo con su esposa.<\/span><\/span><\/p>\n<p><span style=\"vertical-align: inherit;\"><span style=\"vertical-align: inherit;\">Reci\u00e9n ha logrado sacar sus papeles, los pidi\u00f3 su hija mayor. <\/span><span style=\"vertical-align: inherit;\">Por primera vez en 29 a\u00f1os tiene planeado ir a Guatemala a visitar a sus pap\u00e1s ya sus hermanas, a quien nunca ha dejado de enviarles remesas mensuales, all\u00e1 lo esperan con los brazos abiertos, los ojos secos de no verlo y con el negocio familiar: la Panader\u00eda C\u00e1ndida que reparte pan en todo Solol\u00e1. <\/span><span style=\"vertical-align: inherit;\">C\u00e1ndido ha pasado so\u00f1ando 29 a\u00f1os con el retorno a su natal Nahual\u00e1, para abrazar de nuevo a sus padres ya sus hermanas, aunque s\u00f3lo sea por una semana, ya que no le dan m\u00e1s tiempo en el trabajo y no son vacaciones porque no le pagar\u00e1n los d\u00edas, pero eso es lo de menos para \u00e9l que flota en el aire con la ilusi\u00f3n de ver de nuevo a quienes nunca abandonaron de enviarle en encomiendas tamalitos de frijol, caf\u00e9 molido, gallinas de patio asadas y achiote molido del palo de la casa ;<\/span><\/span><\/p>\n<p><span style=\"vertical-align: inherit;\"><span style=\"vertical-align: inherit;\">Blog de la autora\u00a0 <\/span><\/span><a href=\"https:\/\/cronicasdeunainquilina.com\/\" target=\"_blank\" rel=\"noopener\" data-saferedirecturl=\"https:\/\/www.google.com\/url?q=https:\/\/cronicasdeunainquilina.com&amp;source=gmail&amp;ust=1649974692098000&amp;usg=AOvVaw0vq7Po6tL5CGBviFHdw-S3\"><span style=\"vertical-align: inherit;\"><span style=\"vertical-align: inherit;\">: <\/span><\/span><wbr \/><span style=\"vertical-align: inherit;\"><span style=\"vertical-align: inherit;\">https:\/\/cronicasdeunainquilina.com<\/span><\/span><\/a><\/p>\n<p>Fuente Foto: El Comercio.<\/p>\n","protected":false},"excerpt":{"rendered":"<p>A los 7 a\u00f1os C\u00e1ndido emigr\u00f3 a la capital con cinco primos m\u00e1s, un t\u00edo se los llev\u00f3 para que empezaran a trabajar y ayudaran en los gastos de la casa, en las madrugadas lo ayudan con su venta de&hellip;<\/p>\n","protected":false},"author":1297,"featured_media":1564087,"comment_status":"closed","ping_status":"closed","sticky":false,"template":"","format":"standard","meta":{"footnotes":""},"categories":[76,11389,79,54574,68],"tags":[101097,101096,54175],"class_list":["post-1564067","post","type-post","status-publish","format-standard","has-post-thumbnail","hentry","category-relaciones-exteriores","category-contenido-original","category-derechos-humanos","category-migrantes-es","category-norteamerica","tag-estados-unidos-migrantes","tag-mexico-migrantes","tag-migrantes-es"],"yoast_head":"<!-- This site is optimized with the Yoast SEO plugin v27.1.1 - https:\/\/yoast.com\/product\/yoast-seo-wordpress\/ -->\n<title>La sombra del palo de achiote<\/title>\n<meta name=\"description\" content=\"A los 7 a\u00f1os C\u00e1ndido emigr\u00f3 a la capital con cinco primos m\u00e1s, un t\u00edo se los llev\u00f3 para que empezaran a trabajar y ayudaran en los gastos de la casa, en\" \/>\n<meta name=\"robots\" content=\"index, follow, max-snippet:-1, max-image-preview:large, max-video-preview:-1\" \/>\n<link rel=\"canonical\" href=\"https:\/\/www.pressenza.com\/es\/2022\/04\/la-sombra-del-palo-de-achiote\/\" \/>\n<meta property=\"og:locale\" content=\"es_ES\" \/>\n<meta property=\"og:type\" content=\"article\" \/>\n<meta property=\"og:title\" content=\"La sombra del palo de achiote\" \/>\n<meta property=\"og:description\" content=\"A los 7 a\u00f1os C\u00e1ndido emigr\u00f3 a la capital con cinco primos m\u00e1s, un t\u00edo se los llev\u00f3 para que empezaran a trabajar y ayudaran en los gastos de la casa, en\" \/>\n<meta property=\"og:url\" content=\"https:\/\/www.pressenza.com\/es\/2022\/04\/la-sombra-del-palo-de-achiote\/\" \/>\n<meta property=\"og:site_name\" content=\"Pressenza\" \/>\n<meta property=\"article:publisher\" content=\"https:\/\/www.facebook.com\/PressenzaItalia\" \/>\n<meta property=\"article:author\" content=\"https:\/\/www.facebook.com\/ilkaolivacorado\" \/>\n<meta property=\"article:published_time\" content=\"2022-04-13T22:47:43+00:00\" \/>\n<meta property=\"article:modified_time\" content=\"2022-04-13T22:49:48+00:00\" \/>\n<meta property=\"og:image\" content=\"https:\/\/www.pressenza.com\/wp-content\/uploads\/2022\/04\/migrantes-el-comercio-2.jpg\" \/>\n\t<meta property=\"og:image:width\" content=\"580\" \/>\n\t<meta property=\"og:image:height\" content=\"330\" \/>\n\t<meta property=\"og:image:type\" content=\"image\/jpeg\" \/>\n<meta name=\"author\" content=\"Ilka Oliva Corado\" \/>\n<meta name=\"twitter:card\" content=\"summary_large_image\" \/>\n<meta name=\"twitter:creator\" content=\"@ilkaolivacorado\" \/>\n<meta name=\"twitter:site\" content=\"@PressenzaIPA\" \/>\n<meta name=\"twitter:label1\" content=\"Escrito por\" \/>\n\t<meta name=\"twitter:data1\" content=\"Ilka Oliva Corado\" \/>\n\t<meta name=\"twitter:label2\" content=\"Tiempo de lectura\" \/>\n\t<meta name=\"twitter:data2\" content=\"6 minutos\" \/>\n<script type=\"application\/ld+json\" class=\"yoast-schema-graph\">{\"@context\":\"https:\/\/schema.org\",\"@graph\":[{\"@type\":\"Article\",\"@id\":\"https:\/\/www.pressenza.com\/es\/2022\/04\/la-sombra-del-palo-de-achiote\/#article\",\"isPartOf\":{\"@id\":\"https:\/\/www.pressenza.com\/es\/2022\/04\/la-sombra-del-palo-de-achiote\/\"},\"author\":{\"name\":\"Ilka Oliva Corado\",\"@id\":\"https:\/\/www.pressenza.com\/es\/#\/schema\/person\/0d894d73999dee31c046a9b9221eb606\"},\"headline\":\"La sombra del palo de achiote\",\"datePublished\":\"2022-04-13T22:47:43+00:00\",\"dateModified\":\"2022-04-13T22:49:48+00:00\",\"mainEntityOfPage\":{\"@id\":\"https:\/\/www.pressenza.com\/es\/2022\/04\/la-sombra-del-palo-de-achiote\/\"},\"wordCount\":1247,\"publisher\":{\"@id\":\"https:\/\/www.pressenza.com\/es\/#organization\"},\"image\":{\"@id\":\"https:\/\/www.pressenza.com\/es\/2022\/04\/la-sombra-del-palo-de-achiote\/#primaryimage\"},\"thumbnailUrl\":\"https:\/\/www.pressenza.com\/wp-content\/uploads\/2022\/04\/migrantes-el-comercio-2.jpg\",\"keywords\":[\"Estados Unidos migrantes\",\"M\u00e9xico migrantes\",\"migrantes\"],\"articleSection\":[\"Asuntos internacionales\",\"Contenido Original\",\"Derechos Humanos\",\"Migrantes\",\"Norteam\u00e9rica\"],\"inLanguage\":\"es\"},{\"@type\":\"WebPage\",\"@id\":\"https:\/\/www.pressenza.com\/es\/2022\/04\/la-sombra-del-palo-de-achiote\/\",\"url\":\"https:\/\/www.pressenza.com\/es\/2022\/04\/la-sombra-del-palo-de-achiote\/\",\"name\":\"La sombra del palo de achiote\",\"isPartOf\":{\"@id\":\"https:\/\/www.pressenza.com\/es\/#website\"},\"primaryImageOfPage\":{\"@id\":\"https:\/\/www.pressenza.com\/es\/2022\/04\/la-sombra-del-palo-de-achiote\/#primaryimage\"},\"image\":{\"@id\":\"https:\/\/www.pressenza.com\/es\/2022\/04\/la-sombra-del-palo-de-achiote\/#primaryimage\"},\"thumbnailUrl\":\"https:\/\/www.pressenza.com\/wp-content\/uploads\/2022\/04\/migrantes-el-comercio-2.jpg\",\"datePublished\":\"2022-04-13T22:47:43+00:00\",\"dateModified\":\"2022-04-13T22:49:48+00:00\",\"description\":\"A los 7 a\u00f1os C\u00e1ndido emigr\u00f3 a la capital con cinco primos m\u00e1s, un t\u00edo se los llev\u00f3 para que empezaran a trabajar y ayudaran en los gastos de la casa, en\",\"breadcrumb\":{\"@id\":\"https:\/\/www.pressenza.com\/es\/2022\/04\/la-sombra-del-palo-de-achiote\/#breadcrumb\"},\"inLanguage\":\"es\",\"potentialAction\":[{\"@type\":\"ReadAction\",\"target\":[\"https:\/\/www.pressenza.com\/es\/2022\/04\/la-sombra-del-palo-de-achiote\/\"]}]},{\"@type\":\"ImageObject\",\"inLanguage\":\"es\",\"@id\":\"https:\/\/www.pressenza.com\/es\/2022\/04\/la-sombra-del-palo-de-achiote\/#primaryimage\",\"url\":\"https:\/\/www.pressenza.com\/wp-content\/uploads\/2022\/04\/migrantes-el-comercio-2.jpg\",\"contentUrl\":\"https:\/\/www.pressenza.com\/wp-content\/uploads\/2022\/04\/migrantes-el-comercio-2.jpg\",\"width\":580,\"height\":330},{\"@type\":\"BreadcrumbList\",\"@id\":\"https:\/\/www.pressenza.com\/es\/2022\/04\/la-sombra-del-palo-de-achiote\/#breadcrumb\",\"itemListElement\":[{\"@type\":\"ListItem\",\"position\":1,\"name\":\"Accueil\",\"item\":\"https:\/\/www.pressenza.com\/es\/\"},{\"@type\":\"ListItem\",\"position\":2,\"name\":\"La sombra del palo de achiote\"}]},{\"@type\":\"WebSite\",\"@id\":\"https:\/\/www.pressenza.com\/es\/#website\",\"url\":\"https:\/\/www.pressenza.com\/es\/\",\"name\":\"Pressenza\",\"description\":\"International Press Agency\",\"publisher\":{\"@id\":\"https:\/\/www.pressenza.com\/es\/#organization\"},\"potentialAction\":[{\"@type\":\"SearchAction\",\"target\":{\"@type\":\"EntryPoint\",\"urlTemplate\":\"https:\/\/www.pressenza.com\/es\/?s={search_term_string}\"},\"query-input\":{\"@type\":\"PropertyValueSpecification\",\"valueRequired\":true,\"valueName\":\"search_term_string\"}}],\"inLanguage\":\"es\"},{\"@type\":\"Organization\",\"@id\":\"https:\/\/www.pressenza.com\/es\/#organization\",\"name\":\"Pressenza\",\"url\":\"https:\/\/www.pressenza.com\/es\/\",\"logo\":{\"@type\":\"ImageObject\",\"inLanguage\":\"es\",\"@id\":\"https:\/\/www.pressenza.com\/es\/#\/schema\/logo\/image\/\",\"url\":\"https:\/\/www.pressenza.com\/wp-content\/uploads\/2022\/10\/pressenza_logo_200x200.jpg\",\"contentUrl\":\"https:\/\/www.pressenza.com\/wp-content\/uploads\/2022\/10\/pressenza_logo_200x200.jpg\",\"width\":200,\"height\":200,\"caption\":\"Pressenza\"},\"image\":{\"@id\":\"https:\/\/www.pressenza.com\/es\/#\/schema\/logo\/image\/\"},\"sameAs\":[\"https:\/\/www.facebook.com\/PressenzaItalia\",\"https:\/\/x.com\/PressenzaIPA\"]},{\"@type\":\"Person\",\"@id\":\"https:\/\/www.pressenza.com\/es\/#\/schema\/person\/0d894d73999dee31c046a9b9221eb606\",\"name\":\"Ilka Oliva Corado\",\"description\":\"Escritora y poetisa. Guatemalteca en Estados Unidos. Inmigrante indocumentada con maestr\u00eda en discriminaci\u00f3n y racismo. cronicasdeunainquilina.com\",\"sameAs\":[\"https:\/\/www.facebook.com\/ilkaolivacorado\",\"https:\/\/x.com\/ilkaolivacorado\"],\"url\":\"https:\/\/www.pressenza.com\/es\/author\/ilka-oliva-corado\/\"}]}<\/script>\n<!-- \/ Yoast SEO plugin. -->","yoast_head_json":{"title":"La sombra del palo de achiote","description":"A los 7 a\u00f1os C\u00e1ndido emigr\u00f3 a la capital con cinco primos m\u00e1s, un t\u00edo se los llev\u00f3 para que empezaran a trabajar y ayudaran en los gastos de la casa, en","robots":{"index":"index","follow":"follow","max-snippet":"max-snippet:-1","max-image-preview":"max-image-preview:large","max-video-preview":"max-video-preview:-1"},"canonical":"https:\/\/www.pressenza.com\/es\/2022\/04\/la-sombra-del-palo-de-achiote\/","og_locale":"es_ES","og_type":"article","og_title":"La sombra del palo de achiote","og_description":"A los 7 a\u00f1os C\u00e1ndido emigr\u00f3 a la capital con cinco primos m\u00e1s, un t\u00edo se los llev\u00f3 para que empezaran a trabajar y ayudaran en los gastos de la casa, en","og_url":"https:\/\/www.pressenza.com\/es\/2022\/04\/la-sombra-del-palo-de-achiote\/","og_site_name":"Pressenza","article_publisher":"https:\/\/www.facebook.com\/PressenzaItalia","article_author":"https:\/\/www.facebook.com\/ilkaolivacorado","article_published_time":"2022-04-13T22:47:43+00:00","article_modified_time":"2022-04-13T22:49:48+00:00","og_image":[{"width":580,"height":330,"url":"https:\/\/www.pressenza.com\/wp-content\/uploads\/2022\/04\/migrantes-el-comercio-2.jpg","type":"image\/jpeg"}],"author":"Ilka Oliva Corado","twitter_card":"summary_large_image","twitter_creator":"@ilkaolivacorado","twitter_site":"@PressenzaIPA","twitter_misc":{"Escrito por":"Ilka Oliva Corado","Tiempo de lectura":"6 minutos"},"schema":{"@context":"https:\/\/schema.org","@graph":[{"@type":"Article","@id":"https:\/\/www.pressenza.com\/es\/2022\/04\/la-sombra-del-palo-de-achiote\/#article","isPartOf":{"@id":"https:\/\/www.pressenza.com\/es\/2022\/04\/la-sombra-del-palo-de-achiote\/"},"author":{"name":"Ilka Oliva Corado","@id":"https:\/\/www.pressenza.com\/es\/#\/schema\/person\/0d894d73999dee31c046a9b9221eb606"},"headline":"La sombra del palo de achiote","datePublished":"2022-04-13T22:47:43+00:00","dateModified":"2022-04-13T22:49:48+00:00","mainEntityOfPage":{"@id":"https:\/\/www.pressenza.com\/es\/2022\/04\/la-sombra-del-palo-de-achiote\/"},"wordCount":1247,"publisher":{"@id":"https:\/\/www.pressenza.com\/es\/#organization"},"image":{"@id":"https:\/\/www.pressenza.com\/es\/2022\/04\/la-sombra-del-palo-de-achiote\/#primaryimage"},"thumbnailUrl":"https:\/\/www.pressenza.com\/wp-content\/uploads\/2022\/04\/migrantes-el-comercio-2.jpg","keywords":["Estados Unidos migrantes","M\u00e9xico migrantes","migrantes"],"articleSection":["Asuntos internacionales","Contenido Original","Derechos Humanos","Migrantes","Norteam\u00e9rica"],"inLanguage":"es"},{"@type":"WebPage","@id":"https:\/\/www.pressenza.com\/es\/2022\/04\/la-sombra-del-palo-de-achiote\/","url":"https:\/\/www.pressenza.com\/es\/2022\/04\/la-sombra-del-palo-de-achiote\/","name":"La sombra del palo de achiote","isPartOf":{"@id":"https:\/\/www.pressenza.com\/es\/#website"},"primaryImageOfPage":{"@id":"https:\/\/www.pressenza.com\/es\/2022\/04\/la-sombra-del-palo-de-achiote\/#primaryimage"},"image":{"@id":"https:\/\/www.pressenza.com\/es\/2022\/04\/la-sombra-del-palo-de-achiote\/#primaryimage"},"thumbnailUrl":"https:\/\/www.pressenza.com\/wp-content\/uploads\/2022\/04\/migrantes-el-comercio-2.jpg","datePublished":"2022-04-13T22:47:43+00:00","dateModified":"2022-04-13T22:49:48+00:00","description":"A los 7 a\u00f1os C\u00e1ndido emigr\u00f3 a la capital con cinco primos m\u00e1s, un t\u00edo se los llev\u00f3 para que empezaran a trabajar y ayudaran en los gastos de la casa, en","breadcrumb":{"@id":"https:\/\/www.pressenza.com\/es\/2022\/04\/la-sombra-del-palo-de-achiote\/#breadcrumb"},"inLanguage":"es","potentialAction":[{"@type":"ReadAction","target":["https:\/\/www.pressenza.com\/es\/2022\/04\/la-sombra-del-palo-de-achiote\/"]}]},{"@type":"ImageObject","inLanguage":"es","@id":"https:\/\/www.pressenza.com\/es\/2022\/04\/la-sombra-del-palo-de-achiote\/#primaryimage","url":"https:\/\/www.pressenza.com\/wp-content\/uploads\/2022\/04\/migrantes-el-comercio-2.jpg","contentUrl":"https:\/\/www.pressenza.com\/wp-content\/uploads\/2022\/04\/migrantes-el-comercio-2.jpg","width":580,"height":330},{"@type":"BreadcrumbList","@id":"https:\/\/www.pressenza.com\/es\/2022\/04\/la-sombra-del-palo-de-achiote\/#breadcrumb","itemListElement":[{"@type":"ListItem","position":1,"name":"Accueil","item":"https:\/\/www.pressenza.com\/es\/"},{"@type":"ListItem","position":2,"name":"La sombra del palo de achiote"}]},{"@type":"WebSite","@id":"https:\/\/www.pressenza.com\/es\/#website","url":"https:\/\/www.pressenza.com\/es\/","name":"Pressenza","description":"International Press Agency","publisher":{"@id":"https:\/\/www.pressenza.com\/es\/#organization"},"potentialAction":[{"@type":"SearchAction","target":{"@type":"EntryPoint","urlTemplate":"https:\/\/www.pressenza.com\/es\/?s={search_term_string}"},"query-input":{"@type":"PropertyValueSpecification","valueRequired":true,"valueName":"search_term_string"}}],"inLanguage":"es"},{"@type":"Organization","@id":"https:\/\/www.pressenza.com\/es\/#organization","name":"Pressenza","url":"https:\/\/www.pressenza.com\/es\/","logo":{"@type":"ImageObject","inLanguage":"es","@id":"https:\/\/www.pressenza.com\/es\/#\/schema\/logo\/image\/","url":"https:\/\/www.pressenza.com\/wp-content\/uploads\/2022\/10\/pressenza_logo_200x200.jpg","contentUrl":"https:\/\/www.pressenza.com\/wp-content\/uploads\/2022\/10\/pressenza_logo_200x200.jpg","width":200,"height":200,"caption":"Pressenza"},"image":{"@id":"https:\/\/www.pressenza.com\/es\/#\/schema\/logo\/image\/"},"sameAs":["https:\/\/www.facebook.com\/PressenzaItalia","https:\/\/x.com\/PressenzaIPA"]},{"@type":"Person","@id":"https:\/\/www.pressenza.com\/es\/#\/schema\/person\/0d894d73999dee31c046a9b9221eb606","name":"Ilka Oliva Corado","description":"Escritora y poetisa. Guatemalteca en Estados Unidos. Inmigrante indocumentada con maestr\u00eda en discriminaci\u00f3n y racismo. cronicasdeunainquilina.com","sameAs":["https:\/\/www.facebook.com\/ilkaolivacorado","https:\/\/x.com\/ilkaolivacorado"],"url":"https:\/\/www.pressenza.com\/es\/author\/ilka-oliva-corado\/"}]}},"place":"Estados Unidos","original_article_url":"","_links":{"self":[{"href":"https:\/\/www.pressenza.com\/es\/wp-json\/wp\/v2\/posts\/1564067","targetHints":{"allow":["GET"]}}],"collection":[{"href":"https:\/\/www.pressenza.com\/es\/wp-json\/wp\/v2\/posts"}],"about":[{"href":"https:\/\/www.pressenza.com\/es\/wp-json\/wp\/v2\/types\/post"}],"author":[{"embeddable":true,"href":"https:\/\/www.pressenza.com\/es\/wp-json\/wp\/v2\/users\/1297"}],"replies":[{"embeddable":true,"href":"https:\/\/www.pressenza.com\/es\/wp-json\/wp\/v2\/comments?post=1564067"}],"version-history":[{"count":0,"href":"https:\/\/www.pressenza.com\/es\/wp-json\/wp\/v2\/posts\/1564067\/revisions"}],"wp:featuredmedia":[{"embeddable":true,"href":"https:\/\/www.pressenza.com\/es\/wp-json\/wp\/v2\/media\/1564087"}],"wp:attachment":[{"href":"https:\/\/www.pressenza.com\/es\/wp-json\/wp\/v2\/media?parent=1564067"}],"wp:term":[{"taxonomy":"category","embeddable":true,"href":"https:\/\/www.pressenza.com\/es\/wp-json\/wp\/v2\/categories?post=1564067"},{"taxonomy":"post_tag","embeddable":true,"href":"https:\/\/www.pressenza.com\/es\/wp-json\/wp\/v2\/tags?post=1564067"}],"curies":[{"name":"wp","href":"https:\/\/api.w.org\/{rel}","templated":true}]}}