{"id":1563209,"date":"2022-04-12T01:09:16","date_gmt":"2022-04-12T00:09:16","guid":{"rendered":"https:\/\/www.pressenza.com\/?p=1563209"},"modified":"2022-04-23T15:16:14","modified_gmt":"2022-04-23T14:16:14","slug":"francia-primera-vuelta-de-las-elecciones-presidenciales-abstencion-repeticion-y-melenchon","status":"publish","type":"post","link":"https:\/\/www.pressenza.com\/es\/2022\/04\/francia-primera-vuelta-de-las-elecciones-presidenciales-abstencion-repeticion-y-melenchon\/","title":{"rendered":"Francia, primera vuelta de las elecciones presidenciales: \u00a1abstenci\u00f3n, repetici\u00f3n y M\u00e9lenchon!"},"content":{"rendered":"<blockquote><p>Abstenci\u00f3n, repetici\u00f3n y M\u00e9lenchon: solo estas tres palabras resumen el\u00a0resultado de la primera vuelta\u00a0de las elecciones presidenciales en Francia.\u00a0Efectivamente,\u00a0E. Macron Presidente saliente y candidato del ultra liberalismo\u00a0obtiene el\u00a027,84%\u00a0de los votos, el\u00a0Sr. Le Pen de la RN (Agrupaci\u00f3n Nacional) candidato de extrema derecha\u00a0con el\u00a023,15%\u00a0se clasifica para la segunda vuelta.\u00a0Jean-Luc M\u00e9lenchon el candidato de la FI (Francia Insoumise) por la Uni\u00f3n Popular\u00a0obtiene el\u00a021,95%\u00a0de los votos.\u00a0Abstenci\u00f3n\u00a0alcanz\u00f3 r\u00e9cord para una elecci\u00f3n presidencial:\u00a026,3\u00a0%de los votantes no vot\u00f3, m\u00e1s de 1 de cada 4, principalmente entre los j\u00f3venes de 18 a 35 a\u00f1os.\u00a0Adem\u00e1s, seg\u00fan una\u00a0encuesta\u00a0, el 31 % de los j\u00f3venes de 18 a 24 a\u00f1os y el 34 % de los de 25 a 34 a\u00f1os votaron por el candidato de la Uni\u00f3n Popular, muy por delante de Macron y Le Pen.\u00a0El futuro se construir\u00e1 con ellos.\u00a0Juventud sedienta de vida, de justicia y de fraternidad;\u00a0este com\u00fan emergente se materializar\u00e1 de una forma u otra.<\/p><\/blockquote>\n<p>Los partidos tradicionales de izquierda-derecha se est\u00e1n derrumbando y desapareciendo del panorama pol\u00edtico con solo un 1,74% para el candidato del Partido Socialista y un 4,79% para el candidato republicano. No se les reembolsar\u00e1n los costos de su campa\u00f1a ya que no han llegado al 5%. Lo mismo ocurre con el candidato de Europa Ecolog\u00eda Los Verdes que obtiene el 4,58%. La extrema derecha se refuerza con un 7,05 % para Eric Zemmour y su partido Reconqu\u00eate (extrema derecha) creado a fines del 2021. Los electores de la derecha tradicional se dividieron entre el liberal Macron y la extrema derecha.<\/p>\n<p>En cuanto al candidato del Partido Comunista, Fabien Roussel, fanfarroneando durante toda la campa\u00f1a, haciendo apolog\u00eda de la energ\u00eda nuclear y sabiendo que no pod\u00eda ser elegido, obtuvo el 2,31% de los votos. El Partido Comunista en 2012 no se hab\u00eda presentado y por votaci\u00f3n interna sus miembros hab\u00edan elegido a Jean-Luc M\u00e9lenchon como candidato del Front de Gauche. En 2017 a\u00fan sin candidatura del PC (Partido Comunista) pero un apoyo a medias a la candidatura de France Insoumise. Hoy en 2022, despu\u00e9s de cinco a\u00f1os de ultraliberalismo donde el candidato de Francia Insumise por la Uni\u00f3n Popular podr\u00eda marcar la diferencia, el Partido Comunista presenta un candidato y env\u00eda a la derrota a la candidatura de la Uni\u00f3n Popular.<\/p>\n<p>Este domingo 10 de abril, por la noche, Fabien Roussel (Partido Comunista) llam\u00f3 a votar a Emmanuel Macron, el candidato del ultraliberalismo (presidente saliente) para bloquear a la extrema derecha. Pero para bloquear a la extrema derecha y al ultraliberalismo hubiera sido necesario no presentarse y hacer causa com\u00fan con la Uni\u00f3n Popular. En primer lugar, es quien tiene la responsabilidad. La distancia entre Marine Le Pen (extrema derecha) y Jean-Luc M\u00e9lenchon es muy peque\u00f1a. \u00a1Si no es traicionar a la gente, se parece mucho! La misma observaci\u00f3n para el partido socialista que no ha estado en la izquierda durante mucho tiempo y los ecologistas incapaces de tener una verdadera pol\u00edtica social: todos han llamado a votar por Macron para bloquear la extrema derecha.<\/p>\n<p>Todos tienen responsabilidad en esta segunda vuelta que es solo una repetici\u00f3n de 2017 y la abstenci\u00f3n. C\u00f3mo creer en todos estos pol\u00edticos que est\u00e1n solo interesados \u200b\u200ben su ego, gastan su tiempo enga\u00f1ando y mintiendo. Una Francia tripartita se despierta esta ma\u00f1ana: el ultraliberalismo, la extrema derecha y la Uni\u00f3n Popular.<\/p>\n<p>Algo com\u00fan naci\u00f3 de todo esto, las fiestas tradicionales fueron desautorizadas. La gente est\u00e1 buscando esperanza, construyendo para el futuro y la justicia social. Los votantes del Partido Comunista, el Partido Ecol\u00f3gico, el Partido Socialista y otros emitieron sus votos para la candidatura de la Uni\u00f3n Popular (Jean-Luc M\u00e9lenchon). Los que resisten, los que sufren, todos los que quieren un cambio en la sociedad han optado por liberarse de las instrucciones de voto de los l\u00edderes del partido, permiti\u00e9ndole un resultado superior al de 2012 y 2017.<\/p>\n<p>Ya no nos enga\u00f1an. La segunda vuelta se llevar\u00e1 a cabo el domingo 24 de abril, nada dice que los votantes todav\u00eda se dejen enga\u00f1ar por el miedo a la ultraderecha, cada vez eso funciona menos. Todos los pol\u00edticos han construido esta situaci\u00f3n, han jugado con fuego y una puesta en escena que se ha prolongado durante m\u00e1s de treinta a\u00f1os. \u00bfQuiz\u00e1s se quemar\u00e1n? Pase lo que pase en la segunda vuelta, los abstencionistas no ser\u00e1n ni responsables ni culpables. Ni Macron ni Le Pen, es lo que se escucha en las calles.<\/p>\n","protected":false},"excerpt":{"rendered":"<p>Abstenci\u00f3n, repetici\u00f3n y M\u00e9lenchon: solo estas tres palabras resumen el\u00a0resultado de la primera vuelta\u00a0de las elecciones presidenciales en Francia.\u00a0Efectivamente,\u00a0E. Macron Presidente saliente y candidato del ultra liberalismo\u00a0obtiene el\u00a027,84%\u00a0de los votos, el\u00a0Sr. Le Pen de la RN (Agrupaci\u00f3n Nacional) candidato de&hellip;<\/p>\n","protected":false},"author":1208,"featured_media":1562995,"comment_status":"closed","ping_status":"closed","sticky":false,"template":"","format":"standard","meta":{"footnotes":""},"categories":[11389,66,74],"tags":[403,1432],"class_list":["post-1563209","post","type-post","status-publish","format-standard","has-post-thumbnail","hentry","category-contenido-original","category-europa-es","category-politica-es","tag-elecciones","tag-francia"],"yoast_head":"<!-- This site is optimized with the Yoast SEO plugin v27.1.1 - https:\/\/yoast.com\/product\/yoast-seo-wordpress\/ -->\n<title>Francia, primera vuelta de las elecciones presidenciales: \u00a1abstenci\u00f3n, repetici\u00f3n y M\u00e9lenchon!<\/title>\n<meta name=\"description\" content=\"Abstenci\u00f3n, repetici\u00f3n y M\u00e9lenchon: solo estas tres palabras resumen el\u00a0resultado de la primera vuelta\u00a0de las elecciones presidenciales en\" \/>\n<meta name=\"robots\" content=\"index, follow, max-snippet:-1, max-image-preview:large, max-video-preview:-1\" \/>\n<link rel=\"canonical\" href=\"https:\/\/www.pressenza.com\/es\/2022\/04\/francia-primera-vuelta-de-las-elecciones-presidenciales-abstencion-repeticion-y-melenchon\/\" \/>\n<meta property=\"og:locale\" content=\"es_ES\" \/>\n<meta property=\"og:type\" content=\"article\" \/>\n<meta property=\"og:title\" content=\"Francia, primera vuelta de las elecciones presidenciales: \u00a1abstenci\u00f3n, repetici\u00f3n y M\u00e9lenchon!\" \/>\n<meta property=\"og:description\" content=\"Abstenci\u00f3n, repetici\u00f3n y M\u00e9lenchon: solo estas tres palabras resumen el\u00a0resultado de la primera vuelta\u00a0de las elecciones presidenciales en\" \/>\n<meta property=\"og:url\" content=\"https:\/\/www.pressenza.com\/es\/2022\/04\/francia-primera-vuelta-de-las-elecciones-presidenciales-abstencion-repeticion-y-melenchon\/\" \/>\n<meta property=\"og:site_name\" content=\"Pressenza\" \/>\n<meta property=\"article:publisher\" content=\"https:\/\/www.facebook.com\/PressenzaItalia\" \/>\n<meta property=\"article:published_time\" content=\"2022-04-12T00:09:16+00:00\" \/>\n<meta property=\"article:modified_time\" content=\"2022-04-23T14:16:14+00:00\" \/>\n<meta property=\"og:image\" content=\"https:\/\/www.pressenza.com\/wp-content\/uploads\/2022\/04\/people-geralt-pixabay.jpg\" \/>\n\t<meta property=\"og:image:width\" content=\"820\" \/>\n\t<meta property=\"og:image:height\" content=\"460\" \/>\n\t<meta property=\"og:image:type\" content=\"image\/jpeg\" \/>\n<meta name=\"author\" content=\"Gabrielle Negrel\" \/>\n<meta name=\"twitter:card\" content=\"summary_large_image\" \/>\n<meta name=\"twitter:creator\" content=\"@PressenzaIPA\" \/>\n<meta name=\"twitter:site\" content=\"@PressenzaIPA\" \/>\n<meta name=\"twitter:label1\" content=\"Escrito por\" \/>\n\t<meta name=\"twitter:data1\" content=\"Gabrielle Negrel\" \/>\n\t<meta name=\"twitter:label2\" content=\"Tiempo de lectura\" \/>\n\t<meta name=\"twitter:data2\" content=\"4 minutos\" \/>\n<script type=\"application\/ld+json\" class=\"yoast-schema-graph\">{\"@context\":\"https:\/\/schema.org\",\"@graph\":[{\"@type\":\"Article\",\"@id\":\"https:\/\/www.pressenza.com\/es\/2022\/04\/francia-primera-vuelta-de-las-elecciones-presidenciales-abstencion-repeticion-y-melenchon\/#article\",\"isPartOf\":{\"@id\":\"https:\/\/www.pressenza.com\/es\/2022\/04\/francia-primera-vuelta-de-las-elecciones-presidenciales-abstencion-repeticion-y-melenchon\/\"},\"author\":{\"name\":\"Gabrielle Negrel\",\"@id\":\"https:\/\/www.pressenza.com\/es\/#\/schema\/person\/42a4129444c0e03559f6c139cf72f8cf\"},\"headline\":\"Francia, primera vuelta de las elecciones presidenciales: \u00a1abstenci\u00f3n, repetici\u00f3n y M\u00e9lenchon!\",\"datePublished\":\"2022-04-12T00:09:16+00:00\",\"dateModified\":\"2022-04-23T14:16:14+00:00\",\"mainEntityOfPage\":{\"@id\":\"https:\/\/www.pressenza.com\/es\/2022\/04\/francia-primera-vuelta-de-las-elecciones-presidenciales-abstencion-repeticion-y-melenchon\/\"},\"wordCount\":801,\"publisher\":{\"@id\":\"https:\/\/www.pressenza.com\/es\/#organization\"},\"image\":{\"@id\":\"https:\/\/www.pressenza.com\/es\/2022\/04\/francia-primera-vuelta-de-las-elecciones-presidenciales-abstencion-repeticion-y-melenchon\/#primaryimage\"},\"thumbnailUrl\":\"https:\/\/www.pressenza.com\/wp-content\/uploads\/2022\/04\/people-geralt-pixabay.jpg\",\"keywords\":[\"elecciones\",\"Francia\"],\"articleSection\":[\"Contenido Original\",\"Europa\",\"Pol\u00edtica\"],\"inLanguage\":\"es\"},{\"@type\":\"WebPage\",\"@id\":\"https:\/\/www.pressenza.com\/es\/2022\/04\/francia-primera-vuelta-de-las-elecciones-presidenciales-abstencion-repeticion-y-melenchon\/\",\"url\":\"https:\/\/www.pressenza.com\/es\/2022\/04\/francia-primera-vuelta-de-las-elecciones-presidenciales-abstencion-repeticion-y-melenchon\/\",\"name\":\"Francia, primera vuelta de las elecciones presidenciales: \u00a1abstenci\u00f3n, repetici\u00f3n y M\u00e9lenchon!\",\"isPartOf\":{\"@id\":\"https:\/\/www.pressenza.com\/es\/#website\"},\"primaryImageOfPage\":{\"@id\":\"https:\/\/www.pressenza.com\/es\/2022\/04\/francia-primera-vuelta-de-las-elecciones-presidenciales-abstencion-repeticion-y-melenchon\/#primaryimage\"},\"image\":{\"@id\":\"https:\/\/www.pressenza.com\/es\/2022\/04\/francia-primera-vuelta-de-las-elecciones-presidenciales-abstencion-repeticion-y-melenchon\/#primaryimage\"},\"thumbnailUrl\":\"https:\/\/www.pressenza.com\/wp-content\/uploads\/2022\/04\/people-geralt-pixabay.jpg\",\"datePublished\":\"2022-04-12T00:09:16+00:00\",\"dateModified\":\"2022-04-23T14:16:14+00:00\",\"description\":\"Abstenci\u00f3n, repetici\u00f3n y M\u00e9lenchon: solo estas tres palabras resumen el\u00a0resultado de la primera vuelta\u00a0de las elecciones presidenciales en\",\"breadcrumb\":{\"@id\":\"https:\/\/www.pressenza.com\/es\/2022\/04\/francia-primera-vuelta-de-las-elecciones-presidenciales-abstencion-repeticion-y-melenchon\/#breadcrumb\"},\"inLanguage\":\"es\",\"potentialAction\":[{\"@type\":\"ReadAction\",\"target\":[\"https:\/\/www.pressenza.com\/es\/2022\/04\/francia-primera-vuelta-de-las-elecciones-presidenciales-abstencion-repeticion-y-melenchon\/\"]}]},{\"@type\":\"ImageObject\",\"inLanguage\":\"es\",\"@id\":\"https:\/\/www.pressenza.com\/es\/2022\/04\/francia-primera-vuelta-de-las-elecciones-presidenciales-abstencion-repeticion-y-melenchon\/#primaryimage\",\"url\":\"https:\/\/www.pressenza.com\/wp-content\/uploads\/2022\/04\/people-geralt-pixabay.jpg\",\"contentUrl\":\"https:\/\/www.pressenza.com\/wp-content\/uploads\/2022\/04\/people-geralt-pixabay.jpg\",\"width\":820,\"height\":460,\"caption\":\"France, premier tour de l\u2019\u00e9lection pr\u00e9sidentielle : abstention, r\u00e9p\u00e9tition et M\u00e9lenchon !\"},{\"@type\":\"BreadcrumbList\",\"@id\":\"https:\/\/www.pressenza.com\/es\/2022\/04\/francia-primera-vuelta-de-las-elecciones-presidenciales-abstencion-repeticion-y-melenchon\/#breadcrumb\",\"itemListElement\":[{\"@type\":\"ListItem\",\"position\":1,\"name\":\"Accueil\",\"item\":\"https:\/\/www.pressenza.com\/es\/\"},{\"@type\":\"ListItem\",\"position\":2,\"name\":\"Francia, primera vuelta de las elecciones presidenciales: \u00a1abstenci\u00f3n, repetici\u00f3n y M\u00e9lenchon!\"}]},{\"@type\":\"WebSite\",\"@id\":\"https:\/\/www.pressenza.com\/es\/#website\",\"url\":\"https:\/\/www.pressenza.com\/es\/\",\"name\":\"Pressenza\",\"description\":\"International Press Agency\",\"publisher\":{\"@id\":\"https:\/\/www.pressenza.com\/es\/#organization\"},\"potentialAction\":[{\"@type\":\"SearchAction\",\"target\":{\"@type\":\"EntryPoint\",\"urlTemplate\":\"https:\/\/www.pressenza.com\/es\/?s={search_term_string}\"},\"query-input\":{\"@type\":\"PropertyValueSpecification\",\"valueRequired\":true,\"valueName\":\"search_term_string\"}}],\"inLanguage\":\"es\"},{\"@type\":\"Organization\",\"@id\":\"https:\/\/www.pressenza.com\/es\/#organization\",\"name\":\"Pressenza\",\"url\":\"https:\/\/www.pressenza.com\/es\/\",\"logo\":{\"@type\":\"ImageObject\",\"inLanguage\":\"es\",\"@id\":\"https:\/\/www.pressenza.com\/es\/#\/schema\/logo\/image\/\",\"url\":\"https:\/\/www.pressenza.com\/wp-content\/uploads\/2022\/10\/pressenza_logo_200x200.jpg\",\"contentUrl\":\"https:\/\/www.pressenza.com\/wp-content\/uploads\/2022\/10\/pressenza_logo_200x200.jpg\",\"width\":200,\"height\":200,\"caption\":\"Pressenza\"},\"image\":{\"@id\":\"https:\/\/www.pressenza.com\/es\/#\/schema\/logo\/image\/\"},\"sameAs\":[\"https:\/\/www.facebook.com\/PressenzaItalia\",\"https:\/\/x.com\/PressenzaIPA\"]},{\"@type\":\"Person\",\"@id\":\"https:\/\/www.pressenza.com\/es\/#\/schema\/person\/42a4129444c0e03559f6c139cf72f8cf\",\"name\":\"Gabrielle Negrel\",\"description\":\"Activist for nonviolence and human rights, Gabrielle Negrel is a trained assistant nurse and was trade union activist before writing for Pressenza.\",\"url\":\"https:\/\/www.pressenza.com\/es\/author\/gabrielle-negrel\/\"}]}<\/script>\n<!-- \/ Yoast SEO plugin. -->","yoast_head_json":{"title":"Francia, primera vuelta de las elecciones presidenciales: \u00a1abstenci\u00f3n, repetici\u00f3n y M\u00e9lenchon!","description":"Abstenci\u00f3n, repetici\u00f3n y M\u00e9lenchon: solo estas tres palabras resumen el\u00a0resultado de la primera vuelta\u00a0de las elecciones presidenciales en","robots":{"index":"index","follow":"follow","max-snippet":"max-snippet:-1","max-image-preview":"max-image-preview:large","max-video-preview":"max-video-preview:-1"},"canonical":"https:\/\/www.pressenza.com\/es\/2022\/04\/francia-primera-vuelta-de-las-elecciones-presidenciales-abstencion-repeticion-y-melenchon\/","og_locale":"es_ES","og_type":"article","og_title":"Francia, primera vuelta de las elecciones presidenciales: \u00a1abstenci\u00f3n, repetici\u00f3n y M\u00e9lenchon!","og_description":"Abstenci\u00f3n, repetici\u00f3n y M\u00e9lenchon: solo estas tres palabras resumen el\u00a0resultado de la primera vuelta\u00a0de las elecciones presidenciales en","og_url":"https:\/\/www.pressenza.com\/es\/2022\/04\/francia-primera-vuelta-de-las-elecciones-presidenciales-abstencion-repeticion-y-melenchon\/","og_site_name":"Pressenza","article_publisher":"https:\/\/www.facebook.com\/PressenzaItalia","article_published_time":"2022-04-12T00:09:16+00:00","article_modified_time":"2022-04-23T14:16:14+00:00","og_image":[{"width":820,"height":460,"url":"https:\/\/www.pressenza.com\/wp-content\/uploads\/2022\/04\/people-geralt-pixabay.jpg","type":"image\/jpeg"}],"author":"Gabrielle Negrel","twitter_card":"summary_large_image","twitter_creator":"@PressenzaIPA","twitter_site":"@PressenzaIPA","twitter_misc":{"Escrito por":"Gabrielle Negrel","Tiempo de lectura":"4 minutos"},"schema":{"@context":"https:\/\/schema.org","@graph":[{"@type":"Article","@id":"https:\/\/www.pressenza.com\/es\/2022\/04\/francia-primera-vuelta-de-las-elecciones-presidenciales-abstencion-repeticion-y-melenchon\/#article","isPartOf":{"@id":"https:\/\/www.pressenza.com\/es\/2022\/04\/francia-primera-vuelta-de-las-elecciones-presidenciales-abstencion-repeticion-y-melenchon\/"},"author":{"name":"Gabrielle Negrel","@id":"https:\/\/www.pressenza.com\/es\/#\/schema\/person\/42a4129444c0e03559f6c139cf72f8cf"},"headline":"Francia, primera vuelta de las elecciones presidenciales: \u00a1abstenci\u00f3n, repetici\u00f3n y M\u00e9lenchon!","datePublished":"2022-04-12T00:09:16+00:00","dateModified":"2022-04-23T14:16:14+00:00","mainEntityOfPage":{"@id":"https:\/\/www.pressenza.com\/es\/2022\/04\/francia-primera-vuelta-de-las-elecciones-presidenciales-abstencion-repeticion-y-melenchon\/"},"wordCount":801,"publisher":{"@id":"https:\/\/www.pressenza.com\/es\/#organization"},"image":{"@id":"https:\/\/www.pressenza.com\/es\/2022\/04\/francia-primera-vuelta-de-las-elecciones-presidenciales-abstencion-repeticion-y-melenchon\/#primaryimage"},"thumbnailUrl":"https:\/\/www.pressenza.com\/wp-content\/uploads\/2022\/04\/people-geralt-pixabay.jpg","keywords":["elecciones","Francia"],"articleSection":["Contenido Original","Europa","Pol\u00edtica"],"inLanguage":"es"},{"@type":"WebPage","@id":"https:\/\/www.pressenza.com\/es\/2022\/04\/francia-primera-vuelta-de-las-elecciones-presidenciales-abstencion-repeticion-y-melenchon\/","url":"https:\/\/www.pressenza.com\/es\/2022\/04\/francia-primera-vuelta-de-las-elecciones-presidenciales-abstencion-repeticion-y-melenchon\/","name":"Francia, primera vuelta de las elecciones presidenciales: \u00a1abstenci\u00f3n, repetici\u00f3n y M\u00e9lenchon!","isPartOf":{"@id":"https:\/\/www.pressenza.com\/es\/#website"},"primaryImageOfPage":{"@id":"https:\/\/www.pressenza.com\/es\/2022\/04\/francia-primera-vuelta-de-las-elecciones-presidenciales-abstencion-repeticion-y-melenchon\/#primaryimage"},"image":{"@id":"https:\/\/www.pressenza.com\/es\/2022\/04\/francia-primera-vuelta-de-las-elecciones-presidenciales-abstencion-repeticion-y-melenchon\/#primaryimage"},"thumbnailUrl":"https:\/\/www.pressenza.com\/wp-content\/uploads\/2022\/04\/people-geralt-pixabay.jpg","datePublished":"2022-04-12T00:09:16+00:00","dateModified":"2022-04-23T14:16:14+00:00","description":"Abstenci\u00f3n, repetici\u00f3n y M\u00e9lenchon: solo estas tres palabras resumen el\u00a0resultado de la primera vuelta\u00a0de las elecciones presidenciales en","breadcrumb":{"@id":"https:\/\/www.pressenza.com\/es\/2022\/04\/francia-primera-vuelta-de-las-elecciones-presidenciales-abstencion-repeticion-y-melenchon\/#breadcrumb"},"inLanguage":"es","potentialAction":[{"@type":"ReadAction","target":["https:\/\/www.pressenza.com\/es\/2022\/04\/francia-primera-vuelta-de-las-elecciones-presidenciales-abstencion-repeticion-y-melenchon\/"]}]},{"@type":"ImageObject","inLanguage":"es","@id":"https:\/\/www.pressenza.com\/es\/2022\/04\/francia-primera-vuelta-de-las-elecciones-presidenciales-abstencion-repeticion-y-melenchon\/#primaryimage","url":"https:\/\/www.pressenza.com\/wp-content\/uploads\/2022\/04\/people-geralt-pixabay.jpg","contentUrl":"https:\/\/www.pressenza.com\/wp-content\/uploads\/2022\/04\/people-geralt-pixabay.jpg","width":820,"height":460,"caption":"France, premier tour de l\u2019\u00e9lection pr\u00e9sidentielle : abstention, r\u00e9p\u00e9tition et M\u00e9lenchon !"},{"@type":"BreadcrumbList","@id":"https:\/\/www.pressenza.com\/es\/2022\/04\/francia-primera-vuelta-de-las-elecciones-presidenciales-abstencion-repeticion-y-melenchon\/#breadcrumb","itemListElement":[{"@type":"ListItem","position":1,"name":"Accueil","item":"https:\/\/www.pressenza.com\/es\/"},{"@type":"ListItem","position":2,"name":"Francia, primera vuelta de las elecciones presidenciales: \u00a1abstenci\u00f3n, repetici\u00f3n y M\u00e9lenchon!"}]},{"@type":"WebSite","@id":"https:\/\/www.pressenza.com\/es\/#website","url":"https:\/\/www.pressenza.com\/es\/","name":"Pressenza","description":"International Press Agency","publisher":{"@id":"https:\/\/www.pressenza.com\/es\/#organization"},"potentialAction":[{"@type":"SearchAction","target":{"@type":"EntryPoint","urlTemplate":"https:\/\/www.pressenza.com\/es\/?s={search_term_string}"},"query-input":{"@type":"PropertyValueSpecification","valueRequired":true,"valueName":"search_term_string"}}],"inLanguage":"es"},{"@type":"Organization","@id":"https:\/\/www.pressenza.com\/es\/#organization","name":"Pressenza","url":"https:\/\/www.pressenza.com\/es\/","logo":{"@type":"ImageObject","inLanguage":"es","@id":"https:\/\/www.pressenza.com\/es\/#\/schema\/logo\/image\/","url":"https:\/\/www.pressenza.com\/wp-content\/uploads\/2022\/10\/pressenza_logo_200x200.jpg","contentUrl":"https:\/\/www.pressenza.com\/wp-content\/uploads\/2022\/10\/pressenza_logo_200x200.jpg","width":200,"height":200,"caption":"Pressenza"},"image":{"@id":"https:\/\/www.pressenza.com\/es\/#\/schema\/logo\/image\/"},"sameAs":["https:\/\/www.facebook.com\/PressenzaItalia","https:\/\/x.com\/PressenzaIPA"]},{"@type":"Person","@id":"https:\/\/www.pressenza.com\/es\/#\/schema\/person\/42a4129444c0e03559f6c139cf72f8cf","name":"Gabrielle Negrel","description":"Activist for nonviolence and human rights, Gabrielle Negrel is a trained assistant nurse and was trade union activist before writing for Pressenza.","url":"https:\/\/www.pressenza.com\/es\/author\/gabrielle-negrel\/"}]}},"place":"Par\u00eds, Francia","original_article_url":"","_links":{"self":[{"href":"https:\/\/www.pressenza.com\/es\/wp-json\/wp\/v2\/posts\/1563209","targetHints":{"allow":["GET"]}}],"collection":[{"href":"https:\/\/www.pressenza.com\/es\/wp-json\/wp\/v2\/posts"}],"about":[{"href":"https:\/\/www.pressenza.com\/es\/wp-json\/wp\/v2\/types\/post"}],"author":[{"embeddable":true,"href":"https:\/\/www.pressenza.com\/es\/wp-json\/wp\/v2\/users\/1208"}],"replies":[{"embeddable":true,"href":"https:\/\/www.pressenza.com\/es\/wp-json\/wp\/v2\/comments?post=1563209"}],"version-history":[{"count":0,"href":"https:\/\/www.pressenza.com\/es\/wp-json\/wp\/v2\/posts\/1563209\/revisions"}],"wp:featuredmedia":[{"embeddable":true,"href":"https:\/\/www.pressenza.com\/es\/wp-json\/wp\/v2\/media\/1562995"}],"wp:attachment":[{"href":"https:\/\/www.pressenza.com\/es\/wp-json\/wp\/v2\/media?parent=1563209"}],"wp:term":[{"taxonomy":"category","embeddable":true,"href":"https:\/\/www.pressenza.com\/es\/wp-json\/wp\/v2\/categories?post=1563209"},{"taxonomy":"post_tag","embeddable":true,"href":"https:\/\/www.pressenza.com\/es\/wp-json\/wp\/v2\/tags?post=1563209"}],"curies":[{"name":"wp","href":"https:\/\/api.w.org\/{rel}","templated":true}]}}