{"id":1558,"date":"2009-10-02T00:00:00","date_gmt":"2009-10-02T00:00:00","guid":{"rendered":""},"modified":"2009-10-04T10:26:17","modified_gmt":"2009-10-04T10:26:17","slug":"hacia-la-paz-y-la-no-violencia-en-israel","status":"publish","type":"post","link":"https:\/\/www.pressenza.com\/es\/2009\/10\/hacia-la-paz-y-la-no-violencia-en-israel\/","title":{"rendered":"Hacia la paz y la no violencia en Israel"},"content":{"rendered":"<p>Durante la tarde del 1 de Octubre se realiz\u00f3 en la Plaza de la Cinemateca de Tel Aviv, Israel,  la Feria de la No Violencia, como acto de lanzamiento de la Marcha Mundial. La feria fue organizada por la organizaci\u00f3n Greenpeace y el Movimiento Humanista, con la participaci\u00f3n de 20 ONG\u2019s israel\u00edes trabajando en distintas \u00e1reas de la No Violencia, como organizaciones por derechos de trabajadores, asistencia a mujeres golpeadas, grupos de cooperaci\u00f3n \u00e1rabe-israel\u00ed, ambientalistas, derechos humanos y m\u00e1s.<\/p>\n<p>Aar\u00f3n Elberg, coordinador de la MM en Israel manifest\u00f3: \u201cesta Marcha Mundial, que comenzar\u00e1 oficialmente ma\u00f1ana en Nueva Zelanda, es s\u00f3lo el primer paso para sumar las voluntades de millones en la b\u00fasqueda de lo profundo de cada ser humano y descubrir lo mejor en nosotros mismos. S\u00f3lo de este modo podremos superar nuestras diferencias, vencer las dificultades y avanzar hacia el mundo que queremos\u201d.<\/p>\n<p>A continuaci\u00f3n se ley\u00f3 el Manifiesto de la Marcha Mundial, haciendo un pedido expl\u00edcito a los gobiernos para el desarme nuclear. <\/p>\n<p>Para descargar el video del evento en Tel Aviv:<br \/>\n[Tel Aviv &#8211; Feria de la Noviolencia](http:\/\/videoforum.theworldmarch.org\/index.php?action=videos;sa=downfile;id=554)<\/p>\n","protected":false},"excerpt":{"rendered":"<p>En la Plaza de la Cinemateca de Tel Aviv, Israel,  se realiz\u00f3  la Feria de la No Violencia, como acto de lanzamiento de la Marcha Mundial por la Paz y la No Violencia. La feria fue organizada por la organizaci\u00f3n Greenpeace y el Movimiento Humanista, con la participaci\u00f3n de 20 ONG\u2019s israel\u00edes trabajando en distintas \u00e1reas de la No Violencia.<\/p>\n","protected":false},"author":19,"featured_media":0,"comment_status":"closed","ping_status":"open","sticky":false,"template":"","format":"standard","meta":{"footnotes":""},"categories":[76,149,39,71],"tags":[],"class_list":["post-1558","post","type-post","status-publish","format-standard","hentry","category-relaciones-exteriores","category-comunicados-de-prensa","category-internacional","category-medio-oriente-es"],"yoast_head":"<!-- This site is optimized with the Yoast SEO plugin v27.1.1 - https:\/\/yoast.com\/product\/yoast-seo-wordpress\/ -->\n<title>Hacia la paz y la no violencia en Israel<\/title>\n<meta name=\"description\" content=\"En la Plaza de la Cinemateca de Tel Aviv, Israel, se realiz\u00f3 la Feria de la No Violencia, como acto de lanzamiento de la Marcha Mundial por la Paz y la No Violencia. La feria fue organizada por la organizaci\u00f3n Greenpeace y el Movimiento Humanista, con la participaci\u00f3n de 20 ONG\u2019s israel\u00edes trabajando en distintas \u00e1reas de la No Violencia.\" \/>\n<meta name=\"robots\" content=\"index, follow, max-snippet:-1, max-image-preview:large, max-video-preview:-1\" \/>\n<link rel=\"canonical\" href=\"https:\/\/www.pressenza.com\/es\/2009\/10\/hacia-la-paz-y-la-no-violencia-en-israel\/\" \/>\n<meta property=\"og:locale\" content=\"es_ES\" \/>\n<meta property=\"og:type\" content=\"article\" \/>\n<meta property=\"og:title\" content=\"Hacia la paz y la no violencia en Israel\" \/>\n<meta property=\"og:description\" content=\"En la Plaza de la Cinemateca de Tel Aviv, Israel, se realiz\u00f3 la Feria de la No Violencia, como acto de lanzamiento de la Marcha Mundial por la Paz y la No Violencia. La feria fue organizada por la organizaci\u00f3n Greenpeace y el Movimiento Humanista, con la participaci\u00f3n de 20 ONG\u2019s israel\u00edes trabajando en distintas \u00e1reas de la No Violencia.\" \/>\n<meta property=\"og:url\" content=\"https:\/\/www.pressenza.com\/es\/2009\/10\/hacia-la-paz-y-la-no-violencia-en-israel\/\" \/>\n<meta property=\"og:site_name\" content=\"Pressenza\" \/>\n<meta property=\"article:publisher\" content=\"https:\/\/www.facebook.com\/PressenzaItalia\" \/>\n<meta property=\"article:author\" content=\"https:\/\/www.facebook.com\/pressenza\" \/>\n<meta property=\"article:published_time\" content=\"2009-10-02T00:00:00+00:00\" \/>\n<meta property=\"article:modified_time\" content=\"2009-10-04T10:26:17+00:00\" \/>\n<meta name=\"author\" content=\"Pressenza IPA\" \/>\n<meta name=\"twitter:card\" content=\"summary_large_image\" \/>\n<meta name=\"twitter:creator\" content=\"@PressenzaIPA\" \/>\n<meta name=\"twitter:site\" content=\"@PressenzaIPA\" \/>\n<meta name=\"twitter:label1\" content=\"Escrito por\" \/>\n\t<meta name=\"twitter:data1\" content=\"Pressenza IPA\" \/>\n\t<meta name=\"twitter:label2\" content=\"Tiempo de lectura\" \/>\n\t<meta name=\"twitter:data2\" content=\"1 minuto\" \/>\n<script type=\"application\/ld+json\" class=\"yoast-schema-graph\">{\"@context\":\"https:\/\/schema.org\",\"@graph\":[{\"@type\":\"Article\",\"@id\":\"https:\/\/www.pressenza.com\/es\/2009\/10\/hacia-la-paz-y-la-no-violencia-en-israel\/#article\",\"isPartOf\":{\"@id\":\"https:\/\/www.pressenza.com\/es\/2009\/10\/hacia-la-paz-y-la-no-violencia-en-israel\/\"},\"author\":{\"name\":\"Pressenza IPA\",\"@id\":\"https:\/\/www.pressenza.com\/es\/#\/schema\/person\/010e5d02bcf40965427a1289a4cc8d75\"},\"headline\":\"Hacia la paz y la no violencia en Israel\",\"datePublished\":\"2009-10-02T00:00:00+00:00\",\"dateModified\":\"2009-10-04T10:26:17+00:00\",\"mainEntityOfPage\":{\"@id\":\"https:\/\/www.pressenza.com\/es\/2009\/10\/hacia-la-paz-y-la-no-violencia-en-israel\/\"},\"wordCount\":212,\"publisher\":{\"@id\":\"https:\/\/www.pressenza.com\/es\/#organization\"},\"articleSection\":[\"Asuntos internacionales\",\"Comunicados de Prensa\",\"Internacional\",\"Medio Oriente\"],\"inLanguage\":\"es\"},{\"@type\":\"WebPage\",\"@id\":\"https:\/\/www.pressenza.com\/es\/2009\/10\/hacia-la-paz-y-la-no-violencia-en-israel\/\",\"url\":\"https:\/\/www.pressenza.com\/es\/2009\/10\/hacia-la-paz-y-la-no-violencia-en-israel\/\",\"name\":\"Hacia la paz y la no violencia en Israel\",\"isPartOf\":{\"@id\":\"https:\/\/www.pressenza.com\/es\/#website\"},\"datePublished\":\"2009-10-02T00:00:00+00:00\",\"dateModified\":\"2009-10-04T10:26:17+00:00\",\"description\":\"En la Plaza de la Cinemateca de Tel Aviv, Israel, se realiz\u00f3 la Feria de la No Violencia, como acto de lanzamiento de la Marcha Mundial por la Paz y la No Violencia. La feria fue organizada por la organizaci\u00f3n Greenpeace y el Movimiento Humanista, con la participaci\u00f3n de 20 ONG\u2019s israel\u00edes trabajando en distintas \u00e1reas de la No Violencia.\",\"breadcrumb\":{\"@id\":\"https:\/\/www.pressenza.com\/es\/2009\/10\/hacia-la-paz-y-la-no-violencia-en-israel\/#breadcrumb\"},\"inLanguage\":\"es\",\"potentialAction\":[{\"@type\":\"ReadAction\",\"target\":[\"https:\/\/www.pressenza.com\/es\/2009\/10\/hacia-la-paz-y-la-no-violencia-en-israel\/\"]}]},{\"@type\":\"BreadcrumbList\",\"@id\":\"https:\/\/www.pressenza.com\/es\/2009\/10\/hacia-la-paz-y-la-no-violencia-en-israel\/#breadcrumb\",\"itemListElement\":[{\"@type\":\"ListItem\",\"position\":1,\"name\":\"Accueil\",\"item\":\"https:\/\/www.pressenza.com\/es\/\"},{\"@type\":\"ListItem\",\"position\":2,\"name\":\"Hacia la paz y la no violencia en Israel\"}]},{\"@type\":\"WebSite\",\"@id\":\"https:\/\/www.pressenza.com\/es\/#website\",\"url\":\"https:\/\/www.pressenza.com\/es\/\",\"name\":\"Pressenza\",\"description\":\"International Press Agency\",\"publisher\":{\"@id\":\"https:\/\/www.pressenza.com\/es\/#organization\"},\"potentialAction\":[{\"@type\":\"SearchAction\",\"target\":{\"@type\":\"EntryPoint\",\"urlTemplate\":\"https:\/\/www.pressenza.com\/es\/?s={search_term_string}\"},\"query-input\":{\"@type\":\"PropertyValueSpecification\",\"valueRequired\":true,\"valueName\":\"search_term_string\"}}],\"inLanguage\":\"es\"},{\"@type\":\"Organization\",\"@id\":\"https:\/\/www.pressenza.com\/es\/#organization\",\"name\":\"Pressenza\",\"url\":\"https:\/\/www.pressenza.com\/es\/\",\"logo\":{\"@type\":\"ImageObject\",\"inLanguage\":\"es\",\"@id\":\"https:\/\/www.pressenza.com\/es\/#\/schema\/logo\/image\/\",\"url\":\"https:\/\/www.pressenza.com\/wp-content\/uploads\/2022\/10\/pressenza_logo_200x200.jpg\",\"contentUrl\":\"https:\/\/www.pressenza.com\/wp-content\/uploads\/2022\/10\/pressenza_logo_200x200.jpg\",\"width\":200,\"height\":200,\"caption\":\"Pressenza\"},\"image\":{\"@id\":\"https:\/\/www.pressenza.com\/es\/#\/schema\/logo\/image\/\"},\"sameAs\":[\"https:\/\/www.facebook.com\/PressenzaItalia\",\"https:\/\/x.com\/PressenzaIPA\"]},{\"@type\":\"Person\",\"@id\":\"https:\/\/www.pressenza.com\/es\/#\/schema\/person\/010e5d02bcf40965427a1289a4cc8d75\",\"name\":\"Pressenza IPA\",\"description\":\"News from Pressenza IPA correspondents\",\"sameAs\":[\"https:\/\/www.facebook.com\/pressenza\",\"https:\/\/x.com\/PressenzaIPA\"],\"url\":\"https:\/\/www.pressenza.com\/es\/author\/pressenza-ipa\/\"}]}<\/script>\n<!-- \/ Yoast SEO plugin. -->","yoast_head_json":{"title":"Hacia la paz y la no violencia en Israel","description":"En la Plaza de la Cinemateca de Tel Aviv, Israel, se realiz\u00f3 la Feria de la No Violencia, como acto de lanzamiento de la Marcha Mundial por la Paz y la No Violencia. La feria fue organizada por la organizaci\u00f3n Greenpeace y el Movimiento Humanista, con la participaci\u00f3n de 20 ONG\u2019s israel\u00edes trabajando en distintas \u00e1reas de la No Violencia.","robots":{"index":"index","follow":"follow","max-snippet":"max-snippet:-1","max-image-preview":"max-image-preview:large","max-video-preview":"max-video-preview:-1"},"canonical":"https:\/\/www.pressenza.com\/es\/2009\/10\/hacia-la-paz-y-la-no-violencia-en-israel\/","og_locale":"es_ES","og_type":"article","og_title":"Hacia la paz y la no violencia en Israel","og_description":"En la Plaza de la Cinemateca de Tel Aviv, Israel, se realiz\u00f3 la Feria de la No Violencia, como acto de lanzamiento de la Marcha Mundial por la Paz y la No Violencia. La feria fue organizada por la organizaci\u00f3n Greenpeace y el Movimiento Humanista, con la participaci\u00f3n de 20 ONG\u2019s israel\u00edes trabajando en distintas \u00e1reas de la No Violencia.","og_url":"https:\/\/www.pressenza.com\/es\/2009\/10\/hacia-la-paz-y-la-no-violencia-en-israel\/","og_site_name":"Pressenza","article_publisher":"https:\/\/www.facebook.com\/PressenzaItalia","article_author":"https:\/\/www.facebook.com\/pressenza","article_published_time":"2009-10-02T00:00:00+00:00","article_modified_time":"2009-10-04T10:26:17+00:00","author":"Pressenza IPA","twitter_card":"summary_large_image","twitter_creator":"@PressenzaIPA","twitter_site":"@PressenzaIPA","twitter_misc":{"Escrito por":"Pressenza IPA","Tiempo de lectura":"1 minuto"},"schema":{"@context":"https:\/\/schema.org","@graph":[{"@type":"Article","@id":"https:\/\/www.pressenza.com\/es\/2009\/10\/hacia-la-paz-y-la-no-violencia-en-israel\/#article","isPartOf":{"@id":"https:\/\/www.pressenza.com\/es\/2009\/10\/hacia-la-paz-y-la-no-violencia-en-israel\/"},"author":{"name":"Pressenza IPA","@id":"https:\/\/www.pressenza.com\/es\/#\/schema\/person\/010e5d02bcf40965427a1289a4cc8d75"},"headline":"Hacia la paz y la no violencia en Israel","datePublished":"2009-10-02T00:00:00+00:00","dateModified":"2009-10-04T10:26:17+00:00","mainEntityOfPage":{"@id":"https:\/\/www.pressenza.com\/es\/2009\/10\/hacia-la-paz-y-la-no-violencia-en-israel\/"},"wordCount":212,"publisher":{"@id":"https:\/\/www.pressenza.com\/es\/#organization"},"articleSection":["Asuntos internacionales","Comunicados de Prensa","Internacional","Medio Oriente"],"inLanguage":"es"},{"@type":"WebPage","@id":"https:\/\/www.pressenza.com\/es\/2009\/10\/hacia-la-paz-y-la-no-violencia-en-israel\/","url":"https:\/\/www.pressenza.com\/es\/2009\/10\/hacia-la-paz-y-la-no-violencia-en-israel\/","name":"Hacia la paz y la no violencia en Israel","isPartOf":{"@id":"https:\/\/www.pressenza.com\/es\/#website"},"datePublished":"2009-10-02T00:00:00+00:00","dateModified":"2009-10-04T10:26:17+00:00","description":"En la Plaza de la Cinemateca de Tel Aviv, Israel, se realiz\u00f3 la Feria de la No Violencia, como acto de lanzamiento de la Marcha Mundial por la Paz y la No Violencia. La feria fue organizada por la organizaci\u00f3n Greenpeace y el Movimiento Humanista, con la participaci\u00f3n de 20 ONG\u2019s israel\u00edes trabajando en distintas \u00e1reas de la No Violencia.","breadcrumb":{"@id":"https:\/\/www.pressenza.com\/es\/2009\/10\/hacia-la-paz-y-la-no-violencia-en-israel\/#breadcrumb"},"inLanguage":"es","potentialAction":[{"@type":"ReadAction","target":["https:\/\/www.pressenza.com\/es\/2009\/10\/hacia-la-paz-y-la-no-violencia-en-israel\/"]}]},{"@type":"BreadcrumbList","@id":"https:\/\/www.pressenza.com\/es\/2009\/10\/hacia-la-paz-y-la-no-violencia-en-israel\/#breadcrumb","itemListElement":[{"@type":"ListItem","position":1,"name":"Accueil","item":"https:\/\/www.pressenza.com\/es\/"},{"@type":"ListItem","position":2,"name":"Hacia la paz y la no violencia en Israel"}]},{"@type":"WebSite","@id":"https:\/\/www.pressenza.com\/es\/#website","url":"https:\/\/www.pressenza.com\/es\/","name":"Pressenza","description":"International Press Agency","publisher":{"@id":"https:\/\/www.pressenza.com\/es\/#organization"},"potentialAction":[{"@type":"SearchAction","target":{"@type":"EntryPoint","urlTemplate":"https:\/\/www.pressenza.com\/es\/?s={search_term_string}"},"query-input":{"@type":"PropertyValueSpecification","valueRequired":true,"valueName":"search_term_string"}}],"inLanguage":"es"},{"@type":"Organization","@id":"https:\/\/www.pressenza.com\/es\/#organization","name":"Pressenza","url":"https:\/\/www.pressenza.com\/es\/","logo":{"@type":"ImageObject","inLanguage":"es","@id":"https:\/\/www.pressenza.com\/es\/#\/schema\/logo\/image\/","url":"https:\/\/www.pressenza.com\/wp-content\/uploads\/2022\/10\/pressenza_logo_200x200.jpg","contentUrl":"https:\/\/www.pressenza.com\/wp-content\/uploads\/2022\/10\/pressenza_logo_200x200.jpg","width":200,"height":200,"caption":"Pressenza"},"image":{"@id":"https:\/\/www.pressenza.com\/es\/#\/schema\/logo\/image\/"},"sameAs":["https:\/\/www.facebook.com\/PressenzaItalia","https:\/\/x.com\/PressenzaIPA"]},{"@type":"Person","@id":"https:\/\/www.pressenza.com\/es\/#\/schema\/person\/010e5d02bcf40965427a1289a4cc8d75","name":"Pressenza IPA","description":"News from Pressenza IPA correspondents","sameAs":["https:\/\/www.facebook.com\/pressenza","https:\/\/x.com\/PressenzaIPA"],"url":"https:\/\/www.pressenza.com\/es\/author\/pressenza-ipa\/"}]}},"place":"Tel Aviv","original_article_url":"","_links":{"self":[{"href":"https:\/\/www.pressenza.com\/es\/wp-json\/wp\/v2\/posts\/1558","targetHints":{"allow":["GET"]}}],"collection":[{"href":"https:\/\/www.pressenza.com\/es\/wp-json\/wp\/v2\/posts"}],"about":[{"href":"https:\/\/www.pressenza.com\/es\/wp-json\/wp\/v2\/types\/post"}],"author":[{"embeddable":true,"href":"https:\/\/www.pressenza.com\/es\/wp-json\/wp\/v2\/users\/19"}],"replies":[{"embeddable":true,"href":"https:\/\/www.pressenza.com\/es\/wp-json\/wp\/v2\/comments?post=1558"}],"version-history":[{"count":0,"href":"https:\/\/www.pressenza.com\/es\/wp-json\/wp\/v2\/posts\/1558\/revisions"}],"wp:attachment":[{"href":"https:\/\/www.pressenza.com\/es\/wp-json\/wp\/v2\/media?parent=1558"}],"wp:term":[{"taxonomy":"category","embeddable":true,"href":"https:\/\/www.pressenza.com\/es\/wp-json\/wp\/v2\/categories?post=1558"},{"taxonomy":"post_tag","embeddable":true,"href":"https:\/\/www.pressenza.com\/es\/wp-json\/wp\/v2\/tags?post=1558"}],"curies":[{"name":"wp","href":"https:\/\/api.w.org\/{rel}","templated":true}]}}