{"id":1555046,"date":"2022-03-31T22:18:03","date_gmt":"2022-03-31T21:18:03","guid":{"rendered":"https:\/\/www.pressenza.com\/?p=1555046"},"modified":"2022-03-31T22:18:03","modified_gmt":"2022-03-31T21:18:03","slug":"mientras-se-dibuja-una-huella-de-dolor-en-la-memoria","status":"publish","type":"post","link":"https:\/\/www.pressenza.com\/es\/2022\/03\/mientras-se-dibuja-una-huella-de-dolor-en-la-memoria\/","title":{"rendered":"Mientras se dibuja una huella de dolor en la memoria"},"content":{"rendered":"<h3>Caso Tehuel de la Torre: un a\u00f1o sin saber nada<\/h3>\n<p class=\"has-text-align-justify\">Hoy <em>(26 de marzo)<\/em> Tehuel cumple 23 a\u00f1os. Probablemente en la casa de su pap\u00e1 hoy habr\u00eda sonrisas y un fuego prominente escalando los ladrillos del patio. En la casa de la familia De la Torre cada 26 de marzo el festejo es doble. Cumple Tehuel y tambi\u00e9n su hermana Ailen. Sin embargo, la fecha encuentra a la familia sumida en la incertidumbre, el desconocimiento y el desamparo m\u00e1s inhumano que una sociedad puede padecer. Sin saber a qui\u00e9n recurrir, a qui\u00e9n preguntar, a d\u00f3nde m\u00e1s denunciar, qu\u00e9 pared nueva tapar con el rostro de Tehuel. \u00bfA qui\u00e9n recurrir cuando el Estado Nacional, el que deber\u00eda proteger y resguardar, silencia la desaparici\u00f3n de una persona? \u00bfHabr\u00e1 que recorrer cada cementerio y comisar\u00eda como la familia de Luciano Arruga? \u00bfHabr\u00e1 que agarrar la pala y comenzar a cavar cada descampado, campo o bald\u00edo como la familia de Carlos Painevil? \u00bfHabr\u00e1 que recorrer cada reducto de cemento del conurbano bonaerense (y del pa\u00eds) donde se explota sexualmente a mujeres y ni\u00f1as secuestradas? \u00bfA qui\u00e9n se recurre cuando el Estado Nacional es el que silencia la b\u00fasqueda de una persona? \u00bfA qui\u00e9n se recurre cuando es el mismo Estado Nacional el c\u00f3mplice de la desaparici\u00f3n de una persona?<\/p>\n<p>Hoy Tehuel cumple 23 a\u00f1os. Deber\u00eda estar comiendo una torta de chocolate con su hermana, sintiendo el calor de los le\u00f1os en la cara, pisando una pelota de f\u00fatbol con la punta de los botines. Hoy Tehuel deber\u00eda estar recibiendo un regalo, un pellizc\u00f3n en los cachetes, una visera nueva. Hoy su pap\u00e1 lo deber\u00eda estar abrazando, dici\u00e9ndole que lo quiere, cebando unos mates, bromeando porque est\u00e1n lavados (los mates). Hoy Tehuel deber\u00eda estar bailando cumbia, tirando los pasos prohibidos, deliberando la alegr\u00eda en medio de la noche.<\/p>\n<p>La literatura no humaniza porque los verdugos no leen. No quieren saber nada sobre quien padece. Todo lo contrario: el verdugo no contiene, produce dolor por placer, para acumular poder en sus m\u00fasculos, en su hombr\u00eda ficticia, en su garrote impune.<\/p>\n<p>Ya pasaron exactamente 365 d\u00edas desde la desaparici\u00f3n de Tehuel. La luna dio trece vueltas completas hasta cambiar el ciclo y volver a comenzar. Nuevamente las hojas y todas las formas de la vida del territorio comienzan a prepararse para resguardarse, para protegerse del fr\u00edo que asoma. Est\u00e1 m\u00e1s que claro, se puede ver en perspectiva y a la distancia, sobre los charcos de agua que comienzan a congelarse: el Estado Nacional no quiere ni pretende buscar a Tehuel. Mientras que su hermana, sus hermanos y su propio padre comienzan a vislumbrar una especie de capa de dolor irreversible, como un callo en los dedos, en las manos, en la espalda, en el esp\u00edritu, existe en la calle una forma negativa, como una figura an\u00f3mala, que act\u00faa deliberadamente para profundizar ese dolor, esa marca. Eso que dice existir para cuidarte, fue creado para desaparecer personas.<\/p>\n<p>Mientras se dibuja una huella de dolor en la memoria, el Estado no busca, no reacciona, no sabe, no contesta. No puede. Porque encubre, porque oculta, porque calla, porque dice hacer, pero no hace.<\/p>\n<p>El Estado no te cuida, el Estado te desaparece. Fue creado para cumplir esa funci\u00f3n. Desde 1800 hasta la actualidad. Que se corra la voz, que se entienda. Para que se sepa, que nadie est\u00e1 a salvo, que el Estado ni es amigo, ni es emp\u00e1tico. Mucho menos sincero. El Estado miente y encubre. Le hace creer a las familias que est\u00e1 de su lado, que ayuda, que coloca todos sus esfuerzos en la b\u00fasqueda, pero no busca. \u00a1No hay nada! En el caso de Tehuel no hay nada. Ni pruebas, ni huellas, ni testigos. Ni siquiera existen\u00a0 teor\u00edas del caso, lugares posibles d\u00f3nde podr\u00eda estar. Todo queda en el imaginario, en la especulaci\u00f3n constante, sin fundamentos ciertos, concisos, irrebatibles.<\/p>\n<p>\u00bfQu\u00e9 tendr\u00e1 que hacer la familia para reencontrarse con Tehuel? \u00bfBuscarlo ellos mismos? \u00bfPerseguir la propia huella del dolor? \u00bfPadecer la enfermedad de la ausencia en sus manos, los huesos y el recuerdo?<\/p>\n<p>El caso de Tehuel no es el primero, ni el \u00fanico. El Estado Nacional argentino tiene un largo historial de casos en los se muestra indiferente, silencioso, c\u00f3mplice, verdugo. En cada una de esas causas se arremolina una idea en com\u00fan, un destello de verdad, una realidad palpable e irreductible, un principio de existencia: nadie descansa hasta que aparezca la persona que falta.<\/p>\n<p>\u201cTe vamos a encontrar como sea\u201d, afirma Ailen en su muro de facebook, como si estuviera mirando el cuadro que ilustra el comedor de la casa (y esta nota) de Andres (su pap\u00e1), donde Tehuel y ella, con un a\u00f1o de vida, antes de caminar, sobre un parque de c\u00e9sped, delante de un \u00e1rbol, hacen equilibrio en el aire y disfrutan de las texturas de la tierra.<\/p>\n<p>Reformulo. Aunque se dibuje una huella de dolor en la memoria, nadie descansa hasta que aparezca la persona que falta.<\/p>\n","protected":false},"excerpt":{"rendered":"<p>Caso Tehuel de la Torre: un a\u00f1o sin saber nada Hoy (26 de marzo) Tehuel cumple 23 a\u00f1os. Probablemente en la casa de su pap\u00e1 hoy habr\u00eda sonrisas y un fuego prominente escalando los ladrillos del patio. En la casa&hellip;<\/p>\n","protected":false},"author":1372,"featured_media":1555048,"comment_status":"closed","ping_status":"closed","sticky":false,"template":"","format":"standard","meta":{"footnotes":""},"categories":[11389,79,1241,67],"tags":[26,31992,48601,57610,868,91619],"class_list":["post-1555046","post","type-post","status-publish","format-standard","has-post-thumbnail","hentry","category-contenido-original","category-derechos-humanos","category-diversidad","category-sudamerica","tag-argentina","tag-desaparicion","tag-desidia","tag-estado-es","tag-memoria","tag-tehuel"],"yoast_head":"<!-- This site is optimized with the Yoast SEO plugin v27.1.1 - https:\/\/yoast.com\/product\/yoast-seo-wordpress\/ -->\n<title>Mientras se dibuja una huella de dolor en la memoria<\/title>\n<meta name=\"description\" content=\"Caso Tehuel de la Torre: un a\u00f1o sin saber nada Hoy (26 de marzo) Tehuel cumple 23 a\u00f1os. Probablemente en la casa de su pap\u00e1 hoy habr\u00eda sonrisas y un fuego\" \/>\n<meta name=\"robots\" content=\"index, follow, max-snippet:-1, max-image-preview:large, max-video-preview:-1\" \/>\n<link rel=\"canonical\" href=\"https:\/\/www.pressenza.com\/es\/2022\/03\/mientras-se-dibuja-una-huella-de-dolor-en-la-memoria\/\" \/>\n<meta property=\"og:locale\" content=\"es_ES\" \/>\n<meta property=\"og:type\" content=\"article\" \/>\n<meta property=\"og:title\" content=\"Mientras se dibuja una huella de dolor en la memoria\" \/>\n<meta property=\"og:description\" content=\"Caso Tehuel de la Torre: un a\u00f1o sin saber nada Hoy (26 de marzo) Tehuel cumple 23 a\u00f1os. Probablemente en la casa de su pap\u00e1 hoy habr\u00eda sonrisas y un fuego\" \/>\n<meta property=\"og:url\" content=\"https:\/\/www.pressenza.com\/es\/2022\/03\/mientras-se-dibuja-una-huella-de-dolor-en-la-memoria\/\" \/>\n<meta property=\"og:site_name\" content=\"Pressenza\" \/>\n<meta property=\"article:publisher\" content=\"https:\/\/www.facebook.com\/PressenzaItalia\" \/>\n<meta property=\"article:published_time\" content=\"2022-03-31T21:18:03+00:00\" \/>\n<meta property=\"og:image\" content=\"https:\/\/www.pressenza.com\/wp-content\/uploads\/2022\/03\/tehuel-Gustavo-Figueroa.jpg\" \/>\n\t<meta property=\"og:image:width\" content=\"1024\" \/>\n\t<meta property=\"og:image:height\" content=\"576\" \/>\n\t<meta property=\"og:image:type\" content=\"image\/jpeg\" \/>\n<meta name=\"author\" content=\"Gustavo Figueroa\" \/>\n<meta name=\"twitter:card\" content=\"summary_large_image\" \/>\n<meta name=\"twitter:creator\" content=\"@PressenzaIPA\" \/>\n<meta name=\"twitter:site\" content=\"@PressenzaIPA\" \/>\n<meta name=\"twitter:label1\" content=\"Escrito por\" \/>\n\t<meta name=\"twitter:data1\" content=\"Gustavo Figueroa\" \/>\n\t<meta name=\"twitter:label2\" content=\"Tiempo de lectura\" \/>\n\t<meta name=\"twitter:data2\" content=\"4 minutos\" \/>\n<script type=\"application\/ld+json\" class=\"yoast-schema-graph\">{\"@context\":\"https:\/\/schema.org\",\"@graph\":[{\"@type\":\"Article\",\"@id\":\"https:\/\/www.pressenza.com\/es\/2022\/03\/mientras-se-dibuja-una-huella-de-dolor-en-la-memoria\/#article\",\"isPartOf\":{\"@id\":\"https:\/\/www.pressenza.com\/es\/2022\/03\/mientras-se-dibuja-una-huella-de-dolor-en-la-memoria\/\"},\"author\":{\"name\":\"Gustavo Figueroa\",\"@id\":\"https:\/\/www.pressenza.com\/es\/#\/schema\/person\/dacb21ffbce19b7d40c5abc14b6efc88\"},\"headline\":\"Mientras se dibuja una huella de dolor en la memoria\",\"datePublished\":\"2022-03-31T21:18:03+00:00\",\"mainEntityOfPage\":{\"@id\":\"https:\/\/www.pressenza.com\/es\/2022\/03\/mientras-se-dibuja-una-huella-de-dolor-en-la-memoria\/\"},\"wordCount\":882,\"publisher\":{\"@id\":\"https:\/\/www.pressenza.com\/es\/#organization\"},\"image\":{\"@id\":\"https:\/\/www.pressenza.com\/es\/2022\/03\/mientras-se-dibuja-una-huella-de-dolor-en-la-memoria\/#primaryimage\"},\"thumbnailUrl\":\"https:\/\/www.pressenza.com\/wp-content\/uploads\/2022\/03\/tehuel-Gustavo-Figueroa.jpg\",\"keywords\":[\"Argentina\",\"desaparici\u00f3n\",\"desidia\",\"estado\",\"memoria\",\"Tehuel\"],\"articleSection\":[\"Contenido Original\",\"Derechos Humanos\",\"Diversidad\",\"Sudam\u00e9rica\"],\"inLanguage\":\"es\"},{\"@type\":\"WebPage\",\"@id\":\"https:\/\/www.pressenza.com\/es\/2022\/03\/mientras-se-dibuja-una-huella-de-dolor-en-la-memoria\/\",\"url\":\"https:\/\/www.pressenza.com\/es\/2022\/03\/mientras-se-dibuja-una-huella-de-dolor-en-la-memoria\/\",\"name\":\"Mientras se dibuja una huella de dolor en la memoria\",\"isPartOf\":{\"@id\":\"https:\/\/www.pressenza.com\/es\/#website\"},\"primaryImageOfPage\":{\"@id\":\"https:\/\/www.pressenza.com\/es\/2022\/03\/mientras-se-dibuja-una-huella-de-dolor-en-la-memoria\/#primaryimage\"},\"image\":{\"@id\":\"https:\/\/www.pressenza.com\/es\/2022\/03\/mientras-se-dibuja-una-huella-de-dolor-en-la-memoria\/#primaryimage\"},\"thumbnailUrl\":\"https:\/\/www.pressenza.com\/wp-content\/uploads\/2022\/03\/tehuel-Gustavo-Figueroa.jpg\",\"datePublished\":\"2022-03-31T21:18:03+00:00\",\"description\":\"Caso Tehuel de la Torre: un a\u00f1o sin saber nada Hoy (26 de marzo) Tehuel cumple 23 a\u00f1os. Probablemente en la casa de su pap\u00e1 hoy habr\u00eda sonrisas y un fuego\",\"breadcrumb\":{\"@id\":\"https:\/\/www.pressenza.com\/es\/2022\/03\/mientras-se-dibuja-una-huella-de-dolor-en-la-memoria\/#breadcrumb\"},\"inLanguage\":\"es\",\"potentialAction\":[{\"@type\":\"ReadAction\",\"target\":[\"https:\/\/www.pressenza.com\/es\/2022\/03\/mientras-se-dibuja-una-huella-de-dolor-en-la-memoria\/\"]}]},{\"@type\":\"ImageObject\",\"inLanguage\":\"es\",\"@id\":\"https:\/\/www.pressenza.com\/es\/2022\/03\/mientras-se-dibuja-una-huella-de-dolor-en-la-memoria\/#primaryimage\",\"url\":\"https:\/\/www.pressenza.com\/wp-content\/uploads\/2022\/03\/tehuel-Gustavo-Figueroa.jpg\",\"contentUrl\":\"https:\/\/www.pressenza.com\/wp-content\/uploads\/2022\/03\/tehuel-Gustavo-Figueroa.jpg\",\"width\":1024,\"height\":576},{\"@type\":\"BreadcrumbList\",\"@id\":\"https:\/\/www.pressenza.com\/es\/2022\/03\/mientras-se-dibuja-una-huella-de-dolor-en-la-memoria\/#breadcrumb\",\"itemListElement\":[{\"@type\":\"ListItem\",\"position\":1,\"name\":\"Accueil\",\"item\":\"https:\/\/www.pressenza.com\/es\/\"},{\"@type\":\"ListItem\",\"position\":2,\"name\":\"Mientras se dibuja una huella de dolor en la memoria\"}]},{\"@type\":\"WebSite\",\"@id\":\"https:\/\/www.pressenza.com\/es\/#website\",\"url\":\"https:\/\/www.pressenza.com\/es\/\",\"name\":\"Pressenza\",\"description\":\"International Press Agency\",\"publisher\":{\"@id\":\"https:\/\/www.pressenza.com\/es\/#organization\"},\"potentialAction\":[{\"@type\":\"SearchAction\",\"target\":{\"@type\":\"EntryPoint\",\"urlTemplate\":\"https:\/\/www.pressenza.com\/es\/?s={search_term_string}\"},\"query-input\":{\"@type\":\"PropertyValueSpecification\",\"valueRequired\":true,\"valueName\":\"search_term_string\"}}],\"inLanguage\":\"es\"},{\"@type\":\"Organization\",\"@id\":\"https:\/\/www.pressenza.com\/es\/#organization\",\"name\":\"Pressenza\",\"url\":\"https:\/\/www.pressenza.com\/es\/\",\"logo\":{\"@type\":\"ImageObject\",\"inLanguage\":\"es\",\"@id\":\"https:\/\/www.pressenza.com\/es\/#\/schema\/logo\/image\/\",\"url\":\"https:\/\/www.pressenza.com\/wp-content\/uploads\/2022\/10\/pressenza_logo_200x200.jpg\",\"contentUrl\":\"https:\/\/www.pressenza.com\/wp-content\/uploads\/2022\/10\/pressenza_logo_200x200.jpg\",\"width\":200,\"height\":200,\"caption\":\"Pressenza\"},\"image\":{\"@id\":\"https:\/\/www.pressenza.com\/es\/#\/schema\/logo\/image\/\"},\"sameAs\":[\"https:\/\/www.facebook.com\/PressenzaItalia\",\"https:\/\/x.com\/PressenzaIPA\"]},{\"@type\":\"Person\",\"@id\":\"https:\/\/www.pressenza.com\/es\/#\/schema\/person\/dacb21ffbce19b7d40c5abc14b6efc88\",\"name\":\"Gustavo Figueroa\",\"description\":\"Gustavo Figueroa (1985). Periodista, documentalista, fot\u00f3grafo. Vive en Neuqu\u00e9n. Se interesa especialmente por temas relativos a pueblos originarios y derechos humanos. Es miembro del Equipo de Educadores Interculturales del Puel Mapu.\",\"sameAs\":[\"https:\/\/periferiasitio.wordpress.com\/\"],\"url\":\"https:\/\/www.pressenza.com\/es\/author\/gustavo-figueroa\/\"}]}<\/script>\n<!-- \/ Yoast SEO plugin. -->","yoast_head_json":{"title":"Mientras se dibuja una huella de dolor en la memoria","description":"Caso Tehuel de la Torre: un a\u00f1o sin saber nada Hoy (26 de marzo) Tehuel cumple 23 a\u00f1os. Probablemente en la casa de su pap\u00e1 hoy habr\u00eda sonrisas y un fuego","robots":{"index":"index","follow":"follow","max-snippet":"max-snippet:-1","max-image-preview":"max-image-preview:large","max-video-preview":"max-video-preview:-1"},"canonical":"https:\/\/www.pressenza.com\/es\/2022\/03\/mientras-se-dibuja-una-huella-de-dolor-en-la-memoria\/","og_locale":"es_ES","og_type":"article","og_title":"Mientras se dibuja una huella de dolor en la memoria","og_description":"Caso Tehuel de la Torre: un a\u00f1o sin saber nada Hoy (26 de marzo) Tehuel cumple 23 a\u00f1os. Probablemente en la casa de su pap\u00e1 hoy habr\u00eda sonrisas y un fuego","og_url":"https:\/\/www.pressenza.com\/es\/2022\/03\/mientras-se-dibuja-una-huella-de-dolor-en-la-memoria\/","og_site_name":"Pressenza","article_publisher":"https:\/\/www.facebook.com\/PressenzaItalia","article_published_time":"2022-03-31T21:18:03+00:00","og_image":[{"width":1024,"height":576,"url":"https:\/\/www.pressenza.com\/wp-content\/uploads\/2022\/03\/tehuel-Gustavo-Figueroa.jpg","type":"image\/jpeg"}],"author":"Gustavo Figueroa","twitter_card":"summary_large_image","twitter_creator":"@PressenzaIPA","twitter_site":"@PressenzaIPA","twitter_misc":{"Escrito por":"Gustavo Figueroa","Tiempo de lectura":"4 minutos"},"schema":{"@context":"https:\/\/schema.org","@graph":[{"@type":"Article","@id":"https:\/\/www.pressenza.com\/es\/2022\/03\/mientras-se-dibuja-una-huella-de-dolor-en-la-memoria\/#article","isPartOf":{"@id":"https:\/\/www.pressenza.com\/es\/2022\/03\/mientras-se-dibuja-una-huella-de-dolor-en-la-memoria\/"},"author":{"name":"Gustavo Figueroa","@id":"https:\/\/www.pressenza.com\/es\/#\/schema\/person\/dacb21ffbce19b7d40c5abc14b6efc88"},"headline":"Mientras se dibuja una huella de dolor en la memoria","datePublished":"2022-03-31T21:18:03+00:00","mainEntityOfPage":{"@id":"https:\/\/www.pressenza.com\/es\/2022\/03\/mientras-se-dibuja-una-huella-de-dolor-en-la-memoria\/"},"wordCount":882,"publisher":{"@id":"https:\/\/www.pressenza.com\/es\/#organization"},"image":{"@id":"https:\/\/www.pressenza.com\/es\/2022\/03\/mientras-se-dibuja-una-huella-de-dolor-en-la-memoria\/#primaryimage"},"thumbnailUrl":"https:\/\/www.pressenza.com\/wp-content\/uploads\/2022\/03\/tehuel-Gustavo-Figueroa.jpg","keywords":["Argentina","desaparici\u00f3n","desidia","estado","memoria","Tehuel"],"articleSection":["Contenido Original","Derechos Humanos","Diversidad","Sudam\u00e9rica"],"inLanguage":"es"},{"@type":"WebPage","@id":"https:\/\/www.pressenza.com\/es\/2022\/03\/mientras-se-dibuja-una-huella-de-dolor-en-la-memoria\/","url":"https:\/\/www.pressenza.com\/es\/2022\/03\/mientras-se-dibuja-una-huella-de-dolor-en-la-memoria\/","name":"Mientras se dibuja una huella de dolor en la memoria","isPartOf":{"@id":"https:\/\/www.pressenza.com\/es\/#website"},"primaryImageOfPage":{"@id":"https:\/\/www.pressenza.com\/es\/2022\/03\/mientras-se-dibuja-una-huella-de-dolor-en-la-memoria\/#primaryimage"},"image":{"@id":"https:\/\/www.pressenza.com\/es\/2022\/03\/mientras-se-dibuja-una-huella-de-dolor-en-la-memoria\/#primaryimage"},"thumbnailUrl":"https:\/\/www.pressenza.com\/wp-content\/uploads\/2022\/03\/tehuel-Gustavo-Figueroa.jpg","datePublished":"2022-03-31T21:18:03+00:00","description":"Caso Tehuel de la Torre: un a\u00f1o sin saber nada Hoy (26 de marzo) Tehuel cumple 23 a\u00f1os. Probablemente en la casa de su pap\u00e1 hoy habr\u00eda sonrisas y un fuego","breadcrumb":{"@id":"https:\/\/www.pressenza.com\/es\/2022\/03\/mientras-se-dibuja-una-huella-de-dolor-en-la-memoria\/#breadcrumb"},"inLanguage":"es","potentialAction":[{"@type":"ReadAction","target":["https:\/\/www.pressenza.com\/es\/2022\/03\/mientras-se-dibuja-una-huella-de-dolor-en-la-memoria\/"]}]},{"@type":"ImageObject","inLanguage":"es","@id":"https:\/\/www.pressenza.com\/es\/2022\/03\/mientras-se-dibuja-una-huella-de-dolor-en-la-memoria\/#primaryimage","url":"https:\/\/www.pressenza.com\/wp-content\/uploads\/2022\/03\/tehuel-Gustavo-Figueroa.jpg","contentUrl":"https:\/\/www.pressenza.com\/wp-content\/uploads\/2022\/03\/tehuel-Gustavo-Figueroa.jpg","width":1024,"height":576},{"@type":"BreadcrumbList","@id":"https:\/\/www.pressenza.com\/es\/2022\/03\/mientras-se-dibuja-una-huella-de-dolor-en-la-memoria\/#breadcrumb","itemListElement":[{"@type":"ListItem","position":1,"name":"Accueil","item":"https:\/\/www.pressenza.com\/es\/"},{"@type":"ListItem","position":2,"name":"Mientras se dibuja una huella de dolor en la memoria"}]},{"@type":"WebSite","@id":"https:\/\/www.pressenza.com\/es\/#website","url":"https:\/\/www.pressenza.com\/es\/","name":"Pressenza","description":"International Press Agency","publisher":{"@id":"https:\/\/www.pressenza.com\/es\/#organization"},"potentialAction":[{"@type":"SearchAction","target":{"@type":"EntryPoint","urlTemplate":"https:\/\/www.pressenza.com\/es\/?s={search_term_string}"},"query-input":{"@type":"PropertyValueSpecification","valueRequired":true,"valueName":"search_term_string"}}],"inLanguage":"es"},{"@type":"Organization","@id":"https:\/\/www.pressenza.com\/es\/#organization","name":"Pressenza","url":"https:\/\/www.pressenza.com\/es\/","logo":{"@type":"ImageObject","inLanguage":"es","@id":"https:\/\/www.pressenza.com\/es\/#\/schema\/logo\/image\/","url":"https:\/\/www.pressenza.com\/wp-content\/uploads\/2022\/10\/pressenza_logo_200x200.jpg","contentUrl":"https:\/\/www.pressenza.com\/wp-content\/uploads\/2022\/10\/pressenza_logo_200x200.jpg","width":200,"height":200,"caption":"Pressenza"},"image":{"@id":"https:\/\/www.pressenza.com\/es\/#\/schema\/logo\/image\/"},"sameAs":["https:\/\/www.facebook.com\/PressenzaItalia","https:\/\/x.com\/PressenzaIPA"]},{"@type":"Person","@id":"https:\/\/www.pressenza.com\/es\/#\/schema\/person\/dacb21ffbce19b7d40c5abc14b6efc88","name":"Gustavo Figueroa","description":"Gustavo Figueroa (1985). Periodista, documentalista, fot\u00f3grafo. Vive en Neuqu\u00e9n. Se interesa especialmente por temas relativos a pueblos originarios y derechos humanos. Es miembro del Equipo de Educadores Interculturales del Puel Mapu.","sameAs":["https:\/\/periferiasitio.wordpress.com\/"],"url":"https:\/\/www.pressenza.com\/es\/author\/gustavo-figueroa\/"}]}},"place":"Neuqu\u00e9n, Argentina","original_article_url":"","_links":{"self":[{"href":"https:\/\/www.pressenza.com\/es\/wp-json\/wp\/v2\/posts\/1555046","targetHints":{"allow":["GET"]}}],"collection":[{"href":"https:\/\/www.pressenza.com\/es\/wp-json\/wp\/v2\/posts"}],"about":[{"href":"https:\/\/www.pressenza.com\/es\/wp-json\/wp\/v2\/types\/post"}],"author":[{"embeddable":true,"href":"https:\/\/www.pressenza.com\/es\/wp-json\/wp\/v2\/users\/1372"}],"replies":[{"embeddable":true,"href":"https:\/\/www.pressenza.com\/es\/wp-json\/wp\/v2\/comments?post=1555046"}],"version-history":[{"count":0,"href":"https:\/\/www.pressenza.com\/es\/wp-json\/wp\/v2\/posts\/1555046\/revisions"}],"wp:featuredmedia":[{"embeddable":true,"href":"https:\/\/www.pressenza.com\/es\/wp-json\/wp\/v2\/media\/1555048"}],"wp:attachment":[{"href":"https:\/\/www.pressenza.com\/es\/wp-json\/wp\/v2\/media?parent=1555046"}],"wp:term":[{"taxonomy":"category","embeddable":true,"href":"https:\/\/www.pressenza.com\/es\/wp-json\/wp\/v2\/categories?post=1555046"},{"taxonomy":"post_tag","embeddable":true,"href":"https:\/\/www.pressenza.com\/es\/wp-json\/wp\/v2\/tags?post=1555046"}],"curies":[{"name":"wp","href":"https:\/\/api.w.org\/{rel}","templated":true}]}}