{"id":1555,"date":"2009-10-02T00:00:00","date_gmt":"2009-10-02T00:00:00","guid":{"rendered":""},"modified":"2009-10-04T10:59:32","modified_gmt":"2009-10-04T10:59:32","slug":"ocho-mil-personas-en-la-paz-forman-el-simbolo-humano-de-la-no-violencia","status":"publish","type":"post","link":"https:\/\/www.pressenza.com\/es\/2009\/10\/ocho-mil-personas-en-la-paz-forman-el-simbolo-humano-de-la-no-violencia\/","title":{"rendered":"Ocho mil personas en La Paz forman el s\u00edmbolo humano de la no-violencia"},"content":{"rendered":"<p>Veinte unidades educativas proporcionaron el marco festivo con danzas como capoeira, trova y carteles que expresaban mensajes de paz, la labor de Gandhi, de Mart\u00edn Luther King y de Silo. Ni\u00f1os y j\u00f3venes fueron el centro de atenci\u00f3n de esta jornada quienes desde hace unos meses trabajan, desde sus escuelas y hacia la comunidad en general, en concientizar sobre la importancia de transformar esta sociedad hacia una no violenta. Igualmente, personas de la tercera edad, se hicieron presente para impulsar esta actividad y sumarse a la Marcha Mundial por la Paz y la No Violencia, que inicia su recorrido \u2013 a nivel internacional- este d\u00eda.<\/p>\n<p>Lo destacado del evento fue formar el s\u00edmbolo humano de la No Violencia pidiendo la paz mundial y el desarme nuclear; momento emotivo en el cual se soltaron globos hacia el cielo que expresaban el deseo de los participantes de que este mensaje llegue a toda Bolivia y al mundo, desde una ciudad que tiene un nombre simb\u00f3lico: La Paz.<\/p>\n<p>Autoridades como el alcalde de la ciudad de El Alto, Fanor Nava; el viceministro de Deportes, V\u00edctor Barrientos; el destacado artista  pl\u00e1stico Mamani Mamani; representantes del Consejo Nacional de Amautas de Bolivia, personal de la Prefectura del Departamento, adem\u00e1s de asociaciones de jubilados y estudiantes de colegios, reafirmaron su compromiso en la construcci\u00f3n de un mundo sin violencia.  *\u201cLa paz es la causa que hay que apoyar y que el Gobierno Municipal de El Alto reafirma su respaldo al Movimiento Humanista en esta misi\u00f3n conjunta\u201d*, expres\u00f3 Fanor Nava.<\/p>\n<p>Por su parte el artista pl\u00e1stico boliviano Mamani Mamani dijo,*\u201cel ser humano es pacifico en esencia y la paz es alegr\u00eda que tiene tantos colores como el arco iris\u201d*.<\/p>\n<p>Finalmente mencionar que, en pocos meses la Marcha Mundial ha suscitado la adhesi\u00f3n de importantes personalidades en el pa\u00eds como: Evo Morales Ayma, presidente de la rep\u00fablica; Pablo Ramos, prefecto del Departamento; Zulma Yugar, cantautora boliviana, Fanor Nava, honorable alcalde de la ciudad de El Alto; Juan del Granado, alcalde de la ciudad de La Paz; Tito Solari, arzobispo de Cochabamba; Gonzalo Terceros; alcalde de la ciudad de Cochabamba; Gast\u00f3n Cornejo, senador; el Ministerio de Autonom\u00edas; la Defensor\u00eda del Pueblo; Juan Carlos Arana, periodista y comentarista; Canal Siete, Peri\u00f3dico Cambio, Centro de Educaci\u00f3n Popular Qhana, Fe y Alegr\u00eda, la Universidad Mayor de San Andr\u00e9s, Asociaci\u00f3n Cuna, Sociedad Boliviana de Origami, para mencionar algunos.<\/p>\n<p>A las 17:30 hrs. el evento culmin\u00f3 con el compromiso de autoridades y personas de continuar con actividades para alcanzar los objetivos de esta hist\u00f3rica Marcha, pero tambi\u00e9n para generar nuevos espacios de conciencia social.<\/p>\n","protected":false},"excerpt":{"rendered":"<p>\u201cPaz, fuerza y alegr\u00eda\u201d exclamaron 8.000 personas reunidas en el estadio Hernando Siles de la ciudad de La Paz (Bolivia), al celebrarse el D\u00eda Internacional de la No Violencia y formar el s\u00edmbolo humano en el que participaron autoridades, personalidades destacadas, funcionarios, asociaciones civiles y estudiantes de colegios.<\/p>\n","protected":false},"author":19,"featured_media":0,"comment_status":"closed","ping_status":"open","sticky":false,"template":"","format":"standard","meta":{"footnotes":""},"categories":[75,67],"tags":[],"class_list":["post-1555","post","type-post","status-publish","format-standard","hentry","category-cultura-es","category-sudamerica"],"yoast_head":"<!-- This site is optimized with the Yoast SEO plugin v27.1.1 - https:\/\/yoast.com\/product\/yoast-seo-wordpress\/ -->\n<title>Ocho mil personas en La Paz forman el s\u00edmbolo humano de la no-violencia<\/title>\n<meta name=\"description\" content=\"\u201cPaz, fuerza y alegr\u00eda\u201d exclamaron 8.000 personas reunidas en el estadio Hernando Siles de la ciudad de La Paz (Bolivia), al celebrarse el D\u00eda Internacional de la No Violencia y formar el s\u00edmbolo humano en el que participaron autoridades, personalidades destacadas, funcionarios, asociaciones civiles y estudiantes de colegios.\" \/>\n<meta name=\"robots\" content=\"index, follow, max-snippet:-1, max-image-preview:large, max-video-preview:-1\" \/>\n<link rel=\"canonical\" href=\"https:\/\/www.pressenza.com\/es\/2009\/10\/ocho-mil-personas-en-la-paz-forman-el-simbolo-humano-de-la-no-violencia\/\" \/>\n<meta property=\"og:locale\" content=\"es_ES\" \/>\n<meta property=\"og:type\" content=\"article\" \/>\n<meta property=\"og:title\" content=\"Ocho mil personas en La Paz forman el s\u00edmbolo humano de la no-violencia\" \/>\n<meta property=\"og:description\" content=\"\u201cPaz, fuerza y alegr\u00eda\u201d exclamaron 8.000 personas reunidas en el estadio Hernando Siles de la ciudad de La Paz (Bolivia), al celebrarse el D\u00eda Internacional de la No Violencia y formar el s\u00edmbolo humano en el que participaron autoridades, personalidades destacadas, funcionarios, asociaciones civiles y estudiantes de colegios.\" \/>\n<meta property=\"og:url\" content=\"https:\/\/www.pressenza.com\/es\/2009\/10\/ocho-mil-personas-en-la-paz-forman-el-simbolo-humano-de-la-no-violencia\/\" \/>\n<meta property=\"og:site_name\" content=\"Pressenza\" \/>\n<meta property=\"article:publisher\" content=\"https:\/\/www.facebook.com\/PressenzaItalia\" \/>\n<meta property=\"article:author\" content=\"https:\/\/www.facebook.com\/pressenza\" \/>\n<meta property=\"article:published_time\" content=\"2009-10-02T00:00:00+00:00\" \/>\n<meta property=\"article:modified_time\" content=\"2009-10-04T10:59:32+00:00\" \/>\n<meta name=\"author\" content=\"Pressenza IPA\" \/>\n<meta name=\"twitter:card\" content=\"summary_large_image\" \/>\n<meta name=\"twitter:creator\" content=\"@PressenzaIPA\" \/>\n<meta name=\"twitter:site\" content=\"@PressenzaIPA\" \/>\n<meta name=\"twitter:label1\" content=\"Escrito por\" \/>\n\t<meta name=\"twitter:data1\" content=\"Pressenza IPA\" \/>\n\t<meta name=\"twitter:label2\" content=\"Tiempo de lectura\" \/>\n\t<meta name=\"twitter:data2\" content=\"2 minutos\" \/>\n<script type=\"application\/ld+json\" class=\"yoast-schema-graph\">{\"@context\":\"https:\/\/schema.org\",\"@graph\":[{\"@type\":\"Article\",\"@id\":\"https:\/\/www.pressenza.com\/es\/2009\/10\/ocho-mil-personas-en-la-paz-forman-el-simbolo-humano-de-la-no-violencia\/#article\",\"isPartOf\":{\"@id\":\"https:\/\/www.pressenza.com\/es\/2009\/10\/ocho-mil-personas-en-la-paz-forman-el-simbolo-humano-de-la-no-violencia\/\"},\"author\":{\"name\":\"Pressenza IPA\",\"@id\":\"https:\/\/www.pressenza.com\/es\/#\/schema\/person\/010e5d02bcf40965427a1289a4cc8d75\"},\"headline\":\"Ocho mil personas en La Paz forman el s\u00edmbolo humano de la no-violencia\",\"datePublished\":\"2009-10-02T00:00:00+00:00\",\"dateModified\":\"2009-10-04T10:59:32+00:00\",\"mainEntityOfPage\":{\"@id\":\"https:\/\/www.pressenza.com\/es\/2009\/10\/ocho-mil-personas-en-la-paz-forman-el-simbolo-humano-de-la-no-violencia\/\"},\"wordCount\":470,\"publisher\":{\"@id\":\"https:\/\/www.pressenza.com\/es\/#organization\"},\"articleSection\":[\"Cultura y Medios\",\"Sudam\u00e9rica\"],\"inLanguage\":\"es\"},{\"@type\":\"WebPage\",\"@id\":\"https:\/\/www.pressenza.com\/es\/2009\/10\/ocho-mil-personas-en-la-paz-forman-el-simbolo-humano-de-la-no-violencia\/\",\"url\":\"https:\/\/www.pressenza.com\/es\/2009\/10\/ocho-mil-personas-en-la-paz-forman-el-simbolo-humano-de-la-no-violencia\/\",\"name\":\"Ocho mil personas en La Paz forman el s\u00edmbolo humano de la no-violencia\",\"isPartOf\":{\"@id\":\"https:\/\/www.pressenza.com\/es\/#website\"},\"datePublished\":\"2009-10-02T00:00:00+00:00\",\"dateModified\":\"2009-10-04T10:59:32+00:00\",\"description\":\"\u201cPaz, fuerza y alegr\u00eda\u201d exclamaron 8.000 personas reunidas en el estadio Hernando Siles de la ciudad de La Paz (Bolivia), al celebrarse el D\u00eda Internacional de la No Violencia y formar el s\u00edmbolo humano en el que participaron autoridades, personalidades destacadas, funcionarios, asociaciones civiles y estudiantes de colegios.\",\"breadcrumb\":{\"@id\":\"https:\/\/www.pressenza.com\/es\/2009\/10\/ocho-mil-personas-en-la-paz-forman-el-simbolo-humano-de-la-no-violencia\/#breadcrumb\"},\"inLanguage\":\"es\",\"potentialAction\":[{\"@type\":\"ReadAction\",\"target\":[\"https:\/\/www.pressenza.com\/es\/2009\/10\/ocho-mil-personas-en-la-paz-forman-el-simbolo-humano-de-la-no-violencia\/\"]}]},{\"@type\":\"BreadcrumbList\",\"@id\":\"https:\/\/www.pressenza.com\/es\/2009\/10\/ocho-mil-personas-en-la-paz-forman-el-simbolo-humano-de-la-no-violencia\/#breadcrumb\",\"itemListElement\":[{\"@type\":\"ListItem\",\"position\":1,\"name\":\"Accueil\",\"item\":\"https:\/\/www.pressenza.com\/es\/\"},{\"@type\":\"ListItem\",\"position\":2,\"name\":\"Ocho mil personas en La Paz forman el s\u00edmbolo humano de la no-violencia\"}]},{\"@type\":\"WebSite\",\"@id\":\"https:\/\/www.pressenza.com\/es\/#website\",\"url\":\"https:\/\/www.pressenza.com\/es\/\",\"name\":\"Pressenza\",\"description\":\"International Press Agency\",\"publisher\":{\"@id\":\"https:\/\/www.pressenza.com\/es\/#organization\"},\"potentialAction\":[{\"@type\":\"SearchAction\",\"target\":{\"@type\":\"EntryPoint\",\"urlTemplate\":\"https:\/\/www.pressenza.com\/es\/?s={search_term_string}\"},\"query-input\":{\"@type\":\"PropertyValueSpecification\",\"valueRequired\":true,\"valueName\":\"search_term_string\"}}],\"inLanguage\":\"es\"},{\"@type\":\"Organization\",\"@id\":\"https:\/\/www.pressenza.com\/es\/#organization\",\"name\":\"Pressenza\",\"url\":\"https:\/\/www.pressenza.com\/es\/\",\"logo\":{\"@type\":\"ImageObject\",\"inLanguage\":\"es\",\"@id\":\"https:\/\/www.pressenza.com\/es\/#\/schema\/logo\/image\/\",\"url\":\"https:\/\/www.pressenza.com\/wp-content\/uploads\/2022\/10\/pressenza_logo_200x200.jpg\",\"contentUrl\":\"https:\/\/www.pressenza.com\/wp-content\/uploads\/2022\/10\/pressenza_logo_200x200.jpg\",\"width\":200,\"height\":200,\"caption\":\"Pressenza\"},\"image\":{\"@id\":\"https:\/\/www.pressenza.com\/es\/#\/schema\/logo\/image\/\"},\"sameAs\":[\"https:\/\/www.facebook.com\/PressenzaItalia\",\"https:\/\/x.com\/PressenzaIPA\"]},{\"@type\":\"Person\",\"@id\":\"https:\/\/www.pressenza.com\/es\/#\/schema\/person\/010e5d02bcf40965427a1289a4cc8d75\",\"name\":\"Pressenza IPA\",\"description\":\"News from Pressenza IPA correspondents\",\"sameAs\":[\"https:\/\/www.facebook.com\/pressenza\",\"https:\/\/x.com\/PressenzaIPA\"],\"url\":\"https:\/\/www.pressenza.com\/es\/author\/pressenza-ipa\/\"}]}<\/script>\n<!-- \/ Yoast SEO plugin. -->","yoast_head_json":{"title":"Ocho mil personas en La Paz forman el s\u00edmbolo humano de la no-violencia","description":"\u201cPaz, fuerza y alegr\u00eda\u201d exclamaron 8.000 personas reunidas en el estadio Hernando Siles de la ciudad de La Paz (Bolivia), al celebrarse el D\u00eda Internacional de la No Violencia y formar el s\u00edmbolo humano en el que participaron autoridades, personalidades destacadas, funcionarios, asociaciones civiles y estudiantes de colegios.","robots":{"index":"index","follow":"follow","max-snippet":"max-snippet:-1","max-image-preview":"max-image-preview:large","max-video-preview":"max-video-preview:-1"},"canonical":"https:\/\/www.pressenza.com\/es\/2009\/10\/ocho-mil-personas-en-la-paz-forman-el-simbolo-humano-de-la-no-violencia\/","og_locale":"es_ES","og_type":"article","og_title":"Ocho mil personas en La Paz forman el s\u00edmbolo humano de la no-violencia","og_description":"\u201cPaz, fuerza y alegr\u00eda\u201d exclamaron 8.000 personas reunidas en el estadio Hernando Siles de la ciudad de La Paz (Bolivia), al celebrarse el D\u00eda Internacional de la No Violencia y formar el s\u00edmbolo humano en el que participaron autoridades, personalidades destacadas, funcionarios, asociaciones civiles y estudiantes de colegios.","og_url":"https:\/\/www.pressenza.com\/es\/2009\/10\/ocho-mil-personas-en-la-paz-forman-el-simbolo-humano-de-la-no-violencia\/","og_site_name":"Pressenza","article_publisher":"https:\/\/www.facebook.com\/PressenzaItalia","article_author":"https:\/\/www.facebook.com\/pressenza","article_published_time":"2009-10-02T00:00:00+00:00","article_modified_time":"2009-10-04T10:59:32+00:00","author":"Pressenza IPA","twitter_card":"summary_large_image","twitter_creator":"@PressenzaIPA","twitter_site":"@PressenzaIPA","twitter_misc":{"Escrito por":"Pressenza IPA","Tiempo de lectura":"2 minutos"},"schema":{"@context":"https:\/\/schema.org","@graph":[{"@type":"Article","@id":"https:\/\/www.pressenza.com\/es\/2009\/10\/ocho-mil-personas-en-la-paz-forman-el-simbolo-humano-de-la-no-violencia\/#article","isPartOf":{"@id":"https:\/\/www.pressenza.com\/es\/2009\/10\/ocho-mil-personas-en-la-paz-forman-el-simbolo-humano-de-la-no-violencia\/"},"author":{"name":"Pressenza IPA","@id":"https:\/\/www.pressenza.com\/es\/#\/schema\/person\/010e5d02bcf40965427a1289a4cc8d75"},"headline":"Ocho mil personas en La Paz forman el s\u00edmbolo humano de la no-violencia","datePublished":"2009-10-02T00:00:00+00:00","dateModified":"2009-10-04T10:59:32+00:00","mainEntityOfPage":{"@id":"https:\/\/www.pressenza.com\/es\/2009\/10\/ocho-mil-personas-en-la-paz-forman-el-simbolo-humano-de-la-no-violencia\/"},"wordCount":470,"publisher":{"@id":"https:\/\/www.pressenza.com\/es\/#organization"},"articleSection":["Cultura y Medios","Sudam\u00e9rica"],"inLanguage":"es"},{"@type":"WebPage","@id":"https:\/\/www.pressenza.com\/es\/2009\/10\/ocho-mil-personas-en-la-paz-forman-el-simbolo-humano-de-la-no-violencia\/","url":"https:\/\/www.pressenza.com\/es\/2009\/10\/ocho-mil-personas-en-la-paz-forman-el-simbolo-humano-de-la-no-violencia\/","name":"Ocho mil personas en La Paz forman el s\u00edmbolo humano de la no-violencia","isPartOf":{"@id":"https:\/\/www.pressenza.com\/es\/#website"},"datePublished":"2009-10-02T00:00:00+00:00","dateModified":"2009-10-04T10:59:32+00:00","description":"\u201cPaz, fuerza y alegr\u00eda\u201d exclamaron 8.000 personas reunidas en el estadio Hernando Siles de la ciudad de La Paz (Bolivia), al celebrarse el D\u00eda Internacional de la No Violencia y formar el s\u00edmbolo humano en el que participaron autoridades, personalidades destacadas, funcionarios, asociaciones civiles y estudiantes de colegios.","breadcrumb":{"@id":"https:\/\/www.pressenza.com\/es\/2009\/10\/ocho-mil-personas-en-la-paz-forman-el-simbolo-humano-de-la-no-violencia\/#breadcrumb"},"inLanguage":"es","potentialAction":[{"@type":"ReadAction","target":["https:\/\/www.pressenza.com\/es\/2009\/10\/ocho-mil-personas-en-la-paz-forman-el-simbolo-humano-de-la-no-violencia\/"]}]},{"@type":"BreadcrumbList","@id":"https:\/\/www.pressenza.com\/es\/2009\/10\/ocho-mil-personas-en-la-paz-forman-el-simbolo-humano-de-la-no-violencia\/#breadcrumb","itemListElement":[{"@type":"ListItem","position":1,"name":"Accueil","item":"https:\/\/www.pressenza.com\/es\/"},{"@type":"ListItem","position":2,"name":"Ocho mil personas en La Paz forman el s\u00edmbolo humano de la no-violencia"}]},{"@type":"WebSite","@id":"https:\/\/www.pressenza.com\/es\/#website","url":"https:\/\/www.pressenza.com\/es\/","name":"Pressenza","description":"International Press Agency","publisher":{"@id":"https:\/\/www.pressenza.com\/es\/#organization"},"potentialAction":[{"@type":"SearchAction","target":{"@type":"EntryPoint","urlTemplate":"https:\/\/www.pressenza.com\/es\/?s={search_term_string}"},"query-input":{"@type":"PropertyValueSpecification","valueRequired":true,"valueName":"search_term_string"}}],"inLanguage":"es"},{"@type":"Organization","@id":"https:\/\/www.pressenza.com\/es\/#organization","name":"Pressenza","url":"https:\/\/www.pressenza.com\/es\/","logo":{"@type":"ImageObject","inLanguage":"es","@id":"https:\/\/www.pressenza.com\/es\/#\/schema\/logo\/image\/","url":"https:\/\/www.pressenza.com\/wp-content\/uploads\/2022\/10\/pressenza_logo_200x200.jpg","contentUrl":"https:\/\/www.pressenza.com\/wp-content\/uploads\/2022\/10\/pressenza_logo_200x200.jpg","width":200,"height":200,"caption":"Pressenza"},"image":{"@id":"https:\/\/www.pressenza.com\/es\/#\/schema\/logo\/image\/"},"sameAs":["https:\/\/www.facebook.com\/PressenzaItalia","https:\/\/x.com\/PressenzaIPA"]},{"@type":"Person","@id":"https:\/\/www.pressenza.com\/es\/#\/schema\/person\/010e5d02bcf40965427a1289a4cc8d75","name":"Pressenza IPA","description":"News from Pressenza IPA correspondents","sameAs":["https:\/\/www.facebook.com\/pressenza","https:\/\/x.com\/PressenzaIPA"],"url":"https:\/\/www.pressenza.com\/es\/author\/pressenza-ipa\/"}]}},"place":"La Paz","original_article_url":"","_links":{"self":[{"href":"https:\/\/www.pressenza.com\/es\/wp-json\/wp\/v2\/posts\/1555","targetHints":{"allow":["GET"]}}],"collection":[{"href":"https:\/\/www.pressenza.com\/es\/wp-json\/wp\/v2\/posts"}],"about":[{"href":"https:\/\/www.pressenza.com\/es\/wp-json\/wp\/v2\/types\/post"}],"author":[{"embeddable":true,"href":"https:\/\/www.pressenza.com\/es\/wp-json\/wp\/v2\/users\/19"}],"replies":[{"embeddable":true,"href":"https:\/\/www.pressenza.com\/es\/wp-json\/wp\/v2\/comments?post=1555"}],"version-history":[{"count":0,"href":"https:\/\/www.pressenza.com\/es\/wp-json\/wp\/v2\/posts\/1555\/revisions"}],"wp:attachment":[{"href":"https:\/\/www.pressenza.com\/es\/wp-json\/wp\/v2\/media?parent=1555"}],"wp:term":[{"taxonomy":"category","embeddable":true,"href":"https:\/\/www.pressenza.com\/es\/wp-json\/wp\/v2\/categories?post=1555"},{"taxonomy":"post_tag","embeddable":true,"href":"https:\/\/www.pressenza.com\/es\/wp-json\/wp\/v2\/tags?post=1555"}],"curies":[{"name":"wp","href":"https:\/\/api.w.org\/{rel}","templated":true}]}}