{"id":1553761,"date":"2022-03-29T03:51:33","date_gmt":"2022-03-29T02:51:33","guid":{"rendered":"https:\/\/www.pressenza.com\/?p=1553761"},"modified":"2022-03-29T03:51:33","modified_gmt":"2022-03-29T02:51:33","slug":"el-indulto-a-fujimori-y-la-domesticacion-de-castillo","status":"publish","type":"post","link":"https:\/\/www.pressenza.com\/es\/2022\/03\/el-indulto-a-fujimori-y-la-domesticacion-de-castillo\/","title":{"rendered":"El indulto a Fujimori y la domesticaci\u00f3n de Castillo"},"content":{"rendered":"<p><strong>Castillo abandon\u00f3 ya, de manera expl\u00edcita, el programa que lo llev\u00f3 a la presidencia. Ahora su \u00fanico programa es durar: y durar implica, como sucedi\u00f3 con Ollanta Humala, practicar el continuismo neoliberal.<\/strong><\/p>\n<p>Fuente: Nicol\u00e1s Lynch* &#8211; Servindi<\/p>\n<p>Si hace seis semanas la conformaci\u00f3n del tercer gabinete del gobierno de Pedro Castillo ya nos se\u00f1alaba la domesticaci\u00f3n de su gobierno por parte de la derecha neoliberal, hoy la reposici\u00f3n del indulto a Alberto Fujimori que le diera en 2017 Pedro Pablo Kuczynski nos confirma esta tendencia de captura reaccionaria de lo que en un principio fue un gobierno de izquierda. No importa qui\u00e9n haya dictado el indulto, en este caso el Tribunal Constitucional de mayor\u00eda conservadora, sino el clima pol\u00edtico en el cual se da.<\/p>\n<p>En los \u00faltimos d\u00edas hemos observado el entendimiento bajo la mesa entre el gobierno y la oposici\u00f3n parlamentaria de derecha y extrema derecha, postergando la inminencia de las censuras a ministros y de la propia vacancia presidencial.<\/p>\n<p>Frente al grito de \u201cque se vayan todos\u201d que empezaba a escucharse nuevamente en las calles, ahora parece que domina, pero en las alturas del oficialismo y el congreso, \u201cnos quedamos todos\u201d. Lo que sabe nuevamente al pacto de impunidad y oportunismo que hemos visto los peruanos en estos \u00faltimos seis a\u00f1os en la mayor parte de la clase pol\u00edtica, que en vez de buscarle una salida a la crisis recurrente que vivimos solo cuida sus intereses inmediatos de manejo del peque\u00f1o o gran poder con el que cuentan.<\/p>\n<p>De esta manera, la crisis ha pasado de ser una creciente preocupaci\u00f3n entre los ciudadanos para considerarse una situaci\u00f3n que no tiene salida viable, al menos en el corto plazo. Esto hace que los de siempre contin\u00faen en el fest\u00edn al que nos tienen acostumbrados y el ciudadano com\u00fan y corriente se dedique a sobrevivir en el d\u00eda a d\u00eda.<\/p>\n<p>Este es el punto, la corrupci\u00f3n de casi todos los ex presidentes, l\u00edderes pol\u00edticos y sus s\u00e9quitos respectivos, tambi\u00e9n parece tocar hoy a lo que se supon\u00eda era un gobierno de cambio y en este proceso se encuentra con lo peor de nuestra pol\u00edtica: el fujimorismo y se concreta por segunda vez el indulto fraudulento a su l\u00edder, Alberto Fujimori.<\/p>\n<p>No hay evidencia directa de una complicidad del gobierno de Pedro Castillo con el indulto e incluso varios ministros y el propio presidente del Consejo An\u00edbal Torres se han manifestado en contra, sin embargo, son distintas las coincidencias que suceden en el \u00e1mbito parlamentario y que hacen pensar de otra forma.<\/p>\n<p>\u00bfC\u00f3mo es que se aplaca la furia de la vacancia y se quedan sin votos las interpelaciones a los ministros y luego sucede la sentencia del Tribunal Constitucional? Todo huele a entendimiento, pero no me refiero al entendimiento que puede salir del di\u00e1logo democr\u00e1tico, sino a lo que merece el nombre de componenda, de arreglo debajo de la mesa.<\/p>\n<p>A estas alturas, abandonado ya de manera expl\u00edcita el programa que llev\u00f3 a Castillo al triunfo en la segunda vuelta, incluso el prop\u00f3sito de convocar a una Asamblea Constituyente como ha dicho reiteradamente el premier An\u00edbal Torres, el \u00fanico programa que le queda es durar. Y durar en este contexto no es otra cosa, bien lo sabe Ollanta Humala, que continuismo neoliberal.<\/p>\n<p>El problema es que no estamos, como hace diez a\u00f1os, en un momento de auge del modelo, sino en uno claramente de crisis, de grave crisis, que v\u00eda la corrupci\u00f3n y junto con la pandemia, han tra\u00eddo aparejadas las crisis de r\u00e9gimen pol\u00edtico y de estado que vivimos.<\/p>\n<p>Me refiero a que las formas de organizaci\u00f3n institucional y de dominaci\u00f3n social ya no les sirven a los poderosos para hacer pol\u00edtica y han cesado de ser \u00fatiles para reproducir su propio poder.<\/p>\n<p>Por ello, no creo que tenga futuro el af\u00e1n de durar que alumbra hoy a Castillo y su grupo. Marchamos a otra crisis, quiz\u00e1s mayor y de consecuencias impredecibles. Hacer m\u00e1s de lo mismo no es una salida para el Per\u00fa en estos momentos.<\/p>\n<p>Lo que sorprende es la debilidad de las fuerzas, no s\u00f3lo de izquierda sino democr\u00e1ticas, que quieren una salida de fondo para el Per\u00fa. Ello est\u00e1 creando un peligroso vac\u00edo pol\u00edtico en el que casi cualquier apuesta pueda ganar terreno. Hay que estar atentos, por ello, tambi\u00e9n a los disfraces y asumir que si hay salidas para el Per\u00fa est\u00e1n en otro camino distinto al neoliberal, porque como dice el vals \u201ctoda repetici\u00f3n es una ofensa\u201d.<\/p>\n<p>&#8212;<br \/>\n<em>*<\/em>\u00a0Nicol\u00e1s Lynch es profesor de Sociolog\u00eda de la Universidad Nacional de San Marcos.<\/p>\n<h5 class=\"nota-interior-fuente\">&#8212;-<\/h5>\n<h5>Fuente foto: El Buho<\/h5>\n<h5 class=\"nota-interior-fuente\">Fuente: Agencia de Informaci\u00f3n Latinoamerica ALAI:\u00a0<a href=\"https:\/\/www.alainet.org\/es\/articulo\/215174\" target=\"_blank\" rel=\"noopener\">https:\/\/www.alainet.org\/es\/articulo\/215174<\/a><\/h5>\n","protected":false},"excerpt":{"rendered":"<p>Castillo abandon\u00f3 ya, de manera expl\u00edcita, el programa que lo llev\u00f3 a la presidencia. Ahora su \u00fanico programa es durar: y durar implica, como sucedi\u00f3 con Ollanta Humala, practicar el continuismo neoliberal. Fuente: Nicol\u00e1s Lynch* &#8211; Servindi Si hace seis&hellip;<\/p>\n","protected":false},"author":831,"featured_media":1553762,"comment_status":"closed","ping_status":"closed","sticky":false,"template":"","format":"standard","meta":{"footnotes":""},"categories":[161,74,67],"tags":[100551,100550,773,42921,100549,63373,100552],"class_list":["post-1553761","post","type-post","status-publish","format-standard","has-post-thumbnail","hentry","category-opiniones","category-politica-es","category-sudamerica","tag-nos-quedamos-todos","tag-continuismo-neoliberal","tag-corrupcion","tag-indulto-a-fujimori","tag-peru-cambio-de-rumbo","tag-que-se-vayan-todos","tag-vacancia"],"yoast_head":"<!-- This site is optimized with the Yoast SEO plugin v27.1.1 - https:\/\/yoast.com\/product\/yoast-seo-wordpress\/ -->\n<title>El indulto a Fujimori y la domesticaci\u00f3n de Castillo<\/title>\n<meta name=\"description\" content=\"Castillo abandon\u00f3 ya, de manera expl\u00edcita, el programa que lo llev\u00f3 a la presidencia. Ahora su \u00fanico programa es durar: y durar implica, como sucedi\u00f3 con\" \/>\n<meta name=\"robots\" content=\"index, follow, max-snippet:-1, max-image-preview:large, max-video-preview:-1\" \/>\n<link rel=\"canonical\" href=\"https:\/\/www.pressenza.com\/es\/2022\/03\/el-indulto-a-fujimori-y-la-domesticacion-de-castillo\/\" \/>\n<meta property=\"og:locale\" content=\"es_ES\" \/>\n<meta property=\"og:type\" content=\"article\" \/>\n<meta property=\"og:title\" content=\"El indulto a Fujimori y la domesticaci\u00f3n de Castillo\" \/>\n<meta property=\"og:description\" content=\"Castillo abandon\u00f3 ya, de manera expl\u00edcita, el programa que lo llev\u00f3 a la presidencia. Ahora su \u00fanico programa es durar: y durar implica, como sucedi\u00f3 con\" \/>\n<meta property=\"og:url\" content=\"https:\/\/www.pressenza.com\/es\/2022\/03\/el-indulto-a-fujimori-y-la-domesticacion-de-castillo\/\" \/>\n<meta property=\"og:site_name\" content=\"Pressenza\" \/>\n<meta property=\"article:publisher\" content=\"https:\/\/www.facebook.com\/PressenzaItalia\" \/>\n<meta property=\"article:published_time\" content=\"2022-03-29T02:51:33+00:00\" \/>\n<meta property=\"og:image\" content=\"https:\/\/www.pressenza.com\/wp-content\/uploads\/2022\/03\/pedro-castillo-presidente.jpg\" \/>\n\t<meta property=\"og:image:width\" content=\"1000\" \/>\n\t<meta property=\"og:image:height\" content=\"667\" \/>\n\t<meta property=\"og:image:type\" content=\"image\/jpeg\" \/>\n<meta name=\"author\" content=\"Redacci\u00f3n Per\u00fa\" \/>\n<meta name=\"twitter:card\" content=\"summary_large_image\" \/>\n<meta name=\"twitter:creator\" content=\"@PressenzaIPA\" \/>\n<meta name=\"twitter:site\" content=\"@PressenzaIPA\" \/>\n<meta name=\"twitter:label1\" content=\"Escrito por\" \/>\n\t<meta name=\"twitter:data1\" content=\"Redacci\u00f3n Per\u00fa\" \/>\n\t<meta name=\"twitter:label2\" content=\"Tiempo de lectura\" \/>\n\t<meta name=\"twitter:data2\" content=\"4 minutos\" \/>\n<script type=\"application\/ld+json\" class=\"yoast-schema-graph\">{\"@context\":\"https:\/\/schema.org\",\"@graph\":[{\"@type\":\"Article\",\"@id\":\"https:\/\/www.pressenza.com\/es\/2022\/03\/el-indulto-a-fujimori-y-la-domesticacion-de-castillo\/#article\",\"isPartOf\":{\"@id\":\"https:\/\/www.pressenza.com\/es\/2022\/03\/el-indulto-a-fujimori-y-la-domesticacion-de-castillo\/\"},\"author\":{\"name\":\"Redacci\u00f3n Per\u00fa\",\"@id\":\"https:\/\/www.pressenza.com\/es\/#\/schema\/person\/e86c29a41185b85084a478822f5de81b\"},\"headline\":\"El indulto a Fujimori y la domesticaci\u00f3n de Castillo\",\"datePublished\":\"2022-03-29T02:51:33+00:00\",\"mainEntityOfPage\":{\"@id\":\"https:\/\/www.pressenza.com\/es\/2022\/03\/el-indulto-a-fujimori-y-la-domesticacion-de-castillo\/\"},\"wordCount\":842,\"publisher\":{\"@id\":\"https:\/\/www.pressenza.com\/es\/#organization\"},\"image\":{\"@id\":\"https:\/\/www.pressenza.com\/es\/2022\/03\/el-indulto-a-fujimori-y-la-domesticacion-de-castillo\/#primaryimage\"},\"thumbnailUrl\":\"https:\/\/www.pressenza.com\/wp-content\/uploads\/2022\/03\/pedro-castillo-presidente.jpg\",\"keywords\":[\"\\\"nos quedamos todos\\\"\",\"continuismo neoliberal\",\"corrupci\u00f3n\",\"indulto a Fujimori\",\"Per\u00fa cambio de rumbo\",\"Que se vayan todos!\",\"vacancia\"],\"articleSection\":[\"Opiniones\",\"Pol\u00edtica\",\"Sudam\u00e9rica\"],\"inLanguage\":\"es\"},{\"@type\":\"WebPage\",\"@id\":\"https:\/\/www.pressenza.com\/es\/2022\/03\/el-indulto-a-fujimori-y-la-domesticacion-de-castillo\/\",\"url\":\"https:\/\/www.pressenza.com\/es\/2022\/03\/el-indulto-a-fujimori-y-la-domesticacion-de-castillo\/\",\"name\":\"El indulto a Fujimori y la domesticaci\u00f3n de Castillo\",\"isPartOf\":{\"@id\":\"https:\/\/www.pressenza.com\/es\/#website\"},\"primaryImageOfPage\":{\"@id\":\"https:\/\/www.pressenza.com\/es\/2022\/03\/el-indulto-a-fujimori-y-la-domesticacion-de-castillo\/#primaryimage\"},\"image\":{\"@id\":\"https:\/\/www.pressenza.com\/es\/2022\/03\/el-indulto-a-fujimori-y-la-domesticacion-de-castillo\/#primaryimage\"},\"thumbnailUrl\":\"https:\/\/www.pressenza.com\/wp-content\/uploads\/2022\/03\/pedro-castillo-presidente.jpg\",\"datePublished\":\"2022-03-29T02:51:33+00:00\",\"description\":\"Castillo abandon\u00f3 ya, de manera expl\u00edcita, el programa que lo llev\u00f3 a la presidencia. Ahora su \u00fanico programa es durar: y durar implica, como sucedi\u00f3 con\",\"breadcrumb\":{\"@id\":\"https:\/\/www.pressenza.com\/es\/2022\/03\/el-indulto-a-fujimori-y-la-domesticacion-de-castillo\/#breadcrumb\"},\"inLanguage\":\"es\",\"potentialAction\":[{\"@type\":\"ReadAction\",\"target\":[\"https:\/\/www.pressenza.com\/es\/2022\/03\/el-indulto-a-fujimori-y-la-domesticacion-de-castillo\/\"]}]},{\"@type\":\"ImageObject\",\"inLanguage\":\"es\",\"@id\":\"https:\/\/www.pressenza.com\/es\/2022\/03\/el-indulto-a-fujimori-y-la-domesticacion-de-castillo\/#primaryimage\",\"url\":\"https:\/\/www.pressenza.com\/wp-content\/uploads\/2022\/03\/pedro-castillo-presidente.jpg\",\"contentUrl\":\"https:\/\/www.pressenza.com\/wp-content\/uploads\/2022\/03\/pedro-castillo-presidente.jpg\",\"width\":1000,\"height\":667},{\"@type\":\"BreadcrumbList\",\"@id\":\"https:\/\/www.pressenza.com\/es\/2022\/03\/el-indulto-a-fujimori-y-la-domesticacion-de-castillo\/#breadcrumb\",\"itemListElement\":[{\"@type\":\"ListItem\",\"position\":1,\"name\":\"Accueil\",\"item\":\"https:\/\/www.pressenza.com\/es\/\"},{\"@type\":\"ListItem\",\"position\":2,\"name\":\"El indulto a Fujimori y la domesticaci\u00f3n de Castillo\"}]},{\"@type\":\"WebSite\",\"@id\":\"https:\/\/www.pressenza.com\/es\/#website\",\"url\":\"https:\/\/www.pressenza.com\/es\/\",\"name\":\"Pressenza\",\"description\":\"International Press Agency\",\"publisher\":{\"@id\":\"https:\/\/www.pressenza.com\/es\/#organization\"},\"potentialAction\":[{\"@type\":\"SearchAction\",\"target\":{\"@type\":\"EntryPoint\",\"urlTemplate\":\"https:\/\/www.pressenza.com\/es\/?s={search_term_string}\"},\"query-input\":{\"@type\":\"PropertyValueSpecification\",\"valueRequired\":true,\"valueName\":\"search_term_string\"}}],\"inLanguage\":\"es\"},{\"@type\":\"Organization\",\"@id\":\"https:\/\/www.pressenza.com\/es\/#organization\",\"name\":\"Pressenza\",\"url\":\"https:\/\/www.pressenza.com\/es\/\",\"logo\":{\"@type\":\"ImageObject\",\"inLanguage\":\"es\",\"@id\":\"https:\/\/www.pressenza.com\/es\/#\/schema\/logo\/image\/\",\"url\":\"https:\/\/www.pressenza.com\/wp-content\/uploads\/2022\/10\/pressenza_logo_200x200.jpg\",\"contentUrl\":\"https:\/\/www.pressenza.com\/wp-content\/uploads\/2022\/10\/pressenza_logo_200x200.jpg\",\"width\":200,\"height\":200,\"caption\":\"Pressenza\"},\"image\":{\"@id\":\"https:\/\/www.pressenza.com\/es\/#\/schema\/logo\/image\/\"},\"sameAs\":[\"https:\/\/www.facebook.com\/PressenzaItalia\",\"https:\/\/x.com\/PressenzaIPA\"]},{\"@type\":\"Person\",\"@id\":\"https:\/\/www.pressenza.com\/es\/#\/schema\/person\/e86c29a41185b85084a478822f5de81b\",\"name\":\"Redacci\u00f3n Per\u00fa\",\"description\":\"News published by the Pressenza bureau in Peru\",\"url\":\"https:\/\/www.pressenza.com\/es\/author\/redaccion-peru\/\"}]}<\/script>\n<!-- \/ Yoast SEO plugin. -->","yoast_head_json":{"title":"El indulto a Fujimori y la domesticaci\u00f3n de Castillo","description":"Castillo abandon\u00f3 ya, de manera expl\u00edcita, el programa que lo llev\u00f3 a la presidencia. Ahora su \u00fanico programa es durar: y durar implica, como sucedi\u00f3 con","robots":{"index":"index","follow":"follow","max-snippet":"max-snippet:-1","max-image-preview":"max-image-preview:large","max-video-preview":"max-video-preview:-1"},"canonical":"https:\/\/www.pressenza.com\/es\/2022\/03\/el-indulto-a-fujimori-y-la-domesticacion-de-castillo\/","og_locale":"es_ES","og_type":"article","og_title":"El indulto a Fujimori y la domesticaci\u00f3n de Castillo","og_description":"Castillo abandon\u00f3 ya, de manera expl\u00edcita, el programa que lo llev\u00f3 a la presidencia. Ahora su \u00fanico programa es durar: y durar implica, como sucedi\u00f3 con","og_url":"https:\/\/www.pressenza.com\/es\/2022\/03\/el-indulto-a-fujimori-y-la-domesticacion-de-castillo\/","og_site_name":"Pressenza","article_publisher":"https:\/\/www.facebook.com\/PressenzaItalia","article_published_time":"2022-03-29T02:51:33+00:00","og_image":[{"width":1000,"height":667,"url":"https:\/\/www.pressenza.com\/wp-content\/uploads\/2022\/03\/pedro-castillo-presidente.jpg","type":"image\/jpeg"}],"author":"Redacci\u00f3n Per\u00fa","twitter_card":"summary_large_image","twitter_creator":"@PressenzaIPA","twitter_site":"@PressenzaIPA","twitter_misc":{"Escrito por":"Redacci\u00f3n Per\u00fa","Tiempo de lectura":"4 minutos"},"schema":{"@context":"https:\/\/schema.org","@graph":[{"@type":"Article","@id":"https:\/\/www.pressenza.com\/es\/2022\/03\/el-indulto-a-fujimori-y-la-domesticacion-de-castillo\/#article","isPartOf":{"@id":"https:\/\/www.pressenza.com\/es\/2022\/03\/el-indulto-a-fujimori-y-la-domesticacion-de-castillo\/"},"author":{"name":"Redacci\u00f3n Per\u00fa","@id":"https:\/\/www.pressenza.com\/es\/#\/schema\/person\/e86c29a41185b85084a478822f5de81b"},"headline":"El indulto a Fujimori y la domesticaci\u00f3n de Castillo","datePublished":"2022-03-29T02:51:33+00:00","mainEntityOfPage":{"@id":"https:\/\/www.pressenza.com\/es\/2022\/03\/el-indulto-a-fujimori-y-la-domesticacion-de-castillo\/"},"wordCount":842,"publisher":{"@id":"https:\/\/www.pressenza.com\/es\/#organization"},"image":{"@id":"https:\/\/www.pressenza.com\/es\/2022\/03\/el-indulto-a-fujimori-y-la-domesticacion-de-castillo\/#primaryimage"},"thumbnailUrl":"https:\/\/www.pressenza.com\/wp-content\/uploads\/2022\/03\/pedro-castillo-presidente.jpg","keywords":["\"nos quedamos todos\"","continuismo neoliberal","corrupci\u00f3n","indulto a Fujimori","Per\u00fa cambio de rumbo","Que se vayan todos!","vacancia"],"articleSection":["Opiniones","Pol\u00edtica","Sudam\u00e9rica"],"inLanguage":"es"},{"@type":"WebPage","@id":"https:\/\/www.pressenza.com\/es\/2022\/03\/el-indulto-a-fujimori-y-la-domesticacion-de-castillo\/","url":"https:\/\/www.pressenza.com\/es\/2022\/03\/el-indulto-a-fujimori-y-la-domesticacion-de-castillo\/","name":"El indulto a Fujimori y la domesticaci\u00f3n de Castillo","isPartOf":{"@id":"https:\/\/www.pressenza.com\/es\/#website"},"primaryImageOfPage":{"@id":"https:\/\/www.pressenza.com\/es\/2022\/03\/el-indulto-a-fujimori-y-la-domesticacion-de-castillo\/#primaryimage"},"image":{"@id":"https:\/\/www.pressenza.com\/es\/2022\/03\/el-indulto-a-fujimori-y-la-domesticacion-de-castillo\/#primaryimage"},"thumbnailUrl":"https:\/\/www.pressenza.com\/wp-content\/uploads\/2022\/03\/pedro-castillo-presidente.jpg","datePublished":"2022-03-29T02:51:33+00:00","description":"Castillo abandon\u00f3 ya, de manera expl\u00edcita, el programa que lo llev\u00f3 a la presidencia. Ahora su \u00fanico programa es durar: y durar implica, como sucedi\u00f3 con","breadcrumb":{"@id":"https:\/\/www.pressenza.com\/es\/2022\/03\/el-indulto-a-fujimori-y-la-domesticacion-de-castillo\/#breadcrumb"},"inLanguage":"es","potentialAction":[{"@type":"ReadAction","target":["https:\/\/www.pressenza.com\/es\/2022\/03\/el-indulto-a-fujimori-y-la-domesticacion-de-castillo\/"]}]},{"@type":"ImageObject","inLanguage":"es","@id":"https:\/\/www.pressenza.com\/es\/2022\/03\/el-indulto-a-fujimori-y-la-domesticacion-de-castillo\/#primaryimage","url":"https:\/\/www.pressenza.com\/wp-content\/uploads\/2022\/03\/pedro-castillo-presidente.jpg","contentUrl":"https:\/\/www.pressenza.com\/wp-content\/uploads\/2022\/03\/pedro-castillo-presidente.jpg","width":1000,"height":667},{"@type":"BreadcrumbList","@id":"https:\/\/www.pressenza.com\/es\/2022\/03\/el-indulto-a-fujimori-y-la-domesticacion-de-castillo\/#breadcrumb","itemListElement":[{"@type":"ListItem","position":1,"name":"Accueil","item":"https:\/\/www.pressenza.com\/es\/"},{"@type":"ListItem","position":2,"name":"El indulto a Fujimori y la domesticaci\u00f3n de Castillo"}]},{"@type":"WebSite","@id":"https:\/\/www.pressenza.com\/es\/#website","url":"https:\/\/www.pressenza.com\/es\/","name":"Pressenza","description":"International Press Agency","publisher":{"@id":"https:\/\/www.pressenza.com\/es\/#organization"},"potentialAction":[{"@type":"SearchAction","target":{"@type":"EntryPoint","urlTemplate":"https:\/\/www.pressenza.com\/es\/?s={search_term_string}"},"query-input":{"@type":"PropertyValueSpecification","valueRequired":true,"valueName":"search_term_string"}}],"inLanguage":"es"},{"@type":"Organization","@id":"https:\/\/www.pressenza.com\/es\/#organization","name":"Pressenza","url":"https:\/\/www.pressenza.com\/es\/","logo":{"@type":"ImageObject","inLanguage":"es","@id":"https:\/\/www.pressenza.com\/es\/#\/schema\/logo\/image\/","url":"https:\/\/www.pressenza.com\/wp-content\/uploads\/2022\/10\/pressenza_logo_200x200.jpg","contentUrl":"https:\/\/www.pressenza.com\/wp-content\/uploads\/2022\/10\/pressenza_logo_200x200.jpg","width":200,"height":200,"caption":"Pressenza"},"image":{"@id":"https:\/\/www.pressenza.com\/es\/#\/schema\/logo\/image\/"},"sameAs":["https:\/\/www.facebook.com\/PressenzaItalia","https:\/\/x.com\/PressenzaIPA"]},{"@type":"Person","@id":"https:\/\/www.pressenza.com\/es\/#\/schema\/person\/e86c29a41185b85084a478822f5de81b","name":"Redacci\u00f3n Per\u00fa","description":"News published by the Pressenza bureau in Peru","url":"https:\/\/www.pressenza.com\/es\/author\/redaccion-peru\/"}]}},"place":"","original_article_url":"https:\/\/www.servindi.org\/25\/03\/2022\/el-indulto-fujimori-y-la-domesticacion-de-castillo","_links":{"self":[{"href":"https:\/\/www.pressenza.com\/es\/wp-json\/wp\/v2\/posts\/1553761","targetHints":{"allow":["GET"]}}],"collection":[{"href":"https:\/\/www.pressenza.com\/es\/wp-json\/wp\/v2\/posts"}],"about":[{"href":"https:\/\/www.pressenza.com\/es\/wp-json\/wp\/v2\/types\/post"}],"author":[{"embeddable":true,"href":"https:\/\/www.pressenza.com\/es\/wp-json\/wp\/v2\/users\/831"}],"replies":[{"embeddable":true,"href":"https:\/\/www.pressenza.com\/es\/wp-json\/wp\/v2\/comments?post=1553761"}],"version-history":[{"count":0,"href":"https:\/\/www.pressenza.com\/es\/wp-json\/wp\/v2\/posts\/1553761\/revisions"}],"wp:featuredmedia":[{"embeddable":true,"href":"https:\/\/www.pressenza.com\/es\/wp-json\/wp\/v2\/media\/1553762"}],"wp:attachment":[{"href":"https:\/\/www.pressenza.com\/es\/wp-json\/wp\/v2\/media?parent=1553761"}],"wp:term":[{"taxonomy":"category","embeddable":true,"href":"https:\/\/www.pressenza.com\/es\/wp-json\/wp\/v2\/categories?post=1553761"},{"taxonomy":"post_tag","embeddable":true,"href":"https:\/\/www.pressenza.com\/es\/wp-json\/wp\/v2\/tags?post=1553761"}],"curies":[{"name":"wp","href":"https:\/\/api.w.org\/{rel}","templated":true}]}}