{"id":1551610,"date":"2022-03-25T12:38:42","date_gmt":"2022-03-25T12:38:42","guid":{"rendered":"https:\/\/www.pressenza.com\/?p=1551610"},"modified":"2022-03-25T12:38:42","modified_gmt":"2022-03-25T12:38:42","slug":"el-dictador-videla-y-la-muerte-en-argentina-mi-recuerdo-de-gonzalo-carranza","status":"publish","type":"post","link":"https:\/\/www.pressenza.com\/es\/2022\/03\/el-dictador-videla-y-la-muerte-en-argentina-mi-recuerdo-de-gonzalo-carranza\/","title":{"rendered":"El dictador Videla y la muerte en Argentina: mi recuerdo de Gonzalo Carranza"},"content":{"rendered":"<p>A Gonzalo Carranza le dieron la libertad para matarlo. Le abrieron las puertas de la c\u00e1rcel y nunca m\u00e1s se supo de \u00e9l. Con toda seguridad le aplicaron la ley de fuga. Fue a pocas cuadras de la c\u00e1rcel de La Plata, el 3 de febrero 1978, cuando ten\u00eda 27 a\u00f1os: Lo conoc\u00ed en otra c\u00e1rcel, en Villa Devoto, donde estuve preso durante un a\u00f1o, gracias a la \u201cOperaci\u00f3n C\u00f3ndor\u201d. Me encontr\u00e9 con \u00e9l en una celda de castigo que compartimos durante dos semanas.<\/p>\n<p>Eran tiempos de genocidas, Videla en Argentina y Pinochet en Chile. Los dictadores se propusieron eliminar a los opositores, mediante una coordinaci\u00f3n represiva que asesinaba, torturaba, robaba y raptaba ni\u00f1os. Yo me salv\u00e9. A Gonzalo lo asesinaron.<\/p>\n<p>Hace 46 a\u00f1os, el 24 de marzo de 1976, se instal\u00f3 la dictadura de Videla, que reemplaz\u00f3 al gobierno de Isabel Per\u00f3n, que se ca\u00eda a pedazos por la corrupci\u00f3n, el desorden econ\u00f3mico y el accionar represivo clandestino de la triple A (Alianza Anticomunista Argentina), en medio de una rebeld\u00eda creciente del movimiento sindical y el accionar de las organizaciones guerrilleras. L\u00f3pez Rega, era la mano derecha de Isabel, brujo de profesi\u00f3n y asesino por vocaci\u00f3n.<\/p>\n<p>\u201cL\u00f3pez Rega promovi\u00f3 un sistema de represi\u00f3n criminal clandestino que pronto se abri\u00f3 paso resueltamente. Muerto Per\u00f3n en julio de 1974, fue sucedido en la presidencia por su c\u00f3nyuge, Isabel Mart\u00ednez de Per\u00f3n, bajo cuyo gobierno L\u00f3pez Rega medr\u00f3 casi sin l\u00edmites y su metodolog\u00eda se fue expandiendo sin obst\u00e1culos. El eclipse de \u00e9ste en 1975 no signific\u00f3 la extinci\u00f3n del sistema sino, en realidad, su consolidaci\u00f3n, su despersonalizaci\u00f3n y de alg\u00fan modo su institucionalizaci\u00f3n. En marzo de 1976 tambi\u00e9n Isabel Per\u00f3n debi\u00f3 abandonar el gobierno y las fuerzas armadas llevaron a sus \u00faltimas consecuencias la t\u00e9cnica de la represi\u00f3n criminal clandestina\u201d\u00a0(Salvador Mar\u00eda Lozada,\u00a0De L\u00f3pez Rega a Menem;\u00a0www.Desaparecidos.org\u00a0,1998).<\/p>\n<p>A diferencia de lo que sucedi\u00f3 con el golpe en Chile, el derrocamiento de Isabel Per\u00f3n tuvo complacencia internacional, en la ilusa creencia que se disciplinar\u00eda la represi\u00f3n y volver\u00eda el orden a Argentina. No fue as\u00ed. El gobierno de Videla se convirti\u00f3 en el m\u00e1s criminal de toda la historia argentina y con niveles de corrupci\u00f3n superiores al derrocado.<\/p>\n<p>Cuando, durante el gobierno de Isabel, ingres\u00e9 a Villa Devoto, en noviembre de 1975, s\u00f3lo hab\u00eda dos presos por celda. Con el golpe civil-militar de Videla la c\u00e1rcel se pobl\u00f3 de dirigentes sindicales y sociales, estudiantes e intelectuales. Pasamos a ser siete presos por celda. La represi\u00f3n se masific\u00f3. Ya no eran s\u00f3lo los militantes convencidos, los combatientes de la guerrilla peronista o guevarista y algunos extranjeros de pa\u00edses vecinos, que conviv\u00edamos en Villa Devoto.<\/p>\n<p>La dictadura de Videla convirti\u00f3 a la c\u00e1rcel en el infierno de Dante. No s\u00f3lo en Villa Devoto, sino en todo el pa\u00eds. Se impuso el terror y la venganza y se inici\u00f3 el asesinato sistem\u00e1tico de los presos pol\u00edticos. El general Ib\u00e9rico Saint Jean, resumi\u00f3 los prop\u00f3sitos que persegu\u00eda el gobierno militar: \u00abPrimero vamos a matar a todos los subversivos, despu\u00e9s a sus colaboradores; luego a los indiferentes y por \u00faltimo a los t\u00edmidos\u201d.<\/p>\n<p>Supe del asesinato de Gonzalo durante mi exilio en Inglaterra, despu\u00e9s de mi expulsi\u00f3n de Argentina. No me he olvidado de \u00e9l y lo recuerdo todos los a\u00f1os, en esta fecha. Cuando lleg\u00f3 \u201cla requisa\u201d a mi celda, despu\u00e9s del golpe de Videla, la represi\u00f3n al interior de la c\u00e1rcel \u2014que ya era dura con Isabel\u2014 se hab\u00eda convertido en algo distinto. Completamente distinto. Esta vez los carceleros me golpearon brutalmente y fui enviado a \u201clos chanchos\u201d, vale decir a las celdas de castigo de Villa Devoto, en el subterr\u00e1neo.<\/p>\n<p>All\u00ed conoc\u00ed a Gonzalo Carranza. Los gendarmes me llevaron a su celda de castigo, lugar de un metro cuadrado, d\u00f3nde no cab\u00edamos los dos sentados, la que debimos compartir. No recuerdo la causa por la que Gonzalo se encontraba detenido. Ven\u00eda de otro pabell\u00f3n, pero en el subterr\u00e1neo nos acumularon a todos los castigados: \u201clos subversivos, sus colaboradores, los indiferentes y los t\u00edmidos\u201d. All\u00ed nos conocimos y hablamos de nuestras vidas.<\/p>\n<p>Gonzalo era expresivo y conversador, un esp\u00edritu alegre. Incluso a los guardias les gustaba hablar con \u00e9l cuando iba al ba\u00f1o o a trav\u00e9s de la puerta de nuestra celda. Le dije que con ese encanto le ser\u00eda f\u00e1cil convencer al juez de su inocencia. Su tranquilidad era sorprendente cuando me dijo: Roberto, el juez Russo de La Plata, el que lleva mi causa, me la tiene jurada. Soy hombre muerto.<\/p>\n<p>El juez Russo era c\u00f3mplice del genocidio, lo que queda de manifiesto con el testimonio de Teresa Pi\u00f1ero, esposa de \u00c1ngel Georgiadis, la que fue a hablar con el juez en un intento desesperado de encontrar a su marido, quien hab\u00eda desaparecido de la c\u00e1rcel de La Plata. Le dijo: \u00abNo siga con las gestiones porque en lugar de uno van a ser dos\u00bb,\u00a0en alusi\u00f3n a que la mujer pod\u00eda tambi\u00e9n desaparecer.\u00a0(Testimonio de Mar\u00eda Teresa Pi\u00f1ero, esposa de\u00a0\u00c1ngel Alberto Georgiadis Otero, asesinado en la Unidad carcelaria 9 de la Plata, meses antes que Gonzalo Carranza,\u00a0Alternativa Solidaria, 10-02-2011).<\/p>\n<p>Yo sent\u00eda cierta culpabilidad al saber el destino que le esperaba a Gonzalo. Los chilenos detenidos en noviembre de 1975, en el marco de la \u201cOperaci\u00f3n C\u00f3ndor, tuvimos suerte. Fuimos apresados junto a una pareja de ingleses lo que nos dio cierta protecci\u00f3n de la Corona. Adem\u00e1s, la protesta internacional a favor de los chilenos era inconmensurable, porque en esos a\u00f1os solidarizar con Chile y los chilenos significaba colocarse junto a la dignidad de Salvador Allende y al patriotismo del general Prats, y rechazar la vulgaridad de Pinochet.<\/p>\n<p>No se ten\u00eda la misma percepci\u00f3n de Videla, quien hab\u00eda derrocado a un gobierno vergonzante. Eso se pensaba al inicio del golpe en Argentina, pero al cabo de pocos meses el desenfreno terrorista del Estado argentino alcanz\u00f3 niveles insoportables.<\/p>\n<p>\u201cDespu\u00e9s de verlo en tantas fotos, un d\u00eda vi una en que lo llevaban preso. Iba entre dos polic\u00edas, iba viejo, con el pelo blanco y escaso, m\u00e1s flaco que nunca, hasta parec\u00eda tambalear o era como si lo arrastraran. No se lo ve\u00eda con ganas de aceptar ese destino, pero menos a\u00fan con fuerzas como para rechazarlo. Era el Monstruo\u2026Era el verdadero Monstruo, el que hizo la fiesta m\u00e1s sangrienta de la historia de este pa\u00eds, el que no la hizo en la plaza hist\u00f3rica sino en los s\u00f3tanos del horror o en el r\u00edo inm\u00f3vil. Era Videla.\u201d (Jos\u00e9 Pablo Feinmann).<\/p>\n<p>La c\u00e1rcel de Villa Devoto cambi\u00f3 a partir del golpe militar. Los gritos de los que se aferraban a los camastros, para impedir que los gendarmes los condujeran hacia la tortura o la muerte, se escuchaban a diario. Pero, en la unidad de La Plata fue a\u00fan peor. All\u00ed trasladaron desde Villa Devoto a Gonzalo y tambi\u00e9n a Gorosito, Rapaport y Dardo Cabo, entre los que recuerdo. Esos cuatro compa\u00f1eros de infortunio fueron asesinados. En febrero de 1978 le dijeron a Gonzalo que era hombre libre y, junto a otros detenidos, le abrieron las puertas de la c\u00e1rcel para luego terminar con su vida.<\/p>\n<p>Jueces, curas, militares y polic\u00edas represores contaron con el apoyo incondicional del jefe de la Unidad Penal N\u00b09 de La Plata, el prefecto Abel David Dupuy, para torturar, asesinar a los presos y amenazar a sus familiares. La Asociaci\u00f3n por los Derechos Humanos de La Plata (ADHP) responsabiliz\u00f3 a Dupuy de las violaciones a los derechos humanos que sufrieron los detenidos en aquel penal de esta ciudad, desde fines de 1976 a 1980, per\u00edodo en que el prefecto estuvo a cargo de la jefatura del penal. En una solicitud, de cuarenta p\u00e1ginas, la ADHP logr\u00f3 identificar en ese penal nueve homicidios, cinco casos de desapariciones forzadas y diecinueve tormentos.<\/p>\n<p>Gonzalo Carranza sab\u00eda que su destino era inevitable. Lo hab\u00edan condenado al pat\u00edbulo por adelantado. Est\u00e1 entre las treinta mil personas que el Estado genocida hizo desaparecer en Argentina. Seres humanos con historias, ilusiones y deseos, con amigos, padres, madres, hijas e hijos que los aman, los recuerdan y claman por la verdad y justicia que merecen.<\/p>\n<p>Yo, mi querido Gonzalo, te sigo recordando y tambi\u00e9n te recuerda Benedetti. El mismo escritor uruguayo que tanto te gustaba y del que me hablabas cuando t\u00fa estabas de pie y yo sentado y luego yo de pie y t\u00fa sentado, en \u201cel Chancho\u201d de Villa Devoto.<\/p>\n<p>\u201cA pesar de las muertes que los militares les depararon, los 30.000 desaparecidos permanecen poblando el compromiso y la esperanza. 30.000 desaparecidos que siguen aferrados en la gente que protesta, que se enfrenta, que desaf\u00eda a un sistema aberrante de injusticia y perversi\u00f3n. 30.000 desaparecidos que reaparecen en cada fisura social, en cada marea que los trae, en las Madres que los reclaman; en los Hijos que los nombran y los pelean. 30.000 desaparecidos que son parte indisoluble de todas y todos los que han seguido luchando, sobrellevando sus ausencias. 30.000 desaparecidos que tomaron cuerpo y voz en otras latitudes en donde los reconocen como propios\u201d (Benedetti).<\/p>\n","protected":false},"excerpt":{"rendered":"<p>A Gonzalo Carranza le dieron la libertad para matarlo. Le abrieron las puertas de la c\u00e1rcel y nunca m\u00e1s se supo de \u00e9l. Con toda seguridad le aplicaron la ley de fuga. Fue a pocas cuadras de la c\u00e1rcel de&hellip;<\/p>\n","protected":false},"author":1451,"featured_media":1551614,"comment_status":"closed","ping_status":"closed","sticky":false,"template":"","format":"standard","meta":{"footnotes":""},"categories":[11389,79,161,67],"tags":[26,100438,63940,100439],"class_list":["post-1551610","post","type-post","status-publish","format-standard","has-post-thumbnail","hentry","category-contenido-original","category-derechos-humanos","category-opiniones","category-sudamerica","tag-argentina","tag-gonzalo-carranza","tag-pinochet-es","tag-videla-es"],"yoast_head":"<!-- This site is optimized with the Yoast SEO plugin v27.1.1 - https:\/\/yoast.com\/product\/yoast-seo-wordpress\/ -->\n<title>El dictador Videla y la muerte en Argentina: mi recuerdo de Gonzalo Carranza<\/title>\n<meta name=\"description\" content=\"A Gonzalo Carranza le dieron la libertad para matarlo. Le abrieron las puertas de la c\u00e1rcel y nunca m\u00e1s se supo de \u00e9l. Con toda seguridad le aplicaron la\" \/>\n<meta name=\"robots\" content=\"index, follow, max-snippet:-1, max-image-preview:large, max-video-preview:-1\" \/>\n<link rel=\"canonical\" href=\"https:\/\/www.pressenza.com\/es\/2022\/03\/el-dictador-videla-y-la-muerte-en-argentina-mi-recuerdo-de-gonzalo-carranza\/\" \/>\n<meta property=\"og:locale\" content=\"es_ES\" \/>\n<meta property=\"og:type\" content=\"article\" \/>\n<meta property=\"og:title\" content=\"El dictador Videla y la muerte en Argentina: mi recuerdo de Gonzalo Carranza\" \/>\n<meta property=\"og:description\" content=\"A Gonzalo Carranza le dieron la libertad para matarlo. Le abrieron las puertas de la c\u00e1rcel y nunca m\u00e1s se supo de \u00e9l. Con toda seguridad le aplicaron la\" \/>\n<meta property=\"og:url\" content=\"https:\/\/www.pressenza.com\/es\/2022\/03\/el-dictador-videla-y-la-muerte-en-argentina-mi-recuerdo-de-gonzalo-carranza\/\" \/>\n<meta property=\"og:site_name\" content=\"Pressenza\" \/>\n<meta property=\"article:publisher\" content=\"https:\/\/www.facebook.com\/PressenzaItalia\" \/>\n<meta property=\"article:published_time\" content=\"2022-03-25T12:38:42+00:00\" \/>\n<meta property=\"og:image\" content=\"https:\/\/www.pressenza.com\/wp-content\/uploads\/2022\/03\/Jorge-Videla.jpg\" \/>\n\t<meta property=\"og:image:width\" content=\"484\" \/>\n\t<meta property=\"og:image:height\" content=\"359\" \/>\n\t<meta property=\"og:image:type\" content=\"image\/jpeg\" \/>\n<meta name=\"author\" content=\"Roberto Pizarro\" \/>\n<meta name=\"twitter:card\" content=\"summary_large_image\" \/>\n<meta name=\"twitter:creator\" content=\"@PressenzaIPA\" \/>\n<meta name=\"twitter:site\" content=\"@PressenzaIPA\" \/>\n<meta name=\"twitter:label1\" content=\"Escrito por\" \/>\n\t<meta name=\"twitter:data1\" content=\"Roberto Pizarro\" \/>\n\t<meta name=\"twitter:label2\" content=\"Tiempo de lectura\" \/>\n\t<meta name=\"twitter:data2\" content=\"7 minutos\" \/>\n<script type=\"application\/ld+json\" class=\"yoast-schema-graph\">{\"@context\":\"https:\/\/schema.org\",\"@graph\":[{\"@type\":\"Article\",\"@id\":\"https:\/\/www.pressenza.com\/es\/2022\/03\/el-dictador-videla-y-la-muerte-en-argentina-mi-recuerdo-de-gonzalo-carranza\/#article\",\"isPartOf\":{\"@id\":\"https:\/\/www.pressenza.com\/es\/2022\/03\/el-dictador-videla-y-la-muerte-en-argentina-mi-recuerdo-de-gonzalo-carranza\/\"},\"author\":{\"name\":\"Roberto Pizarro\",\"@id\":\"https:\/\/www.pressenza.com\/es\/#\/schema\/person\/622524797ea4e3bf162461cbc6b81e29\"},\"headline\":\"El dictador Videla y la muerte en Argentina: mi recuerdo de Gonzalo Carranza\",\"datePublished\":\"2022-03-25T12:38:42+00:00\",\"mainEntityOfPage\":{\"@id\":\"https:\/\/www.pressenza.com\/es\/2022\/03\/el-dictador-videla-y-la-muerte-en-argentina-mi-recuerdo-de-gonzalo-carranza\/\"},\"wordCount\":1630,\"publisher\":{\"@id\":\"https:\/\/www.pressenza.com\/es\/#organization\"},\"image\":{\"@id\":\"https:\/\/www.pressenza.com\/es\/2022\/03\/el-dictador-videla-y-la-muerte-en-argentina-mi-recuerdo-de-gonzalo-carranza\/#primaryimage\"},\"thumbnailUrl\":\"https:\/\/www.pressenza.com\/wp-content\/uploads\/2022\/03\/Jorge-Videla.jpg\",\"keywords\":[\"Argentina\",\"Gonzalo Carranza\",\"Pinochet\",\"Videla\"],\"articleSection\":[\"Contenido Original\",\"Derechos Humanos\",\"Opiniones\",\"Sudam\u00e9rica\"],\"inLanguage\":\"es\"},{\"@type\":\"WebPage\",\"@id\":\"https:\/\/www.pressenza.com\/es\/2022\/03\/el-dictador-videla-y-la-muerte-en-argentina-mi-recuerdo-de-gonzalo-carranza\/\",\"url\":\"https:\/\/www.pressenza.com\/es\/2022\/03\/el-dictador-videla-y-la-muerte-en-argentina-mi-recuerdo-de-gonzalo-carranza\/\",\"name\":\"El dictador Videla y la muerte en Argentina: mi recuerdo de Gonzalo Carranza\",\"isPartOf\":{\"@id\":\"https:\/\/www.pressenza.com\/es\/#website\"},\"primaryImageOfPage\":{\"@id\":\"https:\/\/www.pressenza.com\/es\/2022\/03\/el-dictador-videla-y-la-muerte-en-argentina-mi-recuerdo-de-gonzalo-carranza\/#primaryimage\"},\"image\":{\"@id\":\"https:\/\/www.pressenza.com\/es\/2022\/03\/el-dictador-videla-y-la-muerte-en-argentina-mi-recuerdo-de-gonzalo-carranza\/#primaryimage\"},\"thumbnailUrl\":\"https:\/\/www.pressenza.com\/wp-content\/uploads\/2022\/03\/Jorge-Videla.jpg\",\"datePublished\":\"2022-03-25T12:38:42+00:00\",\"description\":\"A Gonzalo Carranza le dieron la libertad para matarlo. Le abrieron las puertas de la c\u00e1rcel y nunca m\u00e1s se supo de \u00e9l. Con toda seguridad le aplicaron la\",\"breadcrumb\":{\"@id\":\"https:\/\/www.pressenza.com\/es\/2022\/03\/el-dictador-videla-y-la-muerte-en-argentina-mi-recuerdo-de-gonzalo-carranza\/#breadcrumb\"},\"inLanguage\":\"es\",\"potentialAction\":[{\"@type\":\"ReadAction\",\"target\":[\"https:\/\/www.pressenza.com\/es\/2022\/03\/el-dictador-videla-y-la-muerte-en-argentina-mi-recuerdo-de-gonzalo-carranza\/\"]}]},{\"@type\":\"ImageObject\",\"inLanguage\":\"es\",\"@id\":\"https:\/\/www.pressenza.com\/es\/2022\/03\/el-dictador-videla-y-la-muerte-en-argentina-mi-recuerdo-de-gonzalo-carranza\/#primaryimage\",\"url\":\"https:\/\/www.pressenza.com\/wp-content\/uploads\/2022\/03\/Jorge-Videla.jpg\",\"contentUrl\":\"https:\/\/www.pressenza.com\/wp-content\/uploads\/2022\/03\/Jorge-Videla.jpg\",\"width\":484,\"height\":359,\"caption\":\"zzzznacp2 NOTICIAS ARGENTINAS BAIRES, OCTUBRE 10: Fotografia de archivo de Jorge Rafael Videla, A quien hoy el juez Oyarvbide le revoco la prision domisiliaria y fue transladado a Campo de Mayo. Foto NAzzzz\"},{\"@type\":\"BreadcrumbList\",\"@id\":\"https:\/\/www.pressenza.com\/es\/2022\/03\/el-dictador-videla-y-la-muerte-en-argentina-mi-recuerdo-de-gonzalo-carranza\/#breadcrumb\",\"itemListElement\":[{\"@type\":\"ListItem\",\"position\":1,\"name\":\"Accueil\",\"item\":\"https:\/\/www.pressenza.com\/es\/\"},{\"@type\":\"ListItem\",\"position\":2,\"name\":\"El dictador Videla y la muerte en Argentina: mi recuerdo de Gonzalo Carranza\"}]},{\"@type\":\"WebSite\",\"@id\":\"https:\/\/www.pressenza.com\/es\/#website\",\"url\":\"https:\/\/www.pressenza.com\/es\/\",\"name\":\"Pressenza\",\"description\":\"International Press Agency\",\"publisher\":{\"@id\":\"https:\/\/www.pressenza.com\/es\/#organization\"},\"potentialAction\":[{\"@type\":\"SearchAction\",\"target\":{\"@type\":\"EntryPoint\",\"urlTemplate\":\"https:\/\/www.pressenza.com\/es\/?s={search_term_string}\"},\"query-input\":{\"@type\":\"PropertyValueSpecification\",\"valueRequired\":true,\"valueName\":\"search_term_string\"}}],\"inLanguage\":\"es\"},{\"@type\":\"Organization\",\"@id\":\"https:\/\/www.pressenza.com\/es\/#organization\",\"name\":\"Pressenza\",\"url\":\"https:\/\/www.pressenza.com\/es\/\",\"logo\":{\"@type\":\"ImageObject\",\"inLanguage\":\"es\",\"@id\":\"https:\/\/www.pressenza.com\/es\/#\/schema\/logo\/image\/\",\"url\":\"https:\/\/www.pressenza.com\/wp-content\/uploads\/2022\/10\/pressenza_logo_200x200.jpg\",\"contentUrl\":\"https:\/\/www.pressenza.com\/wp-content\/uploads\/2022\/10\/pressenza_logo_200x200.jpg\",\"width\":200,\"height\":200,\"caption\":\"Pressenza\"},\"image\":{\"@id\":\"https:\/\/www.pressenza.com\/es\/#\/schema\/logo\/image\/\"},\"sameAs\":[\"https:\/\/www.facebook.com\/PressenzaItalia\",\"https:\/\/x.com\/PressenzaIPA\"]},{\"@type\":\"Person\",\"@id\":\"https:\/\/www.pressenza.com\/es\/#\/schema\/person\/622524797ea4e3bf162461cbc6b81e29\",\"name\":\"Roberto Pizarro\",\"url\":\"https:\/\/www.pressenza.com\/es\/author\/roberto-pizarro\/\"}]}<\/script>\n<!-- \/ Yoast SEO plugin. -->","yoast_head_json":{"title":"El dictador Videla y la muerte en Argentina: mi recuerdo de Gonzalo Carranza","description":"A Gonzalo Carranza le dieron la libertad para matarlo. Le abrieron las puertas de la c\u00e1rcel y nunca m\u00e1s se supo de \u00e9l. Con toda seguridad le aplicaron la","robots":{"index":"index","follow":"follow","max-snippet":"max-snippet:-1","max-image-preview":"max-image-preview:large","max-video-preview":"max-video-preview:-1"},"canonical":"https:\/\/www.pressenza.com\/es\/2022\/03\/el-dictador-videla-y-la-muerte-en-argentina-mi-recuerdo-de-gonzalo-carranza\/","og_locale":"es_ES","og_type":"article","og_title":"El dictador Videla y la muerte en Argentina: mi recuerdo de Gonzalo Carranza","og_description":"A Gonzalo Carranza le dieron la libertad para matarlo. Le abrieron las puertas de la c\u00e1rcel y nunca m\u00e1s se supo de \u00e9l. Con toda seguridad le aplicaron la","og_url":"https:\/\/www.pressenza.com\/es\/2022\/03\/el-dictador-videla-y-la-muerte-en-argentina-mi-recuerdo-de-gonzalo-carranza\/","og_site_name":"Pressenza","article_publisher":"https:\/\/www.facebook.com\/PressenzaItalia","article_published_time":"2022-03-25T12:38:42+00:00","og_image":[{"width":484,"height":359,"url":"https:\/\/www.pressenza.com\/wp-content\/uploads\/2022\/03\/Jorge-Videla.jpg","type":"image\/jpeg"}],"author":"Roberto Pizarro","twitter_card":"summary_large_image","twitter_creator":"@PressenzaIPA","twitter_site":"@PressenzaIPA","twitter_misc":{"Escrito por":"Roberto Pizarro","Tiempo de lectura":"7 minutos"},"schema":{"@context":"https:\/\/schema.org","@graph":[{"@type":"Article","@id":"https:\/\/www.pressenza.com\/es\/2022\/03\/el-dictador-videla-y-la-muerte-en-argentina-mi-recuerdo-de-gonzalo-carranza\/#article","isPartOf":{"@id":"https:\/\/www.pressenza.com\/es\/2022\/03\/el-dictador-videla-y-la-muerte-en-argentina-mi-recuerdo-de-gonzalo-carranza\/"},"author":{"name":"Roberto Pizarro","@id":"https:\/\/www.pressenza.com\/es\/#\/schema\/person\/622524797ea4e3bf162461cbc6b81e29"},"headline":"El dictador Videla y la muerte en Argentina: mi recuerdo de Gonzalo Carranza","datePublished":"2022-03-25T12:38:42+00:00","mainEntityOfPage":{"@id":"https:\/\/www.pressenza.com\/es\/2022\/03\/el-dictador-videla-y-la-muerte-en-argentina-mi-recuerdo-de-gonzalo-carranza\/"},"wordCount":1630,"publisher":{"@id":"https:\/\/www.pressenza.com\/es\/#organization"},"image":{"@id":"https:\/\/www.pressenza.com\/es\/2022\/03\/el-dictador-videla-y-la-muerte-en-argentina-mi-recuerdo-de-gonzalo-carranza\/#primaryimage"},"thumbnailUrl":"https:\/\/www.pressenza.com\/wp-content\/uploads\/2022\/03\/Jorge-Videla.jpg","keywords":["Argentina","Gonzalo Carranza","Pinochet","Videla"],"articleSection":["Contenido Original","Derechos Humanos","Opiniones","Sudam\u00e9rica"],"inLanguage":"es"},{"@type":"WebPage","@id":"https:\/\/www.pressenza.com\/es\/2022\/03\/el-dictador-videla-y-la-muerte-en-argentina-mi-recuerdo-de-gonzalo-carranza\/","url":"https:\/\/www.pressenza.com\/es\/2022\/03\/el-dictador-videla-y-la-muerte-en-argentina-mi-recuerdo-de-gonzalo-carranza\/","name":"El dictador Videla y la muerte en Argentina: mi recuerdo de Gonzalo Carranza","isPartOf":{"@id":"https:\/\/www.pressenza.com\/es\/#website"},"primaryImageOfPage":{"@id":"https:\/\/www.pressenza.com\/es\/2022\/03\/el-dictador-videla-y-la-muerte-en-argentina-mi-recuerdo-de-gonzalo-carranza\/#primaryimage"},"image":{"@id":"https:\/\/www.pressenza.com\/es\/2022\/03\/el-dictador-videla-y-la-muerte-en-argentina-mi-recuerdo-de-gonzalo-carranza\/#primaryimage"},"thumbnailUrl":"https:\/\/www.pressenza.com\/wp-content\/uploads\/2022\/03\/Jorge-Videla.jpg","datePublished":"2022-03-25T12:38:42+00:00","description":"A Gonzalo Carranza le dieron la libertad para matarlo. Le abrieron las puertas de la c\u00e1rcel y nunca m\u00e1s se supo de \u00e9l. Con toda seguridad le aplicaron la","breadcrumb":{"@id":"https:\/\/www.pressenza.com\/es\/2022\/03\/el-dictador-videla-y-la-muerte-en-argentina-mi-recuerdo-de-gonzalo-carranza\/#breadcrumb"},"inLanguage":"es","potentialAction":[{"@type":"ReadAction","target":["https:\/\/www.pressenza.com\/es\/2022\/03\/el-dictador-videla-y-la-muerte-en-argentina-mi-recuerdo-de-gonzalo-carranza\/"]}]},{"@type":"ImageObject","inLanguage":"es","@id":"https:\/\/www.pressenza.com\/es\/2022\/03\/el-dictador-videla-y-la-muerte-en-argentina-mi-recuerdo-de-gonzalo-carranza\/#primaryimage","url":"https:\/\/www.pressenza.com\/wp-content\/uploads\/2022\/03\/Jorge-Videla.jpg","contentUrl":"https:\/\/www.pressenza.com\/wp-content\/uploads\/2022\/03\/Jorge-Videla.jpg","width":484,"height":359,"caption":"zzzznacp2 NOTICIAS ARGENTINAS BAIRES, OCTUBRE 10: Fotografia de archivo de Jorge Rafael Videla, A quien hoy el juez Oyarvbide le revoco la prision domisiliaria y fue transladado a Campo de Mayo. Foto NAzzzz"},{"@type":"BreadcrumbList","@id":"https:\/\/www.pressenza.com\/es\/2022\/03\/el-dictador-videla-y-la-muerte-en-argentina-mi-recuerdo-de-gonzalo-carranza\/#breadcrumb","itemListElement":[{"@type":"ListItem","position":1,"name":"Accueil","item":"https:\/\/www.pressenza.com\/es\/"},{"@type":"ListItem","position":2,"name":"El dictador Videla y la muerte en Argentina: mi recuerdo de Gonzalo Carranza"}]},{"@type":"WebSite","@id":"https:\/\/www.pressenza.com\/es\/#website","url":"https:\/\/www.pressenza.com\/es\/","name":"Pressenza","description":"International Press Agency","publisher":{"@id":"https:\/\/www.pressenza.com\/es\/#organization"},"potentialAction":[{"@type":"SearchAction","target":{"@type":"EntryPoint","urlTemplate":"https:\/\/www.pressenza.com\/es\/?s={search_term_string}"},"query-input":{"@type":"PropertyValueSpecification","valueRequired":true,"valueName":"search_term_string"}}],"inLanguage":"es"},{"@type":"Organization","@id":"https:\/\/www.pressenza.com\/es\/#organization","name":"Pressenza","url":"https:\/\/www.pressenza.com\/es\/","logo":{"@type":"ImageObject","inLanguage":"es","@id":"https:\/\/www.pressenza.com\/es\/#\/schema\/logo\/image\/","url":"https:\/\/www.pressenza.com\/wp-content\/uploads\/2022\/10\/pressenza_logo_200x200.jpg","contentUrl":"https:\/\/www.pressenza.com\/wp-content\/uploads\/2022\/10\/pressenza_logo_200x200.jpg","width":200,"height":200,"caption":"Pressenza"},"image":{"@id":"https:\/\/www.pressenza.com\/es\/#\/schema\/logo\/image\/"},"sameAs":["https:\/\/www.facebook.com\/PressenzaItalia","https:\/\/x.com\/PressenzaIPA"]},{"@type":"Person","@id":"https:\/\/www.pressenza.com\/es\/#\/schema\/person\/622524797ea4e3bf162461cbc6b81e29","name":"Roberto Pizarro","url":"https:\/\/www.pressenza.com\/es\/author\/roberto-pizarro\/"}]}},"place":"Santiago de Chile","original_article_url":"","_links":{"self":[{"href":"https:\/\/www.pressenza.com\/es\/wp-json\/wp\/v2\/posts\/1551610","targetHints":{"allow":["GET"]}}],"collection":[{"href":"https:\/\/www.pressenza.com\/es\/wp-json\/wp\/v2\/posts"}],"about":[{"href":"https:\/\/www.pressenza.com\/es\/wp-json\/wp\/v2\/types\/post"}],"author":[{"embeddable":true,"href":"https:\/\/www.pressenza.com\/es\/wp-json\/wp\/v2\/users\/1451"}],"replies":[{"embeddable":true,"href":"https:\/\/www.pressenza.com\/es\/wp-json\/wp\/v2\/comments?post=1551610"}],"version-history":[{"count":0,"href":"https:\/\/www.pressenza.com\/es\/wp-json\/wp\/v2\/posts\/1551610\/revisions"}],"wp:featuredmedia":[{"embeddable":true,"href":"https:\/\/www.pressenza.com\/es\/wp-json\/wp\/v2\/media\/1551614"}],"wp:attachment":[{"href":"https:\/\/www.pressenza.com\/es\/wp-json\/wp\/v2\/media?parent=1551610"}],"wp:term":[{"taxonomy":"category","embeddable":true,"href":"https:\/\/www.pressenza.com\/es\/wp-json\/wp\/v2\/categories?post=1551610"},{"taxonomy":"post_tag","embeddable":true,"href":"https:\/\/www.pressenza.com\/es\/wp-json\/wp\/v2\/tags?post=1551610"}],"curies":[{"name":"wp","href":"https:\/\/api.w.org\/{rel}","templated":true}]}}