{"id":155135,"date":"2015-01-01T23:29:26","date_gmt":"2015-01-01T23:29:26","guid":{"rendered":"http:\/\/www.pressenza.com\/?p=155135"},"modified":"2015-01-02T21:32:25","modified_gmt":"2015-01-02T21:32:25","slug":"ebola-los-que-queda","status":"publish","type":"post","link":"https:\/\/www.pressenza.com\/es\/2015\/01\/ebola-los-que-queda\/","title":{"rendered":"\u00c9bola: los que quedan"},"content":{"rendered":"<p><strong><em>Por Sara Bosco<\/em><\/strong><\/p>\n<p><em>\u201cMi pap\u00e1, mi abuela, mi hermana, mi hermano y mi madrastra ya no est\u00e1n. Todos est\u00e1n muertos. Nadie nos ayud\u00f3.\u201d<\/em><\/p>\n<p>\u201cEllos, las autoridades, tomaron todas nuestras casas y las quemaron.\u201d<\/p>\n<p>\u201cLa gente me se\u00f1ala y dice: <em>Esta es la mujer del hombre que muri\u00f3 de \u00e9bola<\/em>. Todos mis amigos me abandonaron. Nadie me habla.\u201d<\/p>\n<p>\u201cEllos pusieron a mi esposo en ese lugar donde ponen a la gente con \u00e9bola. Ped\u00ed que me dejaran tomarle una foto para mostr\u00e1rsela a sus hijos. Nunca me dejaron hacerlo. Nunca mas lo volv\u00ed a ver.\u201d<\/p>\n<p><em>(Fuente: <a href=\"https:\/\/www.youtube.com\/watch?v=eb8F3shZbHk\">BBCMUNDO<\/a>)<\/em><\/p>\n<p>Estos son algunos de los testimonios de los familiares de las v\u00edctimas del \u00e9bola. Una epidemia que destruye no solo relaciones humanas sino todo el tejido social de algunos de los Estados m\u00e1s pobres del mundo. Una enfermedad que se lleva no solo vidas, sino tambi\u00e9n la solidaridad, el respeto y la esperanza. Una maldici\u00f3n que deja no solo muerte, sino incomprensi\u00f3n, discriminaci\u00f3n, soledad y miedo. Un mal que mata a muchos m\u00e1s de los que contagia.<\/p>\n<p>Desde que el brote epid\u00e9mico de la enfermedad por el virus del \u00e9bola se difundi\u00f3 por los medios de comunicaci\u00f3n de todo el mundo, las noticias dirigen su inter\u00e9s hacia las estad\u00edsticas del fen\u00f3meno, a trav\u00e9s de la difusi\u00f3n de las cifras de los muertos y de los contagiados. Este enfoque gener\u00f3 la masificaci\u00f3n del miedo internacional hacia la enfermedad y hacia los migrantes, vistos como \u201cportadores del virus\u201d.<\/p>\n<p>La atenci\u00f3n est\u00e1 en la cantidad de gente que muere, pero \u00bfqu\u00e9 pasa con las personas que no mueren? \u00bfCu\u00e1les son las consecuencias para los \u201cafortunados\u201d sobrevivientes?<\/p>\n<p><strong>Sobrevivir al \u00e9bola<br \/>\n<\/strong><\/p>\n<p>Un mar de desolaci\u00f3n se expande en \u00c1frica occidental ante los ojos de los sobrevivientes del \u00e9bola, donde la desesperaci\u00f3n por la p\u00e9rdida de los seres queridos se suma a la angustia por el abandono de sus tradiciones. La gente de Guinea, Liberia, Sierra Leona y Nigeria son desnudados del respeto y de sus creencias. En sus mentes habita una incomprensi\u00f3n desorientadora: \u00bfpor qu\u00e9 tantas muertes? \u00bfPor qu\u00e9 estos hombres blancos vestidos de astronautas se llevan los cuerpos de nuestros seres queridos? \u00bfPor qu\u00e9 nos toc\u00f3 esta maldici\u00f3n?<\/p>\n<p>Frente al \u00e9bola, los rituales f\u00fanebres cristianos, musulmanes y del animismo son sustituidos por \u201crituales m\u00e9dicos de urgencias\u00bb. Sin permiso, disculpas, ni explicaciones. Los trabajadores sanitarios alejan a los contagiados de sus propios hogares y familias, exiliados en un lugar donde esperan a la muerte en completa soledad. El ata\u00fad que les espera es un bolso de pl\u00e1stico blanco enterrado en una fosa com\u00fan, sin cantos ni oraciones.<\/p>\n<p>Los que sobreviven al \u00e9bola deben pasar por la descontaminaci\u00f3n de sus casas. Todo lo que pudiera acoger al virus, que vive sobre objetos durante d\u00edas, debe ser destruido o desinfectado, se queman la vestimenta, los utensilios de la cocina, la ropa de cama. Las casas son vaciadas.<\/p>\n<p>La gente, ya pobre, se encuentra sin bienes materiales con los que seguir adelante su humilde vida. Cada objeto destruido se lleva consigo la memoria de la persona querida, no queda nada de ella, ni los recuerdos. Los que quedan no tienen c\u00f3mo tramitar su propio dolor, ni una foto o elemento simb\u00f3lico con el que honrar los hechos y dignificar la vida del difunto. Lo que queda es solo tragedia y, en la memoria, un gran vac\u00edo.<\/p>\n<p>El \u00e9bola destruye las relaciones entre seres humanos: entre compa\u00f1eros de escuela, entre vecinos, entre amigos, entre padres e hijos. El \u00e9bola proh\u00edbe cualquier contacto, derrotando una cultura donde un beso es la manera habitual de saludarse y s\u00edmbolo de respeto y de amor. Una cultura donde el acercamiento de dos cuerpos es capaz de sanar.<\/p>\n<p>Los contagiados por el \u00e9bola mueren sin el calor de un abrazo humano. En \u00c1frica Occidental, el miedo a que esta enfermedad se expanda se manifiesta en la ausencia de saludos y manos que se estrechen, de solidaridad y ayuda entre la misma gente. Est\u00e1 prohibido pronunciar el nombre de esta maldici\u00f3n. Hasta la palabra puede contagiar. Los sobrevivientes han sido testigos de estas repentinas muertes muy a corto plazo. A largo plazo, vendr\u00e1n los efectos psicol\u00f3gicos y sociales de esta crisis.<\/p>\n<p>A medida que la enfermedad se propaga, la vida del poblado se paraliza y aumenta el abandono de los sobrevivientes. La cicatriz emocional m\u00e1s profunda queda en los ni\u00f1os. El director de la organizaci\u00f3n humanitaria PLAN-Liberia, Koala Oumarou, declara: <em>\u201cExiste un crecimiento de la orfandad en ni\u00f1as y ni\u00f1os, a consecuencia de la muerte de sus padres, con lo cual son enviados con otros familiares fuera de las zonas afectadas, y lejos de la contaminaci\u00f3n. Los familiares han mostrado resistencia para hacerse cargo de otros ni\u00f1os y ni\u00f1as vulnerables por temor de ser infectados o estigmatizados en la comunidad. Se ha informado que algunos de los familiares adoptivos han abandonado a los hu\u00e9rfanos despu\u00e9s de recibir la asistencia alimentaria y no alimentaria del acompa\u00f1amiento, dejando a los ni\u00f1os solos, vali\u00e9ndose por s\u00ed mismos\u201d.<br \/>\n<\/em><\/p>\n<p>Los sobrevivientes esperan morir, esperan un perd\u00f3n, esperan volver a empezar una vida muy diferente a la de antes. Los pueblos no han cambiado su manera de pensar acerca del \u00e9bola y todav\u00eda dudan de la realidad de la enfermedad. Los m\u00e9dicos occidentales exigen a estas comunidades la comprensi\u00f3n de la versi\u00f3n oficial, imponiendo como \u00fanica explicaci\u00f3n la que dicta la medicina occidental. A la gente, que desde hace tiempo convive con esta enfermedad, le cuesta entenderlo.<\/p>\n<p>Para la gente de \u00c1frica Occidental, el \u00e9bola es una maldici\u00f3n o un castigo de Dios y c\u00f3mo no pensarlo si repentinamente toda la gente alrededor muere. Ephraim Dunbar se contagi\u00f3 tras asistir a su mam\u00e1. \u00c9l, al contrario de su mama, gan\u00f3 la batalla tras 15 d\u00edas de lucha en el hospital John F. Kennedy de Monrovia. Pero cuando sali\u00f3 del hospital, descubri\u00f3 que cuatro de sus hermanas, su hermano, su padre, su t\u00edo, su t\u00eda y sus nietos hab\u00edan muerto.<\/p>\n<p>Para acercarse a la poblaci\u00f3n afectada es indispensable la humanizaci\u00f3n de las pr\u00e1cticas m\u00e9dicas, sensibilizar a los poblados y un apoyo psico-social a los sobrevivientes. La medicina tradicional no da respuestas precisas, falta una parte de la explicaci\u00f3n espec\u00edfica, \u00bfcu\u00e1l es el origen de este virus? Esa inc\u00f3gnita no resuelta multiplica la incertidumbre o la b\u00fasqueda de explicaciones desde una visi\u00f3n m\u00e1gico\/religiosa de esta realidad que ha sembrado m\u00e1s muerte en \u00c1frica.<\/p>\n<p>Fuentes<\/p>\n<p><em>\u2022http:\/\/www.zeroviolenza.it\/rassegna\/pdfs 31Oct2014\/31Oct2014a9b901e10966c0eb28f23b5a8d09cd4c.pdf<br \/>\n\u2022https:\/\/www.youtube.com\/watch?v=eb8F3shZbHk<br \/>\n\u2022https:\/\/www.youtube.com\/watch?v=pdfuh9tE0ec<br \/>\n\u2022http:\/\/plan-espana.org\/que-hacemos-programas-desarrollo\/estado-de-emergencia\/abandono-y-discriminacion-efectos-colaterales-del-ebola-en-ninos-y-ninas\/<br \/>\n\u2022http:\/\/www.undp.org\/content\/undp\/es\/home\/presscenter\/articles\/2014\/10\/29\/ebola-survivors-given-safety-net-in-sierra-leone.html<br \/>\n\u2022http:\/\/www.undp.org\/content\/undp\/es\/home\/presscenter\/articles\/2014\/10\/29\/ebola-survivors-given-safety-net-in-sierra-leone.html)<br \/>\n\u2022http:\/\/telenoticias.com.do\/liberia-ordena-quemar-victimas-del-ebola\/#sthash.ZpuHIP3d.dpuf<br \/>\n\u2022http:\/\/plan-espana.org\/que-hacemos-programas-desarrollo\/estado-de-emergencia\/abandono-y-discriminacion-efectos-colaterales-del-ebola-en-ninos-y-ninas\/)<br \/>\n<\/em><\/p>\n<p><em>Sara Bosco es italiana, vive en Quito, y particip\u00f3 en el Taller de Periodismo con enfoque de paz y no violencia realizado en la Universidad Cat\u00f3lica de Ecuador, en octubre de 2014.<br \/>\n<\/em><\/p>\n","protected":false},"excerpt":{"rendered":"<p>Por Sara Bosco \u201cMi pap\u00e1, mi abuela, mi hermana, mi hermano y mi madrastra ya no est\u00e1n. Todos est\u00e1n muertos. Nadie nos ayud\u00f3.\u201d \u201cEllos, las autoridades, tomaron todas nuestras casas y las quemaron.\u201d \u201cLa gente me se\u00f1ala y dice: Esta&hellip;<\/p>\n","protected":false},"author":1011,"featured_media":155140,"comment_status":"closed","ping_status":"open","sticky":false,"template":"","format":"standard","meta":{"footnotes":""},"categories":[64,11389,161,1239],"tags":[441,11794,523,631],"class_list":["post-155135","post","type-post","status-publish","format-standard","has-post-thumbnail","hentry","category-africa-es","category-contenido-original","category-opiniones","category-salud","tag-derechos-humanos","tag-ebola-es","tag-medios-de-comunicacion","tag-violencia-economica"],"yoast_head":"<!-- This site is optimized with the Yoast SEO plugin v27.1.1 - https:\/\/yoast.com\/product\/yoast-seo-wordpress\/ -->\n<title>\u00c9bola: los que quedan<\/title>\n<meta name=\"description\" content=\"Por Sara Bosco \u201cMi pap\u00e1, mi abuela, mi hermana, mi hermano y mi madrastra ya no est\u00e1n. Todos est\u00e1n muertos. Nadie nos ayud\u00f3.\u201d \u201cEllos, las autoridades,\" \/>\n<meta name=\"robots\" content=\"index, follow, max-snippet:-1, max-image-preview:large, max-video-preview:-1\" \/>\n<link rel=\"canonical\" href=\"https:\/\/www.pressenza.com\/es\/2015\/01\/ebola-los-que-queda\/\" \/>\n<meta property=\"og:locale\" content=\"es_ES\" \/>\n<meta property=\"og:type\" content=\"article\" \/>\n<meta property=\"og:title\" content=\"\u00c9bola: los que quedan\" \/>\n<meta property=\"og:description\" content=\"Por Sara Bosco \u201cMi pap\u00e1, mi abuela, mi hermana, mi hermano y mi madrastra ya no est\u00e1n. Todos est\u00e1n muertos. Nadie nos ayud\u00f3.\u201d \u201cEllos, las autoridades,\" \/>\n<meta property=\"og:url\" content=\"https:\/\/www.pressenza.com\/es\/2015\/01\/ebola-los-que-queda\/\" \/>\n<meta property=\"og:site_name\" content=\"Pressenza\" \/>\n<meta property=\"article:publisher\" content=\"https:\/\/www.facebook.com\/PressenzaItalia\" \/>\n<meta property=\"article:published_time\" content=\"2015-01-01T23:29:26+00:00\" \/>\n<meta property=\"article:modified_time\" content=\"2015-01-02T21:32:25+00:00\" \/>\n<meta property=\"og:image\" content=\"https:\/\/www.pressenza.com\/wp-content\/uploads\/2015\/01\/fotoebola.jpg\" \/>\n\t<meta property=\"og:image:width\" content=\"3932\" \/>\n\t<meta property=\"og:image:height\" content=\"2621\" \/>\n\t<meta property=\"og:image:type\" content=\"image\/jpeg\" \/>\n<meta name=\"author\" content=\"Redacci\u00f3n Ecuador\" \/>\n<meta name=\"twitter:card\" content=\"summary_large_image\" \/>\n<meta name=\"twitter:creator\" content=\"@PressenzaIPA\" \/>\n<meta name=\"twitter:site\" content=\"@PressenzaIPA\" \/>\n<meta name=\"twitter:label1\" content=\"Escrito por\" \/>\n\t<meta name=\"twitter:data1\" content=\"Redacci\u00f3n Ecuador\" \/>\n\t<meta name=\"twitter:label2\" content=\"Tiempo de lectura\" \/>\n\t<meta name=\"twitter:data2\" content=\"6 minutos\" \/>\n<script type=\"application\/ld+json\" class=\"yoast-schema-graph\">{\"@context\":\"https:\/\/schema.org\",\"@graph\":[{\"@type\":\"Article\",\"@id\":\"https:\/\/www.pressenza.com\/es\/2015\/01\/ebola-los-que-queda\/#article\",\"isPartOf\":{\"@id\":\"https:\/\/www.pressenza.com\/es\/2015\/01\/ebola-los-que-queda\/\"},\"author\":{\"name\":\"Redacci\u00f3n Ecuador\",\"@id\":\"https:\/\/www.pressenza.com\/es\/#\/schema\/person\/883a735c40665759bcc6fe0c26bcb46f\"},\"headline\":\"\u00c9bola: los que quedan\",\"datePublished\":\"2015-01-01T23:29:26+00:00\",\"dateModified\":\"2015-01-02T21:32:25+00:00\",\"mainEntityOfPage\":{\"@id\":\"https:\/\/www.pressenza.com\/es\/2015\/01\/ebola-los-que-queda\/\"},\"wordCount\":1255,\"publisher\":{\"@id\":\"https:\/\/www.pressenza.com\/es\/#organization\"},\"image\":{\"@id\":\"https:\/\/www.pressenza.com\/es\/2015\/01\/ebola-los-que-queda\/#primaryimage\"},\"thumbnailUrl\":\"https:\/\/www.pressenza.com\/wp-content\/uploads\/2015\/01\/fotoebola.jpg\",\"keywords\":[\"Derechos humanos\",\"\u00c9bola\",\"medios de comunicaci\u00f3n\",\"Violencia econ\u00f3mica\"],\"articleSection\":[\"Africa\",\"Contenido Original\",\"Opiniones\",\"Salud\"],\"inLanguage\":\"es\"},{\"@type\":\"WebPage\",\"@id\":\"https:\/\/www.pressenza.com\/es\/2015\/01\/ebola-los-que-queda\/\",\"url\":\"https:\/\/www.pressenza.com\/es\/2015\/01\/ebola-los-que-queda\/\",\"name\":\"\u00c9bola: los que quedan\",\"isPartOf\":{\"@id\":\"https:\/\/www.pressenza.com\/es\/#website\"},\"primaryImageOfPage\":{\"@id\":\"https:\/\/www.pressenza.com\/es\/2015\/01\/ebola-los-que-queda\/#primaryimage\"},\"image\":{\"@id\":\"https:\/\/www.pressenza.com\/es\/2015\/01\/ebola-los-que-queda\/#primaryimage\"},\"thumbnailUrl\":\"https:\/\/www.pressenza.com\/wp-content\/uploads\/2015\/01\/fotoebola.jpg\",\"datePublished\":\"2015-01-01T23:29:26+00:00\",\"dateModified\":\"2015-01-02T21:32:25+00:00\",\"description\":\"Por Sara Bosco \u201cMi pap\u00e1, mi abuela, mi hermana, mi hermano y mi madrastra ya no est\u00e1n. Todos est\u00e1n muertos. Nadie nos ayud\u00f3.\u201d \u201cEllos, las autoridades,\",\"breadcrumb\":{\"@id\":\"https:\/\/www.pressenza.com\/es\/2015\/01\/ebola-los-que-queda\/#breadcrumb\"},\"inLanguage\":\"es\",\"potentialAction\":[{\"@type\":\"ReadAction\",\"target\":[\"https:\/\/www.pressenza.com\/es\/2015\/01\/ebola-los-que-queda\/\"]}]},{\"@type\":\"ImageObject\",\"inLanguage\":\"es\",\"@id\":\"https:\/\/www.pressenza.com\/es\/2015\/01\/ebola-los-que-queda\/#primaryimage\",\"url\":\"https:\/\/www.pressenza.com\/wp-content\/uploads\/2015\/01\/fotoebola.jpg\",\"contentUrl\":\"https:\/\/www.pressenza.com\/wp-content\/uploads\/2015\/01\/fotoebola.jpg\",\"width\":3932,\"height\":2621},{\"@type\":\"BreadcrumbList\",\"@id\":\"https:\/\/www.pressenza.com\/es\/2015\/01\/ebola-los-que-queda\/#breadcrumb\",\"itemListElement\":[{\"@type\":\"ListItem\",\"position\":1,\"name\":\"Accueil\",\"item\":\"https:\/\/www.pressenza.com\/es\/\"},{\"@type\":\"ListItem\",\"position\":2,\"name\":\"\u00c9bola: los que quedan\"}]},{\"@type\":\"WebSite\",\"@id\":\"https:\/\/www.pressenza.com\/es\/#website\",\"url\":\"https:\/\/www.pressenza.com\/es\/\",\"name\":\"Pressenza\",\"description\":\"International Press Agency\",\"publisher\":{\"@id\":\"https:\/\/www.pressenza.com\/es\/#organization\"},\"potentialAction\":[{\"@type\":\"SearchAction\",\"target\":{\"@type\":\"EntryPoint\",\"urlTemplate\":\"https:\/\/www.pressenza.com\/es\/?s={search_term_string}\"},\"query-input\":{\"@type\":\"PropertyValueSpecification\",\"valueRequired\":true,\"valueName\":\"search_term_string\"}}],\"inLanguage\":\"es\"},{\"@type\":\"Organization\",\"@id\":\"https:\/\/www.pressenza.com\/es\/#organization\",\"name\":\"Pressenza\",\"url\":\"https:\/\/www.pressenza.com\/es\/\",\"logo\":{\"@type\":\"ImageObject\",\"inLanguage\":\"es\",\"@id\":\"https:\/\/www.pressenza.com\/es\/#\/schema\/logo\/image\/\",\"url\":\"https:\/\/www.pressenza.com\/wp-content\/uploads\/2022\/10\/pressenza_logo_200x200.jpg\",\"contentUrl\":\"https:\/\/www.pressenza.com\/wp-content\/uploads\/2022\/10\/pressenza_logo_200x200.jpg\",\"width\":200,\"height\":200,\"caption\":\"Pressenza\"},\"image\":{\"@id\":\"https:\/\/www.pressenza.com\/es\/#\/schema\/logo\/image\/\"},\"sameAs\":[\"https:\/\/www.facebook.com\/PressenzaItalia\",\"https:\/\/x.com\/PressenzaIPA\"]},{\"@type\":\"Person\",\"@id\":\"https:\/\/www.pressenza.com\/es\/#\/schema\/person\/883a735c40665759bcc6fe0c26bcb46f\",\"name\":\"Redacci\u00f3n Ecuador\",\"description\":\"News published by the Pressenza bureau in Quito, Ecuador\",\"url\":\"https:\/\/www.pressenza.com\/es\/author\/redaccion-ecuador\/\"}]}<\/script>\n<!-- \/ Yoast SEO plugin. -->","yoast_head_json":{"title":"\u00c9bola: los que quedan","description":"Por Sara Bosco \u201cMi pap\u00e1, mi abuela, mi hermana, mi hermano y mi madrastra ya no est\u00e1n. Todos est\u00e1n muertos. Nadie nos ayud\u00f3.\u201d \u201cEllos, las autoridades,","robots":{"index":"index","follow":"follow","max-snippet":"max-snippet:-1","max-image-preview":"max-image-preview:large","max-video-preview":"max-video-preview:-1"},"canonical":"https:\/\/www.pressenza.com\/es\/2015\/01\/ebola-los-que-queda\/","og_locale":"es_ES","og_type":"article","og_title":"\u00c9bola: los que quedan","og_description":"Por Sara Bosco \u201cMi pap\u00e1, mi abuela, mi hermana, mi hermano y mi madrastra ya no est\u00e1n. Todos est\u00e1n muertos. Nadie nos ayud\u00f3.\u201d \u201cEllos, las autoridades,","og_url":"https:\/\/www.pressenza.com\/es\/2015\/01\/ebola-los-que-queda\/","og_site_name":"Pressenza","article_publisher":"https:\/\/www.facebook.com\/PressenzaItalia","article_published_time":"2015-01-01T23:29:26+00:00","article_modified_time":"2015-01-02T21:32:25+00:00","og_image":[{"width":3932,"height":2621,"url":"https:\/\/www.pressenza.com\/wp-content\/uploads\/2015\/01\/fotoebola.jpg","type":"image\/jpeg"}],"author":"Redacci\u00f3n Ecuador","twitter_card":"summary_large_image","twitter_creator":"@PressenzaIPA","twitter_site":"@PressenzaIPA","twitter_misc":{"Escrito por":"Redacci\u00f3n Ecuador","Tiempo de lectura":"6 minutos"},"schema":{"@context":"https:\/\/schema.org","@graph":[{"@type":"Article","@id":"https:\/\/www.pressenza.com\/es\/2015\/01\/ebola-los-que-queda\/#article","isPartOf":{"@id":"https:\/\/www.pressenza.com\/es\/2015\/01\/ebola-los-que-queda\/"},"author":{"name":"Redacci\u00f3n Ecuador","@id":"https:\/\/www.pressenza.com\/es\/#\/schema\/person\/883a735c40665759bcc6fe0c26bcb46f"},"headline":"\u00c9bola: los que quedan","datePublished":"2015-01-01T23:29:26+00:00","dateModified":"2015-01-02T21:32:25+00:00","mainEntityOfPage":{"@id":"https:\/\/www.pressenza.com\/es\/2015\/01\/ebola-los-que-queda\/"},"wordCount":1255,"publisher":{"@id":"https:\/\/www.pressenza.com\/es\/#organization"},"image":{"@id":"https:\/\/www.pressenza.com\/es\/2015\/01\/ebola-los-que-queda\/#primaryimage"},"thumbnailUrl":"https:\/\/www.pressenza.com\/wp-content\/uploads\/2015\/01\/fotoebola.jpg","keywords":["Derechos humanos","\u00c9bola","medios de comunicaci\u00f3n","Violencia econ\u00f3mica"],"articleSection":["Africa","Contenido Original","Opiniones","Salud"],"inLanguage":"es"},{"@type":"WebPage","@id":"https:\/\/www.pressenza.com\/es\/2015\/01\/ebola-los-que-queda\/","url":"https:\/\/www.pressenza.com\/es\/2015\/01\/ebola-los-que-queda\/","name":"\u00c9bola: los que quedan","isPartOf":{"@id":"https:\/\/www.pressenza.com\/es\/#website"},"primaryImageOfPage":{"@id":"https:\/\/www.pressenza.com\/es\/2015\/01\/ebola-los-que-queda\/#primaryimage"},"image":{"@id":"https:\/\/www.pressenza.com\/es\/2015\/01\/ebola-los-que-queda\/#primaryimage"},"thumbnailUrl":"https:\/\/www.pressenza.com\/wp-content\/uploads\/2015\/01\/fotoebola.jpg","datePublished":"2015-01-01T23:29:26+00:00","dateModified":"2015-01-02T21:32:25+00:00","description":"Por Sara Bosco \u201cMi pap\u00e1, mi abuela, mi hermana, mi hermano y mi madrastra ya no est\u00e1n. Todos est\u00e1n muertos. Nadie nos ayud\u00f3.\u201d \u201cEllos, las autoridades,","breadcrumb":{"@id":"https:\/\/www.pressenza.com\/es\/2015\/01\/ebola-los-que-queda\/#breadcrumb"},"inLanguage":"es","potentialAction":[{"@type":"ReadAction","target":["https:\/\/www.pressenza.com\/es\/2015\/01\/ebola-los-que-queda\/"]}]},{"@type":"ImageObject","inLanguage":"es","@id":"https:\/\/www.pressenza.com\/es\/2015\/01\/ebola-los-que-queda\/#primaryimage","url":"https:\/\/www.pressenza.com\/wp-content\/uploads\/2015\/01\/fotoebola.jpg","contentUrl":"https:\/\/www.pressenza.com\/wp-content\/uploads\/2015\/01\/fotoebola.jpg","width":3932,"height":2621},{"@type":"BreadcrumbList","@id":"https:\/\/www.pressenza.com\/es\/2015\/01\/ebola-los-que-queda\/#breadcrumb","itemListElement":[{"@type":"ListItem","position":1,"name":"Accueil","item":"https:\/\/www.pressenza.com\/es\/"},{"@type":"ListItem","position":2,"name":"\u00c9bola: los que quedan"}]},{"@type":"WebSite","@id":"https:\/\/www.pressenza.com\/es\/#website","url":"https:\/\/www.pressenza.com\/es\/","name":"Pressenza","description":"International Press Agency","publisher":{"@id":"https:\/\/www.pressenza.com\/es\/#organization"},"potentialAction":[{"@type":"SearchAction","target":{"@type":"EntryPoint","urlTemplate":"https:\/\/www.pressenza.com\/es\/?s={search_term_string}"},"query-input":{"@type":"PropertyValueSpecification","valueRequired":true,"valueName":"search_term_string"}}],"inLanguage":"es"},{"@type":"Organization","@id":"https:\/\/www.pressenza.com\/es\/#organization","name":"Pressenza","url":"https:\/\/www.pressenza.com\/es\/","logo":{"@type":"ImageObject","inLanguage":"es","@id":"https:\/\/www.pressenza.com\/es\/#\/schema\/logo\/image\/","url":"https:\/\/www.pressenza.com\/wp-content\/uploads\/2022\/10\/pressenza_logo_200x200.jpg","contentUrl":"https:\/\/www.pressenza.com\/wp-content\/uploads\/2022\/10\/pressenza_logo_200x200.jpg","width":200,"height":200,"caption":"Pressenza"},"image":{"@id":"https:\/\/www.pressenza.com\/es\/#\/schema\/logo\/image\/"},"sameAs":["https:\/\/www.facebook.com\/PressenzaItalia","https:\/\/x.com\/PressenzaIPA"]},{"@type":"Person","@id":"https:\/\/www.pressenza.com\/es\/#\/schema\/person\/883a735c40665759bcc6fe0c26bcb46f","name":"Redacci\u00f3n Ecuador","description":"News published by the Pressenza bureau in Quito, Ecuador","url":"https:\/\/www.pressenza.com\/es\/author\/redaccion-ecuador\/"}]}},"place":"","original_article_url":"","_links":{"self":[{"href":"https:\/\/www.pressenza.com\/es\/wp-json\/wp\/v2\/posts\/155135","targetHints":{"allow":["GET"]}}],"collection":[{"href":"https:\/\/www.pressenza.com\/es\/wp-json\/wp\/v2\/posts"}],"about":[{"href":"https:\/\/www.pressenza.com\/es\/wp-json\/wp\/v2\/types\/post"}],"author":[{"embeddable":true,"href":"https:\/\/www.pressenza.com\/es\/wp-json\/wp\/v2\/users\/1011"}],"replies":[{"embeddable":true,"href":"https:\/\/www.pressenza.com\/es\/wp-json\/wp\/v2\/comments?post=155135"}],"version-history":[{"count":0,"href":"https:\/\/www.pressenza.com\/es\/wp-json\/wp\/v2\/posts\/155135\/revisions"}],"wp:featuredmedia":[{"embeddable":true,"href":"https:\/\/www.pressenza.com\/es\/wp-json\/wp\/v2\/media\/155140"}],"wp:attachment":[{"href":"https:\/\/www.pressenza.com\/es\/wp-json\/wp\/v2\/media?parent=155135"}],"wp:term":[{"taxonomy":"category","embeddable":true,"href":"https:\/\/www.pressenza.com\/es\/wp-json\/wp\/v2\/categories?post=155135"},{"taxonomy":"post_tag","embeddable":true,"href":"https:\/\/www.pressenza.com\/es\/wp-json\/wp\/v2\/tags?post=155135"}],"curies":[{"name":"wp","href":"https:\/\/api.w.org\/{rel}","templated":true}]}}