{"id":1551113,"date":"2022-03-24T23:08:37","date_gmt":"2022-03-24T23:08:37","guid":{"rendered":"https:\/\/www.pressenza.com\/?p=1551113"},"modified":"2022-03-24T23:09:41","modified_gmt":"2022-03-24T23:09:41","slug":"quieren-parar-la-guerra-parece-que-no","status":"publish","type":"post","link":"https:\/\/www.pressenza.com\/es\/2022\/03\/quieren-parar-la-guerra-parece-que-no\/","title":{"rendered":"\u00bfQuieren parar la guerra?, parece que no"},"content":{"rendered":"<p>Por Pablo Ruiz*<\/p>\n<p>Vemos que la guerra entre Rusia y Ucrania sigue adelante. Se ha cumplido un mes, y el secretario general OTAN, Jens Stoltenberg, al terminar la reuni\u00f3n de la OTAN, con el presidente de EEUU Joe Biden presente, ha se\u00f1alado que van a seguir suministrando armamento y apoyo militar a Ucrania y que han reforzado las sanciones contra Rusia.<\/p>\n<p>Lamentablemente, los EEUU y la Uni\u00f3n Europea, y su alianza militar de la OTAN, en vez de ayudar a buscar soluciones y acuerdos, para lograr que se ponga fin a este conflicto, van a seguir alimentando la guerra.<\/p>\n<p>Es importante decir que las sanciones econ\u00f3micas contra Rusia, y la misma guerra, est\u00e1n da\u00f1ando a todas las naciones del planeta. Ya la FAO ha advertido que aumentar\u00e1 el hambre en todo el mundo.<\/p>\n<p>Los oligarcas de Estados Unidos y la Uni\u00f3n Europea, y sus presidentes y funcionarios, sus grandes corporaciones, tienen sus sueldos y riqueza asegurada pero millones de personas comunes enfrentamos ya el aumento de los precios y el aumento de la pobreza a causa de las guerras que alimentan y que provocan, desde el fin de la segunda guerra mundial, incluyendo los golpes de Estados que han instigado.<\/p>\n<p>Quienes tengan memoria sabr\u00e1n que EEUU sabe muy bien c\u00f3mo aplicar el manual para generar conflictos y el caos en el mundo aunque sean otros quienes se enfrenten y mueran.<\/p>\n<p>Mientras vemos la destrucci\u00f3n y la muerte all\u00e1 tan lejos, empujada por la irresponsabilidad de EEUU, la Uni\u00f3n Europea, y la OTAN -al no querer aceptar, meses atr\u00e1s, un acuerdo diplom\u00e1tico con Rusia cuando se les ofreci\u00f3- tambi\u00e9n nuestras vidas, silenciosamente, siguen siendo destruidas por los que dicen ser los l\u00edderes del mundo libre.<\/p>\n<p>Sin dudas, la guerra entre Rusia y Ucrania no se est\u00e1 abordando con responsabilidad por parte de EEUU y la Uni\u00f3n Europea. Defender la paz, y poner alto a una guerra, implica abordar las cuestiones de fondo que encierran los conflictos y buscar soluciones no violentas y justas para las partes que se enfrentan. En ning\u00fan caso, tomar partido y echar gasolina a la hoguera podr\u00e1 ser \u00fatil para la paz.<\/p>\n<p>La guerra no es buena para nadie, ni para Ucrania ni para Rusia, y es urgente que termine cuanto antes. Por lo mismo, los pueblos y las naciones del mundo debemos abogar por negociaciones serias y de alto nivel con el fin urgente de lograr un Acuerdo de Paz, entre Rusia y Ucrania, y poner alto al fuego.<\/p>\n<p>Quienes seguimos este conflicto, podemos observar que existen elementos que indican que se podr\u00eda llegar a una acuerdo si es real la voluntad expresada por Ucrania que no ingresar\u00e1 a la OTAN. Tambi\u00e9n, como alternativa de negociaci\u00f3n, se pueden retomar los Acuerdos de Minsk, con mayor acompa\u00f1amiento internacional, para resolver las diferencias y parar la guerra del Estado ucraniano contra los territorios de Donbass y Lugansk. En estas regiones viven millones de personas de lengua rusa que tambi\u00e9n merecen vivir en paz.<\/p>\n<p>Es necesario darle una oportunidad al di\u00e1logo, al encuentro de soluciones y acuerdos, y no seguir echando le\u00f1a al fuego enviando armas y municiones a Ucrania. Lamentablemente, todo apunta a que EEUU y la Uni\u00f3n Europea no quieren que esta guerra termine sino har\u00edan m\u00e1s por una soluci\u00f3n negociada del conflicto.<\/p>\n<p>Es triste seguir pensando que la \u00fanica explicaci\u00f3n posible para que siga esta guerra, entre Rusia y Ucrania, son los planes estrat\u00e9gicos de EEUU. Sus objetivos maquiav\u00e9licos, no s\u00f3lo es seguir aumentando las extraordinarias ganancias que da este conflicto b\u00e9lico, donde ya ha aumentado el gasto militar y la dependencia militar de la Uni\u00f3n Europea con EEUU, su fin es sacar del camino a Rusia, generar el mayor da\u00f1o posible, de paso seguir debilitando a la Uni\u00f3n Europea para mantener la hegemon\u00eda estadounidense. Todo esto para luego intentar destruir a China, como segundo paso estrat\u00e9gico, como ya nos predicen sus planes y el mismo acuerdo militar Aukus.<\/p>\n<p>Lo que est\u00e1 en disputa, m\u00e1s all\u00e1 del conflicto entre Rusia y Ucrania, es la lucha por mantener un mundo unipolar, dirigido a su antojo por EEUU, y, por otro lado, la emergencia de un mundo que quiere nacer, un mundo que quiere ser multipolar, donde existan relaciones de respeto entre los pueblos, donde se promueva la paz, la colaboraci\u00f3n, y donde hayan garant\u00edas de una seguridad com\u00fan donde nadie amenace o agreda a los dem\u00e1s.<\/p>\n<p>&nbsp;<\/p>\n<p>*Pablo Ruiz es periodista y parte del Observatorio para el cierre de la Escuela de las Am\u00e9ricas.<\/p>\n","protected":false},"excerpt":{"rendered":"<p>Por Pablo Ruiz* Vemos que la guerra entre Rusia y Ucrania sigue adelante. Se ha cumplido un mes, y el secretario general OTAN, Jens Stoltenberg, al terminar la reuni\u00f3n de la OTAN, con el presidente de EEUU Joe Biden presente,&hellip;<\/p>\n","protected":false},"author":43,"featured_media":1551114,"comment_status":"closed","ping_status":"closed","sticky":false,"template":"","format":"standard","meta":{"footnotes":""},"categories":[11389,66,161,1243],"tags":[922,715,8879],"class_list":["post-1551113","post","type-post","status-publish","format-standard","has-post-thumbnail","hentry","category-contenido-original","category-europa-es","category-opiniones","category-paz-desarme","tag-guerra-es","tag-rusia","tag-ucrania"],"yoast_head":"<!-- This site is optimized with the Yoast SEO plugin v27.1.1 - https:\/\/yoast.com\/product\/yoast-seo-wordpress\/ -->\n<title>\u00bfQuieren parar la guerra?, parece que no<\/title>\n<meta name=\"description\" content=\"Por Pablo Ruiz* Vemos que la guerra entre Rusia y Ucrania sigue adelante. Se ha cumplido un mes, y el secretario general OTAN, Jens Stoltenberg, al\" \/>\n<meta name=\"robots\" content=\"index, follow, max-snippet:-1, max-image-preview:large, max-video-preview:-1\" \/>\n<link rel=\"canonical\" href=\"https:\/\/www.pressenza.com\/es\/2022\/03\/quieren-parar-la-guerra-parece-que-no\/\" \/>\n<meta property=\"og:locale\" content=\"es_ES\" \/>\n<meta property=\"og:type\" content=\"article\" \/>\n<meta property=\"og:title\" content=\"\u00bfQuieren parar la guerra?, parece que no\" \/>\n<meta property=\"og:description\" content=\"Por Pablo Ruiz* Vemos que la guerra entre Rusia y Ucrania sigue adelante. Se ha cumplido un mes, y el secretario general OTAN, Jens Stoltenberg, al\" \/>\n<meta property=\"og:url\" content=\"https:\/\/www.pressenza.com\/es\/2022\/03\/quieren-parar-la-guerra-parece-que-no\/\" \/>\n<meta property=\"og:site_name\" content=\"Pressenza\" \/>\n<meta property=\"article:publisher\" content=\"https:\/\/www.facebook.com\/PressenzaItalia\" \/>\n<meta property=\"article:author\" content=\"https:\/\/www.facebook.com\/pressenza\" \/>\n<meta property=\"article:published_time\" content=\"2022-03-24T23:08:37+00:00\" \/>\n<meta property=\"article:modified_time\" content=\"2022-03-24T23:09:41+00:00\" \/>\n<meta property=\"og:image\" content=\"https:\/\/www.pressenza.com\/wp-content\/uploads\/2022\/03\/guerra.jpg\" \/>\n\t<meta property=\"og:image:width\" content=\"1236\" \/>\n\t<meta property=\"og:image:height\" content=\"700\" \/>\n\t<meta property=\"og:image:type\" content=\"image\/jpeg\" \/>\n<meta name=\"author\" content=\"Redacci\u00f3n Chile\" \/>\n<meta name=\"twitter:card\" content=\"summary_large_image\" \/>\n<meta name=\"twitter:creator\" content=\"@pressenza\" \/>\n<meta name=\"twitter:site\" content=\"@PressenzaIPA\" \/>\n<meta name=\"twitter:label1\" content=\"Escrito por\" \/>\n\t<meta name=\"twitter:data1\" content=\"Redacci\u00f3n Chile\" \/>\n\t<meta name=\"twitter:label2\" content=\"Tiempo de lectura\" \/>\n\t<meta name=\"twitter:data2\" content=\"4 minutos\" \/>\n<script type=\"application\/ld+json\" class=\"yoast-schema-graph\">{\"@context\":\"https:\/\/schema.org\",\"@graph\":[{\"@type\":\"Article\",\"@id\":\"https:\/\/www.pressenza.com\/es\/2022\/03\/quieren-parar-la-guerra-parece-que-no\/#article\",\"isPartOf\":{\"@id\":\"https:\/\/www.pressenza.com\/es\/2022\/03\/quieren-parar-la-guerra-parece-que-no\/\"},\"author\":{\"name\":\"Redacci\u00f3n Chile\",\"@id\":\"https:\/\/www.pressenza.com\/es\/#\/schema\/person\/d7db40df35d6698ba69ba9ee260944ed\"},\"headline\":\"\u00bfQuieren parar la guerra?, parece que no\",\"datePublished\":\"2022-03-24T23:08:37+00:00\",\"dateModified\":\"2022-03-24T23:09:41+00:00\",\"mainEntityOfPage\":{\"@id\":\"https:\/\/www.pressenza.com\/es\/2022\/03\/quieren-parar-la-guerra-parece-que-no\/\"},\"wordCount\":799,\"publisher\":{\"@id\":\"https:\/\/www.pressenza.com\/es\/#organization\"},\"image\":{\"@id\":\"https:\/\/www.pressenza.com\/es\/2022\/03\/quieren-parar-la-guerra-parece-que-no\/#primaryimage\"},\"thumbnailUrl\":\"https:\/\/www.pressenza.com\/wp-content\/uploads\/2022\/03\/guerra.jpg\",\"keywords\":[\"guerra\",\"Rusia\",\"Ucrania\"],\"articleSection\":[\"Contenido Original\",\"Europa\",\"Opiniones\",\"Paz y Desarme\"],\"inLanguage\":\"es\"},{\"@type\":\"WebPage\",\"@id\":\"https:\/\/www.pressenza.com\/es\/2022\/03\/quieren-parar-la-guerra-parece-que-no\/\",\"url\":\"https:\/\/www.pressenza.com\/es\/2022\/03\/quieren-parar-la-guerra-parece-que-no\/\",\"name\":\"\u00bfQuieren parar la guerra?, parece que no\",\"isPartOf\":{\"@id\":\"https:\/\/www.pressenza.com\/es\/#website\"},\"primaryImageOfPage\":{\"@id\":\"https:\/\/www.pressenza.com\/es\/2022\/03\/quieren-parar-la-guerra-parece-que-no\/#primaryimage\"},\"image\":{\"@id\":\"https:\/\/www.pressenza.com\/es\/2022\/03\/quieren-parar-la-guerra-parece-que-no\/#primaryimage\"},\"thumbnailUrl\":\"https:\/\/www.pressenza.com\/wp-content\/uploads\/2022\/03\/guerra.jpg\",\"datePublished\":\"2022-03-24T23:08:37+00:00\",\"dateModified\":\"2022-03-24T23:09:41+00:00\",\"description\":\"Por Pablo Ruiz* Vemos que la guerra entre Rusia y Ucrania sigue adelante. Se ha cumplido un mes, y el secretario general OTAN, Jens Stoltenberg, al\",\"breadcrumb\":{\"@id\":\"https:\/\/www.pressenza.com\/es\/2022\/03\/quieren-parar-la-guerra-parece-que-no\/#breadcrumb\"},\"inLanguage\":\"es\",\"potentialAction\":[{\"@type\":\"ReadAction\",\"target\":[\"https:\/\/www.pressenza.com\/es\/2022\/03\/quieren-parar-la-guerra-parece-que-no\/\"]}]},{\"@type\":\"ImageObject\",\"inLanguage\":\"es\",\"@id\":\"https:\/\/www.pressenza.com\/es\/2022\/03\/quieren-parar-la-guerra-parece-que-no\/#primaryimage\",\"url\":\"https:\/\/www.pressenza.com\/wp-content\/uploads\/2022\/03\/guerra.jpg\",\"contentUrl\":\"https:\/\/www.pressenza.com\/wp-content\/uploads\/2022\/03\/guerra.jpg\",\"width\":1236,\"height\":700,\"caption\":\"Pablo Ruiz\"},{\"@type\":\"BreadcrumbList\",\"@id\":\"https:\/\/www.pressenza.com\/es\/2022\/03\/quieren-parar-la-guerra-parece-que-no\/#breadcrumb\",\"itemListElement\":[{\"@type\":\"ListItem\",\"position\":1,\"name\":\"Accueil\",\"item\":\"https:\/\/www.pressenza.com\/es\/\"},{\"@type\":\"ListItem\",\"position\":2,\"name\":\"\u00bfQuieren parar la guerra?, parece que no\"}]},{\"@type\":\"WebSite\",\"@id\":\"https:\/\/www.pressenza.com\/es\/#website\",\"url\":\"https:\/\/www.pressenza.com\/es\/\",\"name\":\"Pressenza\",\"description\":\"International Press Agency\",\"publisher\":{\"@id\":\"https:\/\/www.pressenza.com\/es\/#organization\"},\"potentialAction\":[{\"@type\":\"SearchAction\",\"target\":{\"@type\":\"EntryPoint\",\"urlTemplate\":\"https:\/\/www.pressenza.com\/es\/?s={search_term_string}\"},\"query-input\":{\"@type\":\"PropertyValueSpecification\",\"valueRequired\":true,\"valueName\":\"search_term_string\"}}],\"inLanguage\":\"es\"},{\"@type\":\"Organization\",\"@id\":\"https:\/\/www.pressenza.com\/es\/#organization\",\"name\":\"Pressenza\",\"url\":\"https:\/\/www.pressenza.com\/es\/\",\"logo\":{\"@type\":\"ImageObject\",\"inLanguage\":\"es\",\"@id\":\"https:\/\/www.pressenza.com\/es\/#\/schema\/logo\/image\/\",\"url\":\"https:\/\/www.pressenza.com\/wp-content\/uploads\/2022\/10\/pressenza_logo_200x200.jpg\",\"contentUrl\":\"https:\/\/www.pressenza.com\/wp-content\/uploads\/2022\/10\/pressenza_logo_200x200.jpg\",\"width\":200,\"height\":200,\"caption\":\"Pressenza\"},\"image\":{\"@id\":\"https:\/\/www.pressenza.com\/es\/#\/schema\/logo\/image\/\"},\"sameAs\":[\"https:\/\/www.facebook.com\/PressenzaItalia\",\"https:\/\/x.com\/PressenzaIPA\"]},{\"@type\":\"Person\",\"@id\":\"https:\/\/www.pressenza.com\/es\/#\/schema\/person\/d7db40df35d6698ba69ba9ee260944ed\",\"name\":\"Redacci\u00f3n Chile\",\"description\":\"News from the Pressenza Bureau in Chile\",\"sameAs\":[\"https:\/\/www.facebook.com\/pressenza\",\"https:\/\/x.com\/pressenza\"],\"url\":\"https:\/\/www.pressenza.com\/es\/author\/redaccion-chile\/\"}]}<\/script>\n<!-- \/ Yoast SEO plugin. -->","yoast_head_json":{"title":"\u00bfQuieren parar la guerra?, parece que no","description":"Por Pablo Ruiz* Vemos que la guerra entre Rusia y Ucrania sigue adelante. Se ha cumplido un mes, y el secretario general OTAN, Jens Stoltenberg, al","robots":{"index":"index","follow":"follow","max-snippet":"max-snippet:-1","max-image-preview":"max-image-preview:large","max-video-preview":"max-video-preview:-1"},"canonical":"https:\/\/www.pressenza.com\/es\/2022\/03\/quieren-parar-la-guerra-parece-que-no\/","og_locale":"es_ES","og_type":"article","og_title":"\u00bfQuieren parar la guerra?, parece que no","og_description":"Por Pablo Ruiz* Vemos que la guerra entre Rusia y Ucrania sigue adelante. Se ha cumplido un mes, y el secretario general OTAN, Jens Stoltenberg, al","og_url":"https:\/\/www.pressenza.com\/es\/2022\/03\/quieren-parar-la-guerra-parece-que-no\/","og_site_name":"Pressenza","article_publisher":"https:\/\/www.facebook.com\/PressenzaItalia","article_author":"https:\/\/www.facebook.com\/pressenza","article_published_time":"2022-03-24T23:08:37+00:00","article_modified_time":"2022-03-24T23:09:41+00:00","og_image":[{"width":1236,"height":700,"url":"https:\/\/www.pressenza.com\/wp-content\/uploads\/2022\/03\/guerra.jpg","type":"image\/jpeg"}],"author":"Redacci\u00f3n Chile","twitter_card":"summary_large_image","twitter_creator":"@pressenza","twitter_site":"@PressenzaIPA","twitter_misc":{"Escrito por":"Redacci\u00f3n Chile","Tiempo de lectura":"4 minutos"},"schema":{"@context":"https:\/\/schema.org","@graph":[{"@type":"Article","@id":"https:\/\/www.pressenza.com\/es\/2022\/03\/quieren-parar-la-guerra-parece-que-no\/#article","isPartOf":{"@id":"https:\/\/www.pressenza.com\/es\/2022\/03\/quieren-parar-la-guerra-parece-que-no\/"},"author":{"name":"Redacci\u00f3n Chile","@id":"https:\/\/www.pressenza.com\/es\/#\/schema\/person\/d7db40df35d6698ba69ba9ee260944ed"},"headline":"\u00bfQuieren parar la guerra?, parece que no","datePublished":"2022-03-24T23:08:37+00:00","dateModified":"2022-03-24T23:09:41+00:00","mainEntityOfPage":{"@id":"https:\/\/www.pressenza.com\/es\/2022\/03\/quieren-parar-la-guerra-parece-que-no\/"},"wordCount":799,"publisher":{"@id":"https:\/\/www.pressenza.com\/es\/#organization"},"image":{"@id":"https:\/\/www.pressenza.com\/es\/2022\/03\/quieren-parar-la-guerra-parece-que-no\/#primaryimage"},"thumbnailUrl":"https:\/\/www.pressenza.com\/wp-content\/uploads\/2022\/03\/guerra.jpg","keywords":["guerra","Rusia","Ucrania"],"articleSection":["Contenido Original","Europa","Opiniones","Paz y Desarme"],"inLanguage":"es"},{"@type":"WebPage","@id":"https:\/\/www.pressenza.com\/es\/2022\/03\/quieren-parar-la-guerra-parece-que-no\/","url":"https:\/\/www.pressenza.com\/es\/2022\/03\/quieren-parar-la-guerra-parece-que-no\/","name":"\u00bfQuieren parar la guerra?, parece que no","isPartOf":{"@id":"https:\/\/www.pressenza.com\/es\/#website"},"primaryImageOfPage":{"@id":"https:\/\/www.pressenza.com\/es\/2022\/03\/quieren-parar-la-guerra-parece-que-no\/#primaryimage"},"image":{"@id":"https:\/\/www.pressenza.com\/es\/2022\/03\/quieren-parar-la-guerra-parece-que-no\/#primaryimage"},"thumbnailUrl":"https:\/\/www.pressenza.com\/wp-content\/uploads\/2022\/03\/guerra.jpg","datePublished":"2022-03-24T23:08:37+00:00","dateModified":"2022-03-24T23:09:41+00:00","description":"Por Pablo Ruiz* Vemos que la guerra entre Rusia y Ucrania sigue adelante. Se ha cumplido un mes, y el secretario general OTAN, Jens Stoltenberg, al","breadcrumb":{"@id":"https:\/\/www.pressenza.com\/es\/2022\/03\/quieren-parar-la-guerra-parece-que-no\/#breadcrumb"},"inLanguage":"es","potentialAction":[{"@type":"ReadAction","target":["https:\/\/www.pressenza.com\/es\/2022\/03\/quieren-parar-la-guerra-parece-que-no\/"]}]},{"@type":"ImageObject","inLanguage":"es","@id":"https:\/\/www.pressenza.com\/es\/2022\/03\/quieren-parar-la-guerra-parece-que-no\/#primaryimage","url":"https:\/\/www.pressenza.com\/wp-content\/uploads\/2022\/03\/guerra.jpg","contentUrl":"https:\/\/www.pressenza.com\/wp-content\/uploads\/2022\/03\/guerra.jpg","width":1236,"height":700,"caption":"Pablo Ruiz"},{"@type":"BreadcrumbList","@id":"https:\/\/www.pressenza.com\/es\/2022\/03\/quieren-parar-la-guerra-parece-que-no\/#breadcrumb","itemListElement":[{"@type":"ListItem","position":1,"name":"Accueil","item":"https:\/\/www.pressenza.com\/es\/"},{"@type":"ListItem","position":2,"name":"\u00bfQuieren parar la guerra?, parece que no"}]},{"@type":"WebSite","@id":"https:\/\/www.pressenza.com\/es\/#website","url":"https:\/\/www.pressenza.com\/es\/","name":"Pressenza","description":"International Press Agency","publisher":{"@id":"https:\/\/www.pressenza.com\/es\/#organization"},"potentialAction":[{"@type":"SearchAction","target":{"@type":"EntryPoint","urlTemplate":"https:\/\/www.pressenza.com\/es\/?s={search_term_string}"},"query-input":{"@type":"PropertyValueSpecification","valueRequired":true,"valueName":"search_term_string"}}],"inLanguage":"es"},{"@type":"Organization","@id":"https:\/\/www.pressenza.com\/es\/#organization","name":"Pressenza","url":"https:\/\/www.pressenza.com\/es\/","logo":{"@type":"ImageObject","inLanguage":"es","@id":"https:\/\/www.pressenza.com\/es\/#\/schema\/logo\/image\/","url":"https:\/\/www.pressenza.com\/wp-content\/uploads\/2022\/10\/pressenza_logo_200x200.jpg","contentUrl":"https:\/\/www.pressenza.com\/wp-content\/uploads\/2022\/10\/pressenza_logo_200x200.jpg","width":200,"height":200,"caption":"Pressenza"},"image":{"@id":"https:\/\/www.pressenza.com\/es\/#\/schema\/logo\/image\/"},"sameAs":["https:\/\/www.facebook.com\/PressenzaItalia","https:\/\/x.com\/PressenzaIPA"]},{"@type":"Person","@id":"https:\/\/www.pressenza.com\/es\/#\/schema\/person\/d7db40df35d6698ba69ba9ee260944ed","name":"Redacci\u00f3n Chile","description":"News from the Pressenza Bureau in Chile","sameAs":["https:\/\/www.facebook.com\/pressenza","https:\/\/x.com\/pressenza"],"url":"https:\/\/www.pressenza.com\/es\/author\/redaccion-chile\/"}]}},"place":"Santiago de Chile","original_article_url":"","_links":{"self":[{"href":"https:\/\/www.pressenza.com\/es\/wp-json\/wp\/v2\/posts\/1551113","targetHints":{"allow":["GET"]}}],"collection":[{"href":"https:\/\/www.pressenza.com\/es\/wp-json\/wp\/v2\/posts"}],"about":[{"href":"https:\/\/www.pressenza.com\/es\/wp-json\/wp\/v2\/types\/post"}],"author":[{"embeddable":true,"href":"https:\/\/www.pressenza.com\/es\/wp-json\/wp\/v2\/users\/43"}],"replies":[{"embeddable":true,"href":"https:\/\/www.pressenza.com\/es\/wp-json\/wp\/v2\/comments?post=1551113"}],"version-history":[{"count":0,"href":"https:\/\/www.pressenza.com\/es\/wp-json\/wp\/v2\/posts\/1551113\/revisions"}],"wp:featuredmedia":[{"embeddable":true,"href":"https:\/\/www.pressenza.com\/es\/wp-json\/wp\/v2\/media\/1551114"}],"wp:attachment":[{"href":"https:\/\/www.pressenza.com\/es\/wp-json\/wp\/v2\/media?parent=1551113"}],"wp:term":[{"taxonomy":"category","embeddable":true,"href":"https:\/\/www.pressenza.com\/es\/wp-json\/wp\/v2\/categories?post=1551113"},{"taxonomy":"post_tag","embeddable":true,"href":"https:\/\/www.pressenza.com\/es\/wp-json\/wp\/v2\/tags?post=1551113"}],"curies":[{"name":"wp","href":"https:\/\/api.w.org\/{rel}","templated":true}]}}