{"id":1550611,"date":"2022-03-23T22:27:14","date_gmt":"2022-03-23T22:27:14","guid":{"rendered":"https:\/\/www.pressenza.com\/?p=1550611"},"modified":"2022-03-23T22:27:14","modified_gmt":"2022-03-23T22:27:14","slug":"pinera-covid-fraude-estadistico-y-pesimos-resultados","status":"publish","type":"post","link":"https:\/\/www.pressenza.com\/es\/2022\/03\/pinera-covid-fraude-estadistico-y-pesimos-resultados\/","title":{"rendered":"Pi\u00f1era Covid: \u00a1fraude estad\u00edstico y p\u00e9simos resultados!"},"content":{"rendered":"<p>El nuevo gobierno ha enmendado\u00a1un gigantesco fraude estad\u00edstico efectuado por el gobierno de Pi\u00f1era respecto del\u00a0n\u00famero de personas fallecidas por la pandemia! De este modo, en lugar de las 43.785 personas fallecidas al 11 de\u00a0marzo pasado, tenemos que a lo largo de estos dos a\u00f1os han fallecido 55.965 personas por covid en nuestro pa\u00eds.<\/p>\n<p>Es decir, \u00a112.180 personas m\u00e1s o, en t\u00e9rminos porcentuales, un 27,8%! Esto significa, en relaci\u00f3n a la poblaci\u00f3n, que\u00a0en lugar de 2.285 personas fallecidas por mill\u00f3n durante la pandemia, ha habido 2.885\u2026<\/p>\n<p>Por cierto, esto adem\u00e1s modifica notablemente el rendimiento comparativo del pa\u00eds respecto de la pandemia. As\u00ed, de\u00a0acuerdo al worldometer, en lugar de estar 34\u00b0 del mundo respecto del n\u00famero de fallecidos por la pandemia en\u00a0relaci\u00f3n a la poblaci\u00f3n, entre los 194 pa\u00edses del mundo con m\u00e1s de cien milhabitantes, Chile est\u00e1 en el lugar 19. Y\u00a0respecto de los 36 pa\u00edses americanos en esa condici\u00f3n, en lugar de estar 7\u00b0, est\u00e1 4\u00b0. S\u00f3lo es \u201csuperado\u201d por Per\u00fa (6.276\u00a0por mill\u00f3n); Brasil (3.055) y Estados Unidos (2.985). De hecho, \u00a1hemos llegado virtualmente a estar a la par que Estados\u00a0Unidos y muy cerca de Brasil! Esperemos que la generalidad de los grandes medios de comunicaci\u00f3n recojan ahora esta\u00a0informaci\u00f3n comparativa y la difundan. Por lo menos, para estar debidamente informados de la magnitud del da\u00f1o\u00a0que nos ha hecho la pandemia y conscientes del gran enga\u00f1o que nos hizo el anterior gobierno.<\/p>\n<p>Estos p\u00e9simos resultados -\u00a1que gracias al buen proceso de vacunaci\u00f3n no han sido completamente desastrosos!-\u00a0corroboran la pertinencia de las duras cr\u00edticas efectuadas por el Colegio M\u00e9dico y por gran parte de los alcaldes del\u00a0pa\u00eds a la gesti\u00f3n gubernamental de la pandemia del gobierno de Pi\u00f1era. Y \u201ccalzan\u201d con el triste cuarto lugar del mundo\u00a0que Chile ocupa hoy (21 de marzo)respecto del n\u00famero de enfermos hospitalizados en UCI por covid en relaci\u00f3n a su\u00a0poblaci\u00f3n, con sus40,1 por mill\u00f3n (777); siendo s\u00f3lo \u201csuperado\u201d por Jordania, con 66,9 (694); Vietnam, con 42,2 (4.169);\u00a0y Ecuador, con 41,9 (759).Es efectivo que siendo una estad\u00edstica internacional que trabaja con datos diarios\u00a0proporcionados por los mismosgobiernos tiene una menor confiabilidad que el com\u00fan de estas estad\u00edsticas. Incluso hay\u00a0pa\u00edses como Brasil y Mongolia que \u00a1registran una cifra \u201cpermanente\u201d de hospitalizados!: Brasil con 8.318 y Mongolia con\u00a0192. Pero ciertamente que, de todos modos, el registro de nuestro pa\u00eds es muy desgraciado y pat\u00e9tico; y est\u00e1 reflejando nuestra triste y dura realidad.<\/p>\n","protected":false},"excerpt":{"rendered":"<p>El nuevo gobierno ha enmendado\u00a1un gigantesco fraude estad\u00edstico efectuado por el gobierno de Pi\u00f1era respecto del\u00a0n\u00famero de personas fallecidas por la pandemia! De este modo, en lugar de las 43.785 personas fallecidas al 11 de\u00a0marzo pasado, tenemos que a lo&hellip;<\/p>\n","protected":false},"author":1740,"featured_media":1550612,"comment_status":"closed","ping_status":"closed","sticky":false,"template":"","format":"standard","meta":{"footnotes":""},"categories":[11389,161,1239,67],"tags":[29,79143,652],"class_list":["post-1550611","post","type-post","status-publish","format-standard","has-post-thumbnail","hentry","category-contenido-original","category-opiniones","category-salud","category-sudamerica","tag-chile","tag-covid-es","tag-sebastian-pinera"],"yoast_head":"<!-- This site is optimized with the Yoast SEO plugin v27.1.1 - https:\/\/yoast.com\/product\/yoast-seo-wordpress\/ -->\n<title>Pi\u00f1era Covid: \u00a1fraude estad\u00edstico y p\u00e9simos resultados!<\/title>\n<meta name=\"description\" content=\"El nuevo gobierno ha enmendado\u00a1un gigantesco fraude estad\u00edstico efectuado por el gobierno de Pi\u00f1era respecto del\u00a0n\u00famero de personas fallecidas por la\" \/>\n<meta name=\"robots\" content=\"index, follow, max-snippet:-1, max-image-preview:large, max-video-preview:-1\" \/>\n<link rel=\"canonical\" href=\"https:\/\/www.pressenza.com\/es\/2022\/03\/pinera-covid-fraude-estadistico-y-pesimos-resultados\/\" \/>\n<meta property=\"og:locale\" content=\"es_ES\" \/>\n<meta property=\"og:type\" content=\"article\" \/>\n<meta property=\"og:title\" content=\"Pi\u00f1era Covid: \u00a1fraude estad\u00edstico y p\u00e9simos resultados!\" \/>\n<meta property=\"og:description\" content=\"El nuevo gobierno ha enmendado\u00a1un gigantesco fraude estad\u00edstico efectuado por el gobierno de Pi\u00f1era respecto del\u00a0n\u00famero de personas fallecidas por la\" \/>\n<meta property=\"og:url\" content=\"https:\/\/www.pressenza.com\/es\/2022\/03\/pinera-covid-fraude-estadistico-y-pesimos-resultados\/\" \/>\n<meta property=\"og:site_name\" content=\"Pressenza\" \/>\n<meta property=\"article:publisher\" content=\"https:\/\/www.facebook.com\/PressenzaItalia\" \/>\n<meta property=\"article:published_time\" content=\"2022-03-23T22:27:14+00:00\" \/>\n<meta property=\"og:image\" content=\"https:\/\/www.pressenza.com\/wp-content\/uploads\/2022\/03\/IMG_20210217_112835-720x540-1.jpg\" \/>\n\t<meta property=\"og:image:width\" content=\"720\" \/>\n\t<meta property=\"og:image:height\" content=\"540\" \/>\n\t<meta property=\"og:image:type\" content=\"image\/jpeg\" \/>\n<meta name=\"author\" content=\"Felipe Portales\" \/>\n<meta name=\"twitter:card\" content=\"summary_large_image\" \/>\n<meta name=\"twitter:creator\" content=\"@PressenzaIPA\" \/>\n<meta name=\"twitter:site\" content=\"@PressenzaIPA\" \/>\n<meta name=\"twitter:label1\" content=\"Escrito por\" \/>\n\t<meta name=\"twitter:data1\" content=\"Felipe Portales\" \/>\n\t<meta name=\"twitter:label2\" content=\"Tiempo de lectura\" \/>\n\t<meta name=\"twitter:data2\" content=\"2 minutos\" \/>\n<script type=\"application\/ld+json\" class=\"yoast-schema-graph\">{\"@context\":\"https:\/\/schema.org\",\"@graph\":[{\"@type\":\"Article\",\"@id\":\"https:\/\/www.pressenza.com\/es\/2022\/03\/pinera-covid-fraude-estadistico-y-pesimos-resultados\/#article\",\"isPartOf\":{\"@id\":\"https:\/\/www.pressenza.com\/es\/2022\/03\/pinera-covid-fraude-estadistico-y-pesimos-resultados\/\"},\"author\":{\"name\":\"Felipe Portales\",\"@id\":\"https:\/\/www.pressenza.com\/es\/#\/schema\/person\/bedf411a4ede0fd1c769fa5326b82077\"},\"headline\":\"Pi\u00f1era Covid: \u00a1fraude estad\u00edstico y p\u00e9simos resultados!\",\"datePublished\":\"2022-03-23T22:27:14+00:00\",\"mainEntityOfPage\":{\"@id\":\"https:\/\/www.pressenza.com\/es\/2022\/03\/pinera-covid-fraude-estadistico-y-pesimos-resultados\/\"},\"wordCount\":443,\"publisher\":{\"@id\":\"https:\/\/www.pressenza.com\/es\/#organization\"},\"image\":{\"@id\":\"https:\/\/www.pressenza.com\/es\/2022\/03\/pinera-covid-fraude-estadistico-y-pesimos-resultados\/#primaryimage\"},\"thumbnailUrl\":\"https:\/\/www.pressenza.com\/wp-content\/uploads\/2022\/03\/IMG_20210217_112835-720x540-1.jpg\",\"keywords\":[\"Chile\",\"covid\",\"Sebasti\u00e1n Pi\u00f1era\"],\"articleSection\":[\"Contenido Original\",\"Opiniones\",\"Salud\",\"Sudam\u00e9rica\"],\"inLanguage\":\"es\"},{\"@type\":\"WebPage\",\"@id\":\"https:\/\/www.pressenza.com\/es\/2022\/03\/pinera-covid-fraude-estadistico-y-pesimos-resultados\/\",\"url\":\"https:\/\/www.pressenza.com\/es\/2022\/03\/pinera-covid-fraude-estadistico-y-pesimos-resultados\/\",\"name\":\"Pi\u00f1era Covid: \u00a1fraude estad\u00edstico y p\u00e9simos resultados!\",\"isPartOf\":{\"@id\":\"https:\/\/www.pressenza.com\/es\/#website\"},\"primaryImageOfPage\":{\"@id\":\"https:\/\/www.pressenza.com\/es\/2022\/03\/pinera-covid-fraude-estadistico-y-pesimos-resultados\/#primaryimage\"},\"image\":{\"@id\":\"https:\/\/www.pressenza.com\/es\/2022\/03\/pinera-covid-fraude-estadistico-y-pesimos-resultados\/#primaryimage\"},\"thumbnailUrl\":\"https:\/\/www.pressenza.com\/wp-content\/uploads\/2022\/03\/IMG_20210217_112835-720x540-1.jpg\",\"datePublished\":\"2022-03-23T22:27:14+00:00\",\"description\":\"El nuevo gobierno ha enmendado\u00a1un gigantesco fraude estad\u00edstico efectuado por el gobierno de Pi\u00f1era respecto del\u00a0n\u00famero de personas fallecidas por la\",\"breadcrumb\":{\"@id\":\"https:\/\/www.pressenza.com\/es\/2022\/03\/pinera-covid-fraude-estadistico-y-pesimos-resultados\/#breadcrumb\"},\"inLanguage\":\"es\",\"potentialAction\":[{\"@type\":\"ReadAction\",\"target\":[\"https:\/\/www.pressenza.com\/es\/2022\/03\/pinera-covid-fraude-estadistico-y-pesimos-resultados\/\"]}]},{\"@type\":\"ImageObject\",\"inLanguage\":\"es\",\"@id\":\"https:\/\/www.pressenza.com\/es\/2022\/03\/pinera-covid-fraude-estadistico-y-pesimos-resultados\/#primaryimage\",\"url\":\"https:\/\/www.pressenza.com\/wp-content\/uploads\/2022\/03\/IMG_20210217_112835-720x540-1.jpg\",\"contentUrl\":\"https:\/\/www.pressenza.com\/wp-content\/uploads\/2022\/03\/IMG_20210217_112835-720x540-1.jpg\",\"width\":720,\"height\":540,\"caption\":\"dav\"},{\"@type\":\"BreadcrumbList\",\"@id\":\"https:\/\/www.pressenza.com\/es\/2022\/03\/pinera-covid-fraude-estadistico-y-pesimos-resultados\/#breadcrumb\",\"itemListElement\":[{\"@type\":\"ListItem\",\"position\":1,\"name\":\"Accueil\",\"item\":\"https:\/\/www.pressenza.com\/es\/\"},{\"@type\":\"ListItem\",\"position\":2,\"name\":\"Pi\u00f1era Covid: \u00a1fraude estad\u00edstico y p\u00e9simos resultados!\"}]},{\"@type\":\"WebSite\",\"@id\":\"https:\/\/www.pressenza.com\/es\/#website\",\"url\":\"https:\/\/www.pressenza.com\/es\/\",\"name\":\"Pressenza\",\"description\":\"International Press Agency\",\"publisher\":{\"@id\":\"https:\/\/www.pressenza.com\/es\/#organization\"},\"potentialAction\":[{\"@type\":\"SearchAction\",\"target\":{\"@type\":\"EntryPoint\",\"urlTemplate\":\"https:\/\/www.pressenza.com\/es\/?s={search_term_string}\"},\"query-input\":{\"@type\":\"PropertyValueSpecification\",\"valueRequired\":true,\"valueName\":\"search_term_string\"}}],\"inLanguage\":\"es\"},{\"@type\":\"Organization\",\"@id\":\"https:\/\/www.pressenza.com\/es\/#organization\",\"name\":\"Pressenza\",\"url\":\"https:\/\/www.pressenza.com\/es\/\",\"logo\":{\"@type\":\"ImageObject\",\"inLanguage\":\"es\",\"@id\":\"https:\/\/www.pressenza.com\/es\/#\/schema\/logo\/image\/\",\"url\":\"https:\/\/www.pressenza.com\/wp-content\/uploads\/2022\/10\/pressenza_logo_200x200.jpg\",\"contentUrl\":\"https:\/\/www.pressenza.com\/wp-content\/uploads\/2022\/10\/pressenza_logo_200x200.jpg\",\"width\":200,\"height\":200,\"caption\":\"Pressenza\"},\"image\":{\"@id\":\"https:\/\/www.pressenza.com\/es\/#\/schema\/logo\/image\/\"},\"sameAs\":[\"https:\/\/www.facebook.com\/PressenzaItalia\",\"https:\/\/x.com\/PressenzaIPA\"]},{\"@type\":\"Person\",\"@id\":\"https:\/\/www.pressenza.com\/es\/#\/schema\/person\/bedf411a4ede0fd1c769fa5326b82077\",\"name\":\"Felipe Portales\",\"description\":\"Chileno, Soci\u00f3logo de la Universidad Cat\u00f3lica; Director de Derechos Humanos de la Canciller\u00eda (1994-1996); Acad\u00e9mico de la U. de Chile (2005-2017). Escritor: \\\"Chile: una democracia tutelada\\\"; \\\"Los mitos de la democracia chilena\\\" (dos vol\u00famenes); \\\"Historias desconocidas de Chile\\\" (dos vol\u00famenes).\",\"url\":\"https:\/\/www.pressenza.com\/es\/author\/felipe-portales\/\"}]}<\/script>\n<!-- \/ Yoast SEO plugin. -->","yoast_head_json":{"title":"Pi\u00f1era Covid: \u00a1fraude estad\u00edstico y p\u00e9simos resultados!","description":"El nuevo gobierno ha enmendado\u00a1un gigantesco fraude estad\u00edstico efectuado por el gobierno de Pi\u00f1era respecto del\u00a0n\u00famero de personas fallecidas por la","robots":{"index":"index","follow":"follow","max-snippet":"max-snippet:-1","max-image-preview":"max-image-preview:large","max-video-preview":"max-video-preview:-1"},"canonical":"https:\/\/www.pressenza.com\/es\/2022\/03\/pinera-covid-fraude-estadistico-y-pesimos-resultados\/","og_locale":"es_ES","og_type":"article","og_title":"Pi\u00f1era Covid: \u00a1fraude estad\u00edstico y p\u00e9simos resultados!","og_description":"El nuevo gobierno ha enmendado\u00a1un gigantesco fraude estad\u00edstico efectuado por el gobierno de Pi\u00f1era respecto del\u00a0n\u00famero de personas fallecidas por la","og_url":"https:\/\/www.pressenza.com\/es\/2022\/03\/pinera-covid-fraude-estadistico-y-pesimos-resultados\/","og_site_name":"Pressenza","article_publisher":"https:\/\/www.facebook.com\/PressenzaItalia","article_published_time":"2022-03-23T22:27:14+00:00","og_image":[{"width":720,"height":540,"url":"https:\/\/www.pressenza.com\/wp-content\/uploads\/2022\/03\/IMG_20210217_112835-720x540-1.jpg","type":"image\/jpeg"}],"author":"Felipe Portales","twitter_card":"summary_large_image","twitter_creator":"@PressenzaIPA","twitter_site":"@PressenzaIPA","twitter_misc":{"Escrito por":"Felipe Portales","Tiempo de lectura":"2 minutos"},"schema":{"@context":"https:\/\/schema.org","@graph":[{"@type":"Article","@id":"https:\/\/www.pressenza.com\/es\/2022\/03\/pinera-covid-fraude-estadistico-y-pesimos-resultados\/#article","isPartOf":{"@id":"https:\/\/www.pressenza.com\/es\/2022\/03\/pinera-covid-fraude-estadistico-y-pesimos-resultados\/"},"author":{"name":"Felipe Portales","@id":"https:\/\/www.pressenza.com\/es\/#\/schema\/person\/bedf411a4ede0fd1c769fa5326b82077"},"headline":"Pi\u00f1era Covid: \u00a1fraude estad\u00edstico y p\u00e9simos resultados!","datePublished":"2022-03-23T22:27:14+00:00","mainEntityOfPage":{"@id":"https:\/\/www.pressenza.com\/es\/2022\/03\/pinera-covid-fraude-estadistico-y-pesimos-resultados\/"},"wordCount":443,"publisher":{"@id":"https:\/\/www.pressenza.com\/es\/#organization"},"image":{"@id":"https:\/\/www.pressenza.com\/es\/2022\/03\/pinera-covid-fraude-estadistico-y-pesimos-resultados\/#primaryimage"},"thumbnailUrl":"https:\/\/www.pressenza.com\/wp-content\/uploads\/2022\/03\/IMG_20210217_112835-720x540-1.jpg","keywords":["Chile","covid","Sebasti\u00e1n Pi\u00f1era"],"articleSection":["Contenido Original","Opiniones","Salud","Sudam\u00e9rica"],"inLanguage":"es"},{"@type":"WebPage","@id":"https:\/\/www.pressenza.com\/es\/2022\/03\/pinera-covid-fraude-estadistico-y-pesimos-resultados\/","url":"https:\/\/www.pressenza.com\/es\/2022\/03\/pinera-covid-fraude-estadistico-y-pesimos-resultados\/","name":"Pi\u00f1era Covid: \u00a1fraude estad\u00edstico y p\u00e9simos resultados!","isPartOf":{"@id":"https:\/\/www.pressenza.com\/es\/#website"},"primaryImageOfPage":{"@id":"https:\/\/www.pressenza.com\/es\/2022\/03\/pinera-covid-fraude-estadistico-y-pesimos-resultados\/#primaryimage"},"image":{"@id":"https:\/\/www.pressenza.com\/es\/2022\/03\/pinera-covid-fraude-estadistico-y-pesimos-resultados\/#primaryimage"},"thumbnailUrl":"https:\/\/www.pressenza.com\/wp-content\/uploads\/2022\/03\/IMG_20210217_112835-720x540-1.jpg","datePublished":"2022-03-23T22:27:14+00:00","description":"El nuevo gobierno ha enmendado\u00a1un gigantesco fraude estad\u00edstico efectuado por el gobierno de Pi\u00f1era respecto del\u00a0n\u00famero de personas fallecidas por la","breadcrumb":{"@id":"https:\/\/www.pressenza.com\/es\/2022\/03\/pinera-covid-fraude-estadistico-y-pesimos-resultados\/#breadcrumb"},"inLanguage":"es","potentialAction":[{"@type":"ReadAction","target":["https:\/\/www.pressenza.com\/es\/2022\/03\/pinera-covid-fraude-estadistico-y-pesimos-resultados\/"]}]},{"@type":"ImageObject","inLanguage":"es","@id":"https:\/\/www.pressenza.com\/es\/2022\/03\/pinera-covid-fraude-estadistico-y-pesimos-resultados\/#primaryimage","url":"https:\/\/www.pressenza.com\/wp-content\/uploads\/2022\/03\/IMG_20210217_112835-720x540-1.jpg","contentUrl":"https:\/\/www.pressenza.com\/wp-content\/uploads\/2022\/03\/IMG_20210217_112835-720x540-1.jpg","width":720,"height":540,"caption":"dav"},{"@type":"BreadcrumbList","@id":"https:\/\/www.pressenza.com\/es\/2022\/03\/pinera-covid-fraude-estadistico-y-pesimos-resultados\/#breadcrumb","itemListElement":[{"@type":"ListItem","position":1,"name":"Accueil","item":"https:\/\/www.pressenza.com\/es\/"},{"@type":"ListItem","position":2,"name":"Pi\u00f1era Covid: \u00a1fraude estad\u00edstico y p\u00e9simos resultados!"}]},{"@type":"WebSite","@id":"https:\/\/www.pressenza.com\/es\/#website","url":"https:\/\/www.pressenza.com\/es\/","name":"Pressenza","description":"International Press Agency","publisher":{"@id":"https:\/\/www.pressenza.com\/es\/#organization"},"potentialAction":[{"@type":"SearchAction","target":{"@type":"EntryPoint","urlTemplate":"https:\/\/www.pressenza.com\/es\/?s={search_term_string}"},"query-input":{"@type":"PropertyValueSpecification","valueRequired":true,"valueName":"search_term_string"}}],"inLanguage":"es"},{"@type":"Organization","@id":"https:\/\/www.pressenza.com\/es\/#organization","name":"Pressenza","url":"https:\/\/www.pressenza.com\/es\/","logo":{"@type":"ImageObject","inLanguage":"es","@id":"https:\/\/www.pressenza.com\/es\/#\/schema\/logo\/image\/","url":"https:\/\/www.pressenza.com\/wp-content\/uploads\/2022\/10\/pressenza_logo_200x200.jpg","contentUrl":"https:\/\/www.pressenza.com\/wp-content\/uploads\/2022\/10\/pressenza_logo_200x200.jpg","width":200,"height":200,"caption":"Pressenza"},"image":{"@id":"https:\/\/www.pressenza.com\/es\/#\/schema\/logo\/image\/"},"sameAs":["https:\/\/www.facebook.com\/PressenzaItalia","https:\/\/x.com\/PressenzaIPA"]},{"@type":"Person","@id":"https:\/\/www.pressenza.com\/es\/#\/schema\/person\/bedf411a4ede0fd1c769fa5326b82077","name":"Felipe Portales","description":"Chileno, Soci\u00f3logo de la Universidad Cat\u00f3lica; Director de Derechos Humanos de la Canciller\u00eda (1994-1996); Acad\u00e9mico de la U. de Chile (2005-2017). Escritor: \"Chile: una democracia tutelada\"; \"Los mitos de la democracia chilena\" (dos vol\u00famenes); \"Historias desconocidas de Chile\" (dos vol\u00famenes).","url":"https:\/\/www.pressenza.com\/es\/author\/felipe-portales\/"}]}},"place":"Santaigo de Chile","original_article_url":"","_links":{"self":[{"href":"https:\/\/www.pressenza.com\/es\/wp-json\/wp\/v2\/posts\/1550611","targetHints":{"allow":["GET"]}}],"collection":[{"href":"https:\/\/www.pressenza.com\/es\/wp-json\/wp\/v2\/posts"}],"about":[{"href":"https:\/\/www.pressenza.com\/es\/wp-json\/wp\/v2\/types\/post"}],"author":[{"embeddable":true,"href":"https:\/\/www.pressenza.com\/es\/wp-json\/wp\/v2\/users\/1740"}],"replies":[{"embeddable":true,"href":"https:\/\/www.pressenza.com\/es\/wp-json\/wp\/v2\/comments?post=1550611"}],"version-history":[{"count":0,"href":"https:\/\/www.pressenza.com\/es\/wp-json\/wp\/v2\/posts\/1550611\/revisions"}],"wp:featuredmedia":[{"embeddable":true,"href":"https:\/\/www.pressenza.com\/es\/wp-json\/wp\/v2\/media\/1550612"}],"wp:attachment":[{"href":"https:\/\/www.pressenza.com\/es\/wp-json\/wp\/v2\/media?parent=1550611"}],"wp:term":[{"taxonomy":"category","embeddable":true,"href":"https:\/\/www.pressenza.com\/es\/wp-json\/wp\/v2\/categories?post=1550611"},{"taxonomy":"post_tag","embeddable":true,"href":"https:\/\/www.pressenza.com\/es\/wp-json\/wp\/v2\/tags?post=1550611"}],"curies":[{"name":"wp","href":"https:\/\/api.w.org\/{rel}","templated":true}]}}